{"id":7181,"date":"2016-02-16T17:49:02","date_gmt":"2016-02-16T14:49:02","guid":{"rendered":"http:\/\/btv.md\/?p=7181"},"modified":"2016-02-16T17:49:02","modified_gmt":"2016-02-16T14:49:02","slug":"amenzile-usturatoare-nu-ii-mai-sperie-pe-soferii-nedisciplinati","status":"publish","type":"post","link":"https:\/\/www.btv.md\/ro\/amenzile-usturatoare-nu-ii-mai-sperie-pe-soferii-nedisciplinati\/","title":{"rendered":"AMENZILE  USTUR\u0102TOARE  NU  \u00ceI  MAI  SPERIE  PE  \u0218OFERII  NEDISCIPLINA\u021aI"},"content":{"rendered":"<p><strong>Risc\u0103 amenzi ustur\u0103toare \u0219i totu\u0219i, urc\u0103 la volan sub influen\u021ba b\u0103uturilor alcoolice. Este cazul mai multor \u0219oferi, care au fost tra\u0219i pe dreapta de c\u0103tre angaja\u021bii Inspectoratului de Poli\u021bie B\u0103l\u021bi. Doar de la \u00eenceputul s\u0103pt\u0103m\u00e2nii trecute \u0219i p\u00een\u0103 \u00een prezent, 12 \u0219oferi au fost sanc\u021biona\u021bi pentru conducerea autovehiculelor \u00een stare de ebrietate.<\/strong><\/p>\n<p>Ace\u0219tia risc\u0103 s\u0103 r\u0103m\u00e2n\u0103 f\u0103r\u0103 permis de conducere pe un termen de p\u00e2n\u0103 la cinci ani \u015fi amend\u0103 de p\u00e2n\u0103 la 10.000 de lei.<\/p>\n<p>De la o s\u0103pt\u0103m\u00e2n\u0103 la alta cre\u0219te \u0219i num\u0103rul \u0219oferilor care \u00eencalc\u0103 regulile elementare de circula\u021bie, ignor\u0103 indicatoarele rutiere,  urc\u0103 la volan f\u0103r\u0103 a de\u021bine permis de conducere \u0219i nu acord\u0103 prioritate pietonilor.<\/p>\n<p>La ordinea s\u0103pt\u0103m\u00e2nii precedente au fost \u0219i ciocnirile, 14 cazuri soldate cu deteriorarea bunurilor materiale.<br \/>\nPoli\u021bia solicit\u0103 maxim\u0103 aten\u021bie la trafic, at\u00e2t din partea \u0219oferilor, c\u00e2t \u0219i a pietonilor, \u00een condi\u021biile \u00een care anul trecut aproape jum\u0103tate din accidentele rutiere au avut loc cu implicarea pietonilor.<\/p>\n<p><iframe width=\"420\" height=\"315\" data-src=\"https:\/\/www.youtube.com\/embed\/vswj4ZlSGIE\" frameborder=\"0\" allowfullscreen src=\"data:image\/svg+xml;base64,PHN2ZyB3aWR0aD0iMSIgaGVpZ2h0PSIxIiB4bWxucz0iaHR0cDovL3d3dy53My5vcmcvMjAwMC9zdmciPjwvc3ZnPg==\" class=\"lazyload\" data-load-mode=\"1\"><\/iframe><\/p>\n","protected":false},"excerpt":{"rendered":"<p>Risc\u0103 amenzi ustur\u0103toare \u0219i totu\u0219i, urc\u0103 la volan sub influen\u021ba b\u0103uturilor alcoolice. Este cazul mai multor \u0219oferi, care au fost tra\u0219i pe dreapta de c\u0103tre angaja\u021bii Inspectoratului de Poli\u021bie B\u0103l\u021bi. Doar de la \u00eenceputul s\u0103pt\u0103m\u00e2nii trecute \u0219i p\u00een\u0103 \u00een prezent, 12 \u0219oferi au fost sanc\u021biona\u021bi pentru conducerea autovehiculelor \u00een stare de ebrietate. Ace\u0219tia risc\u0103 s\u0103 [&hellip;]<\/p>\n","protected":false},"author":4,"featured_media":7182,"comment_status":"closed","ping_status":"closed","sticky":false,"template":"","format":"standard","meta":{"footnotes":""},"categories":[6353],"tags":[],"class_list":["post-7181","post","type-post","status-publish","format-standard","has-post-thumbnail","hentry","category-oras"],"yoast_head":"<!-- This site is optimized with the Yoast SEO plugin v27.4 - https:\/\/yoast.com\/product\/yoast-seo-wordpress\/ -->\n<title>AMENZILE USTUR\u0102TOARE NU \u00ceI MAI SPERIE PE \u0218OFERII NEDISCIPLINA\u021aI - BTV<\/title>\n<meta name=\"robots\" content=\"index, follow, max-snippet:-1, max-image-preview:large, max-video-preview:-1\" \/>\n<link rel=\"canonical\" href=\"https:\/\/www.btv.md\/ro\/amenzile-usturatoare-nu-ii-mai-sperie-pe-soferii-nedisciplinati\/\" \/>\n<meta property=\"og:locale\" content=\"ro_RO\" \/>\n<meta property=\"og:type\" content=\"article\" \/>\n<meta property=\"og:title\" content=\"AMENZILE USTUR\u0102TOARE NU \u00ceI MAI SPERIE PE \u0218OFERII NEDISCIPLINA\u021aI - BTV\" \/>\n<meta property=\"og:description\" content=\"Risc\u0103 amenzi ustur\u0103toare \u0219i totu\u0219i, urc\u0103 la volan sub influen\u021ba b\u0103uturilor alcoolice. Este cazul mai multor \u0219oferi, care au fost tra\u0219i pe dreapta de c\u0103tre angaja\u021bii Inspectoratului de Poli\u021bie B\u0103l\u021bi. Doar de la \u00eenceputul s\u0103pt\u0103m\u00e2nii trecute \u0219i p\u00een\u0103 \u00een prezent, 12 \u0219oferi au fost sanc\u021biona\u021bi pentru conducerea autovehiculelor \u00een stare de ebrietate. Ace\u0219tia risc\u0103 s\u0103 [&hellip;]\" \/>\n<meta property=\"og:url\" content=\"https:\/\/www.btv.md\/ro\/amenzile-usturatoare-nu-ii-mai-sperie-pe-soferii-nedisciplinati\/\" \/>\n<meta property=\"og:site_name\" content=\"BTV\" \/>\n<meta property=\"article:publisher\" content=\"https:\/\/www.facebook.com\/btvmoldova\/\" \/>\n<meta property=\"article:published_time\" content=\"2016-02-16T14:49:02+00:00\" \/>\n<meta property=\"og:image\" content=\"https:\/\/www.btv.md\/wp-content\/uploads\/2016\/02\/646x404-4.jpg\" \/>\n\t<meta property=\"og:image:width\" content=\"646\" \/>\n\t<meta property=\"og:image:height\" content=\"404\" \/>\n\t<meta property=\"og:image:type\" content=\"image\/jpeg\" \/>\n<meta name=\"author\" content=\"admin\" \/>\n<meta name=\"twitter:label1\" content=\"Scris de\" \/>\n\t<meta name=\"twitter:data1\" content=\"admin\" \/>\n\t<meta name=\"twitter:label2\" content=\"Timp estimat pentru citire\" \/>\n\t<meta name=\"twitter:data2\" content=\"1 minut\" \/>\n<script type=\"application\/ld+json\" class=\"yoast-schema-graph\">{\"@context\":\"https:\\\/\\\/schema.org\",\"@graph\":[{\"@type\":\"Article\",\"@id\":\"https:\\\/\\\/www.btv.md\\\/ro\\\/amenzile-usturatoare-nu-ii-mai-sperie-pe-soferii-nedisciplinati\\\/#article\",\"isPartOf\":{\"@id\":\"https:\\\/\\\/www.btv.md\\\/ro\\\/amenzile-usturatoare-nu-ii-mai-sperie-pe-soferii-nedisciplinati\\\/\"},\"author\":{\"name\":\"admin\",\"@id\":\"https:\\\/\\\/www.btv.md\\\/#\\\/schema\\\/person\\\/8fadce81561b3ce2c34c46dadc4ccbf2\"},\"headline\":\"AMENZILE USTUR\u0102TOARE NU \u00ceI MAI SPERIE PE \u0218OFERII NEDISCIPLINA\u021aI\",\"datePublished\":\"2016-02-16T14:49:02+00:00\",\"mainEntityOfPage\":{\"@id\":\"https:\\\/\\\/www.btv.md\\\/ro\\\/amenzile-usturatoare-nu-ii-mai-sperie-pe-soferii-nedisciplinati\\\/\"},\"wordCount\":202,\"image\":{\"@id\":\"https:\\\/\\\/www.btv.md\\\/ro\\\/amenzile-usturatoare-nu-ii-mai-sperie-pe-soferii-nedisciplinati\\\/#primaryimage\"},\"thumbnailUrl\":\"https:\\\/\\\/www.btv.md\\\/wp-content\\\/uploads\\\/2016\\\/02\\\/646x404-4.jpg\",\"articleSection\":[\"Ora\u0219\"],\"inLanguage\":\"ro-RO\"},{\"@type\":\"WebPage\",\"@id\":\"https:\\\/\\\/www.btv.md\\\/ro\\\/amenzile-usturatoare-nu-ii-mai-sperie-pe-soferii-nedisciplinati\\\/\",\"url\":\"https:\\\/\\\/www.btv.md\\\/ro\\\/amenzile-usturatoare-nu-ii-mai-sperie-pe-soferii-nedisciplinati\\\/\",\"name\":\"AMENZILE USTUR\u0102TOARE NU \u00ceI MAI SPERIE PE \u0218OFERII NEDISCIPLINA\u021aI - BTV\",\"isPartOf\":{\"@id\":\"https:\\\/\\\/www.btv.md\\\/#website\"},\"primaryImageOfPage\":{\"@id\":\"https:\\\/\\\/www.btv.md\\\/ro\\\/amenzile-usturatoare-nu-ii-mai-sperie-pe-soferii-nedisciplinati\\\/#primaryimage\"},\"image\":{\"@id\":\"https:\\\/\\\/www.btv.md\\\/ro\\\/amenzile-usturatoare-nu-ii-mai-sperie-pe-soferii-nedisciplinati\\\/#primaryimage\"},\"thumbnailUrl\":\"https:\\\/\\\/www.btv.md\\\/wp-content\\\/uploads\\\/2016\\\/02\\\/646x404-4.jpg\",\"datePublished\":\"2016-02-16T14:49:02+00:00\",\"author\":{\"@id\":\"https:\\\/\\\/www.btv.md\\\/#\\\/schema\\\/person\\\/8fadce81561b3ce2c34c46dadc4ccbf2\"},\"inLanguage\":\"ro-RO\",\"potentialAction\":[{\"@type\":\"ReadAction\",\"target\":[\"https:\\\/\\\/www.btv.md\\\/ro\\\/amenzile-usturatoare-nu-ii-mai-sperie-pe-soferii-nedisciplinati\\\/\"]}]},{\"@type\":\"ImageObject\",\"inLanguage\":\"ro-RO\",\"@id\":\"https:\\\/\\\/www.btv.md\\\/ro\\\/amenzile-usturatoare-nu-ii-mai-sperie-pe-soferii-nedisciplinati\\\/#primaryimage\",\"url\":\"https:\\\/\\\/www.btv.md\\\/wp-content\\\/uploads\\\/2016\\\/02\\\/646x404-4.jpg\",\"contentUrl\":\"https:\\\/\\\/www.btv.md\\\/wp-content\\\/uploads\\\/2016\\\/02\\\/646x404-4.jpg\",\"width\":646,\"height\":404,\"caption\":\"adevarul.ro\"},{\"@type\":\"WebSite\",\"@id\":\"https:\\\/\\\/www.btv.md\\\/#website\",\"url\":\"https:\\\/\\\/www.btv.md\\\/\",\"name\":\"BTV\",\"description\":\"\u0411\u0435\u043b\u044c\u0446\u043a\u043e\u0435 \u0442\u0435\u043b\u0435\u0432\u0438\u0434\u0435\u043d\u0438\u0435\",\"potentialAction\":[{\"@type\":\"SearchAction\",\"target\":{\"@type\":\"EntryPoint\",\"urlTemplate\":\"https:\\\/\\\/www.btv.md\\\/?s={search_term_string}\"},\"query-input\":{\"@type\":\"PropertyValueSpecification\",\"valueRequired\":true,\"valueName\":\"search_term_string\"}}],\"inLanguage\":\"ro-RO\"},{\"@type\":\"Person\",\"@id\":\"https:\\\/\\\/www.btv.md\\\/#\\\/schema\\\/person\\\/8fadce81561b3ce2c34c46dadc4ccbf2\",\"name\":\"admin\"}]}<\/script>\n<!-- \/ Yoast SEO plugin. -->","yoast_head_json":{"title":"AMENZILE USTUR\u0102TOARE NU \u00ceI MAI SPERIE PE \u0218OFERII NEDISCIPLINA\u021aI - BTV","robots":{"index":"index","follow":"follow","max-snippet":"max-snippet:-1","max-image-preview":"max-image-preview:large","max-video-preview":"max-video-preview:-1"},"canonical":"https:\/\/www.btv.md\/ro\/amenzile-usturatoare-nu-ii-mai-sperie-pe-soferii-nedisciplinati\/","og_locale":"ro_RO","og_type":"article","og_title":"AMENZILE USTUR\u0102TOARE NU \u00ceI MAI SPERIE PE \u0218OFERII NEDISCIPLINA\u021aI - BTV","og_description":"Risc\u0103 amenzi ustur\u0103toare \u0219i totu\u0219i, urc\u0103 la volan sub influen\u021ba b\u0103uturilor alcoolice. Este cazul mai multor \u0219oferi, care au fost tra\u0219i pe dreapta de c\u0103tre angaja\u021bii Inspectoratului de Poli\u021bie B\u0103l\u021bi. Doar de la \u00eenceputul s\u0103pt\u0103m\u00e2nii trecute \u0219i p\u00een\u0103 \u00een prezent, 12 \u0219oferi au fost sanc\u021biona\u021bi pentru conducerea autovehiculelor \u00een stare de ebrietate. Ace\u0219tia risc\u0103 s\u0103 [&hellip;]","og_url":"https:\/\/www.btv.md\/ro\/amenzile-usturatoare-nu-ii-mai-sperie-pe-soferii-nedisciplinati\/","og_site_name":"BTV","article_publisher":"https:\/\/www.facebook.com\/btvmoldova\/","article_published_time":"2016-02-16T14:49:02+00:00","og_image":[{"width":646,"height":404,"url":"https:\/\/www.btv.md\/wp-content\/uploads\/2016\/02\/646x404-4.jpg","type":"image\/jpeg"}],"author":"admin","twitter_misc":{"Scris de":"admin","Timp estimat pentru citire":"1 minut"},"schema":{"@context":"https:\/\/schema.org","@graph":[{"@type":"Article","@id":"https:\/\/www.btv.md\/ro\/amenzile-usturatoare-nu-ii-mai-sperie-pe-soferii-nedisciplinati\/#article","isPartOf":{"@id":"https:\/\/www.btv.md\/ro\/amenzile-usturatoare-nu-ii-mai-sperie-pe-soferii-nedisciplinati\/"},"author":{"name":"admin","@id":"https:\/\/www.btv.md\/#\/schema\/person\/8fadce81561b3ce2c34c46dadc4ccbf2"},"headline":"AMENZILE USTUR\u0102TOARE NU \u00ceI MAI SPERIE PE \u0218OFERII NEDISCIPLINA\u021aI","datePublished":"2016-02-16T14:49:02+00:00","mainEntityOfPage":{"@id":"https:\/\/www.btv.md\/ro\/amenzile-usturatoare-nu-ii-mai-sperie-pe-soferii-nedisciplinati\/"},"wordCount":202,"image":{"@id":"https:\/\/www.btv.md\/ro\/amenzile-usturatoare-nu-ii-mai-sperie-pe-soferii-nedisciplinati\/#primaryimage"},"thumbnailUrl":"https:\/\/www.btv.md\/wp-content\/uploads\/2016\/02\/646x404-4.jpg","articleSection":["Ora\u0219"],"inLanguage":"ro-RO"},{"@type":"WebPage","@id":"https:\/\/www.btv.md\/ro\/amenzile-usturatoare-nu-ii-mai-sperie-pe-soferii-nedisciplinati\/","url":"https:\/\/www.btv.md\/ro\/amenzile-usturatoare-nu-ii-mai-sperie-pe-soferii-nedisciplinati\/","name":"AMENZILE USTUR\u0102TOARE NU \u00ceI MAI SPERIE PE \u0218OFERII NEDISCIPLINA\u021aI - BTV","isPartOf":{"@id":"https:\/\/www.btv.md\/#website"},"primaryImageOfPage":{"@id":"https:\/\/www.btv.md\/ro\/amenzile-usturatoare-nu-ii-mai-sperie-pe-soferii-nedisciplinati\/#primaryimage"},"image":{"@id":"https:\/\/www.btv.md\/ro\/amenzile-usturatoare-nu-ii-mai-sperie-pe-soferii-nedisciplinati\/#primaryimage"},"thumbnailUrl":"https:\/\/www.btv.md\/wp-content\/uploads\/2016\/02\/646x404-4.jpg","datePublished":"2016-02-16T14:49:02+00:00","author":{"@id":"https:\/\/www.btv.md\/#\/schema\/person\/8fadce81561b3ce2c34c46dadc4ccbf2"},"inLanguage":"ro-RO","potentialAction":[{"@type":"ReadAction","target":["https:\/\/www.btv.md\/ro\/amenzile-usturatoare-nu-ii-mai-sperie-pe-soferii-nedisciplinati\/"]}]},{"@type":"ImageObject","inLanguage":"ro-RO","@id":"https:\/\/www.btv.md\/ro\/amenzile-usturatoare-nu-ii-mai-sperie-pe-soferii-nedisciplinati\/#primaryimage","url":"https:\/\/www.btv.md\/wp-content\/uploads\/2016\/02\/646x404-4.jpg","contentUrl":"https:\/\/www.btv.md\/wp-content\/uploads\/2016\/02\/646x404-4.jpg","width":646,"height":404,"caption":"adevarul.ro"},{"@type":"WebSite","@id":"https:\/\/www.btv.md\/#website","url":"https:\/\/www.btv.md\/","name":"BTV","description":"\u0411\u0435\u043b\u044c\u0446\u043a\u043e\u0435 \u0442\u0435\u043b\u0435\u0432\u0438\u0434\u0435\u043d\u0438\u0435","potentialAction":[{"@type":"SearchAction","target":{"@type":"EntryPoint","urlTemplate":"https:\/\/www.btv.md\/?s={search_term_string}"},"query-input":{"@type":"PropertyValueSpecification","valueRequired":true,"valueName":"search_term_string"}}],"inLanguage":"ro-RO"},{"@type":"Person","@id":"https:\/\/www.btv.md\/#\/schema\/person\/8fadce81561b3ce2c34c46dadc4ccbf2","name":"admin"}]}},"_links":{"self":[{"href":"https:\/\/www.btv.md\/ro\/wp-json\/wp\/v2\/posts\/7181","targetHints":{"allow":["GET"]}}],"collection":[{"href":"https:\/\/www.btv.md\/ro\/wp-json\/wp\/v2\/posts"}],"about":[{"href":"https:\/\/www.btv.md\/ro\/wp-json\/wp\/v2\/types\/post"}],"author":[{"embeddable":true,"href":"https:\/\/www.btv.md\/ro\/wp-json\/wp\/v2\/users\/4"}],"replies":[{"embeddable":true,"href":"https:\/\/www.btv.md\/ro\/wp-json\/wp\/v2\/comments?post=7181"}],"version-history":[{"count":0,"href":"https:\/\/www.btv.md\/ro\/wp-json\/wp\/v2\/posts\/7181\/revisions"}],"wp:featuredmedia":[{"embeddable":true,"href":"https:\/\/www.btv.md\/ro\/wp-json\/wp\/v2\/media\/7182"}],"wp:attachment":[{"href":"https:\/\/www.btv.md\/ro\/wp-json\/wp\/v2\/media?parent=7181"}],"wp:term":[{"taxonomy":"category","embeddable":true,"href":"https:\/\/www.btv.md\/ro\/wp-json\/wp\/v2\/categories?post=7181"},{"taxonomy":"post_tag","embeddable":true,"href":"https:\/\/www.btv.md\/ro\/wp-json\/wp\/v2\/tags?post=7181"}],"curies":[{"name":"wp","href":"https:\/\/api.w.org\/{rel}","templated":true}]}}