{"id":71812,"date":"2020-03-20T18:08:46","date_gmt":"2020-03-20T16:08:46","guid":{"rendered":"http:\/\/www.btv.md\/?p=71812"},"modified":"2020-03-20T18:08:46","modified_gmt":"2020-03-20T16:08:46","slug":"autoritatile-din-balti-cer-intreprinderilor-de-utilitati-publice-sa-fie-mai-indulgeti-fata-de-consumatori-in-perioada-de-carantina","status":"publish","type":"post","link":"https:\/\/www.btv.md\/ro\/autoritatile-din-balti-cer-intreprinderilor-de-utilitati-publice-sa-fie-mai-indulgeti-fata-de-consumatori-in-perioada-de-carantina\/","title":{"rendered":"Autorit\u0103\u021bile din B\u0103l\u021bi cer \u00eentreprinderilor de utilit\u0103\u021bi publice s\u0103 fie mai indulge\u021bi fa\u021b\u0103 de consumatori \u00een perioada de carantin\u0103"},"content":{"rendered":"<p><strong>\u00cen contextul situa\u021biei din \u021bar\u0103 \u0219i perioada de carantin\u0103 din ora\u0219, Viceprimarul cere furnizorilor de servicii publice s\u0103 fie mai indulgen\u021bi fa\u021b\u0103 de consumatorii, care posibil vor avea datorii. B\u0103l\u021benilor, care sunt \u00een concediu acum sau pensionarii, care sunt nevoi\u021bi s\u0103 stea izola\u021bi le va fi dificil s\u0103 achite sumele pentru servicii. Potrivit lui Grigori\u0219in, guvernul ar trebui s\u0103 elaboreze un plan pentru a sus\u021bine cet\u0103\u021benii.<\/strong><\/p>\n<p>Administra\u021bia ora\u0219ului B\u0103l\u021bi solicit\u0103 \u00eentreprinderilor de utilit\u0103\u021bi s\u0103 nu pedepseasc\u0103 consumatorii pentru datoriile care pot ap\u0103rea \u00een perioada de carantin\u0103 introdus\u0103 \u00een ora\u0219. Viceprimarul a men\u021bionat c\u0103 administra\u021bia \u00eentreprinderilor care ofer\u0103 servicii publice popula\u021biei ar trebui s\u0103 ccear\u0103 explica\u021bii guvernului.<\/p>\n<p>Nicolai Grigori\u0219in a explicat c\u0103 majoritatea locuitorilor sunt acum \u0219omeri, mul\u021bi pensionari stau acas\u0103, ace\u0219tia ar trebuie s\u0103 \u00een\u021bele\u0219i. Guvernul ar trebui s\u0103 dezvolte un mecanism pentru a reglementa plata datoriilor acumulate pentru utilit\u0103\u021bi.<\/p>\n<p><strong><em>Nicolai Grigori\u0219in Viceprimarul de B\u0103l\u021bi<\/em><\/strong><em>: ,,Deconectarea de la agentul termic, am \u00een\u021beles c\u0103 nu va fi. \u0218i cum se vor achita datoriile?\u201d<\/em><\/p>\n<p><em>\u00a0<\/em><strong><em>Reprezentant S.A. ,,CET-NORD: <\/em><\/strong><em>,,Datoriile sunt \u00eencasate ca \u0219i p\u00e2n\u0103 acum. Nu putem s\u0103 nu \u00eencas\u0103m.\u201d <\/em><\/p>\n<p><strong><em>\u00a0<\/em><\/strong><strong><em>Nicolai Grigori\u0219in Viceprimarul de B\u0103l\u021bi:<\/em><\/strong><em> ,,Dac\u0103, ast\u0103zi spune\u021bi, c\u0103 to\u021bi oamenii sunt \u00een concediu. <\/em><em>Oamenii care lucreaz\u0103 la pie\u021be, care lucreaz\u0103 \u00een \u0219coli, \u00een gr\u0103dini\u021be &#8211; nu ies la locurile de munc\u0103. Ast\u0103si ei sunt acas\u0103. Trebuie s\u0103 solu\u021bion\u0103m cumva problema cu Guvernul, privind\u00a0 modul de suspendare a pl\u0103\u021bii pentru perioada de carantin\u0103. Astfel cum dorim ca \u00een municipiu s\u0103 fie anulate complet sumele pentru chirie.\u201d<\/em><\/p>\n<p><em>\u00a0<\/em><strong><em>Reprezentant S.A. ,,CET-NORD:<\/em><\/strong><em> ,,Avem rela\u021bii contractuale cu Moldovagaz. Acele datorii din trecut care sunt &#8230;\u201d<\/em><\/p>\n<p><em>\u00a0<\/em><strong><em>Nicolai Grigori\u0219in Viceprimarul de B\u0103l\u021bi<\/em><\/strong><strong><em>:<\/em><\/strong> <em>,,Nu vorbim despre datoriile din trecut, ci despre cele curente. <\/em><em>Din perioada de carantin\u0103. G\u00e2ndi\u021bi-v\u0103 la aceast\u0103 situa\u021bie.\u201d<\/em><\/p>\n<p><em><strong>\u00a0<\/strong><strong>Stepan Munteanu Directorul SRL ,,Termogaz\u201d: <\/strong><\/em><em>,,<\/em><em>Datoriile pentru c\u0103ldur\u0103 &#8211; 4 milioane 736 mii lei (de la 1 martie), aceasta este datoria pentru sezonul de \u00eenc\u0103lzire anterior. <\/em><em>Vineri am avut reprezentan\u021bi de la Moldova- Gaz. Am vorbit despre datorii. Achitarea amendei este cel mai important lucru pentru noi acum. Ast\u0103zi le dator\u0103m 1 milion 420 mii<\/em> <em>lei. \u201d<\/em><\/p>\n<p>Reamintim c\u0103, pentru moment, \u00een Moldova toate pie\u021bele \u0219i magazinele sunt \u00eenchise, cu excep\u021bia celor alimentare.<\/p>\n<div id=\"fb-root\"><\/div>\n<p><script async=\"1\" defer=\"1\" crossorigin=\"anonymous\" src=\"https:\/\/connect.facebook.net\/de_DE\/sdk.js#xfbml=1&amp;version=v6.0\"><\/script><\/p>\n<div class=\"fb-video\" data-href=\"https:\/\/www.facebook.com\/btvmoldova\/videos\/2854360334607599\/\" data-width=\"1170\">\n<blockquote cite=\"https:\/\/www.facebook.com\/btvmoldova\/videos\/2854360334607599\/\" class=\"fb-xfbml-parse-ignore\"><p><a href=\"https:\/\/www.facebook.com\/btvmoldova\/videos\/2854360334607599\/\">Autorit\u0103\u021bile din B\u0103l\u021bi cer \u00eentreprinderilor de utilit\u0103\u021bi publice s\u0103 fie mai indulge\u021bi fa\u021b\u0103 de consumatori \u00een perioada de carantin\u0103<\/a><\/p>\n<p>Autorit\u0103\u021bile din B\u0103l\u021bi cer \u00eentreprinderilor de utilit\u0103\u021bi publice s\u0103 fie mai indulge\u021bi fa\u021b\u0103 de consumatori \u00een perioada de carantin\u0103<\/p>\n<p>Gepostet von <a href=\"https:\/\/www.facebook.com\/btvmoldova\/\">\u0422\u0435\u043b\u0435\u043a\u043e\u043c\u043f\u0430\u043d\u0438\u044f BTV &#8211; Balti, \u0411\u0435\u043b\u044c\u0446\u044b<\/a> am Freitag, 20. M\u00e4rz 2020<\/p><\/blockquote>\n<\/div>\n","protected":false},"excerpt":{"rendered":"<p>\u00cen contextul situa\u021biei din \u021bar\u0103 \u0219i perioada de carantin\u0103 din ora\u0219, Viceprimarul cere furnizorilor de servicii publice s\u0103 fie mai indulgen\u021bi fa\u021b\u0103 de consumatorii, care posibil vor avea datorii. B\u0103l\u021benilor, care sunt \u00een concediu acum sau pensionarii, care sunt nevoi\u021bi s\u0103 stea izola\u021bi le va fi dificil s\u0103 achite sumele pentru servicii. Potrivit lui Grigori\u0219in, [&hellip;]<\/p>\n","protected":false},"author":4,"featured_media":71596,"comment_status":"closed","ping_status":"closed","sticky":false,"template":"","format":"standard","meta":{"footnotes":""},"categories":[6353,6377],"tags":[10979,12164,12165,11498,6498],"class_list":["post-71812","post","type-post","status-publish","format-standard","has-post-thumbnail","hentry","category-oras","category-stiri","tag-autoritatile-locale","tag-cet-nord","tag-consumatori","tag-sa-cet-nord","tag-balti-ro"],"yoast_head":"<!-- This site is optimized with the Yoast SEO plugin v27.4 - https:\/\/yoast.com\/product\/yoast-seo-wordpress\/ -->\n<title>Autorit\u0103\u021bile din B\u0103l\u021bi cer \u00eentreprinderilor de utilit\u0103\u021bi publice s\u0103 fie mai indulge\u021bi fa\u021b\u0103 de consumatori \u00een perioada de carantin\u0103 - BTV<\/title>\n<meta name=\"robots\" content=\"index, follow, max-snippet:-1, max-image-preview:large, max-video-preview:-1\" \/>\n<link rel=\"canonical\" href=\"https:\/\/www.btv.md\/ro\/autoritatile-din-balti-cer-intreprinderilor-de-utilitati-publice-sa-fie-mai-indulgeti-fata-de-consumatori-in-perioada-de-carantina\/\" \/>\n<meta property=\"og:locale\" content=\"ro_RO\" \/>\n<meta property=\"og:type\" content=\"article\" \/>\n<meta property=\"og:title\" content=\"Autorit\u0103\u021bile din B\u0103l\u021bi cer \u00eentreprinderilor de utilit\u0103\u021bi publice s\u0103 fie mai indulge\u021bi fa\u021b\u0103 de consumatori \u00een perioada de carantin\u0103 - BTV\" \/>\n<meta property=\"og:description\" content=\"\u00cen contextul situa\u021biei din \u021bar\u0103 \u0219i perioada de carantin\u0103 din ora\u0219, Viceprimarul cere furnizorilor de servicii publice s\u0103 fie mai indulgen\u021bi fa\u021b\u0103 de consumatorii, care posibil vor avea datorii. B\u0103l\u021benilor, care sunt \u00een concediu acum sau pensionarii, care sunt nevoi\u021bi s\u0103 stea izola\u021bi le va fi dificil s\u0103 achite sumele pentru servicii. Potrivit lui Grigori\u0219in, [&hellip;]\" \/>\n<meta property=\"og:url\" content=\"https:\/\/www.btv.md\/ro\/autoritatile-din-balti-cer-intreprinderilor-de-utilitati-publice-sa-fie-mai-indulgeti-fata-de-consumatori-in-perioada-de-carantina\/\" \/>\n<meta property=\"og:site_name\" content=\"BTV\" \/>\n<meta property=\"article:publisher\" content=\"https:\/\/www.facebook.com\/btvmoldova\/\" \/>\n<meta property=\"article:published_time\" content=\"2020-03-20T16:08:46+00:00\" \/>\n<meta property=\"og:image\" content=\"https:\/\/www.btv.md\/wp-content\/uploads\/2020\/03\/190716133722.jpg\" \/>\n\t<meta property=\"og:image:width\" content=\"1000\" \/>\n\t<meta property=\"og:image:height\" content=\"667\" \/>\n\t<meta property=\"og:image:type\" content=\"image\/jpeg\" \/>\n<meta name=\"author\" content=\"admin\" \/>\n<meta name=\"twitter:label1\" content=\"Scris de\" \/>\n\t<meta name=\"twitter:data1\" content=\"admin\" \/>\n\t<meta name=\"twitter:label2\" content=\"Timp estimat pentru citire\" \/>\n\t<meta name=\"twitter:data2\" content=\"2 minute\" \/>\n<script type=\"application\/ld+json\" class=\"yoast-schema-graph\">{\"@context\":\"https:\\\/\\\/schema.org\",\"@graph\":[{\"@type\":\"Article\",\"@id\":\"https:\\\/\\\/www.btv.md\\\/ro\\\/autoritatile-din-balti-cer-intreprinderilor-de-utilitati-publice-sa-fie-mai-indulgeti-fata-de-consumatori-in-perioada-de-carantina\\\/#article\",\"isPartOf\":{\"@id\":\"https:\\\/\\\/www.btv.md\\\/ro\\\/autoritatile-din-balti-cer-intreprinderilor-de-utilitati-publice-sa-fie-mai-indulgeti-fata-de-consumatori-in-perioada-de-carantina\\\/\"},\"author\":{\"name\":\"admin\",\"@id\":\"https:\\\/\\\/www.btv.md\\\/#\\\/schema\\\/person\\\/8fadce81561b3ce2c34c46dadc4ccbf2\"},\"headline\":\"Autorit\u0103\u021bile din B\u0103l\u021bi cer \u00eentreprinderilor de utilit\u0103\u021bi publice s\u0103 fie mai indulge\u021bi fa\u021b\u0103 de consumatori \u00een perioada de carantin\u0103\",\"datePublished\":\"2020-03-20T16:08:46+00:00\",\"mainEntityOfPage\":{\"@id\":\"https:\\\/\\\/www.btv.md\\\/ro\\\/autoritatile-din-balti-cer-intreprinderilor-de-utilitati-publice-sa-fie-mai-indulgeti-fata-de-consumatori-in-perioada-de-carantina\\\/\"},\"wordCount\":437,\"image\":{\"@id\":\"https:\\\/\\\/www.btv.md\\\/ro\\\/autoritatile-din-balti-cer-intreprinderilor-de-utilitati-publice-sa-fie-mai-indulgeti-fata-de-consumatori-in-perioada-de-carantina\\\/#primaryimage\"},\"thumbnailUrl\":\"https:\\\/\\\/www.btv.md\\\/wp-content\\\/uploads\\\/2020\\\/03\\\/190716133722.jpg\",\"keywords\":[\"autorit\u0103\u021bile locale\",\"Cet-Nord\",\"consumatori\",\"SA \u201dCET-Nord\u201d\",\"\u0411\u0435\u043b\u044c\u0446\u044b\"],\"articleSection\":[\"Ora\u0219\",\"\u0218tiri\"],\"inLanguage\":\"ro-RO\"},{\"@type\":\"WebPage\",\"@id\":\"https:\\\/\\\/www.btv.md\\\/ro\\\/autoritatile-din-balti-cer-intreprinderilor-de-utilitati-publice-sa-fie-mai-indulgeti-fata-de-consumatori-in-perioada-de-carantina\\\/\",\"url\":\"https:\\\/\\\/www.btv.md\\\/ro\\\/autoritatile-din-balti-cer-intreprinderilor-de-utilitati-publice-sa-fie-mai-indulgeti-fata-de-consumatori-in-perioada-de-carantina\\\/\",\"name\":\"Autorit\u0103\u021bile din B\u0103l\u021bi cer \u00eentreprinderilor de utilit\u0103\u021bi publice s\u0103 fie mai indulge\u021bi fa\u021b\u0103 de consumatori \u00een perioada de carantin\u0103 - BTV\",\"isPartOf\":{\"@id\":\"https:\\\/\\\/www.btv.md\\\/#website\"},\"primaryImageOfPage\":{\"@id\":\"https:\\\/\\\/www.btv.md\\\/ro\\\/autoritatile-din-balti-cer-intreprinderilor-de-utilitati-publice-sa-fie-mai-indulgeti-fata-de-consumatori-in-perioada-de-carantina\\\/#primaryimage\"},\"image\":{\"@id\":\"https:\\\/\\\/www.btv.md\\\/ro\\\/autoritatile-din-balti-cer-intreprinderilor-de-utilitati-publice-sa-fie-mai-indulgeti-fata-de-consumatori-in-perioada-de-carantina\\\/#primaryimage\"},\"thumbnailUrl\":\"https:\\\/\\\/www.btv.md\\\/wp-content\\\/uploads\\\/2020\\\/03\\\/190716133722.jpg\",\"datePublished\":\"2020-03-20T16:08:46+00:00\",\"author\":{\"@id\":\"https:\\\/\\\/www.btv.md\\\/#\\\/schema\\\/person\\\/8fadce81561b3ce2c34c46dadc4ccbf2\"},\"inLanguage\":\"ro-RO\",\"potentialAction\":[{\"@type\":\"ReadAction\",\"target\":[\"https:\\\/\\\/www.btv.md\\\/ro\\\/autoritatile-din-balti-cer-intreprinderilor-de-utilitati-publice-sa-fie-mai-indulgeti-fata-de-consumatori-in-perioada-de-carantina\\\/\"]}]},{\"@type\":\"ImageObject\",\"inLanguage\":\"ro-RO\",\"@id\":\"https:\\\/\\\/www.btv.md\\\/ro\\\/autoritatile-din-balti-cer-intreprinderilor-de-utilitati-publice-sa-fie-mai-indulgeti-fata-de-consumatori-in-perioada-de-carantina\\\/#primaryimage\",\"url\":\"https:\\\/\\\/www.btv.md\\\/wp-content\\\/uploads\\\/2020\\\/03\\\/190716133722.jpg\",\"contentUrl\":\"https:\\\/\\\/www.btv.md\\\/wp-content\\\/uploads\\\/2020\\\/03\\\/190716133722.jpg\",\"width\":1000,\"height\":667},{\"@type\":\"WebSite\",\"@id\":\"https:\\\/\\\/www.btv.md\\\/#website\",\"url\":\"https:\\\/\\\/www.btv.md\\\/\",\"name\":\"BTV\",\"description\":\"\u0411\u0435\u043b\u044c\u0446\u043a\u043e\u0435 \u0442\u0435\u043b\u0435\u0432\u0438\u0434\u0435\u043d\u0438\u0435\",\"potentialAction\":[{\"@type\":\"SearchAction\",\"target\":{\"@type\":\"EntryPoint\",\"urlTemplate\":\"https:\\\/\\\/www.btv.md\\\/?s={search_term_string}\"},\"query-input\":{\"@type\":\"PropertyValueSpecification\",\"valueRequired\":true,\"valueName\":\"search_term_string\"}}],\"inLanguage\":\"ro-RO\"},{\"@type\":\"Person\",\"@id\":\"https:\\\/\\\/www.btv.md\\\/#\\\/schema\\\/person\\\/8fadce81561b3ce2c34c46dadc4ccbf2\",\"name\":\"admin\"}]}<\/script>\n<!-- \/ Yoast SEO plugin. -->","yoast_head_json":{"title":"Autorit\u0103\u021bile din B\u0103l\u021bi cer \u00eentreprinderilor de utilit\u0103\u021bi publice s\u0103 fie mai indulge\u021bi fa\u021b\u0103 de consumatori \u00een perioada de carantin\u0103 - BTV","robots":{"index":"index","follow":"follow","max-snippet":"max-snippet:-1","max-image-preview":"max-image-preview:large","max-video-preview":"max-video-preview:-1"},"canonical":"https:\/\/www.btv.md\/ro\/autoritatile-din-balti-cer-intreprinderilor-de-utilitati-publice-sa-fie-mai-indulgeti-fata-de-consumatori-in-perioada-de-carantina\/","og_locale":"ro_RO","og_type":"article","og_title":"Autorit\u0103\u021bile din B\u0103l\u021bi cer \u00eentreprinderilor de utilit\u0103\u021bi publice s\u0103 fie mai indulge\u021bi fa\u021b\u0103 de consumatori \u00een perioada de carantin\u0103 - BTV","og_description":"\u00cen contextul situa\u021biei din \u021bar\u0103 \u0219i perioada de carantin\u0103 din ora\u0219, Viceprimarul cere furnizorilor de servicii publice s\u0103 fie mai indulgen\u021bi fa\u021b\u0103 de consumatorii, care posibil vor avea datorii. B\u0103l\u021benilor, care sunt \u00een concediu acum sau pensionarii, care sunt nevoi\u021bi s\u0103 stea izola\u021bi le va fi dificil s\u0103 achite sumele pentru servicii. Potrivit lui Grigori\u0219in, [&hellip;]","og_url":"https:\/\/www.btv.md\/ro\/autoritatile-din-balti-cer-intreprinderilor-de-utilitati-publice-sa-fie-mai-indulgeti-fata-de-consumatori-in-perioada-de-carantina\/","og_site_name":"BTV","article_publisher":"https:\/\/www.facebook.com\/btvmoldova\/","article_published_time":"2020-03-20T16:08:46+00:00","og_image":[{"width":1000,"height":667,"url":"https:\/\/www.btv.md\/wp-content\/uploads\/2020\/03\/190716133722.jpg","type":"image\/jpeg"}],"author":"admin","twitter_misc":{"Scris de":"admin","Timp estimat pentru citire":"2 minute"},"schema":{"@context":"https:\/\/schema.org","@graph":[{"@type":"Article","@id":"https:\/\/www.btv.md\/ro\/autoritatile-din-balti-cer-intreprinderilor-de-utilitati-publice-sa-fie-mai-indulgeti-fata-de-consumatori-in-perioada-de-carantina\/#article","isPartOf":{"@id":"https:\/\/www.btv.md\/ro\/autoritatile-din-balti-cer-intreprinderilor-de-utilitati-publice-sa-fie-mai-indulgeti-fata-de-consumatori-in-perioada-de-carantina\/"},"author":{"name":"admin","@id":"https:\/\/www.btv.md\/#\/schema\/person\/8fadce81561b3ce2c34c46dadc4ccbf2"},"headline":"Autorit\u0103\u021bile din B\u0103l\u021bi cer \u00eentreprinderilor de utilit\u0103\u021bi publice s\u0103 fie mai indulge\u021bi fa\u021b\u0103 de consumatori \u00een perioada de carantin\u0103","datePublished":"2020-03-20T16:08:46+00:00","mainEntityOfPage":{"@id":"https:\/\/www.btv.md\/ro\/autoritatile-din-balti-cer-intreprinderilor-de-utilitati-publice-sa-fie-mai-indulgeti-fata-de-consumatori-in-perioada-de-carantina\/"},"wordCount":437,"image":{"@id":"https:\/\/www.btv.md\/ro\/autoritatile-din-balti-cer-intreprinderilor-de-utilitati-publice-sa-fie-mai-indulgeti-fata-de-consumatori-in-perioada-de-carantina\/#primaryimage"},"thumbnailUrl":"https:\/\/www.btv.md\/wp-content\/uploads\/2020\/03\/190716133722.jpg","keywords":["autorit\u0103\u021bile locale","Cet-Nord","consumatori","SA \u201dCET-Nord\u201d","\u0411\u0435\u043b\u044c\u0446\u044b"],"articleSection":["Ora\u0219","\u0218tiri"],"inLanguage":"ro-RO"},{"@type":"WebPage","@id":"https:\/\/www.btv.md\/ro\/autoritatile-din-balti-cer-intreprinderilor-de-utilitati-publice-sa-fie-mai-indulgeti-fata-de-consumatori-in-perioada-de-carantina\/","url":"https:\/\/www.btv.md\/ro\/autoritatile-din-balti-cer-intreprinderilor-de-utilitati-publice-sa-fie-mai-indulgeti-fata-de-consumatori-in-perioada-de-carantina\/","name":"Autorit\u0103\u021bile din B\u0103l\u021bi cer \u00eentreprinderilor de utilit\u0103\u021bi publice s\u0103 fie mai indulge\u021bi fa\u021b\u0103 de consumatori \u00een perioada de carantin\u0103 - BTV","isPartOf":{"@id":"https:\/\/www.btv.md\/#website"},"primaryImageOfPage":{"@id":"https:\/\/www.btv.md\/ro\/autoritatile-din-balti-cer-intreprinderilor-de-utilitati-publice-sa-fie-mai-indulgeti-fata-de-consumatori-in-perioada-de-carantina\/#primaryimage"},"image":{"@id":"https:\/\/www.btv.md\/ro\/autoritatile-din-balti-cer-intreprinderilor-de-utilitati-publice-sa-fie-mai-indulgeti-fata-de-consumatori-in-perioada-de-carantina\/#primaryimage"},"thumbnailUrl":"https:\/\/www.btv.md\/wp-content\/uploads\/2020\/03\/190716133722.jpg","datePublished":"2020-03-20T16:08:46+00:00","author":{"@id":"https:\/\/www.btv.md\/#\/schema\/person\/8fadce81561b3ce2c34c46dadc4ccbf2"},"inLanguage":"ro-RO","potentialAction":[{"@type":"ReadAction","target":["https:\/\/www.btv.md\/ro\/autoritatile-din-balti-cer-intreprinderilor-de-utilitati-publice-sa-fie-mai-indulgeti-fata-de-consumatori-in-perioada-de-carantina\/"]}]},{"@type":"ImageObject","inLanguage":"ro-RO","@id":"https:\/\/www.btv.md\/ro\/autoritatile-din-balti-cer-intreprinderilor-de-utilitati-publice-sa-fie-mai-indulgeti-fata-de-consumatori-in-perioada-de-carantina\/#primaryimage","url":"https:\/\/www.btv.md\/wp-content\/uploads\/2020\/03\/190716133722.jpg","contentUrl":"https:\/\/www.btv.md\/wp-content\/uploads\/2020\/03\/190716133722.jpg","width":1000,"height":667},{"@type":"WebSite","@id":"https:\/\/www.btv.md\/#website","url":"https:\/\/www.btv.md\/","name":"BTV","description":"\u0411\u0435\u043b\u044c\u0446\u043a\u043e\u0435 \u0442\u0435\u043b\u0435\u0432\u0438\u0434\u0435\u043d\u0438\u0435","potentialAction":[{"@type":"SearchAction","target":{"@type":"EntryPoint","urlTemplate":"https:\/\/www.btv.md\/?s={search_term_string}"},"query-input":{"@type":"PropertyValueSpecification","valueRequired":true,"valueName":"search_term_string"}}],"inLanguage":"ro-RO"},{"@type":"Person","@id":"https:\/\/www.btv.md\/#\/schema\/person\/8fadce81561b3ce2c34c46dadc4ccbf2","name":"admin"}]}},"_links":{"self":[{"href":"https:\/\/www.btv.md\/ro\/wp-json\/wp\/v2\/posts\/71812","targetHints":{"allow":["GET"]}}],"collection":[{"href":"https:\/\/www.btv.md\/ro\/wp-json\/wp\/v2\/posts"}],"about":[{"href":"https:\/\/www.btv.md\/ro\/wp-json\/wp\/v2\/types\/post"}],"author":[{"embeddable":true,"href":"https:\/\/www.btv.md\/ro\/wp-json\/wp\/v2\/users\/4"}],"replies":[{"embeddable":true,"href":"https:\/\/www.btv.md\/ro\/wp-json\/wp\/v2\/comments?post=71812"}],"version-history":[{"count":0,"href":"https:\/\/www.btv.md\/ro\/wp-json\/wp\/v2\/posts\/71812\/revisions"}],"wp:featuredmedia":[{"embeddable":true,"href":"https:\/\/www.btv.md\/ro\/wp-json\/wp\/v2\/media\/71596"}],"wp:attachment":[{"href":"https:\/\/www.btv.md\/ro\/wp-json\/wp\/v2\/media?parent=71812"}],"wp:term":[{"taxonomy":"category","embeddable":true,"href":"https:\/\/www.btv.md\/ro\/wp-json\/wp\/v2\/categories?post=71812"},{"taxonomy":"post_tag","embeddable":true,"href":"https:\/\/www.btv.md\/ro\/wp-json\/wp\/v2\/tags?post=71812"}],"curies":[{"name":"wp","href":"https:\/\/api.w.org\/{rel}","templated":true}]}}