{"id":71815,"date":"2020-03-20T18:14:13","date_gmt":"2020-03-20T16:14:13","guid":{"rendered":"http:\/\/www.btv.md\/?p=71815"},"modified":"2020-03-20T18:14:13","modified_gmt":"2020-03-20T16:14:13","slug":"nicolae-furtuna-despre-testele-pentru-depistarea-covid-19-cateva-zile-inca-avem-cu-ce-lucra","status":"publish","type":"post","link":"https:\/\/www.btv.md\/ro\/nicolae-furtuna-despre-testele-pentru-depistarea-covid-19-cateva-zile-inca-avem-cu-ce-lucra\/","title":{"rendered":"Nicolae Furtun\u0103 despre testele pentru depistarea COVID-19: ,,C\u00e2teva zile, \u00eenc\u0103 avem cu ce lucra\u201d"},"content":{"rendered":"<p><strong>\u00cen decursul a 24 de ore, Serviciul de Asisten\u021b\u0103 Medical\u0103 Prespitaliceasc\u0103 are peste 2000 de chem\u0103ri. \u00cen ultimele 24 de ore medicii au transportat aproximativ 100 de pacien\u021bi cu suspec\u021bii la COVID-19.<\/strong><\/p>\n<p>\u00cen acest context, ministra S\u0103n\u0103t\u0103\u021bii asigur\u0103, c\u0103 R.Moldova dispune de teste suficiente pentru depistarea coronaviruslui. Totu\u0219i \u00een cadrul unei emisiuni la TV8, Nicolae Furtun\u0103, \u0219eful ANSP a declarat c\u0103 stocul de teste este doar pentru c\u00e2teva zile. Vor fi livrate alte teste \u00een \u021bar\u0103, afla\u021bi \u00een continuare.<\/p>\n<p>\u0218eful Agen\u021biei Na\u021bionale pentru S\u0103n\u0103tate Public\u0103 (ANSP), Nicolae Furtun\u0103 a declarat la emisiunea \u201ePolitica Nataliei Morari\u201d de la TV8, c\u0103 teste pentru depistarea COVID-19 sunt doar pentru c\u00e2teva zile \u0219i sper\u0103 c\u0103 \u00een cur\u00e2nd, stocul va fi completat.<\/p>\n<p><em>\u201eStocul de teste pe care l-am avut ini\u021bial este \u00een reducere, dar avem zilele urm\u0103toare cu ce lucra \u0219i sper\u0103m foarte mult c\u0103 stocul va fi completat\u201d<\/em>, a declarat Nicolae Furtun\u0103.<\/p>\n<p>\u0218eful ANSP nu a putut spune pentru c\u00e2te zile au mai r\u0103mas teste, dar a precizat c\u0103 la moment se poart\u0103 discu\u021bii cu ni\u0219te parteneri pentru ca acestea s\u0103 fie livrate c\u00e2t mai cur\u00e2nd. \u00cen cadrul conferin\u021bei de pres\u0103 din 20 martie, ministrul S\u0103n\u0103t\u0103\u021bii, Viorica Dumbr\u0103veanu a evitat s\u0103 spun\u0103 care este stocul de teste \u00een Republica Moldova, \u00eens\u0103 a asigurat c\u0103 situa\u021bia este cu mult mai bun\u0103, dec\u00e2t \u00een alte \u021b\u0103ri.<\/p>\n<p>Men\u021bion\u0103m c\u0103 \u00een ultimele 24 de ore, Serviciul de Asisten\u021b\u0103 Medical\u0103 Prespitaliceasc\u0103\u00a0 a intervenit la 2319 chem\u0103ri. Dintre care 90 de pacien\u021bi, au fost transporta\u021bi cu suspec\u021bie la coronavirus de tip nou.<\/p>\n<div id=\"fb-root\"><\/div>\n<p><script async=\"1\" defer=\"1\" crossorigin=\"anonymous\" src=\"https:\/\/connect.facebook.net\/de_DE\/sdk.js#xfbml=1&amp;version=v6.0\"><\/script><\/p>\n<div class=\"fb-video\" data-href=\"https:\/\/www.facebook.com\/btvmoldova\/videos\/642592383196416\/\" data-width=\"1170\">\n<blockquote cite=\"https:\/\/www.facebook.com\/btvmoldova\/videos\/642592383196416\/\" class=\"fb-xfbml-parse-ignore\"><p><a href=\"https:\/\/www.facebook.com\/btvmoldova\/videos\/642592383196416\/\">Nicolae Furtun\u0103 despre testele pentru depistarea COVID-19: ,,C\u00e2teva zile, \u00eenc\u0103 avem cu ce lucra\u201d<\/a><\/p>\n<p>Nicolae Furtun\u0103 despre testele pentru depistarea COVID-19: ,,C\u00e2teva zile, \u00eenc\u0103 avem cu ce lucra\u201d<\/p>\n<p>Gepostet von <a href=\"https:\/\/www.facebook.com\/btvmoldova\/\">\u0422\u0435\u043b\u0435\u043a\u043e\u043c\u043f\u0430\u043d\u0438\u044f BTV &#8211; Balti, \u0411\u0435\u043b\u044c\u0446\u044b<\/a> am Freitag, 20. M\u00e4rz 2020<\/p><\/blockquote>\n<\/div>\n","protected":false},"excerpt":{"rendered":"<p>\u00cen decursul a 24 de ore, Serviciul de Asisten\u021b\u0103 Medical\u0103 Prespitaliceasc\u0103 are peste 2000 de chem\u0103ri. \u00cen ultimele 24 de ore medicii au transportat aproximativ 100 de pacien\u021bi cu suspec\u021bii la COVID-19. \u00cen acest context, ministra S\u0103n\u0103t\u0103\u021bii asigur\u0103, c\u0103 R.Moldova dispune de teste suficiente pentru depistarea coronaviruslui. Totu\u0219i \u00een cadrul unei emisiuni la TV8, Nicolae [&hellip;]<\/p>\n","protected":false},"author":4,"featured_media":71817,"comment_status":"closed","ping_status":"closed","sticky":false,"template":"","format":"standard","meta":{"footnotes":""},"categories":[6349,6377],"tags":[9718,12166,11383],"class_list":["post-71815","post","type-post","status-publish","format-standard","has-post-thumbnail","hentry","category-social","category-stiri","tag-coronavirus","tag-nicolae-furtuna","tag-teste-ro"],"yoast_head":"<!-- This site is optimized with the Yoast SEO plugin v27.4 - https:\/\/yoast.com\/product\/yoast-seo-wordpress\/ -->\n<title>Nicolae Furtun\u0103 despre testele pentru depistarea COVID-19: ,,C\u00e2teva zile, \u00eenc\u0103 avem cu ce lucra\u201d - BTV<\/title>\n<meta name=\"robots\" content=\"index, follow, max-snippet:-1, max-image-preview:large, max-video-preview:-1\" \/>\n<link rel=\"canonical\" href=\"https:\/\/www.btv.md\/ro\/amp\/nicolae-furtuna-despre-testele-pentru-depistarea-covid-19-cateva-zile-inca-avem-cu-ce-lucra\/\" \/>\n<meta property=\"og:locale\" content=\"ro_RO\" \/>\n<meta property=\"og:type\" content=\"article\" \/>\n<meta property=\"og:title\" content=\"Nicolae Furtun\u0103 despre testele pentru depistarea COVID-19: ,,C\u00e2teva zile, \u00eenc\u0103 avem cu ce lucra\u201d - BTV\" \/>\n<meta property=\"og:description\" content=\"\u00cen decursul a 24 de ore, Serviciul de Asisten\u021b\u0103 Medical\u0103 Prespitaliceasc\u0103 are peste 2000 de chem\u0103ri. \u00cen ultimele 24 de ore medicii au transportat aproximativ 100 de pacien\u021bi cu suspec\u021bii la COVID-19. \u00cen acest context, ministra S\u0103n\u0103t\u0103\u021bii asigur\u0103, c\u0103 R.Moldova dispune de teste suficiente pentru depistarea coronaviruslui. Totu\u0219i \u00een cadrul unei emisiuni la TV8, Nicolae [&hellip;]\" \/>\n<meta property=\"og:url\" content=\"https:\/\/www.btv.md\/ro\/amp\/nicolae-furtuna-despre-testele-pentru-depistarea-covid-19-cateva-zile-inca-avem-cu-ce-lucra\/\" \/>\n<meta property=\"og:site_name\" content=\"BTV\" \/>\n<meta property=\"article:publisher\" content=\"https:\/\/www.facebook.com\/btvmoldova\/\" \/>\n<meta property=\"article:published_time\" content=\"2020-03-20T16:14:13+00:00\" \/>\n<meta property=\"og:image\" content=\"https:\/\/www.btv.md\/wp-content\/uploads\/2020\/03\/755816644683020.jpeg\" \/>\n\t<meta property=\"og:image:width\" content=\"1180\" \/>\n\t<meta property=\"og:image:height\" content=\"730\" \/>\n\t<meta property=\"og:image:type\" content=\"image\/jpeg\" \/>\n<meta name=\"author\" content=\"admin\" \/>\n<meta name=\"twitter:label1\" content=\"Scris de\" \/>\n\t<meta name=\"twitter:data1\" content=\"admin\" \/>\n\t<meta name=\"twitter:label2\" content=\"Timp estimat pentru citire\" \/>\n\t<meta name=\"twitter:data2\" content=\"1 minut\" \/>\n<script type=\"application\/ld+json\" class=\"yoast-schema-graph\">{\"@context\":\"https:\\\/\\\/schema.org\",\"@graph\":[{\"@type\":\"Article\",\"@id\":\"https:\\\/\\\/www.btv.md\\\/ro\\\/amp\\\/nicolae-furtuna-despre-testele-pentru-depistarea-covid-19-cateva-zile-inca-avem-cu-ce-lucra\\\/#article\",\"isPartOf\":{\"@id\":\"https:\\\/\\\/www.btv.md\\\/ro\\\/amp\\\/nicolae-furtuna-despre-testele-pentru-depistarea-covid-19-cateva-zile-inca-avem-cu-ce-lucra\\\/\"},\"author\":{\"name\":\"admin\",\"@id\":\"https:\\\/\\\/www.btv.md\\\/#\\\/schema\\\/person\\\/8fadce81561b3ce2c34c46dadc4ccbf2\"},\"headline\":\"Nicolae Furtun\u0103 despre testele pentru depistarea COVID-19: ,,C\u00e2teva zile, \u00eenc\u0103 avem cu ce lucra\u201d\",\"datePublished\":\"2020-03-20T16:14:13+00:00\",\"mainEntityOfPage\":{\"@id\":\"https:\\\/\\\/www.btv.md\\\/ro\\\/amp\\\/nicolae-furtuna-despre-testele-pentru-depistarea-covid-19-cateva-zile-inca-avem-cu-ce-lucra\\\/\"},\"wordCount\":303,\"image\":{\"@id\":\"https:\\\/\\\/www.btv.md\\\/ro\\\/amp\\\/nicolae-furtuna-despre-testele-pentru-depistarea-covid-19-cateva-zile-inca-avem-cu-ce-lucra\\\/#primaryimage\"},\"thumbnailUrl\":\"https:\\\/\\\/www.btv.md\\\/wp-content\\\/uploads\\\/2020\\\/03\\\/755816644683020.jpeg\",\"keywords\":[\"coronavirus\",\"Nicolae Furtun\u0103\",\"teste\"],\"articleSection\":[\"Social\",\"\u0218tiri\"],\"inLanguage\":\"ro-RO\"},{\"@type\":\"WebPage\",\"@id\":\"https:\\\/\\\/www.btv.md\\\/ro\\\/amp\\\/nicolae-furtuna-despre-testele-pentru-depistarea-covid-19-cateva-zile-inca-avem-cu-ce-lucra\\\/\",\"url\":\"https:\\\/\\\/www.btv.md\\\/ro\\\/amp\\\/nicolae-furtuna-despre-testele-pentru-depistarea-covid-19-cateva-zile-inca-avem-cu-ce-lucra\\\/\",\"name\":\"Nicolae Furtun\u0103 despre testele pentru depistarea COVID-19: ,,C\u00e2teva zile, \u00eenc\u0103 avem cu ce lucra\u201d - BTV\",\"isPartOf\":{\"@id\":\"https:\\\/\\\/www.btv.md\\\/#website\"},\"primaryImageOfPage\":{\"@id\":\"https:\\\/\\\/www.btv.md\\\/ro\\\/amp\\\/nicolae-furtuna-despre-testele-pentru-depistarea-covid-19-cateva-zile-inca-avem-cu-ce-lucra\\\/#primaryimage\"},\"image\":{\"@id\":\"https:\\\/\\\/www.btv.md\\\/ro\\\/amp\\\/nicolae-furtuna-despre-testele-pentru-depistarea-covid-19-cateva-zile-inca-avem-cu-ce-lucra\\\/#primaryimage\"},\"thumbnailUrl\":\"https:\\\/\\\/www.btv.md\\\/wp-content\\\/uploads\\\/2020\\\/03\\\/755816644683020.jpeg\",\"datePublished\":\"2020-03-20T16:14:13+00:00\",\"author\":{\"@id\":\"https:\\\/\\\/www.btv.md\\\/#\\\/schema\\\/person\\\/8fadce81561b3ce2c34c46dadc4ccbf2\"},\"inLanguage\":\"ro-RO\",\"potentialAction\":[{\"@type\":\"ReadAction\",\"target\":[\"https:\\\/\\\/www.btv.md\\\/ro\\\/amp\\\/nicolae-furtuna-despre-testele-pentru-depistarea-covid-19-cateva-zile-inca-avem-cu-ce-lucra\\\/\"]}]},{\"@type\":\"ImageObject\",\"inLanguage\":\"ro-RO\",\"@id\":\"https:\\\/\\\/www.btv.md\\\/ro\\\/amp\\\/nicolae-furtuna-despre-testele-pentru-depistarea-covid-19-cateva-zile-inca-avem-cu-ce-lucra\\\/#primaryimage\",\"url\":\"https:\\\/\\\/www.btv.md\\\/wp-content\\\/uploads\\\/2020\\\/03\\\/755816644683020.jpeg\",\"contentUrl\":\"https:\\\/\\\/www.btv.md\\\/wp-content\\\/uploads\\\/2020\\\/03\\\/755816644683020.jpeg\",\"width\":1180,\"height\":730},{\"@type\":\"WebSite\",\"@id\":\"https:\\\/\\\/www.btv.md\\\/#website\",\"url\":\"https:\\\/\\\/www.btv.md\\\/\",\"name\":\"BTV\",\"description\":\"\u0411\u0435\u043b\u044c\u0446\u043a\u043e\u0435 \u0442\u0435\u043b\u0435\u0432\u0438\u0434\u0435\u043d\u0438\u0435\",\"potentialAction\":[{\"@type\":\"SearchAction\",\"target\":{\"@type\":\"EntryPoint\",\"urlTemplate\":\"https:\\\/\\\/www.btv.md\\\/?s={search_term_string}\"},\"query-input\":{\"@type\":\"PropertyValueSpecification\",\"valueRequired\":true,\"valueName\":\"search_term_string\"}}],\"inLanguage\":\"ro-RO\"},{\"@type\":\"Person\",\"@id\":\"https:\\\/\\\/www.btv.md\\\/#\\\/schema\\\/person\\\/8fadce81561b3ce2c34c46dadc4ccbf2\",\"name\":\"admin\"}]}<\/script>\n<!-- \/ Yoast SEO plugin. -->","yoast_head_json":{"title":"Nicolae Furtun\u0103 despre testele pentru depistarea COVID-19: ,,C\u00e2teva zile, \u00eenc\u0103 avem cu ce lucra\u201d - BTV","robots":{"index":"index","follow":"follow","max-snippet":"max-snippet:-1","max-image-preview":"max-image-preview:large","max-video-preview":"max-video-preview:-1"},"canonical":"https:\/\/www.btv.md\/ro\/amp\/nicolae-furtuna-despre-testele-pentru-depistarea-covid-19-cateva-zile-inca-avem-cu-ce-lucra\/","og_locale":"ro_RO","og_type":"article","og_title":"Nicolae Furtun\u0103 despre testele pentru depistarea COVID-19: ,,C\u00e2teva zile, \u00eenc\u0103 avem cu ce lucra\u201d - BTV","og_description":"\u00cen decursul a 24 de ore, Serviciul de Asisten\u021b\u0103 Medical\u0103 Prespitaliceasc\u0103 are peste 2000 de chem\u0103ri. \u00cen ultimele 24 de ore medicii au transportat aproximativ 100 de pacien\u021bi cu suspec\u021bii la COVID-19. \u00cen acest context, ministra S\u0103n\u0103t\u0103\u021bii asigur\u0103, c\u0103 R.Moldova dispune de teste suficiente pentru depistarea coronaviruslui. Totu\u0219i \u00een cadrul unei emisiuni la TV8, Nicolae [&hellip;]","og_url":"https:\/\/www.btv.md\/ro\/amp\/nicolae-furtuna-despre-testele-pentru-depistarea-covid-19-cateva-zile-inca-avem-cu-ce-lucra\/","og_site_name":"BTV","article_publisher":"https:\/\/www.facebook.com\/btvmoldova\/","article_published_time":"2020-03-20T16:14:13+00:00","og_image":[{"width":1180,"height":730,"url":"https:\/\/www.btv.md\/wp-content\/uploads\/2020\/03\/755816644683020.jpeg","type":"image\/jpeg"}],"author":"admin","twitter_misc":{"Scris de":"admin","Timp estimat pentru citire":"1 minut"},"schema":{"@context":"https:\/\/schema.org","@graph":[{"@type":"Article","@id":"https:\/\/www.btv.md\/ro\/amp\/nicolae-furtuna-despre-testele-pentru-depistarea-covid-19-cateva-zile-inca-avem-cu-ce-lucra\/#article","isPartOf":{"@id":"https:\/\/www.btv.md\/ro\/amp\/nicolae-furtuna-despre-testele-pentru-depistarea-covid-19-cateva-zile-inca-avem-cu-ce-lucra\/"},"author":{"name":"admin","@id":"https:\/\/www.btv.md\/#\/schema\/person\/8fadce81561b3ce2c34c46dadc4ccbf2"},"headline":"Nicolae Furtun\u0103 despre testele pentru depistarea COVID-19: ,,C\u00e2teva zile, \u00eenc\u0103 avem cu ce lucra\u201d","datePublished":"2020-03-20T16:14:13+00:00","mainEntityOfPage":{"@id":"https:\/\/www.btv.md\/ro\/amp\/nicolae-furtuna-despre-testele-pentru-depistarea-covid-19-cateva-zile-inca-avem-cu-ce-lucra\/"},"wordCount":303,"image":{"@id":"https:\/\/www.btv.md\/ro\/amp\/nicolae-furtuna-despre-testele-pentru-depistarea-covid-19-cateva-zile-inca-avem-cu-ce-lucra\/#primaryimage"},"thumbnailUrl":"https:\/\/www.btv.md\/wp-content\/uploads\/2020\/03\/755816644683020.jpeg","keywords":["coronavirus","Nicolae Furtun\u0103","teste"],"articleSection":["Social","\u0218tiri"],"inLanguage":"ro-RO"},{"@type":"WebPage","@id":"https:\/\/www.btv.md\/ro\/amp\/nicolae-furtuna-despre-testele-pentru-depistarea-covid-19-cateva-zile-inca-avem-cu-ce-lucra\/","url":"https:\/\/www.btv.md\/ro\/amp\/nicolae-furtuna-despre-testele-pentru-depistarea-covid-19-cateva-zile-inca-avem-cu-ce-lucra\/","name":"Nicolae Furtun\u0103 despre testele pentru depistarea COVID-19: ,,C\u00e2teva zile, \u00eenc\u0103 avem cu ce lucra\u201d - BTV","isPartOf":{"@id":"https:\/\/www.btv.md\/#website"},"primaryImageOfPage":{"@id":"https:\/\/www.btv.md\/ro\/amp\/nicolae-furtuna-despre-testele-pentru-depistarea-covid-19-cateva-zile-inca-avem-cu-ce-lucra\/#primaryimage"},"image":{"@id":"https:\/\/www.btv.md\/ro\/amp\/nicolae-furtuna-despre-testele-pentru-depistarea-covid-19-cateva-zile-inca-avem-cu-ce-lucra\/#primaryimage"},"thumbnailUrl":"https:\/\/www.btv.md\/wp-content\/uploads\/2020\/03\/755816644683020.jpeg","datePublished":"2020-03-20T16:14:13+00:00","author":{"@id":"https:\/\/www.btv.md\/#\/schema\/person\/8fadce81561b3ce2c34c46dadc4ccbf2"},"inLanguage":"ro-RO","potentialAction":[{"@type":"ReadAction","target":["https:\/\/www.btv.md\/ro\/amp\/nicolae-furtuna-despre-testele-pentru-depistarea-covid-19-cateva-zile-inca-avem-cu-ce-lucra\/"]}]},{"@type":"ImageObject","inLanguage":"ro-RO","@id":"https:\/\/www.btv.md\/ro\/amp\/nicolae-furtuna-despre-testele-pentru-depistarea-covid-19-cateva-zile-inca-avem-cu-ce-lucra\/#primaryimage","url":"https:\/\/www.btv.md\/wp-content\/uploads\/2020\/03\/755816644683020.jpeg","contentUrl":"https:\/\/www.btv.md\/wp-content\/uploads\/2020\/03\/755816644683020.jpeg","width":1180,"height":730},{"@type":"WebSite","@id":"https:\/\/www.btv.md\/#website","url":"https:\/\/www.btv.md\/","name":"BTV","description":"\u0411\u0435\u043b\u044c\u0446\u043a\u043e\u0435 \u0442\u0435\u043b\u0435\u0432\u0438\u0434\u0435\u043d\u0438\u0435","potentialAction":[{"@type":"SearchAction","target":{"@type":"EntryPoint","urlTemplate":"https:\/\/www.btv.md\/?s={search_term_string}"},"query-input":{"@type":"PropertyValueSpecification","valueRequired":true,"valueName":"search_term_string"}}],"inLanguage":"ro-RO"},{"@type":"Person","@id":"https:\/\/www.btv.md\/#\/schema\/person\/8fadce81561b3ce2c34c46dadc4ccbf2","name":"admin"}]}},"_links":{"self":[{"href":"https:\/\/www.btv.md\/ro\/wp-json\/wp\/v2\/posts\/71815","targetHints":{"allow":["GET"]}}],"collection":[{"href":"https:\/\/www.btv.md\/ro\/wp-json\/wp\/v2\/posts"}],"about":[{"href":"https:\/\/www.btv.md\/ro\/wp-json\/wp\/v2\/types\/post"}],"author":[{"embeddable":true,"href":"https:\/\/www.btv.md\/ro\/wp-json\/wp\/v2\/users\/4"}],"replies":[{"embeddable":true,"href":"https:\/\/www.btv.md\/ro\/wp-json\/wp\/v2\/comments?post=71815"}],"version-history":[{"count":0,"href":"https:\/\/www.btv.md\/ro\/wp-json\/wp\/v2\/posts\/71815\/revisions"}],"wp:featuredmedia":[{"embeddable":true,"href":"https:\/\/www.btv.md\/ro\/wp-json\/wp\/v2\/media\/71817"}],"wp:attachment":[{"href":"https:\/\/www.btv.md\/ro\/wp-json\/wp\/v2\/media?parent=71815"}],"wp:term":[{"taxonomy":"category","embeddable":true,"href":"https:\/\/www.btv.md\/ro\/wp-json\/wp\/v2\/categories?post=71815"},{"taxonomy":"post_tag","embeddable":true,"href":"https:\/\/www.btv.md\/ro\/wp-json\/wp\/v2\/tags?post=71815"}],"curies":[{"name":"wp","href":"https:\/\/api.w.org\/{rel}","templated":true}]}}