{"id":7226,"date":"2016-02-17T12:08:31","date_gmt":"2016-02-17T09:08:31","guid":{"rendered":"http:\/\/btv.md\/?p=7226"},"modified":"2016-02-17T12:48:31","modified_gmt":"2016-02-17T09:48:31","slug":"borsetka-lui-plahotniuc-si-a-prezentat-demisia","status":"publish","type":"post","link":"https:\/\/www.btv.md\/ro\/borsetka-lui-plahotniuc-si-a-prezentat-demisia\/","title":{"rendered":"\u201e BORSETKA\u201d LUI PLAHOTNIUC \u0218I-A PREZENTAT DEMISIA"},"content":{"rendered":"<p><strong>Deputatul Partidului Democrat \u0219i m\u00e2na dreapt\u0103 a oligarhului Vladimir Plahotniuc, Constantin Botnari \u0219i-a depus mandatul de deputat. Acesta \u0219i-a prezentat cererea de demisie \u00een data de 11 februarie.  <\/strong><\/p>\n<p>Proiectul de hot\u0103r\u00e2re cu privire la demisia sa a fost \u00eenregistrat \u00een data de 15 februarie. <\/p>\n<p>Botnari este cunoscut \u00een mediul politic \u0219i cu apelativul \u201eborsetka\u201d, lucru men\u021bionat \u0219i \u00een discursul lui Vlad Filat \u00een data de 15 octombrie 2015. <\/p>\n<p>Locul lui Constantin Botnari urmeaz\u0103 s\u0103 fie suplinit \u00een Legislativ de  Victor Chiriac, medic, vicedirector, SC &#8222;Clim\u0103u\u0163anul Agro&#8221; S.R.L. <\/p>\n<p style=\" margin: 12px auto 6px auto; font-family: Helvetica,Arial,Sans-serif; font-style: normal; font-variant: normal; font-weight: normal; font-size: 14px; line-height: normal; font-size-adjust: none; font-stretch: normal; -x-system-font: none; display: block;\">   <a title=\"View Barsetka pleac\u0103 on Scribd\" href=\"http:\/\/www.scribd.com\/doc\/299527287\"  style=\"text-decoration: underline;\" >Barsetka pleac\u0103<\/a><\/p>\n<p><iframe class=\"scribd_iframe_embed lazyload\" data-src=\"https:\/\/www.scribd.com\/embeds\/299527287\/content?start_page=1&#038;view_mode=scroll&#038;show_recommendations=true\" data-auto-height=\"false\" data-aspect-ratio=\"undefined\" scrolling=\"no\" id=\"doc_45781\" width=\"100%\" height=\"600\" frameborder=\"0\" src=\"data:image\/svg+xml;base64,PHN2ZyB3aWR0aD0iMSIgaGVpZ2h0PSIxIiB4bWxucz0iaHR0cDovL3d3dy53My5vcmcvMjAwMC9zdmciPjwvc3ZnPg==\" data-load-mode=\"1\"><\/iframe><\/p>\n","protected":false},"excerpt":{"rendered":"<p>Deputatul Partidului Democrat \u0219i m\u00e2na dreapt\u0103 a oligarhului Vladimir Plahotniuc, Constantin Botnari \u0219i-a depus mandatul de deputat. Acesta \u0219i-a prezentat cererea de demisie \u00een data de 11 februarie. Proiectul de hot\u0103r\u00e2re cu privire la demisia sa a fost \u00eenregistrat \u00een data de 15 februarie. Botnari este cunoscut \u00een mediul politic \u0219i cu apelativul \u201eborsetka\u201d, lucru [&hellip;]<\/p>\n","protected":false},"author":4,"featured_media":7227,"comment_status":"closed","ping_status":"closed","sticky":false,"template":"","format":"standard","meta":{"footnotes":""},"categories":[6368],"tags":[],"class_list":["post-7226","post","type-post","status-publish","format-standard","has-post-thumbnail","hentry","category-politica-ro"],"yoast_head":"<!-- This site is optimized with the Yoast SEO plugin v27.4 - https:\/\/yoast.com\/product\/yoast-seo-wordpress\/ -->\n<title>\u201e BORSETKA\u201d LUI PLAHOTNIUC \u0218I-A PREZENTAT DEMISIA  - BTV<\/title>\n<meta name=\"robots\" content=\"index, follow, max-snippet:-1, max-image-preview:large, max-video-preview:-1\" \/>\n<link rel=\"canonical\" href=\"https:\/\/www.btv.md\/ro\/borsetka-lui-plahotniuc-si-a-prezentat-demisia\/\" \/>\n<meta property=\"og:locale\" content=\"ro_RO\" \/>\n<meta property=\"og:type\" content=\"article\" \/>\n<meta property=\"og:title\" content=\"\u201e BORSETKA\u201d LUI PLAHOTNIUC \u0218I-A PREZENTAT DEMISIA  - BTV\" \/>\n<meta property=\"og:description\" content=\"Deputatul Partidului Democrat \u0219i m\u00e2na dreapt\u0103 a oligarhului Vladimir Plahotniuc, Constantin Botnari \u0219i-a depus mandatul de deputat. Acesta \u0219i-a prezentat cererea de demisie \u00een data de 11 februarie. Proiectul de hot\u0103r\u00e2re cu privire la demisia sa a fost \u00eenregistrat \u00een data de 15 februarie. Botnari este cunoscut \u00een mediul politic \u0219i cu apelativul \u201eborsetka\u201d, lucru [&hellip;]\" \/>\n<meta property=\"og:url\" content=\"https:\/\/www.btv.md\/ro\/borsetka-lui-plahotniuc-si-a-prezentat-demisia\/\" \/>\n<meta property=\"og:site_name\" content=\"BTV\" \/>\n<meta property=\"article:publisher\" content=\"https:\/\/www.facebook.com\/btvmoldova\/\" \/>\n<meta property=\"article:published_time\" content=\"2016-02-17T09:08:31+00:00\" \/>\n<meta property=\"article:modified_time\" content=\"2016-02-17T09:48:31+00:00\" \/>\n<meta property=\"og:image\" content=\"https:\/\/www.btv.md\/wp-content\/uploads\/2016\/02\/ziarulnational.md_.jpg\" \/>\n\t<meta property=\"og:image:width\" content=\"1200\" \/>\n\t<meta property=\"og:image:height\" content=\"800\" \/>\n\t<meta property=\"og:image:type\" content=\"image\/jpeg\" \/>\n<meta name=\"author\" content=\"admin\" \/>\n<meta name=\"twitter:label1\" content=\"Scris de\" \/>\n\t<meta name=\"twitter:data1\" content=\"admin\" \/>\n<script type=\"application\/ld+json\" class=\"yoast-schema-graph\">{\"@context\":\"https:\\\/\\\/schema.org\",\"@graph\":[{\"@type\":\"Article\",\"@id\":\"https:\\\/\\\/www.btv.md\\\/ro\\\/borsetka-lui-plahotniuc-si-a-prezentat-demisia\\\/#article\",\"isPartOf\":{\"@id\":\"https:\\\/\\\/www.btv.md\\\/ro\\\/borsetka-lui-plahotniuc-si-a-prezentat-demisia\\\/\"},\"author\":{\"name\":\"admin\",\"@id\":\"https:\\\/\\\/www.btv.md\\\/#\\\/schema\\\/person\\\/8fadce81561b3ce2c34c46dadc4ccbf2\"},\"headline\":\"\u201e BORSETKA\u201d LUI PLAHOTNIUC \u0218I-A PREZENTAT DEMISIA\",\"datePublished\":\"2016-02-17T09:08:31+00:00\",\"dateModified\":\"2016-02-17T09:48:31+00:00\",\"mainEntityOfPage\":{\"@id\":\"https:\\\/\\\/www.btv.md\\\/ro\\\/borsetka-lui-plahotniuc-si-a-prezentat-demisia\\\/\"},\"wordCount\":99,\"image\":{\"@id\":\"https:\\\/\\\/www.btv.md\\\/ro\\\/borsetka-lui-plahotniuc-si-a-prezentat-demisia\\\/#primaryimage\"},\"thumbnailUrl\":\"https:\\\/\\\/www.btv.md\\\/wp-content\\\/uploads\\\/2016\\\/02\\\/ziarulnational.md_.jpg\",\"articleSection\":[\"Politic\u0103\"],\"inLanguage\":\"ro-RO\"},{\"@type\":\"WebPage\",\"@id\":\"https:\\\/\\\/www.btv.md\\\/ro\\\/borsetka-lui-plahotniuc-si-a-prezentat-demisia\\\/\",\"url\":\"https:\\\/\\\/www.btv.md\\\/ro\\\/borsetka-lui-plahotniuc-si-a-prezentat-demisia\\\/\",\"name\":\"\u201e BORSETKA\u201d LUI PLAHOTNIUC \u0218I-A PREZENTAT DEMISIA - BTV\",\"isPartOf\":{\"@id\":\"https:\\\/\\\/www.btv.md\\\/#website\"},\"primaryImageOfPage\":{\"@id\":\"https:\\\/\\\/www.btv.md\\\/ro\\\/borsetka-lui-plahotniuc-si-a-prezentat-demisia\\\/#primaryimage\"},\"image\":{\"@id\":\"https:\\\/\\\/www.btv.md\\\/ro\\\/borsetka-lui-plahotniuc-si-a-prezentat-demisia\\\/#primaryimage\"},\"thumbnailUrl\":\"https:\\\/\\\/www.btv.md\\\/wp-content\\\/uploads\\\/2016\\\/02\\\/ziarulnational.md_.jpg\",\"datePublished\":\"2016-02-17T09:08:31+00:00\",\"dateModified\":\"2016-02-17T09:48:31+00:00\",\"author\":{\"@id\":\"https:\\\/\\\/www.btv.md\\\/#\\\/schema\\\/person\\\/8fadce81561b3ce2c34c46dadc4ccbf2\"},\"inLanguage\":\"ro-RO\",\"potentialAction\":[{\"@type\":\"ReadAction\",\"target\":[\"https:\\\/\\\/www.btv.md\\\/ro\\\/borsetka-lui-plahotniuc-si-a-prezentat-demisia\\\/\"]}]},{\"@type\":\"ImageObject\",\"inLanguage\":\"ro-RO\",\"@id\":\"https:\\\/\\\/www.btv.md\\\/ro\\\/borsetka-lui-plahotniuc-si-a-prezentat-demisia\\\/#primaryimage\",\"url\":\"https:\\\/\\\/www.btv.md\\\/wp-content\\\/uploads\\\/2016\\\/02\\\/ziarulnational.md_.jpg\",\"contentUrl\":\"https:\\\/\\\/www.btv.md\\\/wp-content\\\/uploads\\\/2016\\\/02\\\/ziarulnational.md_.jpg\",\"width\":1200,\"height\":800,\"caption\":\"ziarulnational.md\"},{\"@type\":\"WebSite\",\"@id\":\"https:\\\/\\\/www.btv.md\\\/#website\",\"url\":\"https:\\\/\\\/www.btv.md\\\/\",\"name\":\"BTV\",\"description\":\"\u0411\u0435\u043b\u044c\u0446\u043a\u043e\u0435 \u0442\u0435\u043b\u0435\u0432\u0438\u0434\u0435\u043d\u0438\u0435\",\"potentialAction\":[{\"@type\":\"SearchAction\",\"target\":{\"@type\":\"EntryPoint\",\"urlTemplate\":\"https:\\\/\\\/www.btv.md\\\/?s={search_term_string}\"},\"query-input\":{\"@type\":\"PropertyValueSpecification\",\"valueRequired\":true,\"valueName\":\"search_term_string\"}}],\"inLanguage\":\"ro-RO\"},{\"@type\":\"Person\",\"@id\":\"https:\\\/\\\/www.btv.md\\\/#\\\/schema\\\/person\\\/8fadce81561b3ce2c34c46dadc4ccbf2\",\"name\":\"admin\"}]}<\/script>\n<!-- \/ Yoast SEO plugin. -->","yoast_head_json":{"title":"\u201e BORSETKA\u201d LUI PLAHOTNIUC \u0218I-A PREZENTAT DEMISIA  - BTV","robots":{"index":"index","follow":"follow","max-snippet":"max-snippet:-1","max-image-preview":"max-image-preview:large","max-video-preview":"max-video-preview:-1"},"canonical":"https:\/\/www.btv.md\/ro\/borsetka-lui-plahotniuc-si-a-prezentat-demisia\/","og_locale":"ro_RO","og_type":"article","og_title":"\u201e BORSETKA\u201d LUI PLAHOTNIUC \u0218I-A PREZENTAT DEMISIA  - BTV","og_description":"Deputatul Partidului Democrat \u0219i m\u00e2na dreapt\u0103 a oligarhului Vladimir Plahotniuc, Constantin Botnari \u0219i-a depus mandatul de deputat. Acesta \u0219i-a prezentat cererea de demisie \u00een data de 11 februarie. Proiectul de hot\u0103r\u00e2re cu privire la demisia sa a fost \u00eenregistrat \u00een data de 15 februarie. Botnari este cunoscut \u00een mediul politic \u0219i cu apelativul \u201eborsetka\u201d, lucru [&hellip;]","og_url":"https:\/\/www.btv.md\/ro\/borsetka-lui-plahotniuc-si-a-prezentat-demisia\/","og_site_name":"BTV","article_publisher":"https:\/\/www.facebook.com\/btvmoldova\/","article_published_time":"2016-02-17T09:08:31+00:00","article_modified_time":"2016-02-17T09:48:31+00:00","og_image":[{"width":1200,"height":800,"url":"https:\/\/www.btv.md\/wp-content\/uploads\/2016\/02\/ziarulnational.md_.jpg","type":"image\/jpeg"}],"author":"admin","twitter_misc":{"Scris de":"admin"},"schema":{"@context":"https:\/\/schema.org","@graph":[{"@type":"Article","@id":"https:\/\/www.btv.md\/ro\/borsetka-lui-plahotniuc-si-a-prezentat-demisia\/#article","isPartOf":{"@id":"https:\/\/www.btv.md\/ro\/borsetka-lui-plahotniuc-si-a-prezentat-demisia\/"},"author":{"name":"admin","@id":"https:\/\/www.btv.md\/#\/schema\/person\/8fadce81561b3ce2c34c46dadc4ccbf2"},"headline":"\u201e BORSETKA\u201d LUI PLAHOTNIUC \u0218I-A PREZENTAT DEMISIA","datePublished":"2016-02-17T09:08:31+00:00","dateModified":"2016-02-17T09:48:31+00:00","mainEntityOfPage":{"@id":"https:\/\/www.btv.md\/ro\/borsetka-lui-plahotniuc-si-a-prezentat-demisia\/"},"wordCount":99,"image":{"@id":"https:\/\/www.btv.md\/ro\/borsetka-lui-plahotniuc-si-a-prezentat-demisia\/#primaryimage"},"thumbnailUrl":"https:\/\/www.btv.md\/wp-content\/uploads\/2016\/02\/ziarulnational.md_.jpg","articleSection":["Politic\u0103"],"inLanguage":"ro-RO"},{"@type":"WebPage","@id":"https:\/\/www.btv.md\/ro\/borsetka-lui-plahotniuc-si-a-prezentat-demisia\/","url":"https:\/\/www.btv.md\/ro\/borsetka-lui-plahotniuc-si-a-prezentat-demisia\/","name":"\u201e BORSETKA\u201d LUI PLAHOTNIUC \u0218I-A PREZENTAT DEMISIA - BTV","isPartOf":{"@id":"https:\/\/www.btv.md\/#website"},"primaryImageOfPage":{"@id":"https:\/\/www.btv.md\/ro\/borsetka-lui-plahotniuc-si-a-prezentat-demisia\/#primaryimage"},"image":{"@id":"https:\/\/www.btv.md\/ro\/borsetka-lui-plahotniuc-si-a-prezentat-demisia\/#primaryimage"},"thumbnailUrl":"https:\/\/www.btv.md\/wp-content\/uploads\/2016\/02\/ziarulnational.md_.jpg","datePublished":"2016-02-17T09:08:31+00:00","dateModified":"2016-02-17T09:48:31+00:00","author":{"@id":"https:\/\/www.btv.md\/#\/schema\/person\/8fadce81561b3ce2c34c46dadc4ccbf2"},"inLanguage":"ro-RO","potentialAction":[{"@type":"ReadAction","target":["https:\/\/www.btv.md\/ro\/borsetka-lui-plahotniuc-si-a-prezentat-demisia\/"]}]},{"@type":"ImageObject","inLanguage":"ro-RO","@id":"https:\/\/www.btv.md\/ro\/borsetka-lui-plahotniuc-si-a-prezentat-demisia\/#primaryimage","url":"https:\/\/www.btv.md\/wp-content\/uploads\/2016\/02\/ziarulnational.md_.jpg","contentUrl":"https:\/\/www.btv.md\/wp-content\/uploads\/2016\/02\/ziarulnational.md_.jpg","width":1200,"height":800,"caption":"ziarulnational.md"},{"@type":"WebSite","@id":"https:\/\/www.btv.md\/#website","url":"https:\/\/www.btv.md\/","name":"BTV","description":"\u0411\u0435\u043b\u044c\u0446\u043a\u043e\u0435 \u0442\u0435\u043b\u0435\u0432\u0438\u0434\u0435\u043d\u0438\u0435","potentialAction":[{"@type":"SearchAction","target":{"@type":"EntryPoint","urlTemplate":"https:\/\/www.btv.md\/?s={search_term_string}"},"query-input":{"@type":"PropertyValueSpecification","valueRequired":true,"valueName":"search_term_string"}}],"inLanguage":"ro-RO"},{"@type":"Person","@id":"https:\/\/www.btv.md\/#\/schema\/person\/8fadce81561b3ce2c34c46dadc4ccbf2","name":"admin"}]}},"_links":{"self":[{"href":"https:\/\/www.btv.md\/ro\/wp-json\/wp\/v2\/posts\/7226","targetHints":{"allow":["GET"]}}],"collection":[{"href":"https:\/\/www.btv.md\/ro\/wp-json\/wp\/v2\/posts"}],"about":[{"href":"https:\/\/www.btv.md\/ro\/wp-json\/wp\/v2\/types\/post"}],"author":[{"embeddable":true,"href":"https:\/\/www.btv.md\/ro\/wp-json\/wp\/v2\/users\/4"}],"replies":[{"embeddable":true,"href":"https:\/\/www.btv.md\/ro\/wp-json\/wp\/v2\/comments?post=7226"}],"version-history":[{"count":0,"href":"https:\/\/www.btv.md\/ro\/wp-json\/wp\/v2\/posts\/7226\/revisions"}],"wp:featuredmedia":[{"embeddable":true,"href":"https:\/\/www.btv.md\/ro\/wp-json\/wp\/v2\/media\/7227"}],"wp:attachment":[{"href":"https:\/\/www.btv.md\/ro\/wp-json\/wp\/v2\/media?parent=7226"}],"wp:term":[{"taxonomy":"category","embeddable":true,"href":"https:\/\/www.btv.md\/ro\/wp-json\/wp\/v2\/categories?post=7226"},{"taxonomy":"post_tag","embeddable":true,"href":"https:\/\/www.btv.md\/ro\/wp-json\/wp\/v2\/tags?post=7226"}],"curies":[{"name":"wp","href":"https:\/\/api.w.org\/{rel}","templated":true}]}}