{"id":7235,"date":"2016-02-17T13:10:24","date_gmt":"2016-02-17T10:10:24","guid":{"rendered":"http:\/\/btv.md\/?p=7235"},"modified":"2016-02-17T13:10:24","modified_gmt":"2016-02-17T10:10:24","slug":"rm-a-recuperat-prin-justitie-o-baza-de-odihna","status":"publish","type":"post","link":"https:\/\/www.btv.md\/ro\/rm-a-recuperat-prin-justitie-o-baza-de-odihna\/","title":{"rendered":"RM  A  RECUPERAT  PRIN  JUSTI\u021aIE  O  BAZ\u0102  DE  ODIHN\u0102"},"content":{"rendered":"<p><strong>Baza de odihn\u0103 \u201eMecita\u201d din ora\u015ful ucrainean Zatoca, dreptul de proprietate asupra c\u0103reia a fost pierdut \u00een 2012, a fost recuperat\u0103 de c\u0103tre reprezentan\u0163ii Republicii Moldova, informeaz\u0103 <a href=\"http:\/\/sputnik.md\/moldova\/20160216\/4699828.html#ixzz40PEmp2d1\" target=\"_blank\">Sputnik.md<\/a>.<\/strong><\/p>\n<p>Ministerului Justi\u0163iei \u015fi Departamentului Institu\u0163iilor Penitenciare (DIP) din Republica Moldova a reu\u015fit repunerea \u0163\u0103rii noastre \u00een drepturile de proprietar\u0103 asupra Bazei de odihn\u0103 \u201eMecita\u201d, care se afl\u0103 \u00een ora\u015ful ucrainean Zatoca din raionul Belgorod-Dnestrovsc, regiunea Odesa.<\/p>\n<p>Ministerul Justi\u0163iei a subliniat c\u0103 acest activ a fost pierdut din cauza unor tranzac\u0163ii ilegale pe care le-ar fi \u00eencheiat administratorul Bazei de Odihn\u0103 \u201eMecita\u201d \u00een anul 2012.<\/p>\n<p>Institu\u0163ia mai precizeaz\u0103 c\u0103 pentru recuperarea activului respectiv au fost necesare insisten\u0163ele conducerii DIP, a Ministerului Justi\u0163iei al Republicii Moldova, precum \u015fi mai multe demersuri c\u0103tre Ministerul Justi\u0163iei din Ucraina, Procuratura General\u0103 a Ucrainei \u015fi alte organe de drept din aceast\u0103 \u0163ar\u0103.<\/p>\n","protected":false},"excerpt":{"rendered":"<p>Baza de odihn\u0103 \u201eMecita\u201d din ora\u015ful ucrainean Zatoca, dreptul de proprietate asupra c\u0103reia a fost pierdut \u00een 2012, a fost recuperat\u0103 de c\u0103tre reprezentan\u0163ii Republicii Moldova, informeaz\u0103 Sputnik.md. Ministerului Justi\u0163iei \u015fi Departamentului Institu\u0163iilor Penitenciare (DIP) din Republica Moldova a reu\u015fit repunerea \u0163\u0103rii noastre \u00een drepturile de proprietar\u0103 asupra Bazei de odihn\u0103 \u201eMecita\u201d, care se afl\u0103 [&hellip;]<\/p>\n","protected":false},"author":4,"featured_media":7236,"comment_status":"closed","ping_status":"closed","sticky":false,"template":"","format":"standard","meta":{"footnotes":""},"categories":[6349],"tags":[],"class_list":["post-7235","post","type-post","status-publish","format-standard","has-post-thumbnail","hentry","category-social"],"yoast_head":"<!-- This site is optimized with the Yoast SEO plugin v27.4 - https:\/\/yoast.com\/product\/yoast-seo-wordpress\/ -->\n<title>RM A RECUPERAT PRIN JUSTI\u021aIE O BAZ\u0102 DE ODIHN\u0102  - BTV<\/title>\n<meta name=\"robots\" content=\"index, follow, max-snippet:-1, max-image-preview:large, max-video-preview:-1\" \/>\n<link rel=\"canonical\" href=\"https:\/\/www.btv.md\/ro\/rm-a-recuperat-prin-justitie-o-baza-de-odihna\/\" \/>\n<meta property=\"og:locale\" content=\"ro_RO\" \/>\n<meta property=\"og:type\" content=\"article\" \/>\n<meta property=\"og:title\" content=\"RM A RECUPERAT PRIN JUSTI\u021aIE O BAZ\u0102 DE ODIHN\u0102  - BTV\" \/>\n<meta property=\"og:description\" content=\"Baza de odihn\u0103 \u201eMecita\u201d din ora\u015ful ucrainean Zatoca, dreptul de proprietate asupra c\u0103reia a fost pierdut \u00een 2012, a fost recuperat\u0103 de c\u0103tre reprezentan\u0163ii Republicii Moldova, informeaz\u0103 Sputnik.md. Ministerului Justi\u0163iei \u015fi Departamentului Institu\u0163iilor Penitenciare (DIP) din Republica Moldova a reu\u015fit repunerea \u0163\u0103rii noastre \u00een drepturile de proprietar\u0103 asupra Bazei de odihn\u0103 \u201eMecita\u201d, care se afl\u0103 [&hellip;]\" \/>\n<meta property=\"og:url\" content=\"https:\/\/www.btv.md\/ro\/rm-a-recuperat-prin-justitie-o-baza-de-odihna\/\" \/>\n<meta property=\"og:site_name\" content=\"BTV\" \/>\n<meta property=\"article:publisher\" content=\"https:\/\/www.facebook.com\/btvmoldova\/\" \/>\n<meta property=\"article:published_time\" content=\"2016-02-17T10:10:24+00:00\" \/>\n<meta property=\"og:image\" content=\"https:\/\/www.btv.md\/wp-content\/uploads\/2016\/02\/cms-image-000033410.jpg\" \/>\n\t<meta property=\"og:image:width\" content=\"1024\" \/>\n\t<meta property=\"og:image:height\" content=\"700\" \/>\n\t<meta property=\"og:image:type\" content=\"image\/jpeg\" \/>\n<meta name=\"author\" content=\"admin\" \/>\n<meta name=\"twitter:label1\" content=\"Scris de\" \/>\n\t<meta name=\"twitter:data1\" content=\"admin\" \/>\n\t<meta name=\"twitter:label2\" content=\"Timp estimat pentru citire\" \/>\n\t<meta name=\"twitter:data2\" content=\"1 minut\" \/>\n<script type=\"application\/ld+json\" class=\"yoast-schema-graph\">{\"@context\":\"https:\\\/\\\/schema.org\",\"@graph\":[{\"@type\":\"Article\",\"@id\":\"https:\\\/\\\/www.btv.md\\\/ro\\\/rm-a-recuperat-prin-justitie-o-baza-de-odihna\\\/#article\",\"isPartOf\":{\"@id\":\"https:\\\/\\\/www.btv.md\\\/ro\\\/rm-a-recuperat-prin-justitie-o-baza-de-odihna\\\/\"},\"author\":{\"name\":\"admin\",\"@id\":\"https:\\\/\\\/www.btv.md\\\/#\\\/schema\\\/person\\\/8fadce81561b3ce2c34c46dadc4ccbf2\"},\"headline\":\"RM A RECUPERAT PRIN JUSTI\u021aIE O BAZ\u0102 DE ODIHN\u0102\",\"datePublished\":\"2016-02-17T10:10:24+00:00\",\"mainEntityOfPage\":{\"@id\":\"https:\\\/\\\/www.btv.md\\\/ro\\\/rm-a-recuperat-prin-justitie-o-baza-de-odihna\\\/\"},\"wordCount\":158,\"image\":{\"@id\":\"https:\\\/\\\/www.btv.md\\\/ro\\\/rm-a-recuperat-prin-justitie-o-baza-de-odihna\\\/#primaryimage\"},\"thumbnailUrl\":\"https:\\\/\\\/www.btv.md\\\/wp-content\\\/uploads\\\/2016\\\/02\\\/cms-image-000033410.jpg\",\"articleSection\":[\"Social\"],\"inLanguage\":\"ro-RO\"},{\"@type\":\"WebPage\",\"@id\":\"https:\\\/\\\/www.btv.md\\\/ro\\\/rm-a-recuperat-prin-justitie-o-baza-de-odihna\\\/\",\"url\":\"https:\\\/\\\/www.btv.md\\\/ro\\\/rm-a-recuperat-prin-justitie-o-baza-de-odihna\\\/\",\"name\":\"RM A RECUPERAT PRIN JUSTI\u021aIE O BAZ\u0102 DE ODIHN\u0102 - BTV\",\"isPartOf\":{\"@id\":\"https:\\\/\\\/www.btv.md\\\/#website\"},\"primaryImageOfPage\":{\"@id\":\"https:\\\/\\\/www.btv.md\\\/ro\\\/rm-a-recuperat-prin-justitie-o-baza-de-odihna\\\/#primaryimage\"},\"image\":{\"@id\":\"https:\\\/\\\/www.btv.md\\\/ro\\\/rm-a-recuperat-prin-justitie-o-baza-de-odihna\\\/#primaryimage\"},\"thumbnailUrl\":\"https:\\\/\\\/www.btv.md\\\/wp-content\\\/uploads\\\/2016\\\/02\\\/cms-image-000033410.jpg\",\"datePublished\":\"2016-02-17T10:10:24+00:00\",\"author\":{\"@id\":\"https:\\\/\\\/www.btv.md\\\/#\\\/schema\\\/person\\\/8fadce81561b3ce2c34c46dadc4ccbf2\"},\"inLanguage\":\"ro-RO\",\"potentialAction\":[{\"@type\":\"ReadAction\",\"target\":[\"https:\\\/\\\/www.btv.md\\\/ro\\\/rm-a-recuperat-prin-justitie-o-baza-de-odihna\\\/\"]}]},{\"@type\":\"ImageObject\",\"inLanguage\":\"ro-RO\",\"@id\":\"https:\\\/\\\/www.btv.md\\\/ro\\\/rm-a-recuperat-prin-justitie-o-baza-de-odihna\\\/#primaryimage\",\"url\":\"https:\\\/\\\/www.btv.md\\\/wp-content\\\/uploads\\\/2016\\\/02\\\/cms-image-000033410.jpg\",\"contentUrl\":\"https:\\\/\\\/www.btv.md\\\/wp-content\\\/uploads\\\/2016\\\/02\\\/cms-image-000033410.jpg\",\"width\":1024,\"height\":700,\"caption\":\"rtr.md\"},{\"@type\":\"WebSite\",\"@id\":\"https:\\\/\\\/www.btv.md\\\/#website\",\"url\":\"https:\\\/\\\/www.btv.md\\\/\",\"name\":\"BTV\",\"description\":\"\u0411\u0435\u043b\u044c\u0446\u043a\u043e\u0435 \u0442\u0435\u043b\u0435\u0432\u0438\u0434\u0435\u043d\u0438\u0435\",\"potentialAction\":[{\"@type\":\"SearchAction\",\"target\":{\"@type\":\"EntryPoint\",\"urlTemplate\":\"https:\\\/\\\/www.btv.md\\\/?s={search_term_string}\"},\"query-input\":{\"@type\":\"PropertyValueSpecification\",\"valueRequired\":true,\"valueName\":\"search_term_string\"}}],\"inLanguage\":\"ro-RO\"},{\"@type\":\"Person\",\"@id\":\"https:\\\/\\\/www.btv.md\\\/#\\\/schema\\\/person\\\/8fadce81561b3ce2c34c46dadc4ccbf2\",\"name\":\"admin\"}]}<\/script>\n<!-- \/ Yoast SEO plugin. -->","yoast_head_json":{"title":"RM A RECUPERAT PRIN JUSTI\u021aIE O BAZ\u0102 DE ODIHN\u0102  - BTV","robots":{"index":"index","follow":"follow","max-snippet":"max-snippet:-1","max-image-preview":"max-image-preview:large","max-video-preview":"max-video-preview:-1"},"canonical":"https:\/\/www.btv.md\/ro\/rm-a-recuperat-prin-justitie-o-baza-de-odihna\/","og_locale":"ro_RO","og_type":"article","og_title":"RM A RECUPERAT PRIN JUSTI\u021aIE O BAZ\u0102 DE ODIHN\u0102  - BTV","og_description":"Baza de odihn\u0103 \u201eMecita\u201d din ora\u015ful ucrainean Zatoca, dreptul de proprietate asupra c\u0103reia a fost pierdut \u00een 2012, a fost recuperat\u0103 de c\u0103tre reprezentan\u0163ii Republicii Moldova, informeaz\u0103 Sputnik.md. Ministerului Justi\u0163iei \u015fi Departamentului Institu\u0163iilor Penitenciare (DIP) din Republica Moldova a reu\u015fit repunerea \u0163\u0103rii noastre \u00een drepturile de proprietar\u0103 asupra Bazei de odihn\u0103 \u201eMecita\u201d, care se afl\u0103 [&hellip;]","og_url":"https:\/\/www.btv.md\/ro\/rm-a-recuperat-prin-justitie-o-baza-de-odihna\/","og_site_name":"BTV","article_publisher":"https:\/\/www.facebook.com\/btvmoldova\/","article_published_time":"2016-02-17T10:10:24+00:00","og_image":[{"width":1024,"height":700,"url":"https:\/\/www.btv.md\/wp-content\/uploads\/2016\/02\/cms-image-000033410.jpg","type":"image\/jpeg"}],"author":"admin","twitter_misc":{"Scris de":"admin","Timp estimat pentru citire":"1 minut"},"schema":{"@context":"https:\/\/schema.org","@graph":[{"@type":"Article","@id":"https:\/\/www.btv.md\/ro\/rm-a-recuperat-prin-justitie-o-baza-de-odihna\/#article","isPartOf":{"@id":"https:\/\/www.btv.md\/ro\/rm-a-recuperat-prin-justitie-o-baza-de-odihna\/"},"author":{"name":"admin","@id":"https:\/\/www.btv.md\/#\/schema\/person\/8fadce81561b3ce2c34c46dadc4ccbf2"},"headline":"RM A RECUPERAT PRIN JUSTI\u021aIE O BAZ\u0102 DE ODIHN\u0102","datePublished":"2016-02-17T10:10:24+00:00","mainEntityOfPage":{"@id":"https:\/\/www.btv.md\/ro\/rm-a-recuperat-prin-justitie-o-baza-de-odihna\/"},"wordCount":158,"image":{"@id":"https:\/\/www.btv.md\/ro\/rm-a-recuperat-prin-justitie-o-baza-de-odihna\/#primaryimage"},"thumbnailUrl":"https:\/\/www.btv.md\/wp-content\/uploads\/2016\/02\/cms-image-000033410.jpg","articleSection":["Social"],"inLanguage":"ro-RO"},{"@type":"WebPage","@id":"https:\/\/www.btv.md\/ro\/rm-a-recuperat-prin-justitie-o-baza-de-odihna\/","url":"https:\/\/www.btv.md\/ro\/rm-a-recuperat-prin-justitie-o-baza-de-odihna\/","name":"RM A RECUPERAT PRIN JUSTI\u021aIE O BAZ\u0102 DE ODIHN\u0102 - BTV","isPartOf":{"@id":"https:\/\/www.btv.md\/#website"},"primaryImageOfPage":{"@id":"https:\/\/www.btv.md\/ro\/rm-a-recuperat-prin-justitie-o-baza-de-odihna\/#primaryimage"},"image":{"@id":"https:\/\/www.btv.md\/ro\/rm-a-recuperat-prin-justitie-o-baza-de-odihna\/#primaryimage"},"thumbnailUrl":"https:\/\/www.btv.md\/wp-content\/uploads\/2016\/02\/cms-image-000033410.jpg","datePublished":"2016-02-17T10:10:24+00:00","author":{"@id":"https:\/\/www.btv.md\/#\/schema\/person\/8fadce81561b3ce2c34c46dadc4ccbf2"},"inLanguage":"ro-RO","potentialAction":[{"@type":"ReadAction","target":["https:\/\/www.btv.md\/ro\/rm-a-recuperat-prin-justitie-o-baza-de-odihna\/"]}]},{"@type":"ImageObject","inLanguage":"ro-RO","@id":"https:\/\/www.btv.md\/ro\/rm-a-recuperat-prin-justitie-o-baza-de-odihna\/#primaryimage","url":"https:\/\/www.btv.md\/wp-content\/uploads\/2016\/02\/cms-image-000033410.jpg","contentUrl":"https:\/\/www.btv.md\/wp-content\/uploads\/2016\/02\/cms-image-000033410.jpg","width":1024,"height":700,"caption":"rtr.md"},{"@type":"WebSite","@id":"https:\/\/www.btv.md\/#website","url":"https:\/\/www.btv.md\/","name":"BTV","description":"\u0411\u0435\u043b\u044c\u0446\u043a\u043e\u0435 \u0442\u0435\u043b\u0435\u0432\u0438\u0434\u0435\u043d\u0438\u0435","potentialAction":[{"@type":"SearchAction","target":{"@type":"EntryPoint","urlTemplate":"https:\/\/www.btv.md\/?s={search_term_string}"},"query-input":{"@type":"PropertyValueSpecification","valueRequired":true,"valueName":"search_term_string"}}],"inLanguage":"ro-RO"},{"@type":"Person","@id":"https:\/\/www.btv.md\/#\/schema\/person\/8fadce81561b3ce2c34c46dadc4ccbf2","name":"admin"}]}},"_links":{"self":[{"href":"https:\/\/www.btv.md\/ro\/wp-json\/wp\/v2\/posts\/7235","targetHints":{"allow":["GET"]}}],"collection":[{"href":"https:\/\/www.btv.md\/ro\/wp-json\/wp\/v2\/posts"}],"about":[{"href":"https:\/\/www.btv.md\/ro\/wp-json\/wp\/v2\/types\/post"}],"author":[{"embeddable":true,"href":"https:\/\/www.btv.md\/ro\/wp-json\/wp\/v2\/users\/4"}],"replies":[{"embeddable":true,"href":"https:\/\/www.btv.md\/ro\/wp-json\/wp\/v2\/comments?post=7235"}],"version-history":[{"count":0,"href":"https:\/\/www.btv.md\/ro\/wp-json\/wp\/v2\/posts\/7235\/revisions"}],"wp:featuredmedia":[{"embeddable":true,"href":"https:\/\/www.btv.md\/ro\/wp-json\/wp\/v2\/media\/7236"}],"wp:attachment":[{"href":"https:\/\/www.btv.md\/ro\/wp-json\/wp\/v2\/media?parent=7235"}],"wp:term":[{"taxonomy":"category","embeddable":true,"href":"https:\/\/www.btv.md\/ro\/wp-json\/wp\/v2\/categories?post=7235"},{"taxonomy":"post_tag","embeddable":true,"href":"https:\/\/www.btv.md\/ro\/wp-json\/wp\/v2\/tags?post=7235"}],"curies":[{"name":"wp","href":"https:\/\/api.w.org\/{rel}","templated":true}]}}