{"id":7241,"date":"2016-02-17T13:17:41","date_gmt":"2016-02-17T10:17:41","guid":{"rendered":"http:\/\/btv.md\/?p=7241"},"modified":"2016-02-17T13:17:41","modified_gmt":"2016-02-17T10:17:41","slug":"sindicatele-cer-majorarea-ajutorului-de-deces","status":"publish","type":"post","link":"https:\/\/www.btv.md\/ro\/sindicatele-cer-majorarea-ajutorului-de-deces\/","title":{"rendered":"SINDICATELE  CER  MAJORAREA  AJUTORULUI  DE  DECES"},"content":{"rendered":"<p><strong>Confedera\u0163ia Na\u0163ional\u0103 a Sindicatelor din Moldova a examinat proiectul Legii bugetului asigur\u0103rilor sociale de stat pe anul 2016 \u015fi a \u00eenaintat pe marginea acestuia un \u015fir de propuneri care au menirea de a spori nivelul de protec\u0163ie social\u0103 a salaria\u0163ilor \u015fi a popula\u0163iei \u00een general, scrie <a href=\"http:\/\/www.noi.md\/md\/news_id\/78859\" target=\"_blank\">NOI.md<\/a>.<\/strong><\/p>\n<p>Confedera\u0163ia a insistat s\u0103 fie majorate cuantumurile unui \u015fir de indemniza\u0163ii \u015fi pl\u0103\u0163i sociale.<\/p>\n<p>\u201e<em>\u021ain\u00eend cont de faptul c\u0103 valoarea ajutorului de deces, propus\u0103 \u00een proiect, nici pe de parte nu acoper\u0103 cheltuielile funerare, sindicatele au cerut cre\u015fterea ajutorului de deces de la 1100 de lei la 2200 de lei pentru persoanele asigurate \u015fi de la 1100 de lei la 1200 de lei pentru cele neasigurate<\/em>\u201d, anun\u0163\u0103 CNSM \u00eentr-un comunicat de pres\u0103.<\/p>\n<p>Dat fiind faptul c\u0103 situa\u0163ia demografic\u0103 \u00een Republica Moldova se caracterizeaz\u0103 prin evolu\u0163ii negative a sporului natural al popula\u0163iei \u015fi este necesar\u0103 o sus\u0163inere financiar\u0103 adecvat\u0103 a familiilor cu copii, CNSM a insistat asupra major\u0103rii indemniza\u0163iei unice la na\u015fterea primului copil \u2013 de la 3100 de lei la 6000 de lei \u015fi indemniza\u0163iei unice la na\u015fterea urm\u0103torului copil \u2013 de la 3400 la 6500 de lei, mai ales c\u0103 m\u0103rimea acestei indemniza\u0163ii r\u0103m\u00eene la acela\u015fi nivel al treilea an.<\/p>\n<p>Concomitent, sindicatele au insistat asupra major\u0103rii cuantumului indemniza\u0163iei lunare pentru \u00eengrijirea copilului p\u00een\u0103 la \u00eemplinirea v\u00eerstei de 3 ani \u00een cazul persoanele asigurate \u2013 de la 30% la 40% din venitul mediu lunar asigurat.<\/p>\n<p>Pentru a suplini cheltuielile popula\u0163iei la serviciile comunale CNSM a insistat asupra major\u0103rii, pentru anul 2016, a cuantumului ajutorului pentru perioada rece a anului p\u00een\u0103 la 350 de lei.<\/p>\n<p>\u00cen vederea asigur\u0103rii cu servicii de tratament balneosanatorial a unui num\u0103r mai mare de salaria\u0163i, CNSM a insistat asupra major\u0103rii cu 35 de milioane de lei a cheltuielilor destinate scopului respectiv, p\u00een\u0103 la 65 de milioane de lei.<\/p>\n<p>\u00cen scopul stimul\u0103rii angajatorilor de a acorda salaria\u0163ilor unele servicii suplimentare de protec\u0163ie at\u00eet la capitolul s\u0103n\u0103tate, c\u00eet \u015fi la cel al ob\u0163inerii \u00een viitor a unor pensii mai mari, CNSM a propus s\u0103 fie scutite de contribu\u0163ii de asigur\u0103ri sociale de stat obligatorii cheltuielile suportate de angajator pentru prima de asigurare facultativ\u0103 de asisten\u0163\u0103 medical\u0103 a salariatului \u015fi suma v\u0103rsat\u0103 de c\u0103tre angajator \u00een numele salariatului pe parcursul anului fiscal \u00een fondul nestatal de pensii.<\/p>\n","protected":false},"excerpt":{"rendered":"<p>Confedera\u0163ia Na\u0163ional\u0103 a Sindicatelor din Moldova a examinat proiectul Legii bugetului asigur\u0103rilor sociale de stat pe anul 2016 \u015fi a \u00eenaintat pe marginea acestuia un \u015fir de propuneri care au menirea de a spori nivelul de protec\u0163ie social\u0103 a salaria\u0163ilor \u015fi a popula\u0163iei \u00een general, scrie NOI.md. Confedera\u0163ia a insistat s\u0103 fie majorate cuantumurile unui [&hellip;]<\/p>\n","protected":false},"author":4,"featured_media":7242,"comment_status":"closed","ping_status":"closed","sticky":false,"template":"","format":"standard","meta":{"footnotes":""},"categories":[8],"tags":[],"class_list":["post-7241","post","type-post","status-publish","format-standard","has-post-thumbnail","hentry","category-obshestvo"],"yoast_head":"<!-- This site is optimized with the Yoast SEO plugin v27.4 - https:\/\/yoast.com\/product\/yoast-seo-wordpress\/ -->\n<title>SINDICATELE CER MAJORAREA AJUTORULUI DE DECES - BTV<\/title>\n<meta name=\"robots\" content=\"index, follow, max-snippet:-1, max-image-preview:large, max-video-preview:-1\" \/>\n<link rel=\"canonical\" href=\"https:\/\/www.btv.md\/ro\/sindicatele-cer-majorarea-ajutorului-de-deces\/\" \/>\n<meta property=\"og:locale\" content=\"ro_RO\" \/>\n<meta property=\"og:type\" content=\"article\" \/>\n<meta property=\"og:title\" content=\"SINDICATELE CER MAJORAREA AJUTORULUI DE DECES - BTV\" \/>\n<meta property=\"og:description\" content=\"Confedera\u0163ia Na\u0163ional\u0103 a Sindicatelor din Moldova a examinat proiectul Legii bugetului asigur\u0103rilor sociale de stat pe anul 2016 \u015fi a \u00eenaintat pe marginea acestuia un \u015fir de propuneri care au menirea de a spori nivelul de protec\u0163ie social\u0103 a salaria\u0163ilor \u015fi a popula\u0163iei \u00een general, scrie NOI.md. Confedera\u0163ia a insistat s\u0103 fie majorate cuantumurile unui [&hellip;]\" \/>\n<meta property=\"og:url\" content=\"https:\/\/www.btv.md\/ro\/sindicatele-cer-majorarea-ajutorului-de-deces\/\" \/>\n<meta property=\"og:site_name\" content=\"BTV\" \/>\n<meta property=\"article:publisher\" content=\"https:\/\/www.facebook.com\/btvmoldova\/\" \/>\n<meta property=\"article:published_time\" content=\"2016-02-17T10:17:41+00:00\" \/>\n<meta property=\"og:image\" content=\"https:\/\/www.btv.md\/wp-content\/uploads\/2016\/02\/4644440.jpg\" \/>\n\t<meta property=\"og:image:width\" content=\"1000\" \/>\n\t<meta property=\"og:image:height\" content=\"541\" \/>\n\t<meta property=\"og:image:type\" content=\"image\/jpeg\" \/>\n<meta name=\"author\" content=\"admin\" \/>\n<meta name=\"twitter:label1\" content=\"Scris de\" \/>\n\t<meta name=\"twitter:data1\" content=\"admin\" \/>\n\t<meta name=\"twitter:label2\" content=\"Timp estimat pentru citire\" \/>\n\t<meta name=\"twitter:data2\" content=\"2 minute\" \/>\n<script type=\"application\/ld+json\" class=\"yoast-schema-graph\">{\"@context\":\"https:\\\/\\\/schema.org\",\"@graph\":[{\"@type\":\"Article\",\"@id\":\"https:\\\/\\\/www.btv.md\\\/ro\\\/sindicatele-cer-majorarea-ajutorului-de-deces\\\/#article\",\"isPartOf\":{\"@id\":\"https:\\\/\\\/www.btv.md\\\/ro\\\/sindicatele-cer-majorarea-ajutorului-de-deces\\\/\"},\"author\":{\"name\":\"admin\",\"@id\":\"https:\\\/\\\/www.btv.md\\\/#\\\/schema\\\/person\\\/8fadce81561b3ce2c34c46dadc4ccbf2\"},\"headline\":\"SINDICATELE CER MAJORAREA AJUTORULUI DE DECES\",\"datePublished\":\"2016-02-17T10:17:41+00:00\",\"mainEntityOfPage\":{\"@id\":\"https:\\\/\\\/www.btv.md\\\/ro\\\/sindicatele-cer-majorarea-ajutorului-de-deces\\\/\"},\"wordCount\":413,\"image\":{\"@id\":\"https:\\\/\\\/www.btv.md\\\/ro\\\/sindicatele-cer-majorarea-ajutorului-de-deces\\\/#primaryimage\"},\"thumbnailUrl\":\"https:\\\/\\\/www.btv.md\\\/wp-content\\\/uploads\\\/2016\\\/02\\\/4644440.jpg\",\"articleSection\":[\"\u041e\u0431\u0449\u0435\u0441\u0442\u0432\u043e\"],\"inLanguage\":\"ro-RO\"},{\"@type\":\"WebPage\",\"@id\":\"https:\\\/\\\/www.btv.md\\\/ro\\\/sindicatele-cer-majorarea-ajutorului-de-deces\\\/\",\"url\":\"https:\\\/\\\/www.btv.md\\\/ro\\\/sindicatele-cer-majorarea-ajutorului-de-deces\\\/\",\"name\":\"SINDICATELE CER MAJORAREA AJUTORULUI DE DECES - BTV\",\"isPartOf\":{\"@id\":\"https:\\\/\\\/www.btv.md\\\/#website\"},\"primaryImageOfPage\":{\"@id\":\"https:\\\/\\\/www.btv.md\\\/ro\\\/sindicatele-cer-majorarea-ajutorului-de-deces\\\/#primaryimage\"},\"image\":{\"@id\":\"https:\\\/\\\/www.btv.md\\\/ro\\\/sindicatele-cer-majorarea-ajutorului-de-deces\\\/#primaryimage\"},\"thumbnailUrl\":\"https:\\\/\\\/www.btv.md\\\/wp-content\\\/uploads\\\/2016\\\/02\\\/4644440.jpg\",\"datePublished\":\"2016-02-17T10:17:41+00:00\",\"author\":{\"@id\":\"https:\\\/\\\/www.btv.md\\\/#\\\/schema\\\/person\\\/8fadce81561b3ce2c34c46dadc4ccbf2\"},\"inLanguage\":\"ro-RO\",\"potentialAction\":[{\"@type\":\"ReadAction\",\"target\":[\"https:\\\/\\\/www.btv.md\\\/ro\\\/sindicatele-cer-majorarea-ajutorului-de-deces\\\/\"]}]},{\"@type\":\"ImageObject\",\"inLanguage\":\"ro-RO\",\"@id\":\"https:\\\/\\\/www.btv.md\\\/ro\\\/sindicatele-cer-majorarea-ajutorului-de-deces\\\/#primaryimage\",\"url\":\"https:\\\/\\\/www.btv.md\\\/wp-content\\\/uploads\\\/2016\\\/02\\\/4644440.jpg\",\"contentUrl\":\"https:\\\/\\\/www.btv.md\\\/wp-content\\\/uploads\\\/2016\\\/02\\\/4644440.jpg\",\"width\":1000,\"height\":541,\"caption\":\"totalmedia.md\"},{\"@type\":\"WebSite\",\"@id\":\"https:\\\/\\\/www.btv.md\\\/#website\",\"url\":\"https:\\\/\\\/www.btv.md\\\/\",\"name\":\"BTV\",\"description\":\"\u0411\u0435\u043b\u044c\u0446\u043a\u043e\u0435 \u0442\u0435\u043b\u0435\u0432\u0438\u0434\u0435\u043d\u0438\u0435\",\"potentialAction\":[{\"@type\":\"SearchAction\",\"target\":{\"@type\":\"EntryPoint\",\"urlTemplate\":\"https:\\\/\\\/www.btv.md\\\/?s={search_term_string}\"},\"query-input\":{\"@type\":\"PropertyValueSpecification\",\"valueRequired\":true,\"valueName\":\"search_term_string\"}}],\"inLanguage\":\"ro-RO\"},{\"@type\":\"Person\",\"@id\":\"https:\\\/\\\/www.btv.md\\\/#\\\/schema\\\/person\\\/8fadce81561b3ce2c34c46dadc4ccbf2\",\"name\":\"admin\"}]}<\/script>\n<!-- \/ Yoast SEO plugin. -->","yoast_head_json":{"title":"SINDICATELE CER MAJORAREA AJUTORULUI DE DECES - BTV","robots":{"index":"index","follow":"follow","max-snippet":"max-snippet:-1","max-image-preview":"max-image-preview:large","max-video-preview":"max-video-preview:-1"},"canonical":"https:\/\/www.btv.md\/ro\/sindicatele-cer-majorarea-ajutorului-de-deces\/","og_locale":"ro_RO","og_type":"article","og_title":"SINDICATELE CER MAJORAREA AJUTORULUI DE DECES - BTV","og_description":"Confedera\u0163ia Na\u0163ional\u0103 a Sindicatelor din Moldova a examinat proiectul Legii bugetului asigur\u0103rilor sociale de stat pe anul 2016 \u015fi a \u00eenaintat pe marginea acestuia un \u015fir de propuneri care au menirea de a spori nivelul de protec\u0163ie social\u0103 a salaria\u0163ilor \u015fi a popula\u0163iei \u00een general, scrie NOI.md. Confedera\u0163ia a insistat s\u0103 fie majorate cuantumurile unui [&hellip;]","og_url":"https:\/\/www.btv.md\/ro\/sindicatele-cer-majorarea-ajutorului-de-deces\/","og_site_name":"BTV","article_publisher":"https:\/\/www.facebook.com\/btvmoldova\/","article_published_time":"2016-02-17T10:17:41+00:00","og_image":[{"width":1000,"height":541,"url":"https:\/\/www.btv.md\/wp-content\/uploads\/2016\/02\/4644440.jpg","type":"image\/jpeg"}],"author":"admin","twitter_misc":{"Scris de":"admin","Timp estimat pentru citire":"2 minute"},"schema":{"@context":"https:\/\/schema.org","@graph":[{"@type":"Article","@id":"https:\/\/www.btv.md\/ro\/sindicatele-cer-majorarea-ajutorului-de-deces\/#article","isPartOf":{"@id":"https:\/\/www.btv.md\/ro\/sindicatele-cer-majorarea-ajutorului-de-deces\/"},"author":{"name":"admin","@id":"https:\/\/www.btv.md\/#\/schema\/person\/8fadce81561b3ce2c34c46dadc4ccbf2"},"headline":"SINDICATELE CER MAJORAREA AJUTORULUI DE DECES","datePublished":"2016-02-17T10:17:41+00:00","mainEntityOfPage":{"@id":"https:\/\/www.btv.md\/ro\/sindicatele-cer-majorarea-ajutorului-de-deces\/"},"wordCount":413,"image":{"@id":"https:\/\/www.btv.md\/ro\/sindicatele-cer-majorarea-ajutorului-de-deces\/#primaryimage"},"thumbnailUrl":"https:\/\/www.btv.md\/wp-content\/uploads\/2016\/02\/4644440.jpg","articleSection":["\u041e\u0431\u0449\u0435\u0441\u0442\u0432\u043e"],"inLanguage":"ro-RO"},{"@type":"WebPage","@id":"https:\/\/www.btv.md\/ro\/sindicatele-cer-majorarea-ajutorului-de-deces\/","url":"https:\/\/www.btv.md\/ro\/sindicatele-cer-majorarea-ajutorului-de-deces\/","name":"SINDICATELE CER MAJORAREA AJUTORULUI DE DECES - BTV","isPartOf":{"@id":"https:\/\/www.btv.md\/#website"},"primaryImageOfPage":{"@id":"https:\/\/www.btv.md\/ro\/sindicatele-cer-majorarea-ajutorului-de-deces\/#primaryimage"},"image":{"@id":"https:\/\/www.btv.md\/ro\/sindicatele-cer-majorarea-ajutorului-de-deces\/#primaryimage"},"thumbnailUrl":"https:\/\/www.btv.md\/wp-content\/uploads\/2016\/02\/4644440.jpg","datePublished":"2016-02-17T10:17:41+00:00","author":{"@id":"https:\/\/www.btv.md\/#\/schema\/person\/8fadce81561b3ce2c34c46dadc4ccbf2"},"inLanguage":"ro-RO","potentialAction":[{"@type":"ReadAction","target":["https:\/\/www.btv.md\/ro\/sindicatele-cer-majorarea-ajutorului-de-deces\/"]}]},{"@type":"ImageObject","inLanguage":"ro-RO","@id":"https:\/\/www.btv.md\/ro\/sindicatele-cer-majorarea-ajutorului-de-deces\/#primaryimage","url":"https:\/\/www.btv.md\/wp-content\/uploads\/2016\/02\/4644440.jpg","contentUrl":"https:\/\/www.btv.md\/wp-content\/uploads\/2016\/02\/4644440.jpg","width":1000,"height":541,"caption":"totalmedia.md"},{"@type":"WebSite","@id":"https:\/\/www.btv.md\/#website","url":"https:\/\/www.btv.md\/","name":"BTV","description":"\u0411\u0435\u043b\u044c\u0446\u043a\u043e\u0435 \u0442\u0435\u043b\u0435\u0432\u0438\u0434\u0435\u043d\u0438\u0435","potentialAction":[{"@type":"SearchAction","target":{"@type":"EntryPoint","urlTemplate":"https:\/\/www.btv.md\/?s={search_term_string}"},"query-input":{"@type":"PropertyValueSpecification","valueRequired":true,"valueName":"search_term_string"}}],"inLanguage":"ro-RO"},{"@type":"Person","@id":"https:\/\/www.btv.md\/#\/schema\/person\/8fadce81561b3ce2c34c46dadc4ccbf2","name":"admin"}]}},"_links":{"self":[{"href":"https:\/\/www.btv.md\/ro\/wp-json\/wp\/v2\/posts\/7241","targetHints":{"allow":["GET"]}}],"collection":[{"href":"https:\/\/www.btv.md\/ro\/wp-json\/wp\/v2\/posts"}],"about":[{"href":"https:\/\/www.btv.md\/ro\/wp-json\/wp\/v2\/types\/post"}],"author":[{"embeddable":true,"href":"https:\/\/www.btv.md\/ro\/wp-json\/wp\/v2\/users\/4"}],"replies":[{"embeddable":true,"href":"https:\/\/www.btv.md\/ro\/wp-json\/wp\/v2\/comments?post=7241"}],"version-history":[{"count":0,"href":"https:\/\/www.btv.md\/ro\/wp-json\/wp\/v2\/posts\/7241\/revisions"}],"wp:featuredmedia":[{"embeddable":true,"href":"https:\/\/www.btv.md\/ro\/wp-json\/wp\/v2\/media\/7242"}],"wp:attachment":[{"href":"https:\/\/www.btv.md\/ro\/wp-json\/wp\/v2\/media?parent=7241"}],"wp:term":[{"taxonomy":"category","embeddable":true,"href":"https:\/\/www.btv.md\/ro\/wp-json\/wp\/v2\/categories?post=7241"},{"taxonomy":"post_tag","embeddable":true,"href":"https:\/\/www.btv.md\/ro\/wp-json\/wp\/v2\/tags?post=7241"}],"curies":[{"name":"wp","href":"https:\/\/api.w.org\/{rel}","templated":true}]}}