{"id":7244,"date":"2016-02-17T13:19:32","date_gmt":"2016-02-17T10:19:32","guid":{"rendered":"http:\/\/btv.md\/?p=7244"},"modified":"2016-02-17T13:19:32","modified_gmt":"2016-02-17T10:19:32","slug":"sis-ul-urmeaza-sa-fie-lichidat","status":"publish","type":"post","link":"https:\/\/www.btv.md\/ro\/sis-ul-urmeaza-sa-fie-lichidat\/","title":{"rendered":"SIS-UL  URMEAZ\u0102  S\u0102  FIE  LICHIDAT"},"content":{"rendered":"<p><strong>Serviciul de Informa\u0163ii \u015fi Securitate (SIS) urmeaz\u0103 s\u0103 fie lichidat, iar \u00een locul lui va fi creat Serviciul Na\u0163ional de Informa\u0163ii (SNI) al Republicii Moldova, informeaz\u0103 noi.md. Ministerul Justi\u0163iei a avizat pozitiv un proiect de lege \u00een acest sens, \u00eenaintat de deputatul liberal Veaceslav Until\u0103, informeaz\u0103 <a href=\"http:\/\/www.noi.md\/md\/news_id\/78914\" target=\"_blank\">NOI.md<\/a>.<\/strong><\/p>\n<p>Potrivit notei informative, proiectul legii privind SNI a fost elaborat \u00een vederea implement\u0103rii Strategiei de reformare a SIS. Documentul prevede c\u0103 SNI va fi autoritate public\u0103 autonom\u0103 specializat\u0103 \u00een domeniul asigur\u0103rii securit\u0103\u0163ii na\u0163ionale. \u00cen proiect sunt reglementate detaliat atribu\u0163iile, obliga\u0163iile \u015fi drepturile Serviciului \u015fi stabilite suplimentar atribu\u0163iile \u00een domeniul asigur\u0103rii securit\u0103\u0163ii misiunilor diplomatice \u015fi oficiilor consulare ale Moldovei de peste hotare \u015fi a personalului acestora.<\/p>\n<p>Ministerul Justi\u0163iei propune \u00eens\u0103 Parlamentului amendarea unor articole din proiectul de lege prezentat spre avizare.<br \/>\nAstfel, ministerul propune excluderea din document a articolului care consemneaz\u0103 c\u0103 nu este vorba despre o reorganizare a SIS.<\/p>\n<p>\u201e<em>Reorganizarea unei institu\u0163ii presupune schimbarea formei sale juridice de organizare \u00een alt\u0103 autoritate. \u00cen conformitate cu Strategia de reformare a SIS, unul din obiectivele acesteia este determinarea locului Serviciului \u00een sistemul organelor centrale de specialitate ale administra\u0163iei publice prin ajustarea normelor juridice relevante, nu \u015fi reorganizarea acesteia<\/em>\u201d, se noteaz\u0103 \u00een proiectul de lege.<\/p>\n<p>Dup\u0103 avizul dat de Guvern, proiectul de lege privind Serviciul Na\u0163ional de Informa\u0163ii al Republicii Moldova va fi \u00eenaintat \u00een Parlament spre examinare \u015fi aprobare.<\/p>\n","protected":false},"excerpt":{"rendered":"<p>Serviciul de Informa\u0163ii \u015fi Securitate (SIS) urmeaz\u0103 s\u0103 fie lichidat, iar \u00een locul lui va fi creat Serviciul Na\u0163ional de Informa\u0163ii (SNI) al Republicii Moldova, informeaz\u0103 noi.md. Ministerul Justi\u0163iei a avizat pozitiv un proiect de lege \u00een acest sens, \u00eenaintat de deputatul liberal Veaceslav Until\u0103, informeaz\u0103 NOI.md. Potrivit notei informative, proiectul legii privind SNI a [&hellip;]<\/p>\n","protected":false},"author":4,"featured_media":7212,"comment_status":"closed","ping_status":"closed","sticky":false,"template":"","format":"standard","meta":{"footnotes":""},"categories":[6349],"tags":[],"class_list":["post-7244","post","type-post","status-publish","format-standard","has-post-thumbnail","hentry","category-social"],"yoast_head":"<!-- This site is optimized with the Yoast SEO plugin v27.4 - https:\/\/yoast.com\/product\/yoast-seo-wordpress\/ -->\n<title>SIS-UL URMEAZ\u0102 S\u0102 FIE LICHIDAT  - BTV<\/title>\n<meta name=\"robots\" content=\"index, follow, max-snippet:-1, max-image-preview:large, max-video-preview:-1\" \/>\n<link rel=\"canonical\" href=\"https:\/\/www.btv.md\/ro\/sis-ul-urmeaza-sa-fie-lichidat\/\" \/>\n<meta property=\"og:locale\" content=\"ro_RO\" \/>\n<meta property=\"og:type\" content=\"article\" \/>\n<meta property=\"og:title\" content=\"SIS-UL URMEAZ\u0102 S\u0102 FIE LICHIDAT  - BTV\" \/>\n<meta property=\"og:description\" content=\"Serviciul de Informa\u0163ii \u015fi Securitate (SIS) urmeaz\u0103 s\u0103 fie lichidat, iar \u00een locul lui va fi creat Serviciul Na\u0163ional de Informa\u0163ii (SNI) al Republicii Moldova, informeaz\u0103 noi.md. Ministerul Justi\u0163iei a avizat pozitiv un proiect de lege \u00een acest sens, \u00eenaintat de deputatul liberal Veaceslav Until\u0103, informeaz\u0103 NOI.md. Potrivit notei informative, proiectul legii privind SNI a [&hellip;]\" \/>\n<meta property=\"og:url\" content=\"https:\/\/www.btv.md\/ro\/sis-ul-urmeaza-sa-fie-lichidat\/\" \/>\n<meta property=\"og:site_name\" content=\"BTV\" \/>\n<meta property=\"article:publisher\" content=\"https:\/\/www.facebook.com\/btvmoldova\/\" \/>\n<meta property=\"article:published_time\" content=\"2016-02-17T10:19:32+00:00\" \/>\n<meta property=\"og:image\" content=\"https:\/\/www.btv.md\/wp-content\/uploads\/2016\/02\/skachannye-fajly-2.jpg\" \/>\n\t<meta property=\"og:image:width\" content=\"275\" \/>\n\t<meta property=\"og:image:height\" content=\"183\" \/>\n\t<meta property=\"og:image:type\" content=\"image\/jpeg\" \/>\n<meta name=\"author\" content=\"admin\" \/>\n<meta name=\"twitter:label1\" content=\"Scris de\" \/>\n\t<meta name=\"twitter:data1\" content=\"admin\" \/>\n\t<meta name=\"twitter:label2\" content=\"Timp estimat pentru citire\" \/>\n\t<meta name=\"twitter:data2\" content=\"1 minut\" \/>\n<script type=\"application\/ld+json\" class=\"yoast-schema-graph\">{\"@context\":\"https:\\\/\\\/schema.org\",\"@graph\":[{\"@type\":\"Article\",\"@id\":\"https:\\\/\\\/www.btv.md\\\/ro\\\/sis-ul-urmeaza-sa-fie-lichidat\\\/#article\",\"isPartOf\":{\"@id\":\"https:\\\/\\\/www.btv.md\\\/ro\\\/sis-ul-urmeaza-sa-fie-lichidat\\\/\"},\"author\":{\"name\":\"admin\",\"@id\":\"https:\\\/\\\/www.btv.md\\\/#\\\/schema\\\/person\\\/8fadce81561b3ce2c34c46dadc4ccbf2\"},\"headline\":\"SIS-UL URMEAZ\u0102 S\u0102 FIE LICHIDAT\",\"datePublished\":\"2016-02-17T10:19:32+00:00\",\"mainEntityOfPage\":{\"@id\":\"https:\\\/\\\/www.btv.md\\\/ro\\\/sis-ul-urmeaza-sa-fie-lichidat\\\/\"},\"wordCount\":249,\"image\":{\"@id\":\"https:\\\/\\\/www.btv.md\\\/ro\\\/sis-ul-urmeaza-sa-fie-lichidat\\\/#primaryimage\"},\"thumbnailUrl\":\"https:\\\/\\\/www.btv.md\\\/wp-content\\\/uploads\\\/2016\\\/02\\\/skachannye-fajly-2.jpg\",\"articleSection\":[\"Social\"],\"inLanguage\":\"ro-RO\"},{\"@type\":\"WebPage\",\"@id\":\"https:\\\/\\\/www.btv.md\\\/ro\\\/sis-ul-urmeaza-sa-fie-lichidat\\\/\",\"url\":\"https:\\\/\\\/www.btv.md\\\/ro\\\/sis-ul-urmeaza-sa-fie-lichidat\\\/\",\"name\":\"SIS-UL URMEAZ\u0102 S\u0102 FIE LICHIDAT - BTV\",\"isPartOf\":{\"@id\":\"https:\\\/\\\/www.btv.md\\\/#website\"},\"primaryImageOfPage\":{\"@id\":\"https:\\\/\\\/www.btv.md\\\/ro\\\/sis-ul-urmeaza-sa-fie-lichidat\\\/#primaryimage\"},\"image\":{\"@id\":\"https:\\\/\\\/www.btv.md\\\/ro\\\/sis-ul-urmeaza-sa-fie-lichidat\\\/#primaryimage\"},\"thumbnailUrl\":\"https:\\\/\\\/www.btv.md\\\/wp-content\\\/uploads\\\/2016\\\/02\\\/skachannye-fajly-2.jpg\",\"datePublished\":\"2016-02-17T10:19:32+00:00\",\"author\":{\"@id\":\"https:\\\/\\\/www.btv.md\\\/#\\\/schema\\\/person\\\/8fadce81561b3ce2c34c46dadc4ccbf2\"},\"inLanguage\":\"ro-RO\",\"potentialAction\":[{\"@type\":\"ReadAction\",\"target\":[\"https:\\\/\\\/www.btv.md\\\/ro\\\/sis-ul-urmeaza-sa-fie-lichidat\\\/\"]}]},{\"@type\":\"ImageObject\",\"inLanguage\":\"ro-RO\",\"@id\":\"https:\\\/\\\/www.btv.md\\\/ro\\\/sis-ul-urmeaza-sa-fie-lichidat\\\/#primaryimage\",\"url\":\"https:\\\/\\\/www.btv.md\\\/wp-content\\\/uploads\\\/2016\\\/02\\\/skachannye-fajly-2.jpg\",\"contentUrl\":\"https:\\\/\\\/www.btv.md\\\/wp-content\\\/uploads\\\/2016\\\/02\\\/skachannye-fajly-2.jpg\",\"width\":275,\"height\":183,\"caption\":\"www.noi.md\"},{\"@type\":\"WebSite\",\"@id\":\"https:\\\/\\\/www.btv.md\\\/#website\",\"url\":\"https:\\\/\\\/www.btv.md\\\/\",\"name\":\"BTV\",\"description\":\"\u0411\u0435\u043b\u044c\u0446\u043a\u043e\u0435 \u0442\u0435\u043b\u0435\u0432\u0438\u0434\u0435\u043d\u0438\u0435\",\"potentialAction\":[{\"@type\":\"SearchAction\",\"target\":{\"@type\":\"EntryPoint\",\"urlTemplate\":\"https:\\\/\\\/www.btv.md\\\/?s={search_term_string}\"},\"query-input\":{\"@type\":\"PropertyValueSpecification\",\"valueRequired\":true,\"valueName\":\"search_term_string\"}}],\"inLanguage\":\"ro-RO\"},{\"@type\":\"Person\",\"@id\":\"https:\\\/\\\/www.btv.md\\\/#\\\/schema\\\/person\\\/8fadce81561b3ce2c34c46dadc4ccbf2\",\"name\":\"admin\"}]}<\/script>\n<!-- \/ Yoast SEO plugin. -->","yoast_head_json":{"title":"SIS-UL URMEAZ\u0102 S\u0102 FIE LICHIDAT  - BTV","robots":{"index":"index","follow":"follow","max-snippet":"max-snippet:-1","max-image-preview":"max-image-preview:large","max-video-preview":"max-video-preview:-1"},"canonical":"https:\/\/www.btv.md\/ro\/sis-ul-urmeaza-sa-fie-lichidat\/","og_locale":"ro_RO","og_type":"article","og_title":"SIS-UL URMEAZ\u0102 S\u0102 FIE LICHIDAT  - BTV","og_description":"Serviciul de Informa\u0163ii \u015fi Securitate (SIS) urmeaz\u0103 s\u0103 fie lichidat, iar \u00een locul lui va fi creat Serviciul Na\u0163ional de Informa\u0163ii (SNI) al Republicii Moldova, informeaz\u0103 noi.md. Ministerul Justi\u0163iei a avizat pozitiv un proiect de lege \u00een acest sens, \u00eenaintat de deputatul liberal Veaceslav Until\u0103, informeaz\u0103 NOI.md. Potrivit notei informative, proiectul legii privind SNI a [&hellip;]","og_url":"https:\/\/www.btv.md\/ro\/sis-ul-urmeaza-sa-fie-lichidat\/","og_site_name":"BTV","article_publisher":"https:\/\/www.facebook.com\/btvmoldova\/","article_published_time":"2016-02-17T10:19:32+00:00","og_image":[{"width":275,"height":183,"url":"https:\/\/www.btv.md\/wp-content\/uploads\/2016\/02\/skachannye-fajly-2.jpg","type":"image\/jpeg"}],"author":"admin","twitter_misc":{"Scris de":"admin","Timp estimat pentru citire":"1 minut"},"schema":{"@context":"https:\/\/schema.org","@graph":[{"@type":"Article","@id":"https:\/\/www.btv.md\/ro\/sis-ul-urmeaza-sa-fie-lichidat\/#article","isPartOf":{"@id":"https:\/\/www.btv.md\/ro\/sis-ul-urmeaza-sa-fie-lichidat\/"},"author":{"name":"admin","@id":"https:\/\/www.btv.md\/#\/schema\/person\/8fadce81561b3ce2c34c46dadc4ccbf2"},"headline":"SIS-UL URMEAZ\u0102 S\u0102 FIE LICHIDAT","datePublished":"2016-02-17T10:19:32+00:00","mainEntityOfPage":{"@id":"https:\/\/www.btv.md\/ro\/sis-ul-urmeaza-sa-fie-lichidat\/"},"wordCount":249,"image":{"@id":"https:\/\/www.btv.md\/ro\/sis-ul-urmeaza-sa-fie-lichidat\/#primaryimage"},"thumbnailUrl":"https:\/\/www.btv.md\/wp-content\/uploads\/2016\/02\/skachannye-fajly-2.jpg","articleSection":["Social"],"inLanguage":"ro-RO"},{"@type":"WebPage","@id":"https:\/\/www.btv.md\/ro\/sis-ul-urmeaza-sa-fie-lichidat\/","url":"https:\/\/www.btv.md\/ro\/sis-ul-urmeaza-sa-fie-lichidat\/","name":"SIS-UL URMEAZ\u0102 S\u0102 FIE LICHIDAT - BTV","isPartOf":{"@id":"https:\/\/www.btv.md\/#website"},"primaryImageOfPage":{"@id":"https:\/\/www.btv.md\/ro\/sis-ul-urmeaza-sa-fie-lichidat\/#primaryimage"},"image":{"@id":"https:\/\/www.btv.md\/ro\/sis-ul-urmeaza-sa-fie-lichidat\/#primaryimage"},"thumbnailUrl":"https:\/\/www.btv.md\/wp-content\/uploads\/2016\/02\/skachannye-fajly-2.jpg","datePublished":"2016-02-17T10:19:32+00:00","author":{"@id":"https:\/\/www.btv.md\/#\/schema\/person\/8fadce81561b3ce2c34c46dadc4ccbf2"},"inLanguage":"ro-RO","potentialAction":[{"@type":"ReadAction","target":["https:\/\/www.btv.md\/ro\/sis-ul-urmeaza-sa-fie-lichidat\/"]}]},{"@type":"ImageObject","inLanguage":"ro-RO","@id":"https:\/\/www.btv.md\/ro\/sis-ul-urmeaza-sa-fie-lichidat\/#primaryimage","url":"https:\/\/www.btv.md\/wp-content\/uploads\/2016\/02\/skachannye-fajly-2.jpg","contentUrl":"https:\/\/www.btv.md\/wp-content\/uploads\/2016\/02\/skachannye-fajly-2.jpg","width":275,"height":183,"caption":"www.noi.md"},{"@type":"WebSite","@id":"https:\/\/www.btv.md\/#website","url":"https:\/\/www.btv.md\/","name":"BTV","description":"\u0411\u0435\u043b\u044c\u0446\u043a\u043e\u0435 \u0442\u0435\u043b\u0435\u0432\u0438\u0434\u0435\u043d\u0438\u0435","potentialAction":[{"@type":"SearchAction","target":{"@type":"EntryPoint","urlTemplate":"https:\/\/www.btv.md\/?s={search_term_string}"},"query-input":{"@type":"PropertyValueSpecification","valueRequired":true,"valueName":"search_term_string"}}],"inLanguage":"ro-RO"},{"@type":"Person","@id":"https:\/\/www.btv.md\/#\/schema\/person\/8fadce81561b3ce2c34c46dadc4ccbf2","name":"admin"}]}},"_links":{"self":[{"href":"https:\/\/www.btv.md\/ro\/wp-json\/wp\/v2\/posts\/7244","targetHints":{"allow":["GET"]}}],"collection":[{"href":"https:\/\/www.btv.md\/ro\/wp-json\/wp\/v2\/posts"}],"about":[{"href":"https:\/\/www.btv.md\/ro\/wp-json\/wp\/v2\/types\/post"}],"author":[{"embeddable":true,"href":"https:\/\/www.btv.md\/ro\/wp-json\/wp\/v2\/users\/4"}],"replies":[{"embeddable":true,"href":"https:\/\/www.btv.md\/ro\/wp-json\/wp\/v2\/comments?post=7244"}],"version-history":[{"count":0,"href":"https:\/\/www.btv.md\/ro\/wp-json\/wp\/v2\/posts\/7244\/revisions"}],"wp:featuredmedia":[{"embeddable":true,"href":"https:\/\/www.btv.md\/ro\/wp-json\/wp\/v2\/media\/7212"}],"wp:attachment":[{"href":"https:\/\/www.btv.md\/ro\/wp-json\/wp\/v2\/media?parent=7244"}],"wp:term":[{"taxonomy":"category","embeddable":true,"href":"https:\/\/www.btv.md\/ro\/wp-json\/wp\/v2\/categories?post=7244"},{"taxonomy":"post_tag","embeddable":true,"href":"https:\/\/www.btv.md\/ro\/wp-json\/wp\/v2\/tags?post=7244"}],"curies":[{"name":"wp","href":"https:\/\/api.w.org\/{rel}","templated":true}]}}