{"id":7546,"date":"2016-02-22T17:47:48","date_gmt":"2016-02-22T14:47:48","guid":{"rendered":"http:\/\/btv.md\/?p=7546"},"modified":"2016-02-22T17:47:48","modified_gmt":"2016-02-22T14:47:48","slug":"dupa-25-de-ani-de-independenta-ziua-barbatului-este-marcata-pe-23-februarie","status":"publish","type":"post","link":"https:\/\/www.btv.md\/ro\/dupa-25-de-ani-de-independenta-ziua-barbatului-este-marcata-pe-23-februarie\/","title":{"rendered":"DUP\u0102  25  DE  ANI  DE  INDEPENDEN\u021a\u0102  ZIUA  B\u0102RBATULUI ESTE MARCAT\u0102   PE  23 FEBRUARIE"},"content":{"rendered":"<p><strong>S\u0103rb\u0103toare controversat\u0103: Nu au \u00eendeplinit serviciul militar \u00een armata sovietic\u0103, dar partenerele de via\u021b\u0103 \u00eei felicit\u0103 cu ocazia zilei de 23 februarie.  Femeile din ora\u0219ul B\u0103l\u021bi vor umbla la portmoneu pentru a\u0219i felicita jum\u0103tatea, cu s\u0103rb\u0103torea Ziua Armatei Sovietice, armat\u0103 care de aproximativ 25 de ani nu mai exist\u0103.<\/strong><\/p>\n<p>Astfel, m\u0103i mul\u021bi b\u0103l\u021beni au p\u0103reri \u00eemp\u0103r\u021bite despre s\u0103rb\u0103torirea acestui eveniment.<\/p>\n<p>23 februarie este Ziua Aparatorului Patriei \u00een Rusia, dar \u0219i \u00een alte cateva \u021b\u0103ri din CSI. Sarbatoarea este dedicata solda\u021bilor sovietici. In Moldova, Ziua armatei este marcat\u0103 oficial pe 3 septembrie. <\/p>\n<p><iframe width=\"420\" height=\"315\" data-src=\"https:\/\/www.youtube.com\/embed\/T-bKzNcVYTQ\" frameborder=\"0\" allowfullscreen src=\"data:image\/svg+xml;base64,PHN2ZyB3aWR0aD0iMSIgaGVpZ2h0PSIxIiB4bWxucz0iaHR0cDovL3d3dy53My5vcmcvMjAwMC9zdmciPjwvc3ZnPg==\" class=\"lazyload\" data-load-mode=\"1\"><\/iframe><\/p>\n","protected":false},"excerpt":{"rendered":"<p>S\u0103rb\u0103toare controversat\u0103: Nu au \u00eendeplinit serviciul militar \u00een armata sovietic\u0103, dar partenerele de via\u021b\u0103 \u00eei felicit\u0103 cu ocazia zilei de 23 februarie. Femeile din ora\u0219ul B\u0103l\u021bi vor umbla la portmoneu pentru a\u0219i felicita jum\u0103tatea, cu s\u0103rb\u0103torea Ziua Armatei Sovietice, armat\u0103 care de aproximativ 25 de ani nu mai exist\u0103. Astfel, m\u0103i mul\u021bi b\u0103l\u021beni au p\u0103reri [&hellip;]<\/p>\n","protected":false},"author":4,"featured_media":7547,"comment_status":"closed","ping_status":"closed","sticky":false,"template":"","format":"standard","meta":{"footnotes":""},"categories":[6353],"tags":[],"class_list":["post-7546","post","type-post","status-publish","format-standard","has-post-thumbnail","hentry","category-oras"],"yoast_head":"<!-- This site is optimized with the Yoast SEO plugin v27.4 - https:\/\/yoast.com\/product\/yoast-seo-wordpress\/ -->\n<title>DUP\u0102 25 DE ANI DE INDEPENDEN\u021a\u0102 ZIUA B\u0102RBATULUI ESTE MARCAT\u0102  PE 23 FEBRUARIE - BTV<\/title>\n<meta name=\"robots\" content=\"index, follow, max-snippet:-1, max-image-preview:large, max-video-preview:-1\" \/>\n<link rel=\"canonical\" href=\"https:\/\/www.btv.md\/ro\/dupa-25-de-ani-de-independenta-ziua-barbatului-este-marcata-pe-23-februarie\/\" \/>\n<meta property=\"og:locale\" content=\"ro_RO\" \/>\n<meta property=\"og:type\" content=\"article\" \/>\n<meta property=\"og:title\" content=\"DUP\u0102 25 DE ANI DE INDEPENDEN\u021a\u0102 ZIUA B\u0102RBATULUI ESTE MARCAT\u0102  PE 23 FEBRUARIE - BTV\" \/>\n<meta property=\"og:description\" content=\"S\u0103rb\u0103toare controversat\u0103: Nu au \u00eendeplinit serviciul militar \u00een armata sovietic\u0103, dar partenerele de via\u021b\u0103 \u00eei felicit\u0103 cu ocazia zilei de 23 februarie. Femeile din ora\u0219ul B\u0103l\u021bi vor umbla la portmoneu pentru a\u0219i felicita jum\u0103tatea, cu s\u0103rb\u0103torea Ziua Armatei Sovietice, armat\u0103 care de aproximativ 25 de ani nu mai exist\u0103. Astfel, m\u0103i mul\u021bi b\u0103l\u021beni au p\u0103reri [&hellip;]\" \/>\n<meta property=\"og:url\" content=\"https:\/\/www.btv.md\/ro\/dupa-25-de-ani-de-independenta-ziua-barbatului-este-marcata-pe-23-februarie\/\" \/>\n<meta property=\"og:site_name\" content=\"BTV\" \/>\n<meta property=\"article:publisher\" content=\"https:\/\/www.facebook.com\/btvmoldova\/\" \/>\n<meta property=\"article:published_time\" content=\"2016-02-22T14:47:48+00:00\" \/>\n<meta property=\"og:image\" content=\"https:\/\/www.btv.md\/wp-content\/uploads\/2016\/02\/balti-piata.png\" \/>\n\t<meta property=\"og:image:width\" content=\"1019\" \/>\n\t<meta property=\"og:image:height\" content=\"501\" \/>\n\t<meta property=\"og:image:type\" content=\"image\/png\" \/>\n<meta name=\"author\" content=\"admin\" \/>\n<meta name=\"twitter:label1\" content=\"Scris de\" \/>\n\t<meta name=\"twitter:data1\" content=\"admin\" \/>\n\t<meta name=\"twitter:label2\" content=\"Timp estimat pentru citire\" \/>\n\t<meta name=\"twitter:data2\" content=\"1 minut\" \/>\n<script type=\"application\/ld+json\" class=\"yoast-schema-graph\">{\"@context\":\"https:\\\/\\\/schema.org\",\"@graph\":[{\"@type\":\"Article\",\"@id\":\"https:\\\/\\\/www.btv.md\\\/ro\\\/dupa-25-de-ani-de-independenta-ziua-barbatului-este-marcata-pe-23-februarie\\\/#article\",\"isPartOf\":{\"@id\":\"https:\\\/\\\/www.btv.md\\\/ro\\\/dupa-25-de-ani-de-independenta-ziua-barbatului-este-marcata-pe-23-februarie\\\/\"},\"author\":{\"name\":\"admin\",\"@id\":\"https:\\\/\\\/www.btv.md\\\/#\\\/schema\\\/person\\\/8fadce81561b3ce2c34c46dadc4ccbf2\"},\"headline\":\"DUP\u0102 25 DE ANI DE INDEPENDEN\u021a\u0102 ZIUA B\u0102RBATULUI ESTE MARCAT\u0102 PE 23 FEBRUARIE\",\"datePublished\":\"2016-02-22T14:47:48+00:00\",\"mainEntityOfPage\":{\"@id\":\"https:\\\/\\\/www.btv.md\\\/ro\\\/dupa-25-de-ani-de-independenta-ziua-barbatului-este-marcata-pe-23-februarie\\\/\"},\"wordCount\":118,\"image\":{\"@id\":\"https:\\\/\\\/www.btv.md\\\/ro\\\/dupa-25-de-ani-de-independenta-ziua-barbatului-este-marcata-pe-23-februarie\\\/#primaryimage\"},\"thumbnailUrl\":\"https:\\\/\\\/www.btv.md\\\/wp-content\\\/uploads\\\/2016\\\/02\\\/balti-piata.png\",\"articleSection\":[\"Ora\u0219\"],\"inLanguage\":\"ro-RO\"},{\"@type\":\"WebPage\",\"@id\":\"https:\\\/\\\/www.btv.md\\\/ro\\\/dupa-25-de-ani-de-independenta-ziua-barbatului-este-marcata-pe-23-februarie\\\/\",\"url\":\"https:\\\/\\\/www.btv.md\\\/ro\\\/dupa-25-de-ani-de-independenta-ziua-barbatului-este-marcata-pe-23-februarie\\\/\",\"name\":\"DUP\u0102 25 DE ANI DE INDEPENDEN\u021a\u0102 ZIUA B\u0102RBATULUI ESTE MARCAT\u0102 PE 23 FEBRUARIE - BTV\",\"isPartOf\":{\"@id\":\"https:\\\/\\\/www.btv.md\\\/#website\"},\"primaryImageOfPage\":{\"@id\":\"https:\\\/\\\/www.btv.md\\\/ro\\\/dupa-25-de-ani-de-independenta-ziua-barbatului-este-marcata-pe-23-februarie\\\/#primaryimage\"},\"image\":{\"@id\":\"https:\\\/\\\/www.btv.md\\\/ro\\\/dupa-25-de-ani-de-independenta-ziua-barbatului-este-marcata-pe-23-februarie\\\/#primaryimage\"},\"thumbnailUrl\":\"https:\\\/\\\/www.btv.md\\\/wp-content\\\/uploads\\\/2016\\\/02\\\/balti-piata.png\",\"datePublished\":\"2016-02-22T14:47:48+00:00\",\"author\":{\"@id\":\"https:\\\/\\\/www.btv.md\\\/#\\\/schema\\\/person\\\/8fadce81561b3ce2c34c46dadc4ccbf2\"},\"inLanguage\":\"ro-RO\",\"potentialAction\":[{\"@type\":\"ReadAction\",\"target\":[\"https:\\\/\\\/www.btv.md\\\/ro\\\/dupa-25-de-ani-de-independenta-ziua-barbatului-este-marcata-pe-23-februarie\\\/\"]}]},{\"@type\":\"ImageObject\",\"inLanguage\":\"ro-RO\",\"@id\":\"https:\\\/\\\/www.btv.md\\\/ro\\\/dupa-25-de-ani-de-independenta-ziua-barbatului-este-marcata-pe-23-februarie\\\/#primaryimage\",\"url\":\"https:\\\/\\\/www.btv.md\\\/wp-content\\\/uploads\\\/2016\\\/02\\\/balti-piata.png\",\"contentUrl\":\"https:\\\/\\\/www.btv.md\\\/wp-content\\\/uploads\\\/2016\\\/02\\\/balti-piata.png\",\"width\":1019,\"height\":501},{\"@type\":\"WebSite\",\"@id\":\"https:\\\/\\\/www.btv.md\\\/#website\",\"url\":\"https:\\\/\\\/www.btv.md\\\/\",\"name\":\"BTV\",\"description\":\"\u0411\u0435\u043b\u044c\u0446\u043a\u043e\u0435 \u0442\u0435\u043b\u0435\u0432\u0438\u0434\u0435\u043d\u0438\u0435\",\"potentialAction\":[{\"@type\":\"SearchAction\",\"target\":{\"@type\":\"EntryPoint\",\"urlTemplate\":\"https:\\\/\\\/www.btv.md\\\/?s={search_term_string}\"},\"query-input\":{\"@type\":\"PropertyValueSpecification\",\"valueRequired\":true,\"valueName\":\"search_term_string\"}}],\"inLanguage\":\"ro-RO\"},{\"@type\":\"Person\",\"@id\":\"https:\\\/\\\/www.btv.md\\\/#\\\/schema\\\/person\\\/8fadce81561b3ce2c34c46dadc4ccbf2\",\"name\":\"admin\"}]}<\/script>\n<!-- \/ Yoast SEO plugin. -->","yoast_head_json":{"title":"DUP\u0102 25 DE ANI DE INDEPENDEN\u021a\u0102 ZIUA B\u0102RBATULUI ESTE MARCAT\u0102  PE 23 FEBRUARIE - BTV","robots":{"index":"index","follow":"follow","max-snippet":"max-snippet:-1","max-image-preview":"max-image-preview:large","max-video-preview":"max-video-preview:-1"},"canonical":"https:\/\/www.btv.md\/ro\/dupa-25-de-ani-de-independenta-ziua-barbatului-este-marcata-pe-23-februarie\/","og_locale":"ro_RO","og_type":"article","og_title":"DUP\u0102 25 DE ANI DE INDEPENDEN\u021a\u0102 ZIUA B\u0102RBATULUI ESTE MARCAT\u0102  PE 23 FEBRUARIE - BTV","og_description":"S\u0103rb\u0103toare controversat\u0103: Nu au \u00eendeplinit serviciul militar \u00een armata sovietic\u0103, dar partenerele de via\u021b\u0103 \u00eei felicit\u0103 cu ocazia zilei de 23 februarie. Femeile din ora\u0219ul B\u0103l\u021bi vor umbla la portmoneu pentru a\u0219i felicita jum\u0103tatea, cu s\u0103rb\u0103torea Ziua Armatei Sovietice, armat\u0103 care de aproximativ 25 de ani nu mai exist\u0103. Astfel, m\u0103i mul\u021bi b\u0103l\u021beni au p\u0103reri [&hellip;]","og_url":"https:\/\/www.btv.md\/ro\/dupa-25-de-ani-de-independenta-ziua-barbatului-este-marcata-pe-23-februarie\/","og_site_name":"BTV","article_publisher":"https:\/\/www.facebook.com\/btvmoldova\/","article_published_time":"2016-02-22T14:47:48+00:00","og_image":[{"width":1019,"height":501,"url":"https:\/\/www.btv.md\/wp-content\/uploads\/2016\/02\/balti-piata.png","type":"image\/png"}],"author":"admin","twitter_misc":{"Scris de":"admin","Timp estimat pentru citire":"1 minut"},"schema":{"@context":"https:\/\/schema.org","@graph":[{"@type":"Article","@id":"https:\/\/www.btv.md\/ro\/dupa-25-de-ani-de-independenta-ziua-barbatului-este-marcata-pe-23-februarie\/#article","isPartOf":{"@id":"https:\/\/www.btv.md\/ro\/dupa-25-de-ani-de-independenta-ziua-barbatului-este-marcata-pe-23-februarie\/"},"author":{"name":"admin","@id":"https:\/\/www.btv.md\/#\/schema\/person\/8fadce81561b3ce2c34c46dadc4ccbf2"},"headline":"DUP\u0102 25 DE ANI DE INDEPENDEN\u021a\u0102 ZIUA B\u0102RBATULUI ESTE MARCAT\u0102 PE 23 FEBRUARIE","datePublished":"2016-02-22T14:47:48+00:00","mainEntityOfPage":{"@id":"https:\/\/www.btv.md\/ro\/dupa-25-de-ani-de-independenta-ziua-barbatului-este-marcata-pe-23-februarie\/"},"wordCount":118,"image":{"@id":"https:\/\/www.btv.md\/ro\/dupa-25-de-ani-de-independenta-ziua-barbatului-este-marcata-pe-23-februarie\/#primaryimage"},"thumbnailUrl":"https:\/\/www.btv.md\/wp-content\/uploads\/2016\/02\/balti-piata.png","articleSection":["Ora\u0219"],"inLanguage":"ro-RO"},{"@type":"WebPage","@id":"https:\/\/www.btv.md\/ro\/dupa-25-de-ani-de-independenta-ziua-barbatului-este-marcata-pe-23-februarie\/","url":"https:\/\/www.btv.md\/ro\/dupa-25-de-ani-de-independenta-ziua-barbatului-este-marcata-pe-23-februarie\/","name":"DUP\u0102 25 DE ANI DE INDEPENDEN\u021a\u0102 ZIUA B\u0102RBATULUI ESTE MARCAT\u0102 PE 23 FEBRUARIE - BTV","isPartOf":{"@id":"https:\/\/www.btv.md\/#website"},"primaryImageOfPage":{"@id":"https:\/\/www.btv.md\/ro\/dupa-25-de-ani-de-independenta-ziua-barbatului-este-marcata-pe-23-februarie\/#primaryimage"},"image":{"@id":"https:\/\/www.btv.md\/ro\/dupa-25-de-ani-de-independenta-ziua-barbatului-este-marcata-pe-23-februarie\/#primaryimage"},"thumbnailUrl":"https:\/\/www.btv.md\/wp-content\/uploads\/2016\/02\/balti-piata.png","datePublished":"2016-02-22T14:47:48+00:00","author":{"@id":"https:\/\/www.btv.md\/#\/schema\/person\/8fadce81561b3ce2c34c46dadc4ccbf2"},"inLanguage":"ro-RO","potentialAction":[{"@type":"ReadAction","target":["https:\/\/www.btv.md\/ro\/dupa-25-de-ani-de-independenta-ziua-barbatului-este-marcata-pe-23-februarie\/"]}]},{"@type":"ImageObject","inLanguage":"ro-RO","@id":"https:\/\/www.btv.md\/ro\/dupa-25-de-ani-de-independenta-ziua-barbatului-este-marcata-pe-23-februarie\/#primaryimage","url":"https:\/\/www.btv.md\/wp-content\/uploads\/2016\/02\/balti-piata.png","contentUrl":"https:\/\/www.btv.md\/wp-content\/uploads\/2016\/02\/balti-piata.png","width":1019,"height":501},{"@type":"WebSite","@id":"https:\/\/www.btv.md\/#website","url":"https:\/\/www.btv.md\/","name":"BTV","description":"\u0411\u0435\u043b\u044c\u0446\u043a\u043e\u0435 \u0442\u0435\u043b\u0435\u0432\u0438\u0434\u0435\u043d\u0438\u0435","potentialAction":[{"@type":"SearchAction","target":{"@type":"EntryPoint","urlTemplate":"https:\/\/www.btv.md\/?s={search_term_string}"},"query-input":{"@type":"PropertyValueSpecification","valueRequired":true,"valueName":"search_term_string"}}],"inLanguage":"ro-RO"},{"@type":"Person","@id":"https:\/\/www.btv.md\/#\/schema\/person\/8fadce81561b3ce2c34c46dadc4ccbf2","name":"admin"}]}},"_links":{"self":[{"href":"https:\/\/www.btv.md\/ro\/wp-json\/wp\/v2\/posts\/7546","targetHints":{"allow":["GET"]}}],"collection":[{"href":"https:\/\/www.btv.md\/ro\/wp-json\/wp\/v2\/posts"}],"about":[{"href":"https:\/\/www.btv.md\/ro\/wp-json\/wp\/v2\/types\/post"}],"author":[{"embeddable":true,"href":"https:\/\/www.btv.md\/ro\/wp-json\/wp\/v2\/users\/4"}],"replies":[{"embeddable":true,"href":"https:\/\/www.btv.md\/ro\/wp-json\/wp\/v2\/comments?post=7546"}],"version-history":[{"count":0,"href":"https:\/\/www.btv.md\/ro\/wp-json\/wp\/v2\/posts\/7546\/revisions"}],"wp:featuredmedia":[{"embeddable":true,"href":"https:\/\/www.btv.md\/ro\/wp-json\/wp\/v2\/media\/7547"}],"wp:attachment":[{"href":"https:\/\/www.btv.md\/ro\/wp-json\/wp\/v2\/media?parent=7546"}],"wp:term":[{"taxonomy":"category","embeddable":true,"href":"https:\/\/www.btv.md\/ro\/wp-json\/wp\/v2\/categories?post=7546"},{"taxonomy":"post_tag","embeddable":true,"href":"https:\/\/www.btv.md\/ro\/wp-json\/wp\/v2\/tags?post=7546"}],"curies":[{"name":"wp","href":"https:\/\/api.w.org\/{rel}","templated":true}]}}