{"id":7562,"date":"2016-02-22T20:09:41","date_gmt":"2016-02-22T17:09:41","guid":{"rendered":"http:\/\/btv.md\/?p=7562"},"modified":"2016-02-22T20:10:11","modified_gmt":"2016-02-22T17:10:11","slug":"plahotniuc-a-inceput-sa-cedeze-in-fata-europenilor","status":"publish","type":"post","link":"https:\/\/www.btv.md\/ro\/plahotniuc-a-inceput-sa-cedeze-in-fata-europenilor\/","title":{"rendered":"PLAHOTNIUC A \u00ceNCEPUT S\u0102 CEDEZE \u00ceN FA\u021aA EUROPENILOR"},"content":{"rendered":"<p><strong>Oligarhul Vladimir Plahotniuc a \u00eempiedicat \u00eentrevederea de ast\u0103zi, a  reprezentan\u021bilor Consiliului Europei cu liderul Grupului Petrenco, Grigore Petrenco, care a fost plasat luni, din arest preventiv \u00een arest la domiciliu. Declara\u021bia apar\u021bine avocatei ex-deputatului, Ana Ursachi. Avocata a men\u021bionat c\u0103 Plahotniuc a cedat \u00een fa\u021ba presiunilor exercitate de institu\u021biile europene , dar nu renun\u021bat la jocurile de culise.<\/strong><\/p>\n<p>Grupul Petrenco va fi cercetat \u00een stare de arest la domiciliu, dup\u0103 ce copletul magistra\u021bilor judec\u0103toriei sectorului R\u00ee\u0219cani au acceptat demersul deputa\u021bilor PSRM, care \u0219i-au asumat r\u0103spunderea pentru to\u021bi membrii grupului \u00een perioada arestului la domiciliu.<\/p>\n<p>\u201d<em>Datorit\u0103 presiunilor f\u0103cute prin intermediul Parlamentului European \u0219i Consiliului Europei ast\u0103zi a fost posibil\u0103 acest incident  procedural la eliberat pe Grigore Petrenco de pu\u0219c\u0103ria lui P\u00eenzari.<\/p>\n<p>Opinia lui Grigore Petrenco este c\u0103 oligarhul Plahotniuc a cedat \u0219i a f\u0103cut un pas \u00eenapoi.  Grigore Petrenco va povesti mai am\u0103nun\u021bit despre ce avut \u00een vederea, dup\u0103 ce va fi ridicat\u0103 restric\u021bia. 024:18  Din punctul meu de vedere Plahotniuc acum \u0219i-a l\u0103sat de izbeli\u0219te oastea. \u00cen instan\u021ba de judecat\u0103 pentru ai incrimina lui Petrenco o fapt\u0103 pe care nu a f\u0103cut-o procurorul Nicu \u0218endrea  era gata s\u0103-\u0219i dea via\u021ba<\/em>\u201d. <\/p>\n<p>De asemenea, Ursachi a precizat c\u0103 Plahotniuc a dat indica\u021bii \u0219efului judec\u0103toriei R\u00ee\u0219cani s\u0103 convoace o \u0219edin\u021b\u0103 ad hoc pentru a \u00eempiedica \u00eentrevederea oficialilor europeni at\u00e2t cu Grigore Petrenco, c\u00e2t \u0219i cu Ana Ursachi \u0219i so\u021bia lui Petrenco.<\/p>\n<p>\u201dEvident am renun\u021bat la la \u00eent\u00e2lnirea cu oficiali europeni. Acesta a fost scopul plahotniucilor. Binen\u00een\u021beles am mers la judec\u0103torie ca s\u0103 asist la acest teatru al absurdului. \u00cen acest spectacol \u00een care judec\u0103torii, timp de jum\u0103tate dean au refuzat demersurile noastre\u201d. <\/p>\n<p>Cei \u015fapte membri a Grupului Petrenco sunt \u00eenvinui\u0163i de organizarea dezordinilor \u00een mas\u0103 de \u00een data de 6 septembrie 2015, din fa\u0163a Procuraturii Generale. \u00cen data de 15 februarie, simpatizan\u021bii Partidului Nostru dar \u0219i al\u021bi activi\u0219ti a diferitor mi\u0219c\u0103ri politice au protesta \u00een fa\u021ba Judec\u0103toriei sectorului R\u00ee\u0219cani \u00eempotriva deten\u021biei Grupului Petrenco. <\/p>\n<p><iframe width=\"420\" height=\"315\" data-src=\"https:\/\/www.youtube.com\/embed\/CwVaWZOhdbQ\" frameborder=\"0\" allowfullscreen src=\"data:image\/svg+xml;base64,PHN2ZyB3aWR0aD0iMSIgaGVpZ2h0PSIxIiB4bWxucz0iaHR0cDovL3d3dy53My5vcmcvMjAwMC9zdmciPjwvc3ZnPg==\" class=\"lazyload\" data-load-mode=\"1\"><\/iframe><\/p>\n","protected":false},"excerpt":{"rendered":"<p>Oligarhul Vladimir Plahotniuc a \u00eempiedicat \u00eentrevederea de ast\u0103zi, a reprezentan\u021bilor Consiliului Europei cu liderul Grupului Petrenco, Grigore Petrenco, care a fost plasat luni, din arest preventiv \u00een arest la domiciliu. Declara\u021bia apar\u021bine avocatei ex-deputatului, Ana Ursachi. Avocata a men\u021bionat c\u0103 Plahotniuc a cedat \u00een fa\u021ba presiunilor exercitate de institu\u021biile europene , dar nu renun\u021bat la [&hellip;]<\/p>\n","protected":false},"author":4,"featured_media":7563,"comment_status":"closed","ping_status":"closed","sticky":false,"template":"","format":"standard","meta":{"footnotes":""},"categories":[6368],"tags":[],"class_list":["post-7562","post","type-post","status-publish","format-standard","has-post-thumbnail","hentry","category-politica-ro"],"yoast_head":"<!-- This site is optimized with the Yoast SEO plugin v27.4 - https:\/\/yoast.com\/product\/yoast-seo-wordpress\/ -->\n<title>PLAHOTNIUC A \u00ceNCEPUT S\u0102 CEDEZE \u00ceN FA\u021aA EUROPENILOR - BTV<\/title>\n<meta name=\"robots\" content=\"index, follow, max-snippet:-1, max-image-preview:large, max-video-preview:-1\" \/>\n<link rel=\"canonical\" href=\"https:\/\/www.btv.md\/ro\/plahotniuc-a-inceput-sa-cedeze-in-fata-europenilor\/\" \/>\n<meta property=\"og:locale\" content=\"ro_RO\" \/>\n<meta property=\"og:type\" content=\"article\" \/>\n<meta property=\"og:title\" content=\"PLAHOTNIUC A \u00ceNCEPUT S\u0102 CEDEZE \u00ceN FA\u021aA EUROPENILOR - BTV\" \/>\n<meta property=\"og:description\" content=\"Oligarhul Vladimir Plahotniuc a \u00eempiedicat \u00eentrevederea de ast\u0103zi, a reprezentan\u021bilor Consiliului Europei cu liderul Grupului Petrenco, Grigore Petrenco, care a fost plasat luni, din arest preventiv \u00een arest la domiciliu. Declara\u021bia apar\u021bine avocatei ex-deputatului, Ana Ursachi. Avocata a men\u021bionat c\u0103 Plahotniuc a cedat \u00een fa\u021ba presiunilor exercitate de institu\u021biile europene , dar nu renun\u021bat la [&hellip;]\" \/>\n<meta property=\"og:url\" content=\"https:\/\/www.btv.md\/ro\/plahotniuc-a-inceput-sa-cedeze-in-fata-europenilor\/\" \/>\n<meta property=\"og:site_name\" content=\"BTV\" \/>\n<meta property=\"article:publisher\" content=\"https:\/\/www.facebook.com\/btvmoldova\/\" \/>\n<meta property=\"article:published_time\" content=\"2016-02-22T17:09:41+00:00\" \/>\n<meta property=\"article:modified_time\" content=\"2016-02-22T17:10:11+00:00\" \/>\n<meta property=\"og:image\" content=\"https:\/\/www.btv.md\/wp-content\/uploads\/2016\/02\/sputnik.md_.jpg\" \/>\n\t<meta property=\"og:image:width\" content=\"1000\" \/>\n\t<meta property=\"og:image:height\" content=\"541\" \/>\n\t<meta property=\"og:image:type\" content=\"image\/jpeg\" \/>\n<meta name=\"author\" content=\"admin\" \/>\n<meta name=\"twitter:label1\" content=\"Scris de\" \/>\n\t<meta name=\"twitter:data1\" content=\"admin\" \/>\n\t<meta name=\"twitter:label2\" content=\"Timp estimat pentru citire\" \/>\n\t<meta name=\"twitter:data2\" content=\"2 minute\" \/>\n<script type=\"application\/ld+json\" class=\"yoast-schema-graph\">{\"@context\":\"https:\\\/\\\/schema.org\",\"@graph\":[{\"@type\":\"Article\",\"@id\":\"https:\\\/\\\/www.btv.md\\\/ro\\\/plahotniuc-a-inceput-sa-cedeze-in-fata-europenilor\\\/#article\",\"isPartOf\":{\"@id\":\"https:\\\/\\\/www.btv.md\\\/ro\\\/plahotniuc-a-inceput-sa-cedeze-in-fata-europenilor\\\/\"},\"author\":{\"name\":\"admin\",\"@id\":\"https:\\\/\\\/www.btv.md\\\/#\\\/schema\\\/person\\\/8fadce81561b3ce2c34c46dadc4ccbf2\"},\"headline\":\"PLAHOTNIUC A \u00ceNCEPUT S\u0102 CEDEZE \u00ceN FA\u021aA EUROPENILOR\",\"datePublished\":\"2016-02-22T17:09:41+00:00\",\"dateModified\":\"2016-02-22T17:10:11+00:00\",\"mainEntityOfPage\":{\"@id\":\"https:\\\/\\\/www.btv.md\\\/ro\\\/plahotniuc-a-inceput-sa-cedeze-in-fata-europenilor\\\/\"},\"wordCount\":378,\"image\":{\"@id\":\"https:\\\/\\\/www.btv.md\\\/ro\\\/plahotniuc-a-inceput-sa-cedeze-in-fata-europenilor\\\/#primaryimage\"},\"thumbnailUrl\":\"https:\\\/\\\/www.btv.md\\\/wp-content\\\/uploads\\\/2016\\\/02\\\/sputnik.md_.jpg\",\"articleSection\":[\"Politic\u0103\"],\"inLanguage\":\"ro-RO\"},{\"@type\":\"WebPage\",\"@id\":\"https:\\\/\\\/www.btv.md\\\/ro\\\/plahotniuc-a-inceput-sa-cedeze-in-fata-europenilor\\\/\",\"url\":\"https:\\\/\\\/www.btv.md\\\/ro\\\/plahotniuc-a-inceput-sa-cedeze-in-fata-europenilor\\\/\",\"name\":\"PLAHOTNIUC A \u00ceNCEPUT S\u0102 CEDEZE \u00ceN FA\u021aA EUROPENILOR - BTV\",\"isPartOf\":{\"@id\":\"https:\\\/\\\/www.btv.md\\\/#website\"},\"primaryImageOfPage\":{\"@id\":\"https:\\\/\\\/www.btv.md\\\/ro\\\/plahotniuc-a-inceput-sa-cedeze-in-fata-europenilor\\\/#primaryimage\"},\"image\":{\"@id\":\"https:\\\/\\\/www.btv.md\\\/ro\\\/plahotniuc-a-inceput-sa-cedeze-in-fata-europenilor\\\/#primaryimage\"},\"thumbnailUrl\":\"https:\\\/\\\/www.btv.md\\\/wp-content\\\/uploads\\\/2016\\\/02\\\/sputnik.md_.jpg\",\"datePublished\":\"2016-02-22T17:09:41+00:00\",\"dateModified\":\"2016-02-22T17:10:11+00:00\",\"author\":{\"@id\":\"https:\\\/\\\/www.btv.md\\\/#\\\/schema\\\/person\\\/8fadce81561b3ce2c34c46dadc4ccbf2\"},\"inLanguage\":\"ro-RO\",\"potentialAction\":[{\"@type\":\"ReadAction\",\"target\":[\"https:\\\/\\\/www.btv.md\\\/ro\\\/plahotniuc-a-inceput-sa-cedeze-in-fata-europenilor\\\/\"]}]},{\"@type\":\"ImageObject\",\"inLanguage\":\"ro-RO\",\"@id\":\"https:\\\/\\\/www.btv.md\\\/ro\\\/plahotniuc-a-inceput-sa-cedeze-in-fata-europenilor\\\/#primaryimage\",\"url\":\"https:\\\/\\\/www.btv.md\\\/wp-content\\\/uploads\\\/2016\\\/02\\\/sputnik.md_.jpg\",\"contentUrl\":\"https:\\\/\\\/www.btv.md\\\/wp-content\\\/uploads\\\/2016\\\/02\\\/sputnik.md_.jpg\",\"width\":1000,\"height\":541},{\"@type\":\"WebSite\",\"@id\":\"https:\\\/\\\/www.btv.md\\\/#website\",\"url\":\"https:\\\/\\\/www.btv.md\\\/\",\"name\":\"BTV\",\"description\":\"\u0411\u0435\u043b\u044c\u0446\u043a\u043e\u0435 \u0442\u0435\u043b\u0435\u0432\u0438\u0434\u0435\u043d\u0438\u0435\",\"potentialAction\":[{\"@type\":\"SearchAction\",\"target\":{\"@type\":\"EntryPoint\",\"urlTemplate\":\"https:\\\/\\\/www.btv.md\\\/?s={search_term_string}\"},\"query-input\":{\"@type\":\"PropertyValueSpecification\",\"valueRequired\":true,\"valueName\":\"search_term_string\"}}],\"inLanguage\":\"ro-RO\"},{\"@type\":\"Person\",\"@id\":\"https:\\\/\\\/www.btv.md\\\/#\\\/schema\\\/person\\\/8fadce81561b3ce2c34c46dadc4ccbf2\",\"name\":\"admin\"}]}<\/script>\n<!-- \/ Yoast SEO plugin. -->","yoast_head_json":{"title":"PLAHOTNIUC A \u00ceNCEPUT S\u0102 CEDEZE \u00ceN FA\u021aA EUROPENILOR - BTV","robots":{"index":"index","follow":"follow","max-snippet":"max-snippet:-1","max-image-preview":"max-image-preview:large","max-video-preview":"max-video-preview:-1"},"canonical":"https:\/\/www.btv.md\/ro\/plahotniuc-a-inceput-sa-cedeze-in-fata-europenilor\/","og_locale":"ro_RO","og_type":"article","og_title":"PLAHOTNIUC A \u00ceNCEPUT S\u0102 CEDEZE \u00ceN FA\u021aA EUROPENILOR - BTV","og_description":"Oligarhul Vladimir Plahotniuc a \u00eempiedicat \u00eentrevederea de ast\u0103zi, a reprezentan\u021bilor Consiliului Europei cu liderul Grupului Petrenco, Grigore Petrenco, care a fost plasat luni, din arest preventiv \u00een arest la domiciliu. Declara\u021bia apar\u021bine avocatei ex-deputatului, Ana Ursachi. Avocata a men\u021bionat c\u0103 Plahotniuc a cedat \u00een fa\u021ba presiunilor exercitate de institu\u021biile europene , dar nu renun\u021bat la [&hellip;]","og_url":"https:\/\/www.btv.md\/ro\/plahotniuc-a-inceput-sa-cedeze-in-fata-europenilor\/","og_site_name":"BTV","article_publisher":"https:\/\/www.facebook.com\/btvmoldova\/","article_published_time":"2016-02-22T17:09:41+00:00","article_modified_time":"2016-02-22T17:10:11+00:00","og_image":[{"width":1000,"height":541,"url":"https:\/\/www.btv.md\/wp-content\/uploads\/2016\/02\/sputnik.md_.jpg","type":"image\/jpeg"}],"author":"admin","twitter_misc":{"Scris de":"admin","Timp estimat pentru citire":"2 minute"},"schema":{"@context":"https:\/\/schema.org","@graph":[{"@type":"Article","@id":"https:\/\/www.btv.md\/ro\/plahotniuc-a-inceput-sa-cedeze-in-fata-europenilor\/#article","isPartOf":{"@id":"https:\/\/www.btv.md\/ro\/plahotniuc-a-inceput-sa-cedeze-in-fata-europenilor\/"},"author":{"name":"admin","@id":"https:\/\/www.btv.md\/#\/schema\/person\/8fadce81561b3ce2c34c46dadc4ccbf2"},"headline":"PLAHOTNIUC A \u00ceNCEPUT S\u0102 CEDEZE \u00ceN FA\u021aA EUROPENILOR","datePublished":"2016-02-22T17:09:41+00:00","dateModified":"2016-02-22T17:10:11+00:00","mainEntityOfPage":{"@id":"https:\/\/www.btv.md\/ro\/plahotniuc-a-inceput-sa-cedeze-in-fata-europenilor\/"},"wordCount":378,"image":{"@id":"https:\/\/www.btv.md\/ro\/plahotniuc-a-inceput-sa-cedeze-in-fata-europenilor\/#primaryimage"},"thumbnailUrl":"https:\/\/www.btv.md\/wp-content\/uploads\/2016\/02\/sputnik.md_.jpg","articleSection":["Politic\u0103"],"inLanguage":"ro-RO"},{"@type":"WebPage","@id":"https:\/\/www.btv.md\/ro\/plahotniuc-a-inceput-sa-cedeze-in-fata-europenilor\/","url":"https:\/\/www.btv.md\/ro\/plahotniuc-a-inceput-sa-cedeze-in-fata-europenilor\/","name":"PLAHOTNIUC A \u00ceNCEPUT S\u0102 CEDEZE \u00ceN FA\u021aA EUROPENILOR - BTV","isPartOf":{"@id":"https:\/\/www.btv.md\/#website"},"primaryImageOfPage":{"@id":"https:\/\/www.btv.md\/ro\/plahotniuc-a-inceput-sa-cedeze-in-fata-europenilor\/#primaryimage"},"image":{"@id":"https:\/\/www.btv.md\/ro\/plahotniuc-a-inceput-sa-cedeze-in-fata-europenilor\/#primaryimage"},"thumbnailUrl":"https:\/\/www.btv.md\/wp-content\/uploads\/2016\/02\/sputnik.md_.jpg","datePublished":"2016-02-22T17:09:41+00:00","dateModified":"2016-02-22T17:10:11+00:00","author":{"@id":"https:\/\/www.btv.md\/#\/schema\/person\/8fadce81561b3ce2c34c46dadc4ccbf2"},"inLanguage":"ro-RO","potentialAction":[{"@type":"ReadAction","target":["https:\/\/www.btv.md\/ro\/plahotniuc-a-inceput-sa-cedeze-in-fata-europenilor\/"]}]},{"@type":"ImageObject","inLanguage":"ro-RO","@id":"https:\/\/www.btv.md\/ro\/plahotniuc-a-inceput-sa-cedeze-in-fata-europenilor\/#primaryimage","url":"https:\/\/www.btv.md\/wp-content\/uploads\/2016\/02\/sputnik.md_.jpg","contentUrl":"https:\/\/www.btv.md\/wp-content\/uploads\/2016\/02\/sputnik.md_.jpg","width":1000,"height":541},{"@type":"WebSite","@id":"https:\/\/www.btv.md\/#website","url":"https:\/\/www.btv.md\/","name":"BTV","description":"\u0411\u0435\u043b\u044c\u0446\u043a\u043e\u0435 \u0442\u0435\u043b\u0435\u0432\u0438\u0434\u0435\u043d\u0438\u0435","potentialAction":[{"@type":"SearchAction","target":{"@type":"EntryPoint","urlTemplate":"https:\/\/www.btv.md\/?s={search_term_string}"},"query-input":{"@type":"PropertyValueSpecification","valueRequired":true,"valueName":"search_term_string"}}],"inLanguage":"ro-RO"},{"@type":"Person","@id":"https:\/\/www.btv.md\/#\/schema\/person\/8fadce81561b3ce2c34c46dadc4ccbf2","name":"admin"}]}},"_links":{"self":[{"href":"https:\/\/www.btv.md\/ro\/wp-json\/wp\/v2\/posts\/7562","targetHints":{"allow":["GET"]}}],"collection":[{"href":"https:\/\/www.btv.md\/ro\/wp-json\/wp\/v2\/posts"}],"about":[{"href":"https:\/\/www.btv.md\/ro\/wp-json\/wp\/v2\/types\/post"}],"author":[{"embeddable":true,"href":"https:\/\/www.btv.md\/ro\/wp-json\/wp\/v2\/users\/4"}],"replies":[{"embeddable":true,"href":"https:\/\/www.btv.md\/ro\/wp-json\/wp\/v2\/comments?post=7562"}],"version-history":[{"count":0,"href":"https:\/\/www.btv.md\/ro\/wp-json\/wp\/v2\/posts\/7562\/revisions"}],"wp:featuredmedia":[{"embeddable":true,"href":"https:\/\/www.btv.md\/ro\/wp-json\/wp\/v2\/media\/7563"}],"wp:attachment":[{"href":"https:\/\/www.btv.md\/ro\/wp-json\/wp\/v2\/media?parent=7562"}],"wp:term":[{"taxonomy":"category","embeddable":true,"href":"https:\/\/www.btv.md\/ro\/wp-json\/wp\/v2\/categories?post=7562"},{"taxonomy":"post_tag","embeddable":true,"href":"https:\/\/www.btv.md\/ro\/wp-json\/wp\/v2\/tags?post=7562"}],"curies":[{"name":"wp","href":"https:\/\/api.w.org\/{rel}","templated":true}]}}