{"id":7583,"date":"2016-02-23T12:17:20","date_gmt":"2016-02-23T09:17:20","guid":{"rendered":"http:\/\/btv.md\/?p=7583"},"modified":"2016-02-23T12:17:20","modified_gmt":"2016-02-23T09:17:20","slug":"noua-persoane-necunoscute-publicului-din-r-moldova-candideaza-la-functia-de-guvernator-al-bnm","status":"publish","type":"post","link":"https:\/\/www.btv.md\/ro\/noua-persoane-necunoscute-publicului-din-r-moldova-candideaza-la-functia-de-guvernator-al-bnm\/","title":{"rendered":"Nou\u0103 persoane necunoscute publicului din R. Moldova candideaz\u0103 la func\u021bia de guvernator al BNM"},"content":{"rendered":"<p><strong>A expi\u00adrat termenul-limit\u0103 de depu\u00adnere a dosa\u00adre\u00adlor de c\u0103tre can\u00addi\u00adda\u00ad\u021bii la func\u00ad\u021bia de guver\u00adna\u00adtor al B\u0103n\u00adcii Na\u021bio\u00adnale a Mol\u00addo\u00advei (BNM). Ast\u00adfel, la con\u00adcurs s-au \u00eenscris nou\u0103 can\u00addi\u00adda\u021bi: Roman Cer\u00adn\u00ee\u00ad\u0219ev, Vadim Br\u00een\u00adzan, Ser\u00adgiu Cio\u00adclea, Ser\u00adghei Mel\u00adnik, Vale\u00adriu Chi\u00ad\u021ban, Vic\u00adtor Timo\u00adtin,  Ghe\u00ador\u00adghe Dimi\u00adtrov, Ser\u00adgiu Iachim \u0219i Vla\u00addi\u00admir Mun\u00adteanu.<\/strong><\/p>\n<p>Pri\u00admul can\u00addi\u00addat \u00eenre\u00adgis\u00adtrat \u00een con\u00adcur\u00adsul pen\u00adtru ocu\u00adpa\u00adrea func\u00ad\u021biei de guver\u00adna\u00adtor al BNM este Roman Cer\u00adn\u00ee\u00ad\u0219ev. Acesta are 42 de ani \u0219i este un om de afa\u00adceri, n\u0103s\u00adcut \u00een R. Mol\u00addova, dar care locu\u00adi\u00adie\u0219te de mai mul\u021bi ani \u00een Israel. \u00cen CV-ul aces\u00adtuia, publi\u00adcat pe site-ul Par\u00adla\u00admen\u00adtu\u00adlui, acesta pre\u00adci\u00adzeaz\u0103 c\u0103 s-a mutat din Mol\u00addova \u00een Israel, \u00een anul 1995, iar acum de\u021bine, at\u00e2t cet\u0103\u00ad\u021be\u00adnia Isra\u00ade\u00adlu\u00adlui, c\u00e2t \u0219i a R. Mol\u00addova. Acesta vor\u00adbe\u0219te rusa, ebraica \u0219i engleza flu\u00adent, \u00een timp ce limba rom\u00e2n\u0103 o cunoa\u0219te la nivel \u201esatis\u00adf\u0103\u00adc\u0103\u00adtor\u201d.<\/p>\n<p>Vadim Br\u00een\u00adzan este al doi\u00adlea can\u00addi\u00addat \u00eenscris la func\u00ad\u021bia de guver\u00adna\u00adtor al B\u0103n\u00adcii Na\u021bio\u00adnale a Mol\u00addo\u00advei. Potri\u00advit CV-ului depus de can\u00addi\u00addat, Vadim Br\u00een\u00adzan este absol\u00advent al Uni\u00adver\u00adsi\u00adt\u0103\u00ad\u021bii Har\u00advard, SUA \u0219i are mai mul\u021bi ani expe\u00adrien\u021b\u0103 de munc\u0103 \u00een dome\u00adniul financiar-bancar \u0219i inves\u00adti\u00ad\u021bio\u00adnal, \u00een Sta\u00adtele Unite ale Ame\u00adri\u00adcii \u0219i Europa. Vadim Br\u00een\u00adzan s-a n\u0103s\u00adcut \u00een anul 1971. El este c\u0103s\u0103\u00adto\u00adrit \u0219i are trei copii. Acesta vor\u00adbe\u0219te flu\u00adent rom\u00e2na, engleza \u0219i rusa. \u00cen scri\u00adsoa\u00adrea sa de moti\u00advare, Br\u00een\u00adzan sus\u00ad\u021bine c\u0103 anii s\u0103i de expe\u00adrien\u021b\u0103 ar putea s\u0103-l ajute s\u0103 solu\u00ad\u021bio\u00adneze pro\u00adble\u00admele cu care se con\u00adfrunt\u0103 sec\u00adto\u00adrul ban\u00adcar din R. Mol\u00addova, \u201ecare este afec\u00adtat nu doar de criza eco\u00adno\u00admic\u0103 mondi\u00adal\u0103, ci \u0219i de proasta guver\u00adnare, fra\u00aduda cor\u00adpo\u00adra\u00adtiv\u0103 \u0219i supra\u00adve\u00adghea\u00adrea ine\u00adfi\u00adcient\u0103\u2026\u201d, men\u00ad\u021bio\u00adneaz\u0103 al doi\u00adlea can\u00addi\u00addat.<\/p>\n<p>Ser\u00adgiu Cio\u00adclea este un alt can\u00addi\u00addat la func\u00ad\u021bia de guver\u00adna\u00adtor. Potri\u00advit CV-ului aces\u00adtuia, Cio\u00adclea are peste 17 ani de acti\u00advi\u00adtate \u00een sec\u00adto\u00adrul financiar-bancar. Are diplome de mas\u00adter \u0219i de stu\u00addii post-universitare la Uni\u00adver\u00adsi\u00adta\u00adtea Panth6on-Assas din Paris. Cunoa\u0219te lim\u00adbile: rom\u00e2na, engleza, fran\u00adceza \u0219i rusa. Ser\u00adgiu Cio\u00adclea are 42 de ani \u0219i tri\u00adpl\u0103 cet\u0103\u00ad\u021be\u00adnie: a R. Mol\u00addova, Rom\u00e2\u00adniei \u0219i Fran\u00ad\u021bei.<\/p>\n<p>Un alt can\u00addi\u00addat la func\u00ad\u021bia de guver\u00adna\u00adtor BNM este Ser\u00adghei Mel\u00adnik, care vor\u00adbe\u0219te flu\u00adent patru limbi: rom\u00e2na, rusa, engleza \u0219i spa\u00adni\u00adola. Acesta este pre\u00ad\u0219e\u00addin\u00adtele Cor\u00adpo\u00adra\u00ad\u021biei Wolf Blitz, Com\u00adpa\u00adnia de Con\u00adsul\u00adtan\u021b\u0103 Cor\u00adpo\u00adra\u00adtiv\u0103. Tot\u00ado\u00addat\u0103, can\u00addi\u00adda\u00adtul \u0219i-a f\u0103cut stu\u00addi\u00adile la facul\u00adta\u00adtea de Drept de la Uni\u00adver\u00adsi\u00adta\u00adtea de Stat din Mol\u00addova, pre\u00adcum \u0219i mas\u00adte\u00adrul al Eco\u00adno\u00admie apli\u00adcat\u0103 la Uni\u00adver\u00adsi\u00adta\u00adtea din Flo\u00adrida Cen\u00adtral\u0103. Tot\u00ado\u00addat\u0103, Ser\u00adghei Mel\u00adnik sus\u00ad\u021bine c\u0103 are peste 20 de ani de expe\u00adrien\u021b\u0103 de lucru peste hota\u00adrele \u021b\u0103rii.<\/p>\n<p>Tot, la 22 febru\u00adare, \u00een ultima zi a con\u00adcur\u00adsu\u00adlui, \u0219i-a depus dosa\u00adrul \u0219i Vale\u00adriu Chi\u00ad\u021ban, care a absol\u00advit Facul\u00adta\u00adtea de Eco\u00adno\u00admie, spe\u00adcia\u00adli\u00adza\u00adrea Finan\u021be \u0219i Cre\u00addit de la Insti\u00adtu\u00adtul Poli\u00adteh\u00adnic din Chi\u00ad\u0219i\u00adn\u0103u, \u0219i a f\u0103cut stu\u00addi\u00adile de mas\u00adter \u00een Admi\u00adnis\u00adtra\u00adrea Afa\u00adce\u00adri\u00adlor la Bled School of Mana\u00adge\u00adment, Slo\u00adve\u00adnia. Din anul 2011 \u0219i p\u00e2n\u0103 \u00een pre\u00adzent este mem\u00adbru al Cur\u00ad\u021bii de Con\u00adturi. \u00cen peri\u00adoada 1992-1994 a fost mem\u00adbru al con\u00adsi\u00adli\u00adu\u00adlui de Admi\u00adnis\u00adtra\u00ad\u021bie al BNM. \u00cen ace\u00adia\u0219i peri\u00adoad\u0103 a fost vice-guvernator \u00een R. Mol\u00addova \u00een cadrul Con\u00adsi\u00adli\u00adu\u00adlui Guver\u00adna\u00adto\u00adri\u00adlor al FMI, iar \u00een anii 1994-1998\u2009\u2013\u2009guver\u00adna\u00adtor pen\u00adtru R. Mol\u00addova \u00een cadrul Con\u00adsi\u00adli\u00adu\u00adlui Guver\u00adna\u00adto\u00adri\u00adlor al B\u0103n\u00adcii Mondi\u00adale.<\/p>\n<p>Vic\u00adtor Timo\u00adtin este al \u0219ase\u00adlea can\u00addi\u00addat \u00eenscris, care sus\u00ad\u021bine c\u0103 are 17 ani de expe\u00adrien\u021b\u0103 de lucru \u00een sec\u00adto\u00adrul ban\u00adcar. El \u0219i-a f\u0103cut stu\u00addi\u00adile la Aca\u00adde\u00admia de Stu\u00addii Eco\u00adno\u00admice din Mol\u00addova, pre\u00adcum \u0219i la Carl\u00adson School of Mana\u00adge\u00adment, Uni\u00adver\u00adsity of Min\u00adne\u00adsota. \u00cen peri\u00adoada 2000-2007, Vic\u00adtor Timo\u00adtin a fost ofi\u00ad\u021ber de inves\u00adti\u00ad\u021bii la Inter\u00adna\u00adtio\u00adnal Finance Cor\u00adpo\u00adra\u00adtion, din Washin\u00adgton. \u00cen 2007-2013\u2009\u2013\u2009Direc\u00adtor la Cor\u00adpo\u00adrate Finance Uni\u00adCre\u00addit, din Moscova. Din anul 2013 p\u00e2n\u0103 \u00een 2015 a fost \u0219eful Pie\u021be de Capi\u00adtal \u0219i Rela\u00ad\u021bii cu Inves\u00adti\u00adto\u00adrii, Mem\u00adbru Comi\u00adte\u00adtu\u00adlui pen\u00adtru Finan\u021be pe l\u00e2ng\u0103 Con\u00adsi\u00adliu de Admi\u00adnis\u00adtra\u00ad\u021bie Orient Express Bank, Moscova. El cunoa\u0219te limba rom\u00e2n\u0103, englez\u0103, rus\u0103 \u0219i spa\u00adni\u00adol\u0103.<\/p>\n<p>Pe ultima sut\u0103 de metri, s-a \u00eenscris \u00een con\u00adcurs \u0219i Ghe\u00ador\u00adghe Dimi\u00adtrov, care este n\u0103s\u00adcut \u00een anul 1983, \u00een Leova. El este licen\u00ad\u021biat \u00een Mana\u00adge\u00adment \u0219i Rela\u00ad\u021bii Eco\u00adno\u00admice lnter\u00adna\u021bio\u00adnale, la Uni\u00adver\u00adsi\u00adta\u00adtea Boc\u00adconi din Milano. De ase\u00adme\u00adnea, el \u0219i-a luat mas\u00adte\u00adra\u00adtul Exe\u00adcu\u00adtiv \u00een Mana\u00adge\u00admen\u00adtut Stra\u00adte\u00adgic al \u00centre\u00adprin\u00adde\u00adri\u00adlor la \u0218coala de Mana\u00adge\u00adment SDA Boc\u00adconi. Ghe\u00ador\u00adghe Dimi\u00adtrov este mana\u00adger \u00een rela\u00ad\u0163ii de afa\u00adceri \u00een Viena. Can\u00addi\u00adda\u00adtul cunoa\u00ad\u015fte patru limbi: rom\u00e2na, rusa, engleza \u015fi ita\u00adli\u00adana.<\/p>\n<p>Un alt can\u00addi\u00addat este \u015fi Ser\u00adgiu Iachim, care are licen\u0163\u0103 \u00een Eco\u00adno\u00admie la Uni\u00adver\u00adsi\u00adta\u00adtea Teh\u00adnic\u0103 a Mol\u00addo\u00advei, pre\u00adcum \u015fi mas\u00adter \u00een Busi\u00adness \u015fi Admi\u00adnis\u00adtrare, la Vle\u00adrick Busi\u00adness School, Bel\u00adgia. Ser\u00adgiu Iachim are 36 de ani, este c\u0103s\u0103\u00adto\u00adrit \u015fi are doi copii. \u00cen anul 2010 a fost can\u00addi\u00addat inde\u00adpen\u00addent la scru\u00adti\u00adnul par\u00adla\u00admen\u00adtar din Mol\u00addova. Amin\u00adtim c\u0103 Iachim \u015fi+a depus can\u00addi\u00adda\u00adtura \u015fi la con\u00adcur\u00adsul din octom\u00adbrie 2015.<\/p>\n<p>Vla\u00addi\u00admir Mun\u00adteanu este ulti\u00admul can\u00addi\u00addat \u00eenscris \u00een acest con\u00adcurs. Potri\u00advit CV-ului, acesta \u015fi-a f\u0103cut stu\u00addi\u00adile la Uni\u00adver\u00adsi\u00adta\u00adtea Har\u00advard, SUA. Mun\u00adteanu s-a n\u0103s\u00adcut \u00een 1968, este c\u0103s\u0103\u00adto\u00adrit \u015fi are un copil. El cunoa\u00ad\u015fte lim\u00adbile rom\u00e2n\u0103, englez\u0103, rus\u0103 \u015fi bul\u00adgar\u0103.<\/p>\n<p>Men\u00ad\u021bio\u00adn\u0103m c\u0103 la fun\u00adc\u0163ia de Guver\u00adna\u00adtor al B\u0103n\u00adcii Na\u0163io\u00adnale a Mol\u00addo\u00advei au putut can\u00addida per\u00adsoa\u00adnele care de\u0163in cet\u0103\u00ad\u0163e\u00adnia R. Mol\u00addova, au stu\u00addii superioare\/post-universitare, au expe\u00adrien\u0163\u0103 de cel pu\u0163in 10 ani \u00een dome\u00adniul finan\u00adciar sau mone\u00adtar, cunosc foarte bine \u015fi au capa\u00adci\u00adta\u00adtea de a vorbi flu\u00adent limba englez\u0103.<\/p>\n<p>Potri\u00advit unui comu\u00adni\u00adcat de pres\u0103 tri\u00admis de Par\u00adla\u00adment, Andrian Candu, pre\u00ad\u0219e\u00addin\u00adtele Par\u00adla\u00admen\u00adtu\u00adlui, va con\u00advoca mar\u021bi, 23 febru\u00ada\u00adrie, \u0219edin\u021ba Comi\u00adsiei pen\u00adtru selec\u00adta\u00adrea can\u00addi\u00adda\u00adtu\u00adlui la func\u00ad\u021bia de Guver\u00adna\u00adtor al B\u0103n\u00adcii Na\u021bio\u00adnale a Mol\u00addo\u00advei, \u00een cadrul c\u0103reia vor fi exa\u00admi\u00adnate dosa\u00adrele de con\u00adcurs.<\/p>\n<p>Amin\u00adtim c\u0103 la pri\u00admul con\u00adcur\u00ads pen\u00adtru selec\u00adta\u00adrea can\u00addi\u00adda\u00adtu\u00adlui la func\u00ad\u021bia de guver\u00adna\u00adtor, din octom\u00adbrie 2015, au par\u00adti\u00adci\u00adpat 12 pre\u00adten\u00adden\u021bi. Dou\u0103 per\u00adsoane au fost res\u00adpinse de Comi\u00adsie: un can\u00addi\u00addat nu poseda expe\u00adrien\u021ba de munc\u0103 nece\u00adsar\u0103, iar altul avea o repu\u00adta\u00ad\u021bie \u00eendo\u00adiel\u00adnic\u0103, iar Lud\u00admila Hvo\u00adros\u00adto\u00advs\u00adcaia \u0219i-a retras can\u00addi\u00adda\u00adtura. Nou\u0103 can\u00addi\u00adda\u021bi au fost admi\u0219i la proba inter\u00advi\u00adu\u00adlui. Prin\u00adtre ace\u0219tia se num\u0103r\u0103 ex-ministrul Finan\u0163e\u00adlor  Vea\u00adce\u00adslav Negru\u0163\u0103 \u0219i  Dumi\u00adtru Ursu, pre\u015fe\u00addin\u00adtele Ligii Ban\u00adche\u00adri\u00adlor. La fina\u00adlul con\u00adcur\u00adsu\u00adlui, comi\u00adsia a decis c\u0103 niciun can\u00addi\u00addat nu \u00eentru\u00adne\u0219te con\u00addi\u00ad\u021bi\u00adile nece\u00adsare.<\/p>\n<p>Ulte\u00adrior, pre\u00ad\u0219e\u00addin\u00adtele Par\u00adle\u00admen\u00adtu\u00adlui, Andrian Candu, a pro\u00admis c\u0103, p\u00e2n\u0103 la 10 decem\u00adbrie, va pro\u00adpune un can\u00addi\u00addat la func\u00ad\u021bia de guver\u00adna\u00adtor al BNM, fapt care nu s-a mai \u00eent\u00e2m\u00adplat.<\/p>\n<p>Pre\u00adci\u00adz\u0103m c\u0103 Banca Na\u021bio\u00adnal\u0103 a Mol\u00addo\u00advei a avut doi guver\u00adna\u00adtori. Este vorba des\u00adpre Leo\u00adnid Tal\u00admaci \u015fi Dorin Dr\u0103\u00adgu\u00ad\u0163anu. Ulti\u00admul a ple\u00adcat din frun\u00adtea insti\u00adtu\u00ad\u0163iei \u00een data de 21 sep\u00adtem\u00adbrie, moti\u00adv\u00e2nd pre\u00adsiuni poli\u00adtice, dar con\u00adti\u00adnu\u0103 s\u0103 asi\u00adgure inte\u00adri\u00adma\u00adtul p\u00e2n\u0103 la desem\u00adna\u00adrea unui nou guver\u00adna\u00adtor.<\/p>\n<p>\u00cen lipsa unui guver\u00adna\u00adtor, Misiu\u00adnea Fon\u00addu\u00adlui Mone\u00adtar Inter\u00adna\u021bio\u00adnal a anun\u00ad\u021bat c\u0103 nu va semna un nou acord cu R. Mol\u00addova. FMI urma s\u0103 vin\u0103 la Chi\u00ad\u015fi\u00adn\u0103u \u00eenc\u0103 pe 17 iunie, dar \u015fi-a am\u00e2\u00adnat vizita \u00een R. Mol\u00addova. Repre\u00adzen\u00adtan\u0163ii insti\u00adtu\u00ad\u0163iei \u015fi-au moti\u00advat atunci am\u00e2\u00adna\u00adrea prin fap\u00adtul c\u0103 Guver\u00adnul Gabu\u00adrici \u0219i-a anun\u00ad\u021bat demi\u00adsia, iar ei nu aveau cu cine nego\u00adcia vii\u00adto\u00adrul acord de finan\u0163are. La 22 sep\u00adtem\u00adbrie 2015, o dele\u00adga\u00ad\u021bie a FMI a ajuns \u00een R. Mol\u00addova, un accord de finan\u00ad\u021bare \u00eens\u0103 nu a fost sem\u00adnat din cauza pro\u00adble\u00adme\u00adlor din sis\u00adte\u00admul ban\u00adcar \u0219i a demi\u00adsiei Guver\u00adna\u00adto\u00adru\u00adlui.<\/p>\n<p>Chi\u00ad\u0219i\u00adn\u0103ul nu mai are un acord cu FMI din toamna lui 2013. \u00cen cadrul pre\u00adce\u00adden\u00adtu\u00adlui pro\u00adgram, R. Mol\u00addova a bene\u00adfi\u00adciat de asis\u00adten\u0163\u0103 finan\u00adci\u00adar\u0103 din par\u00adtea FMI \u00een valoare de apro\u00adxi\u00adma\u00adtiv 566 de mili\u00adoane de dolari.<\/p>\n<p>Sursa: <a href=\"http:\/\/www.zdg.md\/stiri\/stiri-politice\/noua-persoane-necunoscute-publicului-din-r-moldova-candideaza-la-functia-de-guvernator-al-bnm\" target=\"_blank\">ziarul de gard\u0103<\/a><\/p>\n","protected":false},"excerpt":{"rendered":"<p>A expi\u00adrat termenul-limit\u0103 de depu\u00adnere a dosa\u00adre\u00adlor de c\u0103tre can\u00addi\u00adda\u00ad\u021bii la func\u00ad\u021bia de guver\u00adna\u00adtor al B\u0103n\u00adcii Na\u021bio\u00adnale a Mol\u00addo\u00advei (BNM). Ast\u00adfel, la con\u00adcurs s-au \u00eenscris nou\u0103 can\u00addi\u00adda\u021bi: Roman Cer\u00adn\u00ee\u00ad\u0219ev, Vadim Br\u00een\u00adzan, Ser\u00adgiu Cio\u00adclea, Ser\u00adghei Mel\u00adnik, Vale\u00adriu Chi\u00ad\u021ban, Vic\u00adtor Timo\u00adtin, Ghe\u00ador\u00adghe Dimi\u00adtrov, Ser\u00adgiu Iachim \u0219i Vla\u00addi\u00admir Mun\u00adteanu. Pri\u00admul can\u00addi\u00addat \u00eenre\u00adgis\u00adtrat \u00een con\u00adcur\u00adsul pen\u00adtru ocu\u00adpa\u00adrea func\u00ad\u021biei de [&hellip;]<\/p>\n","protected":false},"author":4,"featured_media":7584,"comment_status":"closed","ping_status":"closed","sticky":false,"template":"","format":"standard","meta":{"footnotes":""},"categories":[8],"tags":[],"class_list":["post-7583","post","type-post","status-publish","format-standard","has-post-thumbnail","hentry","category-obshestvo"],"yoast_head":"<!-- This site is optimized with the Yoast SEO plugin v27.4 - https:\/\/yoast.com\/product\/yoast-seo-wordpress\/ -->\n<title>Nou\u0103 persoane necunoscute publicului din R. Moldova candideaz\u0103 la func\u021bia de guvernator al BNM - BTV<\/title>\n<meta name=\"robots\" content=\"index, follow, max-snippet:-1, max-image-preview:large, max-video-preview:-1\" \/>\n<link rel=\"canonical\" href=\"https:\/\/www.btv.md\/ro\/noua-persoane-necunoscute-publicului-din-r-moldova-candideaza-la-functia-de-guvernator-al-bnm\/\" \/>\n<meta property=\"og:locale\" content=\"ro_RO\" \/>\n<meta property=\"og:type\" content=\"article\" \/>\n<meta property=\"og:title\" content=\"Nou\u0103 persoane necunoscute publicului din R. Moldova candideaz\u0103 la func\u021bia de guvernator al BNM - BTV\" \/>\n<meta property=\"og:description\" content=\"A expi\u00adrat termenul-limit\u0103 de depu\u00adnere a dosa\u00adre\u00adlor de c\u0103tre can\u00addi\u00adda\u00ad\u021bii la func\u00ad\u021bia de guver\u00adna\u00adtor al B\u0103n\u00adcii Na\u021bio\u00adnale a Mol\u00addo\u00advei (BNM). Ast\u00adfel, la con\u00adcurs s-au \u00eenscris nou\u0103 can\u00addi\u00adda\u021bi: Roman Cer\u00adn\u00ee\u00ad\u0219ev, Vadim Br\u00een\u00adzan, Ser\u00adgiu Cio\u00adclea, Ser\u00adghei Mel\u00adnik, Vale\u00adriu Chi\u00ad\u021ban, Vic\u00adtor Timo\u00adtin, Ghe\u00ador\u00adghe Dimi\u00adtrov, Ser\u00adgiu Iachim \u0219i Vla\u00addi\u00admir Mun\u00adteanu. Pri\u00admul can\u00addi\u00addat \u00eenre\u00adgis\u00adtrat \u00een con\u00adcur\u00adsul pen\u00adtru ocu\u00adpa\u00adrea func\u00ad\u021biei de [&hellip;]\" \/>\n<meta property=\"og:url\" content=\"https:\/\/www.btv.md\/ro\/noua-persoane-necunoscute-publicului-din-r-moldova-candideaza-la-functia-de-guvernator-al-bnm\/\" \/>\n<meta property=\"og:site_name\" content=\"BTV\" \/>\n<meta property=\"article:publisher\" content=\"https:\/\/www.facebook.com\/btvmoldova\/\" \/>\n<meta property=\"article:published_time\" content=\"2016-02-23T09:17:20+00:00\" \/>\n<meta property=\"og:image\" content=\"https:\/\/www.btv.md\/wp-content\/uploads\/2016\/02\/IMG_0012-840x420.jpg\" \/>\n\t<meta property=\"og:image:width\" content=\"840\" \/>\n\t<meta property=\"og:image:height\" content=\"420\" \/>\n\t<meta property=\"og:image:type\" content=\"image\/jpeg\" \/>\n<meta name=\"author\" content=\"admin\" \/>\n<meta name=\"twitter:label1\" content=\"Scris de\" \/>\n\t<meta name=\"twitter:data1\" content=\"admin\" \/>\n\t<meta name=\"twitter:label2\" content=\"Timp estimat pentru citire\" \/>\n\t<meta name=\"twitter:data2\" content=\"10 minute\" \/>\n<script type=\"application\/ld+json\" class=\"yoast-schema-graph\">{\"@context\":\"https:\\\/\\\/schema.org\",\"@graph\":[{\"@type\":\"Article\",\"@id\":\"https:\\\/\\\/www.btv.md\\\/ro\\\/noua-persoane-necunoscute-publicului-din-r-moldova-candideaza-la-functia-de-guvernator-al-bnm\\\/#article\",\"isPartOf\":{\"@id\":\"https:\\\/\\\/www.btv.md\\\/ro\\\/noua-persoane-necunoscute-publicului-din-r-moldova-candideaza-la-functia-de-guvernator-al-bnm\\\/\"},\"author\":{\"name\":\"admin\",\"@id\":\"https:\\\/\\\/www.btv.md\\\/#\\\/schema\\\/person\\\/8fadce81561b3ce2c34c46dadc4ccbf2\"},\"headline\":\"Nou\u0103 persoane necunoscute publicului din R. Moldova candideaz\u0103 la func\u021bia de guvernator al BNM\",\"datePublished\":\"2016-02-23T09:17:20+00:00\",\"mainEntityOfPage\":{\"@id\":\"https:\\\/\\\/www.btv.md\\\/ro\\\/noua-persoane-necunoscute-publicului-din-r-moldova-candideaza-la-functia-de-guvernator-al-bnm\\\/\"},\"wordCount\":1928,\"image\":{\"@id\":\"https:\\\/\\\/www.btv.md\\\/ro\\\/noua-persoane-necunoscute-publicului-din-r-moldova-candideaza-la-functia-de-guvernator-al-bnm\\\/#primaryimage\"},\"thumbnailUrl\":\"https:\\\/\\\/www.btv.md\\\/wp-content\\\/uploads\\\/2016\\\/02\\\/IMG_0012-840x420.jpg\",\"articleSection\":[\"\u041e\u0431\u0449\u0435\u0441\u0442\u0432\u043e\"],\"inLanguage\":\"ro-RO\"},{\"@type\":\"WebPage\",\"@id\":\"https:\\\/\\\/www.btv.md\\\/ro\\\/noua-persoane-necunoscute-publicului-din-r-moldova-candideaza-la-functia-de-guvernator-al-bnm\\\/\",\"url\":\"https:\\\/\\\/www.btv.md\\\/ro\\\/noua-persoane-necunoscute-publicului-din-r-moldova-candideaza-la-functia-de-guvernator-al-bnm\\\/\",\"name\":\"Nou\u0103 persoane necunoscute publicului din R. Moldova candideaz\u0103 la func\u021bia de guvernator al BNM - BTV\",\"isPartOf\":{\"@id\":\"https:\\\/\\\/www.btv.md\\\/#website\"},\"primaryImageOfPage\":{\"@id\":\"https:\\\/\\\/www.btv.md\\\/ro\\\/noua-persoane-necunoscute-publicului-din-r-moldova-candideaza-la-functia-de-guvernator-al-bnm\\\/#primaryimage\"},\"image\":{\"@id\":\"https:\\\/\\\/www.btv.md\\\/ro\\\/noua-persoane-necunoscute-publicului-din-r-moldova-candideaza-la-functia-de-guvernator-al-bnm\\\/#primaryimage\"},\"thumbnailUrl\":\"https:\\\/\\\/www.btv.md\\\/wp-content\\\/uploads\\\/2016\\\/02\\\/IMG_0012-840x420.jpg\",\"datePublished\":\"2016-02-23T09:17:20+00:00\",\"author\":{\"@id\":\"https:\\\/\\\/www.btv.md\\\/#\\\/schema\\\/person\\\/8fadce81561b3ce2c34c46dadc4ccbf2\"},\"inLanguage\":\"ro-RO\",\"potentialAction\":[{\"@type\":\"ReadAction\",\"target\":[\"https:\\\/\\\/www.btv.md\\\/ro\\\/noua-persoane-necunoscute-publicului-din-r-moldova-candideaza-la-functia-de-guvernator-al-bnm\\\/\"]}]},{\"@type\":\"ImageObject\",\"inLanguage\":\"ro-RO\",\"@id\":\"https:\\\/\\\/www.btv.md\\\/ro\\\/noua-persoane-necunoscute-publicului-din-r-moldova-candideaza-la-functia-de-guvernator-al-bnm\\\/#primaryimage\",\"url\":\"https:\\\/\\\/www.btv.md\\\/wp-content\\\/uploads\\\/2016\\\/02\\\/IMG_0012-840x420.jpg\",\"contentUrl\":\"https:\\\/\\\/www.btv.md\\\/wp-content\\\/uploads\\\/2016\\\/02\\\/IMG_0012-840x420.jpg\",\"width\":840,\"height\":420,\"caption\":\"www.zdg.md\"},{\"@type\":\"WebSite\",\"@id\":\"https:\\\/\\\/www.btv.md\\\/#website\",\"url\":\"https:\\\/\\\/www.btv.md\\\/\",\"name\":\"BTV\",\"description\":\"\u0411\u0435\u043b\u044c\u0446\u043a\u043e\u0435 \u0442\u0435\u043b\u0435\u0432\u0438\u0434\u0435\u043d\u0438\u0435\",\"potentialAction\":[{\"@type\":\"SearchAction\",\"target\":{\"@type\":\"EntryPoint\",\"urlTemplate\":\"https:\\\/\\\/www.btv.md\\\/?s={search_term_string}\"},\"query-input\":{\"@type\":\"PropertyValueSpecification\",\"valueRequired\":true,\"valueName\":\"search_term_string\"}}],\"inLanguage\":\"ro-RO\"},{\"@type\":\"Person\",\"@id\":\"https:\\\/\\\/www.btv.md\\\/#\\\/schema\\\/person\\\/8fadce81561b3ce2c34c46dadc4ccbf2\",\"name\":\"admin\"}]}<\/script>\n<!-- \/ Yoast SEO plugin. -->","yoast_head_json":{"title":"Nou\u0103 persoane necunoscute publicului din R. Moldova candideaz\u0103 la func\u021bia de guvernator al BNM - BTV","robots":{"index":"index","follow":"follow","max-snippet":"max-snippet:-1","max-image-preview":"max-image-preview:large","max-video-preview":"max-video-preview:-1"},"canonical":"https:\/\/www.btv.md\/ro\/noua-persoane-necunoscute-publicului-din-r-moldova-candideaza-la-functia-de-guvernator-al-bnm\/","og_locale":"ro_RO","og_type":"article","og_title":"Nou\u0103 persoane necunoscute publicului din R. Moldova candideaz\u0103 la func\u021bia de guvernator al BNM - BTV","og_description":"A expi\u00adrat termenul-limit\u0103 de depu\u00adnere a dosa\u00adre\u00adlor de c\u0103tre can\u00addi\u00adda\u00ad\u021bii la func\u00ad\u021bia de guver\u00adna\u00adtor al B\u0103n\u00adcii Na\u021bio\u00adnale a Mol\u00addo\u00advei (BNM). Ast\u00adfel, la con\u00adcurs s-au \u00eenscris nou\u0103 can\u00addi\u00adda\u021bi: Roman Cer\u00adn\u00ee\u00ad\u0219ev, Vadim Br\u00een\u00adzan, Ser\u00adgiu Cio\u00adclea, Ser\u00adghei Mel\u00adnik, Vale\u00adriu Chi\u00ad\u021ban, Vic\u00adtor Timo\u00adtin, Ghe\u00ador\u00adghe Dimi\u00adtrov, Ser\u00adgiu Iachim \u0219i Vla\u00addi\u00admir Mun\u00adteanu. Pri\u00admul can\u00addi\u00addat \u00eenre\u00adgis\u00adtrat \u00een con\u00adcur\u00adsul pen\u00adtru ocu\u00adpa\u00adrea func\u00ad\u021biei de [&hellip;]","og_url":"https:\/\/www.btv.md\/ro\/noua-persoane-necunoscute-publicului-din-r-moldova-candideaza-la-functia-de-guvernator-al-bnm\/","og_site_name":"BTV","article_publisher":"https:\/\/www.facebook.com\/btvmoldova\/","article_published_time":"2016-02-23T09:17:20+00:00","og_image":[{"width":840,"height":420,"url":"https:\/\/www.btv.md\/wp-content\/uploads\/2016\/02\/IMG_0012-840x420.jpg","type":"image\/jpeg"}],"author":"admin","twitter_misc":{"Scris de":"admin","Timp estimat pentru citire":"10 minute"},"schema":{"@context":"https:\/\/schema.org","@graph":[{"@type":"Article","@id":"https:\/\/www.btv.md\/ro\/noua-persoane-necunoscute-publicului-din-r-moldova-candideaza-la-functia-de-guvernator-al-bnm\/#article","isPartOf":{"@id":"https:\/\/www.btv.md\/ro\/noua-persoane-necunoscute-publicului-din-r-moldova-candideaza-la-functia-de-guvernator-al-bnm\/"},"author":{"name":"admin","@id":"https:\/\/www.btv.md\/#\/schema\/person\/8fadce81561b3ce2c34c46dadc4ccbf2"},"headline":"Nou\u0103 persoane necunoscute publicului din R. Moldova candideaz\u0103 la func\u021bia de guvernator al BNM","datePublished":"2016-02-23T09:17:20+00:00","mainEntityOfPage":{"@id":"https:\/\/www.btv.md\/ro\/noua-persoane-necunoscute-publicului-din-r-moldova-candideaza-la-functia-de-guvernator-al-bnm\/"},"wordCount":1928,"image":{"@id":"https:\/\/www.btv.md\/ro\/noua-persoane-necunoscute-publicului-din-r-moldova-candideaza-la-functia-de-guvernator-al-bnm\/#primaryimage"},"thumbnailUrl":"https:\/\/www.btv.md\/wp-content\/uploads\/2016\/02\/IMG_0012-840x420.jpg","articleSection":["\u041e\u0431\u0449\u0435\u0441\u0442\u0432\u043e"],"inLanguage":"ro-RO"},{"@type":"WebPage","@id":"https:\/\/www.btv.md\/ro\/noua-persoane-necunoscute-publicului-din-r-moldova-candideaza-la-functia-de-guvernator-al-bnm\/","url":"https:\/\/www.btv.md\/ro\/noua-persoane-necunoscute-publicului-din-r-moldova-candideaza-la-functia-de-guvernator-al-bnm\/","name":"Nou\u0103 persoane necunoscute publicului din R. Moldova candideaz\u0103 la func\u021bia de guvernator al BNM - BTV","isPartOf":{"@id":"https:\/\/www.btv.md\/#website"},"primaryImageOfPage":{"@id":"https:\/\/www.btv.md\/ro\/noua-persoane-necunoscute-publicului-din-r-moldova-candideaza-la-functia-de-guvernator-al-bnm\/#primaryimage"},"image":{"@id":"https:\/\/www.btv.md\/ro\/noua-persoane-necunoscute-publicului-din-r-moldova-candideaza-la-functia-de-guvernator-al-bnm\/#primaryimage"},"thumbnailUrl":"https:\/\/www.btv.md\/wp-content\/uploads\/2016\/02\/IMG_0012-840x420.jpg","datePublished":"2016-02-23T09:17:20+00:00","author":{"@id":"https:\/\/www.btv.md\/#\/schema\/person\/8fadce81561b3ce2c34c46dadc4ccbf2"},"inLanguage":"ro-RO","potentialAction":[{"@type":"ReadAction","target":["https:\/\/www.btv.md\/ro\/noua-persoane-necunoscute-publicului-din-r-moldova-candideaza-la-functia-de-guvernator-al-bnm\/"]}]},{"@type":"ImageObject","inLanguage":"ro-RO","@id":"https:\/\/www.btv.md\/ro\/noua-persoane-necunoscute-publicului-din-r-moldova-candideaza-la-functia-de-guvernator-al-bnm\/#primaryimage","url":"https:\/\/www.btv.md\/wp-content\/uploads\/2016\/02\/IMG_0012-840x420.jpg","contentUrl":"https:\/\/www.btv.md\/wp-content\/uploads\/2016\/02\/IMG_0012-840x420.jpg","width":840,"height":420,"caption":"www.zdg.md"},{"@type":"WebSite","@id":"https:\/\/www.btv.md\/#website","url":"https:\/\/www.btv.md\/","name":"BTV","description":"\u0411\u0435\u043b\u044c\u0446\u043a\u043e\u0435 \u0442\u0435\u043b\u0435\u0432\u0438\u0434\u0435\u043d\u0438\u0435","potentialAction":[{"@type":"SearchAction","target":{"@type":"EntryPoint","urlTemplate":"https:\/\/www.btv.md\/?s={search_term_string}"},"query-input":{"@type":"PropertyValueSpecification","valueRequired":true,"valueName":"search_term_string"}}],"inLanguage":"ro-RO"},{"@type":"Person","@id":"https:\/\/www.btv.md\/#\/schema\/person\/8fadce81561b3ce2c34c46dadc4ccbf2","name":"admin"}]}},"_links":{"self":[{"href":"https:\/\/www.btv.md\/ro\/wp-json\/wp\/v2\/posts\/7583","targetHints":{"allow":["GET"]}}],"collection":[{"href":"https:\/\/www.btv.md\/ro\/wp-json\/wp\/v2\/posts"}],"about":[{"href":"https:\/\/www.btv.md\/ro\/wp-json\/wp\/v2\/types\/post"}],"author":[{"embeddable":true,"href":"https:\/\/www.btv.md\/ro\/wp-json\/wp\/v2\/users\/4"}],"replies":[{"embeddable":true,"href":"https:\/\/www.btv.md\/ro\/wp-json\/wp\/v2\/comments?post=7583"}],"version-history":[{"count":0,"href":"https:\/\/www.btv.md\/ro\/wp-json\/wp\/v2\/posts\/7583\/revisions"}],"wp:featuredmedia":[{"embeddable":true,"href":"https:\/\/www.btv.md\/ro\/wp-json\/wp\/v2\/media\/7584"}],"wp:attachment":[{"href":"https:\/\/www.btv.md\/ro\/wp-json\/wp\/v2\/media?parent=7583"}],"wp:term":[{"taxonomy":"category","embeddable":true,"href":"https:\/\/www.btv.md\/ro\/wp-json\/wp\/v2\/categories?post=7583"},{"taxonomy":"post_tag","embeddable":true,"href":"https:\/\/www.btv.md\/ro\/wp-json\/wp\/v2\/tags?post=7583"}],"curies":[{"name":"wp","href":"https:\/\/api.w.org\/{rel}","templated":true}]}}