{"id":7597,"date":"2016-02-23T16:52:48","date_gmt":"2016-02-23T13:52:48","guid":{"rendered":"http:\/\/btv.md\/?p=7597"},"modified":"2016-02-23T16:52:48","modified_gmt":"2016-02-23T13:52:48","slug":"intreruperi-programate-de-energie-electrica-la-balti","status":"publish","type":"post","link":"https:\/\/www.btv.md\/ro\/intreruperi-programate-de-energie-electrica-la-balti\/","title":{"rendered":"\u00ceNTRERUPERI  PROGRAMATE  DE  ENERGIE ELECTRIC\u0102  LA  B\u0102L\u021aI"},"content":{"rendered":"<p><strong>Livrarea energiei electrice pentru consumatorii a opt str\u0103zi din municipiul B\u0103l\u021bi va fi sistat\u0103 temporar.  Potrivit unui comunicat al companiei \u201cRED NORD\u201d, deconectarea va fi efectuat\u0103 \u00een leg\u0103tur\u0103 cu \u00eembun\u0103t\u0103\u021birea servicilor \u0219i schimabarea unor re\u021beli de distribu\u021bie.<\/strong><\/p>\n<p>Astfel, sist\u0103rile par\u021biale de  energiei electric\u0103  sunt programate \u00eentre orele 08:00 \u0219i 12:00 pentru str\u0103zile:<\/p>\n<p><em>1.\tstr. Cicicalo 8,<br \/>\n2.\t Bulgar\u0103 49,<br \/>\n3.\tSuceava 20,<br \/>\n4.\tDostoevschi 6,<br \/>\n5.\t Dovator 1-23, 1A,<br \/>\n6.\t Paladia 1-58, 9A,<br \/>\n7.\tSf. Nicolae 4-54, 16A, 22G, 24G, 26G, 30A, 5A, 5G, 9G<br \/>\n8.\t\u015et. cel Mare 34, 36 <\/p>\n<p>Iar pe str\u0103zile Voluntarilor 20, Victoriei 60, energia electric\u0103 va fi deconectat\u0103 de la ora  13:00 p\u00e2n\u0103 la ora 17:00.<\/em><\/p>\n<p><strong>Deconect\u0103rile vor avea loc miercuri, 24 februarie.<\/strong><\/p>\n<p><iframe width=\"420\" height=\"315\" data-src=\"https:\/\/www.youtube.com\/embed\/eg6K9EzfOV4\" frameborder=\"0\" allowfullscreen src=\"data:image\/svg+xml;base64,PHN2ZyB3aWR0aD0iMSIgaGVpZ2h0PSIxIiB4bWxucz0iaHR0cDovL3d3dy53My5vcmcvMjAwMC9zdmciPjwvc3ZnPg==\" class=\"lazyload\" data-load-mode=\"1\"><\/iframe><\/p>\n","protected":false},"excerpt":{"rendered":"<p>Livrarea energiei electrice pentru consumatorii a opt str\u0103zi din municipiul B\u0103l\u021bi va fi sistat\u0103 temporar. Potrivit unui comunicat al companiei \u201cRED NORD\u201d, deconectarea va fi efectuat\u0103 \u00een leg\u0103tur\u0103 cu \u00eembun\u0103t\u0103\u021birea servicilor \u0219i schimabarea unor re\u021beli de distribu\u021bie. Astfel, sist\u0103rile par\u021biale de energiei electric\u0103 sunt programate \u00eentre orele 08:00 \u0219i 12:00 pentru str\u0103zile: 1. str. Cicicalo [&hellip;]<\/p>\n","protected":false},"author":4,"featured_media":7598,"comment_status":"closed","ping_status":"closed","sticky":false,"template":"","format":"standard","meta":{"footnotes":""},"categories":[12],"tags":[],"class_list":["post-7597","post","type-post","status-publish","format-standard","has-post-thumbnail","hentry","category-balti"],"yoast_head":"<!-- This site is optimized with the Yoast SEO plugin v27.4 - https:\/\/yoast.com\/product\/yoast-seo-wordpress\/ -->\n<title>\u00ceNTRERUPERI PROGRAMATE DE ENERGIE ELECTRIC\u0102 LA B\u0102L\u021aI  - BTV<\/title>\n<meta name=\"robots\" content=\"index, follow, max-snippet:-1, max-image-preview:large, max-video-preview:-1\" \/>\n<link rel=\"canonical\" href=\"https:\/\/www.btv.md\/ro\/intreruperi-programate-de-energie-electrica-la-balti\/\" \/>\n<meta property=\"og:locale\" content=\"ro_RO\" \/>\n<meta property=\"og:type\" content=\"article\" \/>\n<meta property=\"og:title\" content=\"\u00ceNTRERUPERI PROGRAMATE DE ENERGIE ELECTRIC\u0102 LA B\u0102L\u021aI  - BTV\" \/>\n<meta property=\"og:description\" content=\"Livrarea energiei electrice pentru consumatorii a opt str\u0103zi din municipiul B\u0103l\u021bi va fi sistat\u0103 temporar. Potrivit unui comunicat al companiei \u201cRED NORD\u201d, deconectarea va fi efectuat\u0103 \u00een leg\u0103tur\u0103 cu \u00eembun\u0103t\u0103\u021birea servicilor \u0219i schimabarea unor re\u021beli de distribu\u021bie. Astfel, sist\u0103rile par\u021biale de energiei electric\u0103 sunt programate \u00eentre orele 08:00 \u0219i 12:00 pentru str\u0103zile: 1. str. Cicicalo [&hellip;]\" \/>\n<meta property=\"og:url\" content=\"https:\/\/www.btv.md\/ro\/intreruperi-programate-de-energie-electrica-la-balti\/\" \/>\n<meta property=\"og:site_name\" content=\"BTV\" \/>\n<meta property=\"article:publisher\" content=\"https:\/\/www.facebook.com\/btvmoldova\/\" \/>\n<meta property=\"article:published_time\" content=\"2016-02-23T13:52:48+00:00\" \/>\n<meta property=\"og:image\" content=\"https:\/\/www.btv.md\/wp-content\/uploads\/2016\/02\/intreruperi-curent.jpg\" \/>\n\t<meta property=\"og:image:width\" content=\"1000\" \/>\n\t<meta property=\"og:image:height\" content=\"600\" \/>\n\t<meta property=\"og:image:type\" content=\"image\/jpeg\" \/>\n<meta name=\"author\" content=\"admin\" \/>\n<meta name=\"twitter:label1\" content=\"Scris de\" \/>\n\t<meta name=\"twitter:data1\" content=\"admin\" \/>\n\t<meta name=\"twitter:label2\" content=\"Timp estimat pentru citire\" \/>\n\t<meta name=\"twitter:data2\" content=\"1 minut\" \/>\n<script type=\"application\/ld+json\" class=\"yoast-schema-graph\">{\"@context\":\"https:\\\/\\\/schema.org\",\"@graph\":[{\"@type\":\"Article\",\"@id\":\"https:\\\/\\\/www.btv.md\\\/ro\\\/intreruperi-programate-de-energie-electrica-la-balti\\\/#article\",\"isPartOf\":{\"@id\":\"https:\\\/\\\/www.btv.md\\\/ro\\\/intreruperi-programate-de-energie-electrica-la-balti\\\/\"},\"author\":{\"name\":\"admin\",\"@id\":\"https:\\\/\\\/www.btv.md\\\/#\\\/schema\\\/person\\\/8fadce81561b3ce2c34c46dadc4ccbf2\"},\"headline\":\"\u00ceNTRERUPERI PROGRAMATE DE ENERGIE ELECTRIC\u0102 LA B\u0102L\u021aI\",\"datePublished\":\"2016-02-23T13:52:48+00:00\",\"mainEntityOfPage\":{\"@id\":\"https:\\\/\\\/www.btv.md\\\/ro\\\/intreruperi-programate-de-energie-electrica-la-balti\\\/\"},\"wordCount\":120,\"image\":{\"@id\":\"https:\\\/\\\/www.btv.md\\\/ro\\\/intreruperi-programate-de-energie-electrica-la-balti\\\/#primaryimage\"},\"thumbnailUrl\":\"https:\\\/\\\/www.btv.md\\\/wp-content\\\/uploads\\\/2016\\\/02\\\/intreruperi-curent.jpg\",\"articleSection\":[\"\u0413\u043e\u0440\u043e\u0434\"],\"inLanguage\":\"ro-RO\"},{\"@type\":\"WebPage\",\"@id\":\"https:\\\/\\\/www.btv.md\\\/ro\\\/intreruperi-programate-de-energie-electrica-la-balti\\\/\",\"url\":\"https:\\\/\\\/www.btv.md\\\/ro\\\/intreruperi-programate-de-energie-electrica-la-balti\\\/\",\"name\":\"\u00ceNTRERUPERI PROGRAMATE DE ENERGIE ELECTRIC\u0102 LA B\u0102L\u021aI - BTV\",\"isPartOf\":{\"@id\":\"https:\\\/\\\/www.btv.md\\\/#website\"},\"primaryImageOfPage\":{\"@id\":\"https:\\\/\\\/www.btv.md\\\/ro\\\/intreruperi-programate-de-energie-electrica-la-balti\\\/#primaryimage\"},\"image\":{\"@id\":\"https:\\\/\\\/www.btv.md\\\/ro\\\/intreruperi-programate-de-energie-electrica-la-balti\\\/#primaryimage\"},\"thumbnailUrl\":\"https:\\\/\\\/www.btv.md\\\/wp-content\\\/uploads\\\/2016\\\/02\\\/intreruperi-curent.jpg\",\"datePublished\":\"2016-02-23T13:52:48+00:00\",\"author\":{\"@id\":\"https:\\\/\\\/www.btv.md\\\/#\\\/schema\\\/person\\\/8fadce81561b3ce2c34c46dadc4ccbf2\"},\"inLanguage\":\"ro-RO\",\"potentialAction\":[{\"@type\":\"ReadAction\",\"target\":[\"https:\\\/\\\/www.btv.md\\\/ro\\\/intreruperi-programate-de-energie-electrica-la-balti\\\/\"]}]},{\"@type\":\"ImageObject\",\"inLanguage\":\"ro-RO\",\"@id\":\"https:\\\/\\\/www.btv.md\\\/ro\\\/intreruperi-programate-de-energie-electrica-la-balti\\\/#primaryimage\",\"url\":\"https:\\\/\\\/www.btv.md\\\/wp-content\\\/uploads\\\/2016\\\/02\\\/intreruperi-curent.jpg\",\"contentUrl\":\"https:\\\/\\\/www.btv.md\\\/wp-content\\\/uploads\\\/2016\\\/02\\\/intreruperi-curent.jpg\",\"width\":1000,\"height\":600,\"caption\":\"ziarulunirea.ro\"},{\"@type\":\"WebSite\",\"@id\":\"https:\\\/\\\/www.btv.md\\\/#website\",\"url\":\"https:\\\/\\\/www.btv.md\\\/\",\"name\":\"BTV\",\"description\":\"\u0411\u0435\u043b\u044c\u0446\u043a\u043e\u0435 \u0442\u0435\u043b\u0435\u0432\u0438\u0434\u0435\u043d\u0438\u0435\",\"potentialAction\":[{\"@type\":\"SearchAction\",\"target\":{\"@type\":\"EntryPoint\",\"urlTemplate\":\"https:\\\/\\\/www.btv.md\\\/?s={search_term_string}\"},\"query-input\":{\"@type\":\"PropertyValueSpecification\",\"valueRequired\":true,\"valueName\":\"search_term_string\"}}],\"inLanguage\":\"ro-RO\"},{\"@type\":\"Person\",\"@id\":\"https:\\\/\\\/www.btv.md\\\/#\\\/schema\\\/person\\\/8fadce81561b3ce2c34c46dadc4ccbf2\",\"name\":\"admin\"}]}<\/script>\n<!-- \/ Yoast SEO plugin. -->","yoast_head_json":{"title":"\u00ceNTRERUPERI PROGRAMATE DE ENERGIE ELECTRIC\u0102 LA B\u0102L\u021aI  - BTV","robots":{"index":"index","follow":"follow","max-snippet":"max-snippet:-1","max-image-preview":"max-image-preview:large","max-video-preview":"max-video-preview:-1"},"canonical":"https:\/\/www.btv.md\/ro\/intreruperi-programate-de-energie-electrica-la-balti\/","og_locale":"ro_RO","og_type":"article","og_title":"\u00ceNTRERUPERI PROGRAMATE DE ENERGIE ELECTRIC\u0102 LA B\u0102L\u021aI  - BTV","og_description":"Livrarea energiei electrice pentru consumatorii a opt str\u0103zi din municipiul B\u0103l\u021bi va fi sistat\u0103 temporar. Potrivit unui comunicat al companiei \u201cRED NORD\u201d, deconectarea va fi efectuat\u0103 \u00een leg\u0103tur\u0103 cu \u00eembun\u0103t\u0103\u021birea servicilor \u0219i schimabarea unor re\u021beli de distribu\u021bie. Astfel, sist\u0103rile par\u021biale de energiei electric\u0103 sunt programate \u00eentre orele 08:00 \u0219i 12:00 pentru str\u0103zile: 1. str. Cicicalo [&hellip;]","og_url":"https:\/\/www.btv.md\/ro\/intreruperi-programate-de-energie-electrica-la-balti\/","og_site_name":"BTV","article_publisher":"https:\/\/www.facebook.com\/btvmoldova\/","article_published_time":"2016-02-23T13:52:48+00:00","og_image":[{"width":1000,"height":600,"url":"https:\/\/www.btv.md\/wp-content\/uploads\/2016\/02\/intreruperi-curent.jpg","type":"image\/jpeg"}],"author":"admin","twitter_misc":{"Scris de":"admin","Timp estimat pentru citire":"1 minut"},"schema":{"@context":"https:\/\/schema.org","@graph":[{"@type":"Article","@id":"https:\/\/www.btv.md\/ro\/intreruperi-programate-de-energie-electrica-la-balti\/#article","isPartOf":{"@id":"https:\/\/www.btv.md\/ro\/intreruperi-programate-de-energie-electrica-la-balti\/"},"author":{"name":"admin","@id":"https:\/\/www.btv.md\/#\/schema\/person\/8fadce81561b3ce2c34c46dadc4ccbf2"},"headline":"\u00ceNTRERUPERI PROGRAMATE DE ENERGIE ELECTRIC\u0102 LA B\u0102L\u021aI","datePublished":"2016-02-23T13:52:48+00:00","mainEntityOfPage":{"@id":"https:\/\/www.btv.md\/ro\/intreruperi-programate-de-energie-electrica-la-balti\/"},"wordCount":120,"image":{"@id":"https:\/\/www.btv.md\/ro\/intreruperi-programate-de-energie-electrica-la-balti\/#primaryimage"},"thumbnailUrl":"https:\/\/www.btv.md\/wp-content\/uploads\/2016\/02\/intreruperi-curent.jpg","articleSection":["\u0413\u043e\u0440\u043e\u0434"],"inLanguage":"ro-RO"},{"@type":"WebPage","@id":"https:\/\/www.btv.md\/ro\/intreruperi-programate-de-energie-electrica-la-balti\/","url":"https:\/\/www.btv.md\/ro\/intreruperi-programate-de-energie-electrica-la-balti\/","name":"\u00ceNTRERUPERI PROGRAMATE DE ENERGIE ELECTRIC\u0102 LA B\u0102L\u021aI - BTV","isPartOf":{"@id":"https:\/\/www.btv.md\/#website"},"primaryImageOfPage":{"@id":"https:\/\/www.btv.md\/ro\/intreruperi-programate-de-energie-electrica-la-balti\/#primaryimage"},"image":{"@id":"https:\/\/www.btv.md\/ro\/intreruperi-programate-de-energie-electrica-la-balti\/#primaryimage"},"thumbnailUrl":"https:\/\/www.btv.md\/wp-content\/uploads\/2016\/02\/intreruperi-curent.jpg","datePublished":"2016-02-23T13:52:48+00:00","author":{"@id":"https:\/\/www.btv.md\/#\/schema\/person\/8fadce81561b3ce2c34c46dadc4ccbf2"},"inLanguage":"ro-RO","potentialAction":[{"@type":"ReadAction","target":["https:\/\/www.btv.md\/ro\/intreruperi-programate-de-energie-electrica-la-balti\/"]}]},{"@type":"ImageObject","inLanguage":"ro-RO","@id":"https:\/\/www.btv.md\/ro\/intreruperi-programate-de-energie-electrica-la-balti\/#primaryimage","url":"https:\/\/www.btv.md\/wp-content\/uploads\/2016\/02\/intreruperi-curent.jpg","contentUrl":"https:\/\/www.btv.md\/wp-content\/uploads\/2016\/02\/intreruperi-curent.jpg","width":1000,"height":600,"caption":"ziarulunirea.ro"},{"@type":"WebSite","@id":"https:\/\/www.btv.md\/#website","url":"https:\/\/www.btv.md\/","name":"BTV","description":"\u0411\u0435\u043b\u044c\u0446\u043a\u043e\u0435 \u0442\u0435\u043b\u0435\u0432\u0438\u0434\u0435\u043d\u0438\u0435","potentialAction":[{"@type":"SearchAction","target":{"@type":"EntryPoint","urlTemplate":"https:\/\/www.btv.md\/?s={search_term_string}"},"query-input":{"@type":"PropertyValueSpecification","valueRequired":true,"valueName":"search_term_string"}}],"inLanguage":"ro-RO"},{"@type":"Person","@id":"https:\/\/www.btv.md\/#\/schema\/person\/8fadce81561b3ce2c34c46dadc4ccbf2","name":"admin"}]}},"_links":{"self":[{"href":"https:\/\/www.btv.md\/ro\/wp-json\/wp\/v2\/posts\/7597","targetHints":{"allow":["GET"]}}],"collection":[{"href":"https:\/\/www.btv.md\/ro\/wp-json\/wp\/v2\/posts"}],"about":[{"href":"https:\/\/www.btv.md\/ro\/wp-json\/wp\/v2\/types\/post"}],"author":[{"embeddable":true,"href":"https:\/\/www.btv.md\/ro\/wp-json\/wp\/v2\/users\/4"}],"replies":[{"embeddable":true,"href":"https:\/\/www.btv.md\/ro\/wp-json\/wp\/v2\/comments?post=7597"}],"version-history":[{"count":0,"href":"https:\/\/www.btv.md\/ro\/wp-json\/wp\/v2\/posts\/7597\/revisions"}],"wp:featuredmedia":[{"embeddable":true,"href":"https:\/\/www.btv.md\/ro\/wp-json\/wp\/v2\/media\/7598"}],"wp:attachment":[{"href":"https:\/\/www.btv.md\/ro\/wp-json\/wp\/v2\/media?parent=7597"}],"wp:term":[{"taxonomy":"category","embeddable":true,"href":"https:\/\/www.btv.md\/ro\/wp-json\/wp\/v2\/categories?post=7597"},{"taxonomy":"post_tag","embeddable":true,"href":"https:\/\/www.btv.md\/ro\/wp-json\/wp\/v2\/tags?post=7597"}],"curies":[{"name":"wp","href":"https:\/\/api.w.org\/{rel}","templated":true}]}}