{"id":7603,"date":"2016-02-23T17:23:16","date_gmt":"2016-02-23T14:23:16","guid":{"rendered":"http:\/\/btv.md\/?p=7603"},"modified":"2016-02-23T17:23:16","modified_gmt":"2016-02-23T14:23:16","slug":"expert-economic-majorarea-tarifelor-la-telefonia-mobila-intelegere-de-cartel","status":"publish","type":"post","link":"https:\/\/www.btv.md\/ro\/expert-economic-majorarea-tarifelor-la-telefonia-mobila-intelegere-de-cartel\/","title":{"rendered":"Expert economic: Majorarea tarifelor la telefonia mobil\u0103, \u00een\u021belegere de cartel"},"content":{"rendered":"<p><strong>Abona\u021bii unor operatori de telefonie mobil\u0103 vor pl\u0103ti cu 50 la sut\u0103 mai mult pentru minutele suplimentare planului tarifar. At\u00e2t exper\u021bii economici c\u00e2t \u0219i clien\u021bii care beneficiaz\u0103 de serviciile operatorilor, presupun c\u0103 scumpirile survin \u00een urma unei \u00een\u021belegeri de cartel.  <\/strong><\/p>\n<p>\u201e<em>Cred c\u0103 este vorba despre o \u00een\u021belegere dintre cele dou\u0103 companii pentru a nu-\u0219i pierde clien\u021bii. Eu personal am num\u0103r Moldcell dar \u0219i Orange, a\u0219a c\u0103 nu \u0219tiu pe care \u00eel voi p\u0103stra. De fapt, sunt abonat\u0103 la un pachet destul de accesibil, a\u0219a c\u0103 cel mai cur\u00e2nd voi r\u0103m\u00e2ne<\/em>\u201d.<\/p>\n<p>\u201e<em>Nu cred s\u0103 vorbeasc\u0103 mai pu\u021bin. Sunt obi\u0219nui\u021bi \u00een acest ritm<\/em>\u201d.<\/p>\n<p>\u201e<em>Eu \u00een principiu nu m\u0103 uit la c\u00e2t timp vorbesc prin telefon. De fapt eu am abonament nelimitat<\/em>\u201d.<\/p>\n<p>Expertul economic, Nelli Amarfii-R\u0103ilean, nu exclude faptul c\u0103 ar putea fi vorba despre o \u00een\u021belegere dintre companiile de telefonie mobil\u0103, de\u0219i major\u0103rile sunt consecin\u021bele mai multor factori economici.<\/p>\n<p>\u201e<em>Trebuie s\u0103 fim aten\u021bi c\u0103 este vorba de majorarea tarifelor extra Abonament, prin urmare pachetele de baz\u0103 r\u0103m\u00e2n neafectate. Nu este exclus c\u0103 exist\u0103 o \u00een\u021belegere \u00eentre aceste dou\u0103 companii. Dar, sunt \u0219i un \u0219ir de factori care motiveaz\u0103 aceast\u0103 inten\u021bie, cum ar fi criza economic\u0103, devalorizarea monedei na\u021bionale fa\u021b\u0103 de valuta str\u0103in\u0103<\/em>\u201d.<\/p>\n<p>Companiile Orange \u0219i Moldcell au anun\u021bat scumpiri din data de 1 martie \u0219i respectiv din 17 martie. Astfel, apelurile extra Abonament se vor scumpi cu 50 la sut\u0103, p\u00e2n\u0103 la 1 leu si 50 bani.<\/p>\n<p><iframe width=\"420\" height=\"315\" data-src=\"https:\/\/www.youtube.com\/embed\/KbYEHp00_kE\" frameborder=\"0\" allowfullscreen src=\"data:image\/svg+xml;base64,PHN2ZyB3aWR0aD0iMSIgaGVpZ2h0PSIxIiB4bWxucz0iaHR0cDovL3d3dy53My5vcmcvMjAwMC9zdmciPjwvc3ZnPg==\" class=\"lazyload\" data-load-mode=\"1\"><\/iframe><\/p>\n","protected":false},"excerpt":{"rendered":"<p>Abona\u021bii unor operatori de telefonie mobil\u0103 vor pl\u0103ti cu 50 la sut\u0103 mai mult pentru minutele suplimentare planului tarifar. At\u00e2t exper\u021bii economici c\u00e2t \u0219i clien\u021bii care beneficiaz\u0103 de serviciile operatorilor, presupun c\u0103 scumpirile survin \u00een urma unei \u00een\u021belegeri de cartel. \u201eCred c\u0103 este vorba despre o \u00een\u021belegere dintre cele dou\u0103 companii pentru a nu-\u0219i pierde [&hellip;]<\/p>\n","protected":false},"author":4,"featured_media":7604,"comment_status":"closed","ping_status":"closed","sticky":false,"template":"","format":"standard","meta":{"footnotes":""},"categories":[12],"tags":[],"class_list":["post-7603","post","type-post","status-publish","format-standard","has-post-thumbnail","hentry","category-balti"],"yoast_head":"<!-- This site is optimized with the Yoast SEO plugin v27.4 - https:\/\/yoast.com\/product\/yoast-seo-wordpress\/ -->\n<title>Expert economic: Majorarea tarifelor la telefonia mobil\u0103, \u00een\u021belegere de cartel - BTV<\/title>\n<meta name=\"robots\" content=\"index, follow, max-snippet:-1, max-image-preview:large, max-video-preview:-1\" \/>\n<link rel=\"canonical\" href=\"https:\/\/www.btv.md\/ro\/expert-economic-majorarea-tarifelor-la-telefonia-mobila-intelegere-de-cartel\/\" \/>\n<meta property=\"og:locale\" content=\"ro_RO\" \/>\n<meta property=\"og:type\" content=\"article\" \/>\n<meta property=\"og:title\" content=\"Expert economic: Majorarea tarifelor la telefonia mobil\u0103, \u00een\u021belegere de cartel - BTV\" \/>\n<meta property=\"og:description\" content=\"Abona\u021bii unor operatori de telefonie mobil\u0103 vor pl\u0103ti cu 50 la sut\u0103 mai mult pentru minutele suplimentare planului tarifar. At\u00e2t exper\u021bii economici c\u00e2t \u0219i clien\u021bii care beneficiaz\u0103 de serviciile operatorilor, presupun c\u0103 scumpirile survin \u00een urma unei \u00een\u021belegeri de cartel. \u201eCred c\u0103 este vorba despre o \u00een\u021belegere dintre cele dou\u0103 companii pentru a nu-\u0219i pierde [&hellip;]\" \/>\n<meta property=\"og:url\" content=\"https:\/\/www.btv.md\/ro\/expert-economic-majorarea-tarifelor-la-telefonia-mobila-intelegere-de-cartel\/\" \/>\n<meta property=\"og:site_name\" content=\"BTV\" \/>\n<meta property=\"article:publisher\" content=\"https:\/\/www.facebook.com\/btvmoldova\/\" \/>\n<meta property=\"article:published_time\" content=\"2016-02-23T14:23:16+00:00\" \/>\n<meta property=\"og:image\" content=\"https:\/\/www.btv.md\/wp-content\/uploads\/2016\/02\/telefonie-mobila-telefon.g6ryufz9at.jpg\" \/>\n\t<meta property=\"og:image:width\" content=\"1600\" \/>\n\t<meta property=\"og:image:height\" content=\"1066\" \/>\n\t<meta property=\"og:image:type\" content=\"image\/jpeg\" \/>\n<meta name=\"author\" content=\"admin\" \/>\n<meta name=\"twitter:label1\" content=\"Scris de\" \/>\n\t<meta name=\"twitter:data1\" content=\"admin\" \/>\n\t<meta name=\"twitter:label2\" content=\"Timp estimat pentru citire\" \/>\n\t<meta name=\"twitter:data2\" content=\"1 minut\" \/>\n<script type=\"application\/ld+json\" class=\"yoast-schema-graph\">{\"@context\":\"https:\\\/\\\/schema.org\",\"@graph\":[{\"@type\":\"Article\",\"@id\":\"https:\\\/\\\/www.btv.md\\\/ro\\\/expert-economic-majorarea-tarifelor-la-telefonia-mobila-intelegere-de-cartel\\\/#article\",\"isPartOf\":{\"@id\":\"https:\\\/\\\/www.btv.md\\\/ro\\\/expert-economic-majorarea-tarifelor-la-telefonia-mobila-intelegere-de-cartel\\\/\"},\"author\":{\"name\":\"admin\",\"@id\":\"https:\\\/\\\/www.btv.md\\\/#\\\/schema\\\/person\\\/8fadce81561b3ce2c34c46dadc4ccbf2\"},\"headline\":\"Expert economic: Majorarea tarifelor la telefonia mobil\u0103, \u00een\u021belegere de cartel\",\"datePublished\":\"2016-02-23T14:23:16+00:00\",\"mainEntityOfPage\":{\"@id\":\"https:\\\/\\\/www.btv.md\\\/ro\\\/expert-economic-majorarea-tarifelor-la-telefonia-mobila-intelegere-de-cartel\\\/\"},\"wordCount\":275,\"image\":{\"@id\":\"https:\\\/\\\/www.btv.md\\\/ro\\\/expert-economic-majorarea-tarifelor-la-telefonia-mobila-intelegere-de-cartel\\\/#primaryimage\"},\"thumbnailUrl\":\"https:\\\/\\\/www.btv.md\\\/wp-content\\\/uploads\\\/2016\\\/02\\\/telefonie-mobila-telefon.g6ryufz9at.jpg\",\"articleSection\":[\"\u0413\u043e\u0440\u043e\u0434\"],\"inLanguage\":\"ro-RO\"},{\"@type\":\"WebPage\",\"@id\":\"https:\\\/\\\/www.btv.md\\\/ro\\\/expert-economic-majorarea-tarifelor-la-telefonia-mobila-intelegere-de-cartel\\\/\",\"url\":\"https:\\\/\\\/www.btv.md\\\/ro\\\/expert-economic-majorarea-tarifelor-la-telefonia-mobila-intelegere-de-cartel\\\/\",\"name\":\"Expert economic: Majorarea tarifelor la telefonia mobil\u0103, \u00een\u021belegere de cartel - BTV\",\"isPartOf\":{\"@id\":\"https:\\\/\\\/www.btv.md\\\/#website\"},\"primaryImageOfPage\":{\"@id\":\"https:\\\/\\\/www.btv.md\\\/ro\\\/expert-economic-majorarea-tarifelor-la-telefonia-mobila-intelegere-de-cartel\\\/#primaryimage\"},\"image\":{\"@id\":\"https:\\\/\\\/www.btv.md\\\/ro\\\/expert-economic-majorarea-tarifelor-la-telefonia-mobila-intelegere-de-cartel\\\/#primaryimage\"},\"thumbnailUrl\":\"https:\\\/\\\/www.btv.md\\\/wp-content\\\/uploads\\\/2016\\\/02\\\/telefonie-mobila-telefon.g6ryufz9at.jpg\",\"datePublished\":\"2016-02-23T14:23:16+00:00\",\"author\":{\"@id\":\"https:\\\/\\\/www.btv.md\\\/#\\\/schema\\\/person\\\/8fadce81561b3ce2c34c46dadc4ccbf2\"},\"inLanguage\":\"ro-RO\",\"potentialAction\":[{\"@type\":\"ReadAction\",\"target\":[\"https:\\\/\\\/www.btv.md\\\/ro\\\/expert-economic-majorarea-tarifelor-la-telefonia-mobila-intelegere-de-cartel\\\/\"]}]},{\"@type\":\"ImageObject\",\"inLanguage\":\"ro-RO\",\"@id\":\"https:\\\/\\\/www.btv.md\\\/ro\\\/expert-economic-majorarea-tarifelor-la-telefonia-mobila-intelegere-de-cartel\\\/#primaryimage\",\"url\":\"https:\\\/\\\/www.btv.md\\\/wp-content\\\/uploads\\\/2016\\\/02\\\/telefonie-mobila-telefon.g6ryufz9at.jpg\",\"contentUrl\":\"https:\\\/\\\/www.btv.md\\\/wp-content\\\/uploads\\\/2016\\\/02\\\/telefonie-mobila-telefon.g6ryufz9at.jpg\",\"width\":1600,\"height\":1066,\"caption\":\"www.cotidianul.ro\"},{\"@type\":\"WebSite\",\"@id\":\"https:\\\/\\\/www.btv.md\\\/#website\",\"url\":\"https:\\\/\\\/www.btv.md\\\/\",\"name\":\"BTV\",\"description\":\"\u0411\u0435\u043b\u044c\u0446\u043a\u043e\u0435 \u0442\u0435\u043b\u0435\u0432\u0438\u0434\u0435\u043d\u0438\u0435\",\"potentialAction\":[{\"@type\":\"SearchAction\",\"target\":{\"@type\":\"EntryPoint\",\"urlTemplate\":\"https:\\\/\\\/www.btv.md\\\/?s={search_term_string}\"},\"query-input\":{\"@type\":\"PropertyValueSpecification\",\"valueRequired\":true,\"valueName\":\"search_term_string\"}}],\"inLanguage\":\"ro-RO\"},{\"@type\":\"Person\",\"@id\":\"https:\\\/\\\/www.btv.md\\\/#\\\/schema\\\/person\\\/8fadce81561b3ce2c34c46dadc4ccbf2\",\"name\":\"admin\"}]}<\/script>\n<!-- \/ Yoast SEO plugin. -->","yoast_head_json":{"title":"Expert economic: Majorarea tarifelor la telefonia mobil\u0103, \u00een\u021belegere de cartel - BTV","robots":{"index":"index","follow":"follow","max-snippet":"max-snippet:-1","max-image-preview":"max-image-preview:large","max-video-preview":"max-video-preview:-1"},"canonical":"https:\/\/www.btv.md\/ro\/expert-economic-majorarea-tarifelor-la-telefonia-mobila-intelegere-de-cartel\/","og_locale":"ro_RO","og_type":"article","og_title":"Expert economic: Majorarea tarifelor la telefonia mobil\u0103, \u00een\u021belegere de cartel - BTV","og_description":"Abona\u021bii unor operatori de telefonie mobil\u0103 vor pl\u0103ti cu 50 la sut\u0103 mai mult pentru minutele suplimentare planului tarifar. At\u00e2t exper\u021bii economici c\u00e2t \u0219i clien\u021bii care beneficiaz\u0103 de serviciile operatorilor, presupun c\u0103 scumpirile survin \u00een urma unei \u00een\u021belegeri de cartel. \u201eCred c\u0103 este vorba despre o \u00een\u021belegere dintre cele dou\u0103 companii pentru a nu-\u0219i pierde [&hellip;]","og_url":"https:\/\/www.btv.md\/ro\/expert-economic-majorarea-tarifelor-la-telefonia-mobila-intelegere-de-cartel\/","og_site_name":"BTV","article_publisher":"https:\/\/www.facebook.com\/btvmoldova\/","article_published_time":"2016-02-23T14:23:16+00:00","og_image":[{"width":1600,"height":1066,"url":"https:\/\/www.btv.md\/wp-content\/uploads\/2016\/02\/telefonie-mobila-telefon.g6ryufz9at.jpg","type":"image\/jpeg"}],"author":"admin","twitter_misc":{"Scris de":"admin","Timp estimat pentru citire":"1 minut"},"schema":{"@context":"https:\/\/schema.org","@graph":[{"@type":"Article","@id":"https:\/\/www.btv.md\/ro\/expert-economic-majorarea-tarifelor-la-telefonia-mobila-intelegere-de-cartel\/#article","isPartOf":{"@id":"https:\/\/www.btv.md\/ro\/expert-economic-majorarea-tarifelor-la-telefonia-mobila-intelegere-de-cartel\/"},"author":{"name":"admin","@id":"https:\/\/www.btv.md\/#\/schema\/person\/8fadce81561b3ce2c34c46dadc4ccbf2"},"headline":"Expert economic: Majorarea tarifelor la telefonia mobil\u0103, \u00een\u021belegere de cartel","datePublished":"2016-02-23T14:23:16+00:00","mainEntityOfPage":{"@id":"https:\/\/www.btv.md\/ro\/expert-economic-majorarea-tarifelor-la-telefonia-mobila-intelegere-de-cartel\/"},"wordCount":275,"image":{"@id":"https:\/\/www.btv.md\/ro\/expert-economic-majorarea-tarifelor-la-telefonia-mobila-intelegere-de-cartel\/#primaryimage"},"thumbnailUrl":"https:\/\/www.btv.md\/wp-content\/uploads\/2016\/02\/telefonie-mobila-telefon.g6ryufz9at.jpg","articleSection":["\u0413\u043e\u0440\u043e\u0434"],"inLanguage":"ro-RO"},{"@type":"WebPage","@id":"https:\/\/www.btv.md\/ro\/expert-economic-majorarea-tarifelor-la-telefonia-mobila-intelegere-de-cartel\/","url":"https:\/\/www.btv.md\/ro\/expert-economic-majorarea-tarifelor-la-telefonia-mobila-intelegere-de-cartel\/","name":"Expert economic: Majorarea tarifelor la telefonia mobil\u0103, \u00een\u021belegere de cartel - BTV","isPartOf":{"@id":"https:\/\/www.btv.md\/#website"},"primaryImageOfPage":{"@id":"https:\/\/www.btv.md\/ro\/expert-economic-majorarea-tarifelor-la-telefonia-mobila-intelegere-de-cartel\/#primaryimage"},"image":{"@id":"https:\/\/www.btv.md\/ro\/expert-economic-majorarea-tarifelor-la-telefonia-mobila-intelegere-de-cartel\/#primaryimage"},"thumbnailUrl":"https:\/\/www.btv.md\/wp-content\/uploads\/2016\/02\/telefonie-mobila-telefon.g6ryufz9at.jpg","datePublished":"2016-02-23T14:23:16+00:00","author":{"@id":"https:\/\/www.btv.md\/#\/schema\/person\/8fadce81561b3ce2c34c46dadc4ccbf2"},"inLanguage":"ro-RO","potentialAction":[{"@type":"ReadAction","target":["https:\/\/www.btv.md\/ro\/expert-economic-majorarea-tarifelor-la-telefonia-mobila-intelegere-de-cartel\/"]}]},{"@type":"ImageObject","inLanguage":"ro-RO","@id":"https:\/\/www.btv.md\/ro\/expert-economic-majorarea-tarifelor-la-telefonia-mobila-intelegere-de-cartel\/#primaryimage","url":"https:\/\/www.btv.md\/wp-content\/uploads\/2016\/02\/telefonie-mobila-telefon.g6ryufz9at.jpg","contentUrl":"https:\/\/www.btv.md\/wp-content\/uploads\/2016\/02\/telefonie-mobila-telefon.g6ryufz9at.jpg","width":1600,"height":1066,"caption":"www.cotidianul.ro"},{"@type":"WebSite","@id":"https:\/\/www.btv.md\/#website","url":"https:\/\/www.btv.md\/","name":"BTV","description":"\u0411\u0435\u043b\u044c\u0446\u043a\u043e\u0435 \u0442\u0435\u043b\u0435\u0432\u0438\u0434\u0435\u043d\u0438\u0435","potentialAction":[{"@type":"SearchAction","target":{"@type":"EntryPoint","urlTemplate":"https:\/\/www.btv.md\/?s={search_term_string}"},"query-input":{"@type":"PropertyValueSpecification","valueRequired":true,"valueName":"search_term_string"}}],"inLanguage":"ro-RO"},{"@type":"Person","@id":"https:\/\/www.btv.md\/#\/schema\/person\/8fadce81561b3ce2c34c46dadc4ccbf2","name":"admin"}]}},"_links":{"self":[{"href":"https:\/\/www.btv.md\/ro\/wp-json\/wp\/v2\/posts\/7603","targetHints":{"allow":["GET"]}}],"collection":[{"href":"https:\/\/www.btv.md\/ro\/wp-json\/wp\/v2\/posts"}],"about":[{"href":"https:\/\/www.btv.md\/ro\/wp-json\/wp\/v2\/types\/post"}],"author":[{"embeddable":true,"href":"https:\/\/www.btv.md\/ro\/wp-json\/wp\/v2\/users\/4"}],"replies":[{"embeddable":true,"href":"https:\/\/www.btv.md\/ro\/wp-json\/wp\/v2\/comments?post=7603"}],"version-history":[{"count":0,"href":"https:\/\/www.btv.md\/ro\/wp-json\/wp\/v2\/posts\/7603\/revisions"}],"wp:featuredmedia":[{"embeddable":true,"href":"https:\/\/www.btv.md\/ro\/wp-json\/wp\/v2\/media\/7604"}],"wp:attachment":[{"href":"https:\/\/www.btv.md\/ro\/wp-json\/wp\/v2\/media?parent=7603"}],"wp:term":[{"taxonomy":"category","embeddable":true,"href":"https:\/\/www.btv.md\/ro\/wp-json\/wp\/v2\/categories?post=7603"},{"taxonomy":"post_tag","embeddable":true,"href":"https:\/\/www.btv.md\/ro\/wp-json\/wp\/v2\/tags?post=7603"}],"curies":[{"name":"wp","href":"https:\/\/api.w.org\/{rel}","templated":true}]}}