{"id":7615,"date":"2016-02-23T18:44:02","date_gmt":"2016-02-23T15:44:02","guid":{"rendered":"http:\/\/btv.md\/?p=7615"},"modified":"2016-02-23T18:44:02","modified_gmt":"2016-02-23T15:44:02","slug":"operatiile-plastice-sunt-posibile-si-la-balti","status":"publish","type":"post","link":"https:\/\/www.btv.md\/ro\/operatiile-plastice-sunt-posibile-si-la-balti\/","title":{"rendered":"OPERA\u021aIILE  PLASTICE  SUNT  POSIBILE  \u0218I  LA  B\u0102L\u021aI"},"content":{"rendered":"<p><strong>Inova\u021bie la Spitalul Clinic Municipal din ora\u0219ul B\u0103l\u021bi. Dac\u0103 acum dou\u0103 decenii pacien\u021bii din nordul \u021b\u0103rii  care aveau nevoie de interven\u021bia chirurgilor plasticieni plecau la Chi\u0219in\u0103u, acum acest lucru este posibil \u0219i \u00een Capitala de nord a Republicii Moldova. \u00cen prezent aceste opera\u021bii sunt posibile gra\u021bie unei echipe de chirurgi, recent formate.<\/strong><\/p>\n<p>Rodica Banciu, unul dintre chirurgii plasticieni spune  c\u0103 cei mai avantaja\u021bi pacien\u021bi sunt femeile care \u0219i-au pierdut s\u00e2nii din cauza cancerului glandei mamare.<\/p>\n<p>\u201e<em>Este o problem\u0103 adev\u0103rat\u0103 \u0219i real\u0103 pentru c\u0103 demulte ori vorbim despre tratamentul cancerului de s\u00e2n, de care noi nu-l putem considera complect p\u00e2n\u0103 c\u00e2nd pacienta nu este mul\u021bumit\u0103 \u0219i de aspectul s\u0103u, e o parte important\u0103 pentru ca pacienta s\u0103 fie sigur\u0103 pe ea<\/em>\u201d.<\/p>\n<p>Medicul a precizat c\u0103 pe l\u00e2ng\u0103 aceasta, sec\u021bia chirurgie din Spitalul Municipal B\u0103l\u021bi dispune de un spectru mai larg de serviciii.<\/p>\n<p>\u201e<em>De fapt noi putem acuma  \u00een spital tot ce \u021bine de chirurgia plastic\u0103 \u0219i microchirurgie reconstructiv\u0103,  adic\u0103 \u00eencep\u00e2nd de la chirurgia m\u00e2inii, microchirurgia reconstructiv\u0103, cu reconstruc\u021bie de nervi, tendoane<\/em>\u201d.<\/p>\n<p>Banciu, a men\u021bionat c\u0103 unele cheltueli pentru interven\u021biile  plastice sunt suportate de casa de asigur\u0103ri.<\/p>\n<p>\u201e<em>Tot ce \u021bine de chirurgia plastic\u0103, reconstructiv\u0103 \u0219i microchirurgia  pentru pacien\u021bii asigura\u021bi  costurile sunt acoperite de cas\u0103 de asigur\u0103ri, c\u00e2nd merge vorba de chirurgia estetic\u0103 bine\u00een\u021beles casa de asigur\u0103ri nu pl\u0103te\u0219te cheltuieli \u0219i atunci catalogul tarifelor unice aprobate de guver este a cel care arat\u0103 pre\u021burile<\/em>\u201d.<\/p>\n<p>De la \u00eenceputul anului medicii din Spitalul Municipal B\u0103l\u021bi au efectuat peste zece opera\u021bii plastice.<\/p>\n<p><iframe width=\"420\" height=\"315\" data-src=\"https:\/\/www.youtube.com\/embed\/gtCMtn_oyrA\" frameborder=\"0\" allowfullscreen src=\"data:image\/svg+xml;base64,PHN2ZyB3aWR0aD0iMSIgaGVpZ2h0PSIxIiB4bWxucz0iaHR0cDovL3d3dy53My5vcmcvMjAwMC9zdmciPjwvc3ZnPg==\" class=\"lazyload\" data-load-mode=\"1\"><\/iframe><\/p>\n","protected":false},"excerpt":{"rendered":"<p>Inova\u021bie la Spitalul Clinic Municipal din ora\u0219ul B\u0103l\u021bi. Dac\u0103 acum dou\u0103 decenii pacien\u021bii din nordul \u021b\u0103rii care aveau nevoie de interven\u021bia chirurgilor plasticieni plecau la Chi\u0219in\u0103u, acum acest lucru este posibil \u0219i \u00een Capitala de nord a Republicii Moldova. \u00cen prezent aceste opera\u021bii sunt posibile gra\u021bie unei echipe de chirurgi, recent formate. Rodica Banciu, unul [&hellip;]<\/p>\n","protected":false},"author":4,"featured_media":7616,"comment_status":"closed","ping_status":"closed","sticky":false,"template":"","format":"standard","meta":{"footnotes":""},"categories":[6353],"tags":[],"class_list":["post-7615","post","type-post","status-publish","format-standard","has-post-thumbnail","hentry","category-oras"],"yoast_head":"<!-- This site is optimized with the Yoast SEO plugin v27.4 - https:\/\/yoast.com\/product\/yoast-seo-wordpress\/ -->\n<title>OPERA\u021aIILE PLASTICE SUNT POSIBILE \u0218I LA B\u0102L\u021aI  - BTV<\/title>\n<meta name=\"robots\" content=\"index, follow, max-snippet:-1, max-image-preview:large, max-video-preview:-1\" \/>\n<link rel=\"canonical\" href=\"https:\/\/www.btv.md\/ro\/amp\/operatiile-plastice-sunt-posibile-si-la-balti\/\" \/>\n<meta property=\"og:locale\" content=\"ro_RO\" \/>\n<meta property=\"og:type\" content=\"article\" \/>\n<meta property=\"og:title\" content=\"OPERA\u021aIILE PLASTICE SUNT POSIBILE \u0218I LA B\u0102L\u021aI  - BTV\" \/>\n<meta property=\"og:description\" content=\"Inova\u021bie la Spitalul Clinic Municipal din ora\u0219ul B\u0103l\u021bi. Dac\u0103 acum dou\u0103 decenii pacien\u021bii din nordul \u021b\u0103rii care aveau nevoie de interven\u021bia chirurgilor plasticieni plecau la Chi\u0219in\u0103u, acum acest lucru este posibil \u0219i \u00een Capitala de nord a Republicii Moldova. \u00cen prezent aceste opera\u021bii sunt posibile gra\u021bie unei echipe de chirurgi, recent formate. Rodica Banciu, unul [&hellip;]\" \/>\n<meta property=\"og:url\" content=\"https:\/\/www.btv.md\/ro\/amp\/operatiile-plastice-sunt-posibile-si-la-balti\/\" \/>\n<meta property=\"og:site_name\" content=\"BTV\" \/>\n<meta property=\"article:publisher\" content=\"https:\/\/www.facebook.com\/btvmoldova\/\" \/>\n<meta property=\"article:published_time\" content=\"2016-02-23T15:44:02+00:00\" \/>\n<meta property=\"og:image\" content=\"https:\/\/www.btv.md\/wp-content\/uploads\/2016\/02\/spital.png\" \/>\n\t<meta property=\"og:image:width\" content=\"991\" \/>\n\t<meta property=\"og:image:height\" content=\"567\" \/>\n\t<meta property=\"og:image:type\" content=\"image\/png\" \/>\n<meta name=\"author\" content=\"admin\" \/>\n<meta name=\"twitter:label1\" content=\"Scris de\" \/>\n\t<meta name=\"twitter:data1\" content=\"admin\" \/>\n\t<meta name=\"twitter:label2\" content=\"Timp estimat pentru citire\" \/>\n\t<meta name=\"twitter:data2\" content=\"1 minut\" \/>\n<script type=\"application\/ld+json\" class=\"yoast-schema-graph\">{\"@context\":\"https:\\\/\\\/schema.org\",\"@graph\":[{\"@type\":\"Article\",\"@id\":\"https:\\\/\\\/www.btv.md\\\/ro\\\/amp\\\/operatiile-plastice-sunt-posibile-si-la-balti\\\/#article\",\"isPartOf\":{\"@id\":\"https:\\\/\\\/www.btv.md\\\/ro\\\/amp\\\/operatiile-plastice-sunt-posibile-si-la-balti\\\/\"},\"author\":{\"name\":\"admin\",\"@id\":\"https:\\\/\\\/www.btv.md\\\/#\\\/schema\\\/person\\\/8fadce81561b3ce2c34c46dadc4ccbf2\"},\"headline\":\"OPERA\u021aIILE PLASTICE SUNT POSIBILE \u0218I LA B\u0102L\u021aI\",\"datePublished\":\"2016-02-23T15:44:02+00:00\",\"mainEntityOfPage\":{\"@id\":\"https:\\\/\\\/www.btv.md\\\/ro\\\/amp\\\/operatiile-plastice-sunt-posibile-si-la-balti\\\/\"},\"wordCount\":298,\"image\":{\"@id\":\"https:\\\/\\\/www.btv.md\\\/ro\\\/amp\\\/operatiile-plastice-sunt-posibile-si-la-balti\\\/#primaryimage\"},\"thumbnailUrl\":\"https:\\\/\\\/www.btv.md\\\/wp-content\\\/uploads\\\/2016\\\/02\\\/spital.png\",\"articleSection\":[\"Ora\u0219\"],\"inLanguage\":\"ro-RO\"},{\"@type\":\"WebPage\",\"@id\":\"https:\\\/\\\/www.btv.md\\\/ro\\\/amp\\\/operatiile-plastice-sunt-posibile-si-la-balti\\\/\",\"url\":\"https:\\\/\\\/www.btv.md\\\/ro\\\/amp\\\/operatiile-plastice-sunt-posibile-si-la-balti\\\/\",\"name\":\"OPERA\u021aIILE PLASTICE SUNT POSIBILE \u0218I LA B\u0102L\u021aI - BTV\",\"isPartOf\":{\"@id\":\"https:\\\/\\\/www.btv.md\\\/#website\"},\"primaryImageOfPage\":{\"@id\":\"https:\\\/\\\/www.btv.md\\\/ro\\\/amp\\\/operatiile-plastice-sunt-posibile-si-la-balti\\\/#primaryimage\"},\"image\":{\"@id\":\"https:\\\/\\\/www.btv.md\\\/ro\\\/amp\\\/operatiile-plastice-sunt-posibile-si-la-balti\\\/#primaryimage\"},\"thumbnailUrl\":\"https:\\\/\\\/www.btv.md\\\/wp-content\\\/uploads\\\/2016\\\/02\\\/spital.png\",\"datePublished\":\"2016-02-23T15:44:02+00:00\",\"author\":{\"@id\":\"https:\\\/\\\/www.btv.md\\\/#\\\/schema\\\/person\\\/8fadce81561b3ce2c34c46dadc4ccbf2\"},\"inLanguage\":\"ro-RO\",\"potentialAction\":[{\"@type\":\"ReadAction\",\"target\":[\"https:\\\/\\\/www.btv.md\\\/ro\\\/amp\\\/operatiile-plastice-sunt-posibile-si-la-balti\\\/\"]}]},{\"@type\":\"ImageObject\",\"inLanguage\":\"ro-RO\",\"@id\":\"https:\\\/\\\/www.btv.md\\\/ro\\\/amp\\\/operatiile-plastice-sunt-posibile-si-la-balti\\\/#primaryimage\",\"url\":\"https:\\\/\\\/www.btv.md\\\/wp-content\\\/uploads\\\/2016\\\/02\\\/spital.png\",\"contentUrl\":\"https:\\\/\\\/www.btv.md\\\/wp-content\\\/uploads\\\/2016\\\/02\\\/spital.png\",\"width\":991,\"height\":567},{\"@type\":\"WebSite\",\"@id\":\"https:\\\/\\\/www.btv.md\\\/#website\",\"url\":\"https:\\\/\\\/www.btv.md\\\/\",\"name\":\"BTV\",\"description\":\"\u0411\u0435\u043b\u044c\u0446\u043a\u043e\u0435 \u0442\u0435\u043b\u0435\u0432\u0438\u0434\u0435\u043d\u0438\u0435\",\"potentialAction\":[{\"@type\":\"SearchAction\",\"target\":{\"@type\":\"EntryPoint\",\"urlTemplate\":\"https:\\\/\\\/www.btv.md\\\/?s={search_term_string}\"},\"query-input\":{\"@type\":\"PropertyValueSpecification\",\"valueRequired\":true,\"valueName\":\"search_term_string\"}}],\"inLanguage\":\"ro-RO\"},{\"@type\":\"Person\",\"@id\":\"https:\\\/\\\/www.btv.md\\\/#\\\/schema\\\/person\\\/8fadce81561b3ce2c34c46dadc4ccbf2\",\"name\":\"admin\"}]}<\/script>\n<!-- \/ Yoast SEO plugin. -->","yoast_head_json":{"title":"OPERA\u021aIILE PLASTICE SUNT POSIBILE \u0218I LA B\u0102L\u021aI  - BTV","robots":{"index":"index","follow":"follow","max-snippet":"max-snippet:-1","max-image-preview":"max-image-preview:large","max-video-preview":"max-video-preview:-1"},"canonical":"https:\/\/www.btv.md\/ro\/amp\/operatiile-plastice-sunt-posibile-si-la-balti\/","og_locale":"ro_RO","og_type":"article","og_title":"OPERA\u021aIILE PLASTICE SUNT POSIBILE \u0218I LA B\u0102L\u021aI  - BTV","og_description":"Inova\u021bie la Spitalul Clinic Municipal din ora\u0219ul B\u0103l\u021bi. Dac\u0103 acum dou\u0103 decenii pacien\u021bii din nordul \u021b\u0103rii care aveau nevoie de interven\u021bia chirurgilor plasticieni plecau la Chi\u0219in\u0103u, acum acest lucru este posibil \u0219i \u00een Capitala de nord a Republicii Moldova. \u00cen prezent aceste opera\u021bii sunt posibile gra\u021bie unei echipe de chirurgi, recent formate. Rodica Banciu, unul [&hellip;]","og_url":"https:\/\/www.btv.md\/ro\/amp\/operatiile-plastice-sunt-posibile-si-la-balti\/","og_site_name":"BTV","article_publisher":"https:\/\/www.facebook.com\/btvmoldova\/","article_published_time":"2016-02-23T15:44:02+00:00","og_image":[{"width":991,"height":567,"url":"https:\/\/www.btv.md\/wp-content\/uploads\/2016\/02\/spital.png","type":"image\/png"}],"author":"admin","twitter_misc":{"Scris de":"admin","Timp estimat pentru citire":"1 minut"},"schema":{"@context":"https:\/\/schema.org","@graph":[{"@type":"Article","@id":"https:\/\/www.btv.md\/ro\/amp\/operatiile-plastice-sunt-posibile-si-la-balti\/#article","isPartOf":{"@id":"https:\/\/www.btv.md\/ro\/amp\/operatiile-plastice-sunt-posibile-si-la-balti\/"},"author":{"name":"admin","@id":"https:\/\/www.btv.md\/#\/schema\/person\/8fadce81561b3ce2c34c46dadc4ccbf2"},"headline":"OPERA\u021aIILE PLASTICE SUNT POSIBILE \u0218I LA B\u0102L\u021aI","datePublished":"2016-02-23T15:44:02+00:00","mainEntityOfPage":{"@id":"https:\/\/www.btv.md\/ro\/amp\/operatiile-plastice-sunt-posibile-si-la-balti\/"},"wordCount":298,"image":{"@id":"https:\/\/www.btv.md\/ro\/amp\/operatiile-plastice-sunt-posibile-si-la-balti\/#primaryimage"},"thumbnailUrl":"https:\/\/www.btv.md\/wp-content\/uploads\/2016\/02\/spital.png","articleSection":["Ora\u0219"],"inLanguage":"ro-RO"},{"@type":"WebPage","@id":"https:\/\/www.btv.md\/ro\/amp\/operatiile-plastice-sunt-posibile-si-la-balti\/","url":"https:\/\/www.btv.md\/ro\/amp\/operatiile-plastice-sunt-posibile-si-la-balti\/","name":"OPERA\u021aIILE PLASTICE SUNT POSIBILE \u0218I LA B\u0102L\u021aI - BTV","isPartOf":{"@id":"https:\/\/www.btv.md\/#website"},"primaryImageOfPage":{"@id":"https:\/\/www.btv.md\/ro\/amp\/operatiile-plastice-sunt-posibile-si-la-balti\/#primaryimage"},"image":{"@id":"https:\/\/www.btv.md\/ro\/amp\/operatiile-plastice-sunt-posibile-si-la-balti\/#primaryimage"},"thumbnailUrl":"https:\/\/www.btv.md\/wp-content\/uploads\/2016\/02\/spital.png","datePublished":"2016-02-23T15:44:02+00:00","author":{"@id":"https:\/\/www.btv.md\/#\/schema\/person\/8fadce81561b3ce2c34c46dadc4ccbf2"},"inLanguage":"ro-RO","potentialAction":[{"@type":"ReadAction","target":["https:\/\/www.btv.md\/ro\/amp\/operatiile-plastice-sunt-posibile-si-la-balti\/"]}]},{"@type":"ImageObject","inLanguage":"ro-RO","@id":"https:\/\/www.btv.md\/ro\/amp\/operatiile-plastice-sunt-posibile-si-la-balti\/#primaryimage","url":"https:\/\/www.btv.md\/wp-content\/uploads\/2016\/02\/spital.png","contentUrl":"https:\/\/www.btv.md\/wp-content\/uploads\/2016\/02\/spital.png","width":991,"height":567},{"@type":"WebSite","@id":"https:\/\/www.btv.md\/#website","url":"https:\/\/www.btv.md\/","name":"BTV","description":"\u0411\u0435\u043b\u044c\u0446\u043a\u043e\u0435 \u0442\u0435\u043b\u0435\u0432\u0438\u0434\u0435\u043d\u0438\u0435","potentialAction":[{"@type":"SearchAction","target":{"@type":"EntryPoint","urlTemplate":"https:\/\/www.btv.md\/?s={search_term_string}"},"query-input":{"@type":"PropertyValueSpecification","valueRequired":true,"valueName":"search_term_string"}}],"inLanguage":"ro-RO"},{"@type":"Person","@id":"https:\/\/www.btv.md\/#\/schema\/person\/8fadce81561b3ce2c34c46dadc4ccbf2","name":"admin"}]}},"_links":{"self":[{"href":"https:\/\/www.btv.md\/ro\/wp-json\/wp\/v2\/posts\/7615","targetHints":{"allow":["GET"]}}],"collection":[{"href":"https:\/\/www.btv.md\/ro\/wp-json\/wp\/v2\/posts"}],"about":[{"href":"https:\/\/www.btv.md\/ro\/wp-json\/wp\/v2\/types\/post"}],"author":[{"embeddable":true,"href":"https:\/\/www.btv.md\/ro\/wp-json\/wp\/v2\/users\/4"}],"replies":[{"embeddable":true,"href":"https:\/\/www.btv.md\/ro\/wp-json\/wp\/v2\/comments?post=7615"}],"version-history":[{"count":0,"href":"https:\/\/www.btv.md\/ro\/wp-json\/wp\/v2\/posts\/7615\/revisions"}],"wp:featuredmedia":[{"embeddable":true,"href":"https:\/\/www.btv.md\/ro\/wp-json\/wp\/v2\/media\/7616"}],"wp:attachment":[{"href":"https:\/\/www.btv.md\/ro\/wp-json\/wp\/v2\/media?parent=7615"}],"wp:term":[{"taxonomy":"category","embeddable":true,"href":"https:\/\/www.btv.md\/ro\/wp-json\/wp\/v2\/categories?post=7615"},{"taxonomy":"post_tag","embeddable":true,"href":"https:\/\/www.btv.md\/ro\/wp-json\/wp\/v2\/tags?post=7615"}],"curies":[{"name":"wp","href":"https:\/\/api.w.org\/{rel}","templated":true}]}}