{"id":7625,"date":"2016-02-24T11:48:12","date_gmt":"2016-02-24T08:48:12","guid":{"rendered":"http:\/\/btv.md\/?p=7625"},"modified":"2016-02-24T11:48:12","modified_gmt":"2016-02-24T08:48:12","slug":"ministerul-agriculturii-vrea-substituirea-produselor-din-import","status":"publish","type":"post","link":"https:\/\/www.btv.md\/ro\/ministerul-agriculturii-vrea-substituirea-produselor-din-import\/","title":{"rendered":"MINISTERUL  AGRICULTURII  VREA  SUBSTITUIREA  PRODUSELOR  DIN  IMPORT"},"content":{"rendered":"<p><strong>Ministerului Agriculturii \u0219i Industriei Alimentare inten\u021bioneaz\u0103 \u00een anul curent s\u0103 substituie la maxim posibil importurile de produse agroalimentare cu un consum s\u0103n\u0103tos de produse locale, ceea ce presupune dezvoltarea sectorului agroalimentar ecologic autohton, scrie <a href=\"http:\/\/www.realitatea.md\/ministerul-agriculturii-vrea-substituirea-produselor-din-import--accentul-va-fi-pus-pe-consumul-alimentelor-bio-autohtone--video-_35025.html\" target=\"_blank\">realitatea.md<\/a>.<\/strong><\/p>\n<p>Potrivit unui comunicat de pres\u0103 al MAIA, unul dintre obiectivele prioritare ale Ministerului este dezvoltarea sectorului agroalimentar ecologic \u00een Republica Moldova.<\/p>\n<p>Conform raportului Organiza\u0163iei Na\u0163iunilor Unite pentru Agricultur\u0103 \u015fi Alimenta\u0163ie (FAO) \u015fi Organiza\u0163iei Mondiale a S\u0103n\u0103t\u0103\u0163ii, dezvoltarea ecologic\u0103 a agriculturii, resursele naturale \u015fi echilibrul ecologic sunt recunoscute drept sectoare prioritare pentru solu\u0163ionarea problemei dezvolt\u0103rii globale durabile. S\u0103n\u0103tatea popula\u0163iei \u015fi securitatea alimentar\u0103 sunt direct propor\u0163ionale cu calitatea alimentelor \u015fi resurselor naturale.<\/p>\n<p>Prin urmare, produc\u0163ia agroalimentar\u0103 ecologic\u0103 este o modalitate de dezvoltare durabil\u0103 \u00een agricultur\u0103, care permite solu\u0163ionarea eficient\u0103 a unui \u015fir de probleme de ordin social, ecologic \u015fi economic. Practicarea agriculturii ecologice este orientat\u0103 spre ob\u0163inerea de produse agroalimentare de calitate, f\u0103r\u0103 utilizarea substan\u0163elor chimice de sintez\u0103 \u015fi a organismelor genetic modificate, precum \u015fi derivatele acestora.<\/p>\n","protected":false},"excerpt":{"rendered":"<p>Ministerului Agriculturii \u0219i Industriei Alimentare inten\u021bioneaz\u0103 \u00een anul curent s\u0103 substituie la maxim posibil importurile de produse agroalimentare cu un consum s\u0103n\u0103tos de produse locale, ceea ce presupune dezvoltarea sectorului agroalimentar ecologic autohton, scrie realitatea.md. Potrivit unui comunicat de pres\u0103 al MAIA, unul dintre obiectivele prioritare ale Ministerului este dezvoltarea sectorului agroalimentar ecologic \u00een Republica [&hellip;]<\/p>\n","protected":false},"author":4,"featured_media":7626,"comment_status":"closed","ping_status":"closed","sticky":false,"template":"","format":"standard","meta":{"footnotes":""},"categories":[6369],"tags":[],"class_list":["post-7625","post","type-post","status-publish","format-standard","has-post-thumbnail","hentry","category-economie-ro"],"yoast_head":"<!-- This site is optimized with the Yoast SEO plugin v27.4 - https:\/\/yoast.com\/product\/yoast-seo-wordpress\/ -->\n<title>MINISTERUL AGRICULTURII VREA SUBSTITUIREA PRODUSELOR DIN IMPORT - BTV<\/title>\n<meta name=\"robots\" content=\"index, follow, max-snippet:-1, max-image-preview:large, max-video-preview:-1\" \/>\n<link rel=\"canonical\" href=\"https:\/\/www.btv.md\/ro\/ministerul-agriculturii-vrea-substituirea-produselor-din-import\/\" \/>\n<meta property=\"og:locale\" content=\"ro_RO\" \/>\n<meta property=\"og:type\" content=\"article\" \/>\n<meta property=\"og:title\" content=\"MINISTERUL AGRICULTURII VREA SUBSTITUIREA PRODUSELOR DIN IMPORT - BTV\" \/>\n<meta property=\"og:description\" content=\"Ministerului Agriculturii \u0219i Industriei Alimentare inten\u021bioneaz\u0103 \u00een anul curent s\u0103 substituie la maxim posibil importurile de produse agroalimentare cu un consum s\u0103n\u0103tos de produse locale, ceea ce presupune dezvoltarea sectorului agroalimentar ecologic autohton, scrie realitatea.md. Potrivit unui comunicat de pres\u0103 al MAIA, unul dintre obiectivele prioritare ale Ministerului este dezvoltarea sectorului agroalimentar ecologic \u00een Republica [&hellip;]\" \/>\n<meta property=\"og:url\" content=\"https:\/\/www.btv.md\/ro\/ministerul-agriculturii-vrea-substituirea-produselor-din-import\/\" \/>\n<meta property=\"og:site_name\" content=\"BTV\" \/>\n<meta property=\"article:publisher\" content=\"https:\/\/www.facebook.com\/btvmoldova\/\" \/>\n<meta property=\"article:published_time\" content=\"2016-02-24T08:48:12+00:00\" \/>\n<meta property=\"og:image\" content=\"https:\/\/www.btv.md\/wp-content\/uploads\/2016\/02\/ministerul_agriculturii_viza_md1.jpg\" \/>\n\t<meta property=\"og:image:width\" content=\"500\" \/>\n\t<meta property=\"og:image:height\" content=\"333\" \/>\n\t<meta property=\"og:image:type\" content=\"image\/jpeg\" \/>\n<meta name=\"author\" content=\"admin\" \/>\n<meta name=\"twitter:label1\" content=\"Scris de\" \/>\n\t<meta name=\"twitter:data1\" content=\"admin\" \/>\n\t<meta name=\"twitter:label2\" content=\"Timp estimat pentru citire\" \/>\n\t<meta name=\"twitter:data2\" content=\"1 minut\" \/>\n<script type=\"application\/ld+json\" class=\"yoast-schema-graph\">{\"@context\":\"https:\\\/\\\/schema.org\",\"@graph\":[{\"@type\":\"Article\",\"@id\":\"https:\\\/\\\/www.btv.md\\\/ro\\\/ministerul-agriculturii-vrea-substituirea-produselor-din-import\\\/#article\",\"isPartOf\":{\"@id\":\"https:\\\/\\\/www.btv.md\\\/ro\\\/ministerul-agriculturii-vrea-substituirea-produselor-din-import\\\/\"},\"author\":{\"name\":\"admin\",\"@id\":\"https:\\\/\\\/www.btv.md\\\/#\\\/schema\\\/person\\\/8fadce81561b3ce2c34c46dadc4ccbf2\"},\"headline\":\"MINISTERUL AGRICULTURII VREA SUBSTITUIREA PRODUSELOR DIN IMPORT\",\"datePublished\":\"2016-02-24T08:48:12+00:00\",\"mainEntityOfPage\":{\"@id\":\"https:\\\/\\\/www.btv.md\\\/ro\\\/ministerul-agriculturii-vrea-substituirea-produselor-din-import\\\/\"},\"wordCount\":189,\"image\":{\"@id\":\"https:\\\/\\\/www.btv.md\\\/ro\\\/ministerul-agriculturii-vrea-substituirea-produselor-din-import\\\/#primaryimage\"},\"thumbnailUrl\":\"https:\\\/\\\/www.btv.md\\\/wp-content\\\/uploads\\\/2016\\\/02\\\/ministerul_agriculturii_viza_md1.jpg\",\"articleSection\":[\"Economie\"],\"inLanguage\":\"ro-RO\"},{\"@type\":\"WebPage\",\"@id\":\"https:\\\/\\\/www.btv.md\\\/ro\\\/ministerul-agriculturii-vrea-substituirea-produselor-din-import\\\/\",\"url\":\"https:\\\/\\\/www.btv.md\\\/ro\\\/ministerul-agriculturii-vrea-substituirea-produselor-din-import\\\/\",\"name\":\"MINISTERUL AGRICULTURII VREA SUBSTITUIREA PRODUSELOR DIN IMPORT - BTV\",\"isPartOf\":{\"@id\":\"https:\\\/\\\/www.btv.md\\\/#website\"},\"primaryImageOfPage\":{\"@id\":\"https:\\\/\\\/www.btv.md\\\/ro\\\/ministerul-agriculturii-vrea-substituirea-produselor-din-import\\\/#primaryimage\"},\"image\":{\"@id\":\"https:\\\/\\\/www.btv.md\\\/ro\\\/ministerul-agriculturii-vrea-substituirea-produselor-din-import\\\/#primaryimage\"},\"thumbnailUrl\":\"https:\\\/\\\/www.btv.md\\\/wp-content\\\/uploads\\\/2016\\\/02\\\/ministerul_agriculturii_viza_md1.jpg\",\"datePublished\":\"2016-02-24T08:48:12+00:00\",\"author\":{\"@id\":\"https:\\\/\\\/www.btv.md\\\/#\\\/schema\\\/person\\\/8fadce81561b3ce2c34c46dadc4ccbf2\"},\"inLanguage\":\"ro-RO\",\"potentialAction\":[{\"@type\":\"ReadAction\",\"target\":[\"https:\\\/\\\/www.btv.md\\\/ro\\\/ministerul-agriculturii-vrea-substituirea-produselor-din-import\\\/\"]}]},{\"@type\":\"ImageObject\",\"inLanguage\":\"ro-RO\",\"@id\":\"https:\\\/\\\/www.btv.md\\\/ro\\\/ministerul-agriculturii-vrea-substituirea-produselor-din-import\\\/#primaryimage\",\"url\":\"https:\\\/\\\/www.btv.md\\\/wp-content\\\/uploads\\\/2016\\\/02\\\/ministerul_agriculturii_viza_md1.jpg\",\"contentUrl\":\"https:\\\/\\\/www.btv.md\\\/wp-content\\\/uploads\\\/2016\\\/02\\\/ministerul_agriculturii_viza_md1.jpg\",\"width\":500,\"height\":333,\"caption\":\"politmoldova.com\"},{\"@type\":\"WebSite\",\"@id\":\"https:\\\/\\\/www.btv.md\\\/#website\",\"url\":\"https:\\\/\\\/www.btv.md\\\/\",\"name\":\"BTV\",\"description\":\"\u0411\u0435\u043b\u044c\u0446\u043a\u043e\u0435 \u0442\u0435\u043b\u0435\u0432\u0438\u0434\u0435\u043d\u0438\u0435\",\"potentialAction\":[{\"@type\":\"SearchAction\",\"target\":{\"@type\":\"EntryPoint\",\"urlTemplate\":\"https:\\\/\\\/www.btv.md\\\/?s={search_term_string}\"},\"query-input\":{\"@type\":\"PropertyValueSpecification\",\"valueRequired\":true,\"valueName\":\"search_term_string\"}}],\"inLanguage\":\"ro-RO\"},{\"@type\":\"Person\",\"@id\":\"https:\\\/\\\/www.btv.md\\\/#\\\/schema\\\/person\\\/8fadce81561b3ce2c34c46dadc4ccbf2\",\"name\":\"admin\"}]}<\/script>\n<!-- \/ Yoast SEO plugin. -->","yoast_head_json":{"title":"MINISTERUL AGRICULTURII VREA SUBSTITUIREA PRODUSELOR DIN IMPORT - BTV","robots":{"index":"index","follow":"follow","max-snippet":"max-snippet:-1","max-image-preview":"max-image-preview:large","max-video-preview":"max-video-preview:-1"},"canonical":"https:\/\/www.btv.md\/ro\/ministerul-agriculturii-vrea-substituirea-produselor-din-import\/","og_locale":"ro_RO","og_type":"article","og_title":"MINISTERUL AGRICULTURII VREA SUBSTITUIREA PRODUSELOR DIN IMPORT - BTV","og_description":"Ministerului Agriculturii \u0219i Industriei Alimentare inten\u021bioneaz\u0103 \u00een anul curent s\u0103 substituie la maxim posibil importurile de produse agroalimentare cu un consum s\u0103n\u0103tos de produse locale, ceea ce presupune dezvoltarea sectorului agroalimentar ecologic autohton, scrie realitatea.md. Potrivit unui comunicat de pres\u0103 al MAIA, unul dintre obiectivele prioritare ale Ministerului este dezvoltarea sectorului agroalimentar ecologic \u00een Republica [&hellip;]","og_url":"https:\/\/www.btv.md\/ro\/ministerul-agriculturii-vrea-substituirea-produselor-din-import\/","og_site_name":"BTV","article_publisher":"https:\/\/www.facebook.com\/btvmoldova\/","article_published_time":"2016-02-24T08:48:12+00:00","og_image":[{"width":500,"height":333,"url":"https:\/\/www.btv.md\/wp-content\/uploads\/2016\/02\/ministerul_agriculturii_viza_md1.jpg","type":"image\/jpeg"}],"author":"admin","twitter_misc":{"Scris de":"admin","Timp estimat pentru citire":"1 minut"},"schema":{"@context":"https:\/\/schema.org","@graph":[{"@type":"Article","@id":"https:\/\/www.btv.md\/ro\/ministerul-agriculturii-vrea-substituirea-produselor-din-import\/#article","isPartOf":{"@id":"https:\/\/www.btv.md\/ro\/ministerul-agriculturii-vrea-substituirea-produselor-din-import\/"},"author":{"name":"admin","@id":"https:\/\/www.btv.md\/#\/schema\/person\/8fadce81561b3ce2c34c46dadc4ccbf2"},"headline":"MINISTERUL AGRICULTURII VREA SUBSTITUIREA PRODUSELOR DIN IMPORT","datePublished":"2016-02-24T08:48:12+00:00","mainEntityOfPage":{"@id":"https:\/\/www.btv.md\/ro\/ministerul-agriculturii-vrea-substituirea-produselor-din-import\/"},"wordCount":189,"image":{"@id":"https:\/\/www.btv.md\/ro\/ministerul-agriculturii-vrea-substituirea-produselor-din-import\/#primaryimage"},"thumbnailUrl":"https:\/\/www.btv.md\/wp-content\/uploads\/2016\/02\/ministerul_agriculturii_viza_md1.jpg","articleSection":["Economie"],"inLanguage":"ro-RO"},{"@type":"WebPage","@id":"https:\/\/www.btv.md\/ro\/ministerul-agriculturii-vrea-substituirea-produselor-din-import\/","url":"https:\/\/www.btv.md\/ro\/ministerul-agriculturii-vrea-substituirea-produselor-din-import\/","name":"MINISTERUL AGRICULTURII VREA SUBSTITUIREA PRODUSELOR DIN IMPORT - BTV","isPartOf":{"@id":"https:\/\/www.btv.md\/#website"},"primaryImageOfPage":{"@id":"https:\/\/www.btv.md\/ro\/ministerul-agriculturii-vrea-substituirea-produselor-din-import\/#primaryimage"},"image":{"@id":"https:\/\/www.btv.md\/ro\/ministerul-agriculturii-vrea-substituirea-produselor-din-import\/#primaryimage"},"thumbnailUrl":"https:\/\/www.btv.md\/wp-content\/uploads\/2016\/02\/ministerul_agriculturii_viza_md1.jpg","datePublished":"2016-02-24T08:48:12+00:00","author":{"@id":"https:\/\/www.btv.md\/#\/schema\/person\/8fadce81561b3ce2c34c46dadc4ccbf2"},"inLanguage":"ro-RO","potentialAction":[{"@type":"ReadAction","target":["https:\/\/www.btv.md\/ro\/ministerul-agriculturii-vrea-substituirea-produselor-din-import\/"]}]},{"@type":"ImageObject","inLanguage":"ro-RO","@id":"https:\/\/www.btv.md\/ro\/ministerul-agriculturii-vrea-substituirea-produselor-din-import\/#primaryimage","url":"https:\/\/www.btv.md\/wp-content\/uploads\/2016\/02\/ministerul_agriculturii_viza_md1.jpg","contentUrl":"https:\/\/www.btv.md\/wp-content\/uploads\/2016\/02\/ministerul_agriculturii_viza_md1.jpg","width":500,"height":333,"caption":"politmoldova.com"},{"@type":"WebSite","@id":"https:\/\/www.btv.md\/#website","url":"https:\/\/www.btv.md\/","name":"BTV","description":"\u0411\u0435\u043b\u044c\u0446\u043a\u043e\u0435 \u0442\u0435\u043b\u0435\u0432\u0438\u0434\u0435\u043d\u0438\u0435","potentialAction":[{"@type":"SearchAction","target":{"@type":"EntryPoint","urlTemplate":"https:\/\/www.btv.md\/?s={search_term_string}"},"query-input":{"@type":"PropertyValueSpecification","valueRequired":true,"valueName":"search_term_string"}}],"inLanguage":"ro-RO"},{"@type":"Person","@id":"https:\/\/www.btv.md\/#\/schema\/person\/8fadce81561b3ce2c34c46dadc4ccbf2","name":"admin"}]}},"_links":{"self":[{"href":"https:\/\/www.btv.md\/ro\/wp-json\/wp\/v2\/posts\/7625","targetHints":{"allow":["GET"]}}],"collection":[{"href":"https:\/\/www.btv.md\/ro\/wp-json\/wp\/v2\/posts"}],"about":[{"href":"https:\/\/www.btv.md\/ro\/wp-json\/wp\/v2\/types\/post"}],"author":[{"embeddable":true,"href":"https:\/\/www.btv.md\/ro\/wp-json\/wp\/v2\/users\/4"}],"replies":[{"embeddable":true,"href":"https:\/\/www.btv.md\/ro\/wp-json\/wp\/v2\/comments?post=7625"}],"version-history":[{"count":0,"href":"https:\/\/www.btv.md\/ro\/wp-json\/wp\/v2\/posts\/7625\/revisions"}],"wp:featuredmedia":[{"embeddable":true,"href":"https:\/\/www.btv.md\/ro\/wp-json\/wp\/v2\/media\/7626"}],"wp:attachment":[{"href":"https:\/\/www.btv.md\/ro\/wp-json\/wp\/v2\/media?parent=7625"}],"wp:term":[{"taxonomy":"category","embeddable":true,"href":"https:\/\/www.btv.md\/ro\/wp-json\/wp\/v2\/categories?post=7625"},{"taxonomy":"post_tag","embeddable":true,"href":"https:\/\/www.btv.md\/ro\/wp-json\/wp\/v2\/tags?post=7625"}],"curies":[{"name":"wp","href":"https:\/\/api.w.org\/{rel}","templated":true}]}}