{"id":7647,"date":"2016-02-24T14:30:20","date_gmt":"2016-02-24T11:30:20","guid":{"rendered":"http:\/\/btv.md\/?p=7647"},"modified":"2016-02-24T14:30:20","modified_gmt":"2016-02-24T11:30:20","slug":"banca-mondiala-va-sprijini-intreprinderile-din-moldova","status":"publish","type":"post","link":"https:\/\/www.btv.md\/ro\/banca-mondiala-va-sprijini-intreprinderile-din-moldova\/","title":{"rendered":"Banca Mondial\u0103 va sprijini \u00eentreprinderile din Moldova"},"content":{"rendered":"<p><strong>Secretarul general al Guvernului, Tudor Copaci, a avut o \u00eentrevedere cu Tarik Sahovic, specialist superior \u00een dezvoltarea sectorului privat din cadrul B\u0103ncii Mondiale, noteaz\u0103 <a href=\"http:\/\/www.noi.md\/md\/news_id\/79463\" target=\"_blank\">NOI.md<\/a>. <\/strong><\/p>\n<p>Cei doi au discutat despre obiectivele principale \u0219i factorii de implementare a proiectului Ameliorarea competitivit\u0103\u0163ii II (PAC II) pentru anul 2015-2017. Proiectul \u00ee\u0219i propune s\u0103 sprijine \u00eentreprinderile autohtone din Republica Moldova \u00een dezvoltarea cu succes a afacerilor, consolidarea pozi\u0163iilor pe pia\u0163\u0103, \u00eembun\u0103t\u0103\u0163irea abilit\u0103\u0163ilor profesionale ale angaja\u0163ilor \u0219i modernizarea sistemului infrastructurii calit\u0103\u0163ii.<\/p>\n<p>\u0218eful Cancelariei de Stat s-a ar\u0103tat mul\u021bumit de rezultatele primei etape a proiectului (PAC I), realizat cu suportul B\u0103ncii Mondiale, preciz\u00eend c\u0103 urm\u0103toarea faz\u0103 este, de asemenea, important\u0103, deoarece vine s\u0103 ofere sectorului privat asisten\u0163\u0103 \u00een vederea dezvolt\u0103rii \u00een diverse domenii de activitate.<\/p>\n","protected":false},"excerpt":{"rendered":"<p>Secretarul general al Guvernului, Tudor Copaci, a avut o \u00eentrevedere cu Tarik Sahovic, specialist superior \u00een dezvoltarea sectorului privat din cadrul B\u0103ncii Mondiale, noteaz\u0103 NOI.md. Cei doi au discutat despre obiectivele principale \u0219i factorii de implementare a proiectului Ameliorarea competitivit\u0103\u0163ii II (PAC II) pentru anul 2015-2017. Proiectul \u00ee\u0219i propune s\u0103 sprijine \u00eentreprinderile autohtone din Republica [&hellip;]<\/p>\n","protected":false},"author":4,"featured_media":7648,"comment_status":"closed","ping_status":"closed","sticky":false,"template":"","format":"standard","meta":{"footnotes":""},"categories":[6368],"tags":[],"class_list":["post-7647","post","type-post","status-publish","format-standard","has-post-thumbnail","hentry","category-politica-ro"],"yoast_head":"<!-- This site is optimized with the Yoast SEO plugin v27.4 - https:\/\/yoast.com\/product\/yoast-seo-wordpress\/ -->\n<title>Banca Mondial\u0103 va sprijini \u00eentreprinderile din Moldova  - BTV<\/title>\n<meta name=\"robots\" content=\"index, follow, max-snippet:-1, max-image-preview:large, max-video-preview:-1\" \/>\n<link rel=\"canonical\" href=\"https:\/\/www.btv.md\/ro\/banca-mondiala-va-sprijini-intreprinderile-din-moldova\/\" \/>\n<meta property=\"og:locale\" content=\"ro_RO\" \/>\n<meta property=\"og:type\" content=\"article\" \/>\n<meta property=\"og:title\" content=\"Banca Mondial\u0103 va sprijini \u00eentreprinderile din Moldova  - BTV\" \/>\n<meta property=\"og:description\" content=\"Secretarul general al Guvernului, Tudor Copaci, a avut o \u00eentrevedere cu Tarik Sahovic, specialist superior \u00een dezvoltarea sectorului privat din cadrul B\u0103ncii Mondiale, noteaz\u0103 NOI.md. Cei doi au discutat despre obiectivele principale \u0219i factorii de implementare a proiectului Ameliorarea competitivit\u0103\u0163ii II (PAC II) pentru anul 2015-2017. Proiectul \u00ee\u0219i propune s\u0103 sprijine \u00eentreprinderile autohtone din Republica [&hellip;]\" \/>\n<meta property=\"og:url\" content=\"https:\/\/www.btv.md\/ro\/banca-mondiala-va-sprijini-intreprinderile-din-moldova\/\" \/>\n<meta property=\"og:site_name\" content=\"BTV\" \/>\n<meta property=\"article:publisher\" content=\"https:\/\/www.facebook.com\/btvmoldova\/\" \/>\n<meta property=\"article:published_time\" content=\"2016-02-24T11:30:20+00:00\" \/>\n<meta property=\"og:image\" content=\"https:\/\/www.btv.md\/wp-content\/uploads\/2016\/02\/media_145399422418505000.jpg\" \/>\n\t<meta property=\"og:image:width\" content=\"620\" \/>\n\t<meta property=\"og:image:height\" content=\"381\" \/>\n\t<meta property=\"og:image:type\" content=\"image\/jpeg\" \/>\n<meta name=\"author\" content=\"admin\" \/>\n<meta name=\"twitter:label1\" content=\"Scris de\" \/>\n\t<meta name=\"twitter:data1\" content=\"admin\" \/>\n\t<meta name=\"twitter:label2\" content=\"Timp estimat pentru citire\" \/>\n\t<meta name=\"twitter:data2\" content=\"1 minut\" \/>\n<script type=\"application\/ld+json\" class=\"yoast-schema-graph\">{\"@context\":\"https:\\\/\\\/schema.org\",\"@graph\":[{\"@type\":\"Article\",\"@id\":\"https:\\\/\\\/www.btv.md\\\/ro\\\/banca-mondiala-va-sprijini-intreprinderile-din-moldova\\\/#article\",\"isPartOf\":{\"@id\":\"https:\\\/\\\/www.btv.md\\\/ro\\\/banca-mondiala-va-sprijini-intreprinderile-din-moldova\\\/\"},\"author\":{\"name\":\"admin\",\"@id\":\"https:\\\/\\\/www.btv.md\\\/#\\\/schema\\\/person\\\/8fadce81561b3ce2c34c46dadc4ccbf2\"},\"headline\":\"Banca Mondial\u0103 va sprijini \u00eentreprinderile din Moldova\",\"datePublished\":\"2016-02-24T11:30:20+00:00\",\"mainEntityOfPage\":{\"@id\":\"https:\\\/\\\/www.btv.md\\\/ro\\\/banca-mondiala-va-sprijini-intreprinderile-din-moldova\\\/\"},\"wordCount\":141,\"image\":{\"@id\":\"https:\\\/\\\/www.btv.md\\\/ro\\\/banca-mondiala-va-sprijini-intreprinderile-din-moldova\\\/#primaryimage\"},\"thumbnailUrl\":\"https:\\\/\\\/www.btv.md\\\/wp-content\\\/uploads\\\/2016\\\/02\\\/media_145399422418505000.jpg\",\"articleSection\":[\"Politic\u0103\"],\"inLanguage\":\"ro-RO\"},{\"@type\":\"WebPage\",\"@id\":\"https:\\\/\\\/www.btv.md\\\/ro\\\/banca-mondiala-va-sprijini-intreprinderile-din-moldova\\\/\",\"url\":\"https:\\\/\\\/www.btv.md\\\/ro\\\/banca-mondiala-va-sprijini-intreprinderile-din-moldova\\\/\",\"name\":\"Banca Mondial\u0103 va sprijini \u00eentreprinderile din Moldova - BTV\",\"isPartOf\":{\"@id\":\"https:\\\/\\\/www.btv.md\\\/#website\"},\"primaryImageOfPage\":{\"@id\":\"https:\\\/\\\/www.btv.md\\\/ro\\\/banca-mondiala-va-sprijini-intreprinderile-din-moldova\\\/#primaryimage\"},\"image\":{\"@id\":\"https:\\\/\\\/www.btv.md\\\/ro\\\/banca-mondiala-va-sprijini-intreprinderile-din-moldova\\\/#primaryimage\"},\"thumbnailUrl\":\"https:\\\/\\\/www.btv.md\\\/wp-content\\\/uploads\\\/2016\\\/02\\\/media_145399422418505000.jpg\",\"datePublished\":\"2016-02-24T11:30:20+00:00\",\"author\":{\"@id\":\"https:\\\/\\\/www.btv.md\\\/#\\\/schema\\\/person\\\/8fadce81561b3ce2c34c46dadc4ccbf2\"},\"inLanguage\":\"ro-RO\",\"potentialAction\":[{\"@type\":\"ReadAction\",\"target\":[\"https:\\\/\\\/www.btv.md\\\/ro\\\/banca-mondiala-va-sprijini-intreprinderile-din-moldova\\\/\"]}]},{\"@type\":\"ImageObject\",\"inLanguage\":\"ro-RO\",\"@id\":\"https:\\\/\\\/www.btv.md\\\/ro\\\/banca-mondiala-va-sprijini-intreprinderile-din-moldova\\\/#primaryimage\",\"url\":\"https:\\\/\\\/www.btv.md\\\/wp-content\\\/uploads\\\/2016\\\/02\\\/media_145399422418505000.jpg\",\"contentUrl\":\"https:\\\/\\\/www.btv.md\\\/wp-content\\\/uploads\\\/2016\\\/02\\\/media_145399422418505000.jpg\",\"width\":620,\"height\":381,\"caption\":\"www.realitatea.md\"},{\"@type\":\"WebSite\",\"@id\":\"https:\\\/\\\/www.btv.md\\\/#website\",\"url\":\"https:\\\/\\\/www.btv.md\\\/\",\"name\":\"BTV\",\"description\":\"\u0411\u0435\u043b\u044c\u0446\u043a\u043e\u0435 \u0442\u0435\u043b\u0435\u0432\u0438\u0434\u0435\u043d\u0438\u0435\",\"potentialAction\":[{\"@type\":\"SearchAction\",\"target\":{\"@type\":\"EntryPoint\",\"urlTemplate\":\"https:\\\/\\\/www.btv.md\\\/?s={search_term_string}\"},\"query-input\":{\"@type\":\"PropertyValueSpecification\",\"valueRequired\":true,\"valueName\":\"search_term_string\"}}],\"inLanguage\":\"ro-RO\"},{\"@type\":\"Person\",\"@id\":\"https:\\\/\\\/www.btv.md\\\/#\\\/schema\\\/person\\\/8fadce81561b3ce2c34c46dadc4ccbf2\",\"name\":\"admin\"}]}<\/script>\n<!-- \/ Yoast SEO plugin. -->","yoast_head_json":{"title":"Banca Mondial\u0103 va sprijini \u00eentreprinderile din Moldova  - BTV","robots":{"index":"index","follow":"follow","max-snippet":"max-snippet:-1","max-image-preview":"max-image-preview:large","max-video-preview":"max-video-preview:-1"},"canonical":"https:\/\/www.btv.md\/ro\/banca-mondiala-va-sprijini-intreprinderile-din-moldova\/","og_locale":"ro_RO","og_type":"article","og_title":"Banca Mondial\u0103 va sprijini \u00eentreprinderile din Moldova  - BTV","og_description":"Secretarul general al Guvernului, Tudor Copaci, a avut o \u00eentrevedere cu Tarik Sahovic, specialist superior \u00een dezvoltarea sectorului privat din cadrul B\u0103ncii Mondiale, noteaz\u0103 NOI.md. Cei doi au discutat despre obiectivele principale \u0219i factorii de implementare a proiectului Ameliorarea competitivit\u0103\u0163ii II (PAC II) pentru anul 2015-2017. Proiectul \u00ee\u0219i propune s\u0103 sprijine \u00eentreprinderile autohtone din Republica [&hellip;]","og_url":"https:\/\/www.btv.md\/ro\/banca-mondiala-va-sprijini-intreprinderile-din-moldova\/","og_site_name":"BTV","article_publisher":"https:\/\/www.facebook.com\/btvmoldova\/","article_published_time":"2016-02-24T11:30:20+00:00","og_image":[{"width":620,"height":381,"url":"https:\/\/www.btv.md\/wp-content\/uploads\/2016\/02\/media_145399422418505000.jpg","type":"image\/jpeg"}],"author":"admin","twitter_misc":{"Scris de":"admin","Timp estimat pentru citire":"1 minut"},"schema":{"@context":"https:\/\/schema.org","@graph":[{"@type":"Article","@id":"https:\/\/www.btv.md\/ro\/banca-mondiala-va-sprijini-intreprinderile-din-moldova\/#article","isPartOf":{"@id":"https:\/\/www.btv.md\/ro\/banca-mondiala-va-sprijini-intreprinderile-din-moldova\/"},"author":{"name":"admin","@id":"https:\/\/www.btv.md\/#\/schema\/person\/8fadce81561b3ce2c34c46dadc4ccbf2"},"headline":"Banca Mondial\u0103 va sprijini \u00eentreprinderile din Moldova","datePublished":"2016-02-24T11:30:20+00:00","mainEntityOfPage":{"@id":"https:\/\/www.btv.md\/ro\/banca-mondiala-va-sprijini-intreprinderile-din-moldova\/"},"wordCount":141,"image":{"@id":"https:\/\/www.btv.md\/ro\/banca-mondiala-va-sprijini-intreprinderile-din-moldova\/#primaryimage"},"thumbnailUrl":"https:\/\/www.btv.md\/wp-content\/uploads\/2016\/02\/media_145399422418505000.jpg","articleSection":["Politic\u0103"],"inLanguage":"ro-RO"},{"@type":"WebPage","@id":"https:\/\/www.btv.md\/ro\/banca-mondiala-va-sprijini-intreprinderile-din-moldova\/","url":"https:\/\/www.btv.md\/ro\/banca-mondiala-va-sprijini-intreprinderile-din-moldova\/","name":"Banca Mondial\u0103 va sprijini \u00eentreprinderile din Moldova - BTV","isPartOf":{"@id":"https:\/\/www.btv.md\/#website"},"primaryImageOfPage":{"@id":"https:\/\/www.btv.md\/ro\/banca-mondiala-va-sprijini-intreprinderile-din-moldova\/#primaryimage"},"image":{"@id":"https:\/\/www.btv.md\/ro\/banca-mondiala-va-sprijini-intreprinderile-din-moldova\/#primaryimage"},"thumbnailUrl":"https:\/\/www.btv.md\/wp-content\/uploads\/2016\/02\/media_145399422418505000.jpg","datePublished":"2016-02-24T11:30:20+00:00","author":{"@id":"https:\/\/www.btv.md\/#\/schema\/person\/8fadce81561b3ce2c34c46dadc4ccbf2"},"inLanguage":"ro-RO","potentialAction":[{"@type":"ReadAction","target":["https:\/\/www.btv.md\/ro\/banca-mondiala-va-sprijini-intreprinderile-din-moldova\/"]}]},{"@type":"ImageObject","inLanguage":"ro-RO","@id":"https:\/\/www.btv.md\/ro\/banca-mondiala-va-sprijini-intreprinderile-din-moldova\/#primaryimage","url":"https:\/\/www.btv.md\/wp-content\/uploads\/2016\/02\/media_145399422418505000.jpg","contentUrl":"https:\/\/www.btv.md\/wp-content\/uploads\/2016\/02\/media_145399422418505000.jpg","width":620,"height":381,"caption":"www.realitatea.md"},{"@type":"WebSite","@id":"https:\/\/www.btv.md\/#website","url":"https:\/\/www.btv.md\/","name":"BTV","description":"\u0411\u0435\u043b\u044c\u0446\u043a\u043e\u0435 \u0442\u0435\u043b\u0435\u0432\u0438\u0434\u0435\u043d\u0438\u0435","potentialAction":[{"@type":"SearchAction","target":{"@type":"EntryPoint","urlTemplate":"https:\/\/www.btv.md\/?s={search_term_string}"},"query-input":{"@type":"PropertyValueSpecification","valueRequired":true,"valueName":"search_term_string"}}],"inLanguage":"ro-RO"},{"@type":"Person","@id":"https:\/\/www.btv.md\/#\/schema\/person\/8fadce81561b3ce2c34c46dadc4ccbf2","name":"admin"}]}},"_links":{"self":[{"href":"https:\/\/www.btv.md\/ro\/wp-json\/wp\/v2\/posts\/7647","targetHints":{"allow":["GET"]}}],"collection":[{"href":"https:\/\/www.btv.md\/ro\/wp-json\/wp\/v2\/posts"}],"about":[{"href":"https:\/\/www.btv.md\/ro\/wp-json\/wp\/v2\/types\/post"}],"author":[{"embeddable":true,"href":"https:\/\/www.btv.md\/ro\/wp-json\/wp\/v2\/users\/4"}],"replies":[{"embeddable":true,"href":"https:\/\/www.btv.md\/ro\/wp-json\/wp\/v2\/comments?post=7647"}],"version-history":[{"count":0,"href":"https:\/\/www.btv.md\/ro\/wp-json\/wp\/v2\/posts\/7647\/revisions"}],"wp:featuredmedia":[{"embeddable":true,"href":"https:\/\/www.btv.md\/ro\/wp-json\/wp\/v2\/media\/7648"}],"wp:attachment":[{"href":"https:\/\/www.btv.md\/ro\/wp-json\/wp\/v2\/media?parent=7647"}],"wp:term":[{"taxonomy":"category","embeddable":true,"href":"https:\/\/www.btv.md\/ro\/wp-json\/wp\/v2\/categories?post=7647"},{"taxonomy":"post_tag","embeddable":true,"href":"https:\/\/www.btv.md\/ro\/wp-json\/wp\/v2\/tags?post=7647"}],"curies":[{"name":"wp","href":"https:\/\/api.w.org\/{rel}","templated":true}]}}