{"id":7678,"date":"2016-02-24T16:39:24","date_gmt":"2016-02-24T13:39:24","guid":{"rendered":"http:\/\/btv.md\/?p=7678"},"modified":"2016-02-24T16:39:24","modified_gmt":"2016-02-24T13:39:24","slug":"vox-populi-baltenii-nu-au-auzit-de-dragobete","status":"publish","type":"post","link":"https:\/\/www.btv.md\/ro\/vox-populi-baltenii-nu-au-auzit-de-dragobete\/","title":{"rendered":"VOX  POPULI:  B\u0102L\u021aENII  NU  AU  AUZIT  DE  DRAGOBETE"},"content":{"rendered":"<p><strong>De Dragobete, b\u0103l\u021benii nu se gr\u0103besc s\u0103-\u0219i felicite a doua jum\u0103tate. Cel pu\u021bin asta o demonstreaz\u0103 un vox populi realizat de echipa de filmare BTV, chiar \u00een ziua de Dragobete.<\/strong><\/p>\n<p>O bun\u0103 parte dintre cei intervieva\u021bi, au r\u0103spuns c\u0103 \u00ee\u0219i felicit\u0103 iubi\u021bii sau iubitele cu ocazia zilei \u00eendr\u0103gosti\u021bilor \u00een data de 14 februarie.  Pu\u021bini dintre ei cunosc despre semnifica\u021bia zilei de 24 februarie.<\/p>\n<p>\u201e<em>Nu \u0219tiu c\u0103 ast\u0103zi este ziua \u00eendr\u0103gosti\u021bilor. Prima data aud. Parc\u0103 este 14 februarie<\/em>\u201d.<\/p>\n<p>\u201e<em>Ast\u0103zi este ziua \u00eendr\u0103gosti\u021bilor? Nu am \u0219tiut. \u0218tiu c\u0103 ieri a fost 23 februarie, dar azi nu \u0219tiu<\/em>\u201d.<\/p>\n<p>\u201e<em>Oare ast\u0103zi? Eu \u0219tiu c\u0103 ziua \u00eendr\u0103gosti\u021bilor a fost pe data de 14 februarie<\/em>\u201d.<\/p>\n<p>\u201e<em>\u0218tiu dar nu s\u0103rb\u0103toresc. Nu \u0219tiu nu prea s\u0103rb\u0103toresc astfel de zile<\/em>\u201d.<\/p>\n<p>\u201e<em>Nu \u0219tiu. Parc\u0103 \u0219tiu c\u0103 ziua \u00eendr\u0103gosti\u021bilor este pe 14 februarie<\/em>\u201d.<\/p>\n<p>\u201e<em>\u0218tiu c\u0103 este Dragobete. Am \u00eenceput s\u0103 s\u0103r\u0103btorsc recent aceast\u0103 zi pentru c\u0103 nu prea \u0219tiam de semnifica\u021bia ei<\/em>\u201d.<\/p>\n<p>Dovad\u0103 c\u0103 tinerii nu s\u0103rb\u0103toresc aceast\u0103 zi, sunt \u0219i v\u00e2nz\u0103rile reduse la magazinele de flori.<\/p>\n<p>\u201e<em>V\u00e2nz\u0103rile merg foarte slab. La noi nu se s\u0103rb\u0103tore\u0219te s\u0103rb\u0103toarea de Dragopete, \u0219i mai mult Valentin \u0219i Valentina. De diminea\u021b\u0103 am v\u00e2ndut doar trei crizanteme \u0219i c\u00e2teva lalele<\/em>\u201d.<\/p>\n<p>Dragobetele este s\u0103rb\u0103torit, \u00eenc\u0103 de pe  vremea dacilor. Pentru locuitorii din spa\u021biul vecin, 24 februarie reprezint\u0103 at\u00e2t o celebrare a iubirii, c\u00e2t \u015fi un moment de rena\u015ftere a naturii. Legendele spun c\u0103 este fiul Babei Dochia, personaj cunoscut al mitologiei autohtone legat tot de \u00eenceputul prim\u0103verii. \u00cen trecut, fetele \u015fi b\u0103ie\u0163ii din sat se \u00eembr\u0103cau cu straie curate, de s\u0103rb\u0103toare, \u015fi plecau de Dragobete \u00een p\u0103dure unde culegeau ghiocei \u015fi violete pe care le aduceau apoi acas\u0103 \u015fi le a\u015fezau la icoane. Se credea c\u0103 florile culese \u00een aceast\u0103 zi a anului au puteri magice, motiv pentru care erau folosite \u00een diferite farmece \u015fi ritualuri de dragoste.<\/p>\n<p>Datorit\u0103 acestei s\u0103rb\u0103tori s-a f\u0103cut cunoscut\u0103 \u0219i zicala &#8222;Dragobete s\u0103rut\u0103 fetele&#8221;. <\/p>\n<p><iframe width=\"420\" height=\"315\" data-src=\"https:\/\/www.youtube.com\/embed\/rVEMaLQ1d6k\" frameborder=\"0\" allowfullscreen src=\"data:image\/svg+xml;base64,PHN2ZyB3aWR0aD0iMSIgaGVpZ2h0PSIxIiB4bWxucz0iaHR0cDovL3d3dy53My5vcmcvMjAwMC9zdmciPjwvc3ZnPg==\" class=\"lazyload\" data-load-mode=\"1\"><\/iframe><\/p>\n","protected":false},"excerpt":{"rendered":"<p>De Dragobete, b\u0103l\u021benii nu se gr\u0103besc s\u0103-\u0219i felicite a doua jum\u0103tate. Cel pu\u021bin asta o demonstreaz\u0103 un vox populi realizat de echipa de filmare BTV, chiar \u00een ziua de Dragobete. O bun\u0103 parte dintre cei intervieva\u021bi, au r\u0103spuns c\u0103 \u00ee\u0219i felicit\u0103 iubi\u021bii sau iubitele cu ocazia zilei \u00eendr\u0103gosti\u021bilor \u00een data de 14 februarie. Pu\u021bini dintre [&hellip;]<\/p>\n","protected":false},"author":4,"featured_media":7679,"comment_status":"closed","ping_status":"closed","sticky":false,"template":"","format":"standard","meta":{"footnotes":""},"categories":[6353],"tags":[],"class_list":["post-7678","post","type-post","status-publish","format-standard","has-post-thumbnail","hentry","category-oras"],"yoast_head":"<!-- This site is optimized with the Yoast SEO plugin v27.4 - https:\/\/yoast.com\/product\/yoast-seo-wordpress\/ -->\n<title>VOX POPULI: B\u0102L\u021aENII NU AU AUZIT DE DRAGOBETE - BTV<\/title>\n<meta name=\"robots\" content=\"index, follow, max-snippet:-1, max-image-preview:large, max-video-preview:-1\" \/>\n<link rel=\"canonical\" href=\"https:\/\/www.btv.md\/ro\/vox-populi-baltenii-nu-au-auzit-de-dragobete\/\" \/>\n<meta property=\"og:locale\" content=\"ro_RO\" \/>\n<meta property=\"og:type\" content=\"article\" \/>\n<meta property=\"og:title\" content=\"VOX POPULI: B\u0102L\u021aENII NU AU AUZIT DE DRAGOBETE - BTV\" \/>\n<meta property=\"og:description\" content=\"De Dragobete, b\u0103l\u021benii nu se gr\u0103besc s\u0103-\u0219i felicite a doua jum\u0103tate. Cel pu\u021bin asta o demonstreaz\u0103 un vox populi realizat de echipa de filmare BTV, chiar \u00een ziua de Dragobete. O bun\u0103 parte dintre cei intervieva\u021bi, au r\u0103spuns c\u0103 \u00ee\u0219i felicit\u0103 iubi\u021bii sau iubitele cu ocazia zilei \u00eendr\u0103gosti\u021bilor \u00een data de 14 februarie. Pu\u021bini dintre [&hellip;]\" \/>\n<meta property=\"og:url\" content=\"https:\/\/www.btv.md\/ro\/vox-populi-baltenii-nu-au-auzit-de-dragobete\/\" \/>\n<meta property=\"og:site_name\" content=\"BTV\" \/>\n<meta property=\"article:publisher\" content=\"https:\/\/www.facebook.com\/btvmoldova\/\" \/>\n<meta property=\"article:published_time\" content=\"2016-02-24T13:39:24+00:00\" \/>\n<meta property=\"og:image\" content=\"https:\/\/www.btv.md\/wp-content\/uploads\/2016\/02\/balteni.png\" \/>\n\t<meta property=\"og:image:width\" content=\"1023\" \/>\n\t<meta property=\"og:image:height\" content=\"567\" \/>\n\t<meta property=\"og:image:type\" content=\"image\/png\" \/>\n<meta name=\"author\" content=\"admin\" \/>\n<meta name=\"twitter:label1\" content=\"Scris de\" \/>\n\t<meta name=\"twitter:data1\" content=\"admin\" \/>\n\t<meta name=\"twitter:label2\" content=\"Timp estimat pentru citire\" \/>\n\t<meta name=\"twitter:data2\" content=\"2 minute\" \/>\n<script type=\"application\/ld+json\" class=\"yoast-schema-graph\">{\"@context\":\"https:\\\/\\\/schema.org\",\"@graph\":[{\"@type\":\"Article\",\"@id\":\"https:\\\/\\\/www.btv.md\\\/ro\\\/vox-populi-baltenii-nu-au-auzit-de-dragobete\\\/#article\",\"isPartOf\":{\"@id\":\"https:\\\/\\\/www.btv.md\\\/ro\\\/vox-populi-baltenii-nu-au-auzit-de-dragobete\\\/\"},\"author\":{\"name\":\"admin\",\"@id\":\"https:\\\/\\\/www.btv.md\\\/#\\\/schema\\\/person\\\/8fadce81561b3ce2c34c46dadc4ccbf2\"},\"headline\":\"VOX POPULI: B\u0102L\u021aENII NU AU AUZIT DE DRAGOBETE\",\"datePublished\":\"2016-02-24T13:39:24+00:00\",\"mainEntityOfPage\":{\"@id\":\"https:\\\/\\\/www.btv.md\\\/ro\\\/vox-populi-baltenii-nu-au-auzit-de-dragobete\\\/\"},\"wordCount\":378,\"image\":{\"@id\":\"https:\\\/\\\/www.btv.md\\\/ro\\\/vox-populi-baltenii-nu-au-auzit-de-dragobete\\\/#primaryimage\"},\"thumbnailUrl\":\"https:\\\/\\\/www.btv.md\\\/wp-content\\\/uploads\\\/2016\\\/02\\\/balteni.png\",\"articleSection\":[\"Ora\u0219\"],\"inLanguage\":\"ro-RO\"},{\"@type\":\"WebPage\",\"@id\":\"https:\\\/\\\/www.btv.md\\\/ro\\\/vox-populi-baltenii-nu-au-auzit-de-dragobete\\\/\",\"url\":\"https:\\\/\\\/www.btv.md\\\/ro\\\/vox-populi-baltenii-nu-au-auzit-de-dragobete\\\/\",\"name\":\"VOX POPULI: B\u0102L\u021aENII NU AU AUZIT DE DRAGOBETE - BTV\",\"isPartOf\":{\"@id\":\"https:\\\/\\\/www.btv.md\\\/#website\"},\"primaryImageOfPage\":{\"@id\":\"https:\\\/\\\/www.btv.md\\\/ro\\\/vox-populi-baltenii-nu-au-auzit-de-dragobete\\\/#primaryimage\"},\"image\":{\"@id\":\"https:\\\/\\\/www.btv.md\\\/ro\\\/vox-populi-baltenii-nu-au-auzit-de-dragobete\\\/#primaryimage\"},\"thumbnailUrl\":\"https:\\\/\\\/www.btv.md\\\/wp-content\\\/uploads\\\/2016\\\/02\\\/balteni.png\",\"datePublished\":\"2016-02-24T13:39:24+00:00\",\"author\":{\"@id\":\"https:\\\/\\\/www.btv.md\\\/#\\\/schema\\\/person\\\/8fadce81561b3ce2c34c46dadc4ccbf2\"},\"inLanguage\":\"ro-RO\",\"potentialAction\":[{\"@type\":\"ReadAction\",\"target\":[\"https:\\\/\\\/www.btv.md\\\/ro\\\/vox-populi-baltenii-nu-au-auzit-de-dragobete\\\/\"]}]},{\"@type\":\"ImageObject\",\"inLanguage\":\"ro-RO\",\"@id\":\"https:\\\/\\\/www.btv.md\\\/ro\\\/vox-populi-baltenii-nu-au-auzit-de-dragobete\\\/#primaryimage\",\"url\":\"https:\\\/\\\/www.btv.md\\\/wp-content\\\/uploads\\\/2016\\\/02\\\/balteni.png\",\"contentUrl\":\"https:\\\/\\\/www.btv.md\\\/wp-content\\\/uploads\\\/2016\\\/02\\\/balteni.png\",\"width\":1023,\"height\":567},{\"@type\":\"WebSite\",\"@id\":\"https:\\\/\\\/www.btv.md\\\/#website\",\"url\":\"https:\\\/\\\/www.btv.md\\\/\",\"name\":\"BTV\",\"description\":\"\u0411\u0435\u043b\u044c\u0446\u043a\u043e\u0435 \u0442\u0435\u043b\u0435\u0432\u0438\u0434\u0435\u043d\u0438\u0435\",\"potentialAction\":[{\"@type\":\"SearchAction\",\"target\":{\"@type\":\"EntryPoint\",\"urlTemplate\":\"https:\\\/\\\/www.btv.md\\\/?s={search_term_string}\"},\"query-input\":{\"@type\":\"PropertyValueSpecification\",\"valueRequired\":true,\"valueName\":\"search_term_string\"}}],\"inLanguage\":\"ro-RO\"},{\"@type\":\"Person\",\"@id\":\"https:\\\/\\\/www.btv.md\\\/#\\\/schema\\\/person\\\/8fadce81561b3ce2c34c46dadc4ccbf2\",\"name\":\"admin\"}]}<\/script>\n<!-- \/ Yoast SEO plugin. -->","yoast_head_json":{"title":"VOX POPULI: B\u0102L\u021aENII NU AU AUZIT DE DRAGOBETE - BTV","robots":{"index":"index","follow":"follow","max-snippet":"max-snippet:-1","max-image-preview":"max-image-preview:large","max-video-preview":"max-video-preview:-1"},"canonical":"https:\/\/www.btv.md\/ro\/vox-populi-baltenii-nu-au-auzit-de-dragobete\/","og_locale":"ro_RO","og_type":"article","og_title":"VOX POPULI: B\u0102L\u021aENII NU AU AUZIT DE DRAGOBETE - BTV","og_description":"De Dragobete, b\u0103l\u021benii nu se gr\u0103besc s\u0103-\u0219i felicite a doua jum\u0103tate. Cel pu\u021bin asta o demonstreaz\u0103 un vox populi realizat de echipa de filmare BTV, chiar \u00een ziua de Dragobete. O bun\u0103 parte dintre cei intervieva\u021bi, au r\u0103spuns c\u0103 \u00ee\u0219i felicit\u0103 iubi\u021bii sau iubitele cu ocazia zilei \u00eendr\u0103gosti\u021bilor \u00een data de 14 februarie. Pu\u021bini dintre [&hellip;]","og_url":"https:\/\/www.btv.md\/ro\/vox-populi-baltenii-nu-au-auzit-de-dragobete\/","og_site_name":"BTV","article_publisher":"https:\/\/www.facebook.com\/btvmoldova\/","article_published_time":"2016-02-24T13:39:24+00:00","og_image":[{"width":1023,"height":567,"url":"https:\/\/www.btv.md\/wp-content\/uploads\/2016\/02\/balteni.png","type":"image\/png"}],"author":"admin","twitter_misc":{"Scris de":"admin","Timp estimat pentru citire":"2 minute"},"schema":{"@context":"https:\/\/schema.org","@graph":[{"@type":"Article","@id":"https:\/\/www.btv.md\/ro\/vox-populi-baltenii-nu-au-auzit-de-dragobete\/#article","isPartOf":{"@id":"https:\/\/www.btv.md\/ro\/vox-populi-baltenii-nu-au-auzit-de-dragobete\/"},"author":{"name":"admin","@id":"https:\/\/www.btv.md\/#\/schema\/person\/8fadce81561b3ce2c34c46dadc4ccbf2"},"headline":"VOX POPULI: B\u0102L\u021aENII NU AU AUZIT DE DRAGOBETE","datePublished":"2016-02-24T13:39:24+00:00","mainEntityOfPage":{"@id":"https:\/\/www.btv.md\/ro\/vox-populi-baltenii-nu-au-auzit-de-dragobete\/"},"wordCount":378,"image":{"@id":"https:\/\/www.btv.md\/ro\/vox-populi-baltenii-nu-au-auzit-de-dragobete\/#primaryimage"},"thumbnailUrl":"https:\/\/www.btv.md\/wp-content\/uploads\/2016\/02\/balteni.png","articleSection":["Ora\u0219"],"inLanguage":"ro-RO"},{"@type":"WebPage","@id":"https:\/\/www.btv.md\/ro\/vox-populi-baltenii-nu-au-auzit-de-dragobete\/","url":"https:\/\/www.btv.md\/ro\/vox-populi-baltenii-nu-au-auzit-de-dragobete\/","name":"VOX POPULI: B\u0102L\u021aENII NU AU AUZIT DE DRAGOBETE - BTV","isPartOf":{"@id":"https:\/\/www.btv.md\/#website"},"primaryImageOfPage":{"@id":"https:\/\/www.btv.md\/ro\/vox-populi-baltenii-nu-au-auzit-de-dragobete\/#primaryimage"},"image":{"@id":"https:\/\/www.btv.md\/ro\/vox-populi-baltenii-nu-au-auzit-de-dragobete\/#primaryimage"},"thumbnailUrl":"https:\/\/www.btv.md\/wp-content\/uploads\/2016\/02\/balteni.png","datePublished":"2016-02-24T13:39:24+00:00","author":{"@id":"https:\/\/www.btv.md\/#\/schema\/person\/8fadce81561b3ce2c34c46dadc4ccbf2"},"inLanguage":"ro-RO","potentialAction":[{"@type":"ReadAction","target":["https:\/\/www.btv.md\/ro\/vox-populi-baltenii-nu-au-auzit-de-dragobete\/"]}]},{"@type":"ImageObject","inLanguage":"ro-RO","@id":"https:\/\/www.btv.md\/ro\/vox-populi-baltenii-nu-au-auzit-de-dragobete\/#primaryimage","url":"https:\/\/www.btv.md\/wp-content\/uploads\/2016\/02\/balteni.png","contentUrl":"https:\/\/www.btv.md\/wp-content\/uploads\/2016\/02\/balteni.png","width":1023,"height":567},{"@type":"WebSite","@id":"https:\/\/www.btv.md\/#website","url":"https:\/\/www.btv.md\/","name":"BTV","description":"\u0411\u0435\u043b\u044c\u0446\u043a\u043e\u0435 \u0442\u0435\u043b\u0435\u0432\u0438\u0434\u0435\u043d\u0438\u0435","potentialAction":[{"@type":"SearchAction","target":{"@type":"EntryPoint","urlTemplate":"https:\/\/www.btv.md\/?s={search_term_string}"},"query-input":{"@type":"PropertyValueSpecification","valueRequired":true,"valueName":"search_term_string"}}],"inLanguage":"ro-RO"},{"@type":"Person","@id":"https:\/\/www.btv.md\/#\/schema\/person\/8fadce81561b3ce2c34c46dadc4ccbf2","name":"admin"}]}},"_links":{"self":[{"href":"https:\/\/www.btv.md\/ro\/wp-json\/wp\/v2\/posts\/7678","targetHints":{"allow":["GET"]}}],"collection":[{"href":"https:\/\/www.btv.md\/ro\/wp-json\/wp\/v2\/posts"}],"about":[{"href":"https:\/\/www.btv.md\/ro\/wp-json\/wp\/v2\/types\/post"}],"author":[{"embeddable":true,"href":"https:\/\/www.btv.md\/ro\/wp-json\/wp\/v2\/users\/4"}],"replies":[{"embeddable":true,"href":"https:\/\/www.btv.md\/ro\/wp-json\/wp\/v2\/comments?post=7678"}],"version-history":[{"count":0,"href":"https:\/\/www.btv.md\/ro\/wp-json\/wp\/v2\/posts\/7678\/revisions"}],"wp:featuredmedia":[{"embeddable":true,"href":"https:\/\/www.btv.md\/ro\/wp-json\/wp\/v2\/media\/7679"}],"wp:attachment":[{"href":"https:\/\/www.btv.md\/ro\/wp-json\/wp\/v2\/media?parent=7678"}],"wp:term":[{"taxonomy":"category","embeddable":true,"href":"https:\/\/www.btv.md\/ro\/wp-json\/wp\/v2\/categories?post=7678"},{"taxonomy":"post_tag","embeddable":true,"href":"https:\/\/www.btv.md\/ro\/wp-json\/wp\/v2\/tags?post=7678"}],"curies":[{"name":"wp","href":"https:\/\/api.w.org\/{rel}","templated":true}]}}