{"id":7693,"date":"2016-02-24T19:25:14","date_gmt":"2016-02-24T16:25:14","guid":{"rendered":"http:\/\/btv.md\/?p=7693"},"modified":"2016-02-24T19:25:14","modified_gmt":"2016-02-24T16:25:14","slug":"teroristii-din-balti-s-au-ales-doar-cu-amenzi","status":"publish","type":"post","link":"https:\/\/www.btv.md\/ro\/teroristii-din-balti-s-au-ales-doar-cu-amenzi\/","title":{"rendered":"\u201eTERORI\u0218TII\u201d DIN  B\u0102L\u021aI S-AU ALES DOAR CU AMENZI"},"content":{"rendered":"<p><strong>\u0218apte  dintre cei treisprezece membri ai organiza\u0163iei paramilitare din B\u0103l\u021bi acuza\u021bi pentru ac\u021biuni anticonstitu\u021bionale \u0219i-au aflat sentin\u021ba. Pentru cele incriminate de procurori inculpa\u021bii risc\u0103 amenzi penale a c\u00e2te 10 mii lei fiecare.<\/strong><\/p>\n<p>Potrivit procurorilor, p\u00e2r\u00e2\u021bii \u0219i-au recunoscut vinov\u0103\u0163ia \u00een fa\u021ba judec\u0103torilor \u015fi au solicitat examinarea cauzei \u00eentr-o procedur\u0103 simplificat\u0103, care prevede sanc\u0163iuni mai bl\u00e2nde.<\/p>\n<p>Cauza penal\u0103 \u00een privin\u0163a celorlal\u0163i complici la s\u0103v\u00e2r\u015firea infrac\u0163iunilor se afl\u0103 pe rol la Judec\u0103toria B\u0103l\u0163i \u015fi va fi examinat\u0103 conform procedurii generale, deoarece ace\u015ftia nu-\u015fi recunosc vina.<\/p>\n<p>Sentin\u0163a este cu drept de atac.<\/p>\n<p>Amintim c\u0103 aceste persoane sunt acuzate \u0219i cercetate de crearea \u015fi formarea pe teritoriul Capitalei de Nord, a unei organiza\u0163ii criminale, denumit\u0103 \u201d\u041a\u041e\u0422\u041e\u0412\u0426\u042b\u201d. \u00cen aceast\u0103 grupare  erau racolate persoane pe care le \u00eendemnau la violarea integrit\u0103\u0163ii teritoriale \u015fi schimbarea prin violen\u0163\u0103 a or\u00e2nduirii constitu\u0163ionale a statului, c\u00e2t \u0219i dezmembrarea teritorial\u0103 a Republicii Moldova.<\/p>\n<p><iframe width=\"420\" height=\"315\" data-src=\"https:\/\/www.youtube.com\/embed\/e9ntuXOM0zk\" frameborder=\"0\" allowfullscreen src=\"data:image\/svg+xml;base64,PHN2ZyB3aWR0aD0iMSIgaGVpZ2h0PSIxIiB4bWxucz0iaHR0cDovL3d3dy53My5vcmcvMjAwMC9zdmciPjwvc3ZnPg==\" class=\"lazyload\" data-load-mode=\"1\"><\/iframe><\/p>\n","protected":false},"excerpt":{"rendered":"<p>\u0218apte dintre cei treisprezece membri ai organiza\u0163iei paramilitare din B\u0103l\u021bi acuza\u021bi pentru ac\u021biuni anticonstitu\u021bionale \u0219i-au aflat sentin\u021ba. Pentru cele incriminate de procurori inculpa\u021bii risc\u0103 amenzi penale a c\u00e2te 10 mii lei fiecare. Potrivit procurorilor, p\u00e2r\u00e2\u021bii \u0219i-au recunoscut vinov\u0103\u0163ia \u00een fa\u021ba judec\u0103torilor \u015fi au solicitat examinarea cauzei \u00eentr-o procedur\u0103 simplificat\u0103, care prevede sanc\u0163iuni mai bl\u00e2nde. Cauza [&hellip;]<\/p>\n","protected":false},"author":4,"featured_media":7694,"comment_status":"closed","ping_status":"closed","sticky":false,"template":"","format":"standard","meta":{"footnotes":""},"categories":[6353],"tags":[],"class_list":["post-7693","post","type-post","status-publish","format-standard","has-post-thumbnail","hentry","category-oras"],"yoast_head":"<!-- This site is optimized with the Yoast SEO plugin v27.4 - https:\/\/yoast.com\/product\/yoast-seo-wordpress\/ -->\n<title>\u201eTERORI\u0218TII\u201d DIN B\u0102L\u021aI S-AU ALES DOAR CU AMENZI  - BTV<\/title>\n<meta name=\"robots\" content=\"index, follow, max-snippet:-1, max-image-preview:large, max-video-preview:-1\" \/>\n<link rel=\"canonical\" href=\"https:\/\/www.btv.md\/ro\/teroristii-din-balti-s-au-ales-doar-cu-amenzi\/\" \/>\n<meta property=\"og:locale\" content=\"ro_RO\" \/>\n<meta property=\"og:type\" content=\"article\" \/>\n<meta property=\"og:title\" content=\"\u201eTERORI\u0218TII\u201d DIN B\u0102L\u021aI S-AU ALES DOAR CU AMENZI  - BTV\" \/>\n<meta property=\"og:description\" content=\"\u0218apte dintre cei treisprezece membri ai organiza\u0163iei paramilitare din B\u0103l\u021bi acuza\u021bi pentru ac\u021biuni anticonstitu\u021bionale \u0219i-au aflat sentin\u021ba. Pentru cele incriminate de procurori inculpa\u021bii risc\u0103 amenzi penale a c\u00e2te 10 mii lei fiecare. Potrivit procurorilor, p\u00e2r\u00e2\u021bii \u0219i-au recunoscut vinov\u0103\u0163ia \u00een fa\u021ba judec\u0103torilor \u015fi au solicitat examinarea cauzei \u00eentr-o procedur\u0103 simplificat\u0103, care prevede sanc\u0163iuni mai bl\u00e2nde. Cauza [&hellip;]\" \/>\n<meta property=\"og:url\" content=\"https:\/\/www.btv.md\/ro\/teroristii-din-balti-s-au-ales-doar-cu-amenzi\/\" \/>\n<meta property=\"og:site_name\" content=\"BTV\" \/>\n<meta property=\"article:publisher\" content=\"https:\/\/www.facebook.com\/btvmoldova\/\" \/>\n<meta property=\"article:published_time\" content=\"2016-02-24T16:25:14+00:00\" \/>\n<meta property=\"og:image\" content=\"https:\/\/www.btv.md\/wp-content\/uploads\/2016\/02\/kotovty.png\" \/>\n\t<meta property=\"og:image:width\" content=\"987\" \/>\n\t<meta property=\"og:image:height\" content=\"497\" \/>\n\t<meta property=\"og:image:type\" content=\"image\/png\" \/>\n<meta name=\"author\" content=\"admin\" \/>\n<meta name=\"twitter:label1\" content=\"Scris de\" \/>\n\t<meta name=\"twitter:data1\" content=\"admin\" \/>\n\t<meta name=\"twitter:label2\" content=\"Timp estimat pentru citire\" \/>\n\t<meta name=\"twitter:data2\" content=\"1 minut\" \/>\n<script type=\"application\/ld+json\" class=\"yoast-schema-graph\">{\"@context\":\"https:\\\/\\\/schema.org\",\"@graph\":[{\"@type\":\"Article\",\"@id\":\"https:\\\/\\\/www.btv.md\\\/ro\\\/teroristii-din-balti-s-au-ales-doar-cu-amenzi\\\/#article\",\"isPartOf\":{\"@id\":\"https:\\\/\\\/www.btv.md\\\/ro\\\/teroristii-din-balti-s-au-ales-doar-cu-amenzi\\\/\"},\"author\":{\"name\":\"admin\",\"@id\":\"https:\\\/\\\/www.btv.md\\\/#\\\/schema\\\/person\\\/8fadce81561b3ce2c34c46dadc4ccbf2\"},\"headline\":\"\u201eTERORI\u0218TII\u201d DIN B\u0102L\u021aI S-AU ALES DOAR CU AMENZI\",\"datePublished\":\"2016-02-24T16:25:14+00:00\",\"mainEntityOfPage\":{\"@id\":\"https:\\\/\\\/www.btv.md\\\/ro\\\/teroristii-din-balti-s-au-ales-doar-cu-amenzi\\\/\"},\"wordCount\":198,\"image\":{\"@id\":\"https:\\\/\\\/www.btv.md\\\/ro\\\/teroristii-din-balti-s-au-ales-doar-cu-amenzi\\\/#primaryimage\"},\"thumbnailUrl\":\"https:\\\/\\\/www.btv.md\\\/wp-content\\\/uploads\\\/2016\\\/02\\\/kotovty.png\",\"articleSection\":[\"Ora\u0219\"],\"inLanguage\":\"ro-RO\"},{\"@type\":\"WebPage\",\"@id\":\"https:\\\/\\\/www.btv.md\\\/ro\\\/teroristii-din-balti-s-au-ales-doar-cu-amenzi\\\/\",\"url\":\"https:\\\/\\\/www.btv.md\\\/ro\\\/teroristii-din-balti-s-au-ales-doar-cu-amenzi\\\/\",\"name\":\"\u201eTERORI\u0218TII\u201d DIN B\u0102L\u021aI S-AU ALES DOAR CU AMENZI - BTV\",\"isPartOf\":{\"@id\":\"https:\\\/\\\/www.btv.md\\\/#website\"},\"primaryImageOfPage\":{\"@id\":\"https:\\\/\\\/www.btv.md\\\/ro\\\/teroristii-din-balti-s-au-ales-doar-cu-amenzi\\\/#primaryimage\"},\"image\":{\"@id\":\"https:\\\/\\\/www.btv.md\\\/ro\\\/teroristii-din-balti-s-au-ales-doar-cu-amenzi\\\/#primaryimage\"},\"thumbnailUrl\":\"https:\\\/\\\/www.btv.md\\\/wp-content\\\/uploads\\\/2016\\\/02\\\/kotovty.png\",\"datePublished\":\"2016-02-24T16:25:14+00:00\",\"author\":{\"@id\":\"https:\\\/\\\/www.btv.md\\\/#\\\/schema\\\/person\\\/8fadce81561b3ce2c34c46dadc4ccbf2\"},\"inLanguage\":\"ro-RO\",\"potentialAction\":[{\"@type\":\"ReadAction\",\"target\":[\"https:\\\/\\\/www.btv.md\\\/ro\\\/teroristii-din-balti-s-au-ales-doar-cu-amenzi\\\/\"]}]},{\"@type\":\"ImageObject\",\"inLanguage\":\"ro-RO\",\"@id\":\"https:\\\/\\\/www.btv.md\\\/ro\\\/teroristii-din-balti-s-au-ales-doar-cu-amenzi\\\/#primaryimage\",\"url\":\"https:\\\/\\\/www.btv.md\\\/wp-content\\\/uploads\\\/2016\\\/02\\\/kotovty.png\",\"contentUrl\":\"https:\\\/\\\/www.btv.md\\\/wp-content\\\/uploads\\\/2016\\\/02\\\/kotovty.png\",\"width\":987,\"height\":497},{\"@type\":\"WebSite\",\"@id\":\"https:\\\/\\\/www.btv.md\\\/#website\",\"url\":\"https:\\\/\\\/www.btv.md\\\/\",\"name\":\"BTV\",\"description\":\"\u0411\u0435\u043b\u044c\u0446\u043a\u043e\u0435 \u0442\u0435\u043b\u0435\u0432\u0438\u0434\u0435\u043d\u0438\u0435\",\"potentialAction\":[{\"@type\":\"SearchAction\",\"target\":{\"@type\":\"EntryPoint\",\"urlTemplate\":\"https:\\\/\\\/www.btv.md\\\/?s={search_term_string}\"},\"query-input\":{\"@type\":\"PropertyValueSpecification\",\"valueRequired\":true,\"valueName\":\"search_term_string\"}}],\"inLanguage\":\"ro-RO\"},{\"@type\":\"Person\",\"@id\":\"https:\\\/\\\/www.btv.md\\\/#\\\/schema\\\/person\\\/8fadce81561b3ce2c34c46dadc4ccbf2\",\"name\":\"admin\"}]}<\/script>\n<!-- \/ Yoast SEO plugin. -->","yoast_head_json":{"title":"\u201eTERORI\u0218TII\u201d DIN B\u0102L\u021aI S-AU ALES DOAR CU AMENZI  - BTV","robots":{"index":"index","follow":"follow","max-snippet":"max-snippet:-1","max-image-preview":"max-image-preview:large","max-video-preview":"max-video-preview:-1"},"canonical":"https:\/\/www.btv.md\/ro\/teroristii-din-balti-s-au-ales-doar-cu-amenzi\/","og_locale":"ro_RO","og_type":"article","og_title":"\u201eTERORI\u0218TII\u201d DIN B\u0102L\u021aI S-AU ALES DOAR CU AMENZI  - BTV","og_description":"\u0218apte dintre cei treisprezece membri ai organiza\u0163iei paramilitare din B\u0103l\u021bi acuza\u021bi pentru ac\u021biuni anticonstitu\u021bionale \u0219i-au aflat sentin\u021ba. Pentru cele incriminate de procurori inculpa\u021bii risc\u0103 amenzi penale a c\u00e2te 10 mii lei fiecare. Potrivit procurorilor, p\u00e2r\u00e2\u021bii \u0219i-au recunoscut vinov\u0103\u0163ia \u00een fa\u021ba judec\u0103torilor \u015fi au solicitat examinarea cauzei \u00eentr-o procedur\u0103 simplificat\u0103, care prevede sanc\u0163iuni mai bl\u00e2nde. Cauza [&hellip;]","og_url":"https:\/\/www.btv.md\/ro\/teroristii-din-balti-s-au-ales-doar-cu-amenzi\/","og_site_name":"BTV","article_publisher":"https:\/\/www.facebook.com\/btvmoldova\/","article_published_time":"2016-02-24T16:25:14+00:00","og_image":[{"width":987,"height":497,"url":"https:\/\/www.btv.md\/wp-content\/uploads\/2016\/02\/kotovty.png","type":"image\/png"}],"author":"admin","twitter_misc":{"Scris de":"admin","Timp estimat pentru citire":"1 minut"},"schema":{"@context":"https:\/\/schema.org","@graph":[{"@type":"Article","@id":"https:\/\/www.btv.md\/ro\/teroristii-din-balti-s-au-ales-doar-cu-amenzi\/#article","isPartOf":{"@id":"https:\/\/www.btv.md\/ro\/teroristii-din-balti-s-au-ales-doar-cu-amenzi\/"},"author":{"name":"admin","@id":"https:\/\/www.btv.md\/#\/schema\/person\/8fadce81561b3ce2c34c46dadc4ccbf2"},"headline":"\u201eTERORI\u0218TII\u201d DIN B\u0102L\u021aI S-AU ALES DOAR CU AMENZI","datePublished":"2016-02-24T16:25:14+00:00","mainEntityOfPage":{"@id":"https:\/\/www.btv.md\/ro\/teroristii-din-balti-s-au-ales-doar-cu-amenzi\/"},"wordCount":198,"image":{"@id":"https:\/\/www.btv.md\/ro\/teroristii-din-balti-s-au-ales-doar-cu-amenzi\/#primaryimage"},"thumbnailUrl":"https:\/\/www.btv.md\/wp-content\/uploads\/2016\/02\/kotovty.png","articleSection":["Ora\u0219"],"inLanguage":"ro-RO"},{"@type":"WebPage","@id":"https:\/\/www.btv.md\/ro\/teroristii-din-balti-s-au-ales-doar-cu-amenzi\/","url":"https:\/\/www.btv.md\/ro\/teroristii-din-balti-s-au-ales-doar-cu-amenzi\/","name":"\u201eTERORI\u0218TII\u201d DIN B\u0102L\u021aI S-AU ALES DOAR CU AMENZI - BTV","isPartOf":{"@id":"https:\/\/www.btv.md\/#website"},"primaryImageOfPage":{"@id":"https:\/\/www.btv.md\/ro\/teroristii-din-balti-s-au-ales-doar-cu-amenzi\/#primaryimage"},"image":{"@id":"https:\/\/www.btv.md\/ro\/teroristii-din-balti-s-au-ales-doar-cu-amenzi\/#primaryimage"},"thumbnailUrl":"https:\/\/www.btv.md\/wp-content\/uploads\/2016\/02\/kotovty.png","datePublished":"2016-02-24T16:25:14+00:00","author":{"@id":"https:\/\/www.btv.md\/#\/schema\/person\/8fadce81561b3ce2c34c46dadc4ccbf2"},"inLanguage":"ro-RO","potentialAction":[{"@type":"ReadAction","target":["https:\/\/www.btv.md\/ro\/teroristii-din-balti-s-au-ales-doar-cu-amenzi\/"]}]},{"@type":"ImageObject","inLanguage":"ro-RO","@id":"https:\/\/www.btv.md\/ro\/teroristii-din-balti-s-au-ales-doar-cu-amenzi\/#primaryimage","url":"https:\/\/www.btv.md\/wp-content\/uploads\/2016\/02\/kotovty.png","contentUrl":"https:\/\/www.btv.md\/wp-content\/uploads\/2016\/02\/kotovty.png","width":987,"height":497},{"@type":"WebSite","@id":"https:\/\/www.btv.md\/#website","url":"https:\/\/www.btv.md\/","name":"BTV","description":"\u0411\u0435\u043b\u044c\u0446\u043a\u043e\u0435 \u0442\u0435\u043b\u0435\u0432\u0438\u0434\u0435\u043d\u0438\u0435","potentialAction":[{"@type":"SearchAction","target":{"@type":"EntryPoint","urlTemplate":"https:\/\/www.btv.md\/?s={search_term_string}"},"query-input":{"@type":"PropertyValueSpecification","valueRequired":true,"valueName":"search_term_string"}}],"inLanguage":"ro-RO"},{"@type":"Person","@id":"https:\/\/www.btv.md\/#\/schema\/person\/8fadce81561b3ce2c34c46dadc4ccbf2","name":"admin"}]}},"_links":{"self":[{"href":"https:\/\/www.btv.md\/ro\/wp-json\/wp\/v2\/posts\/7693","targetHints":{"allow":["GET"]}}],"collection":[{"href":"https:\/\/www.btv.md\/ro\/wp-json\/wp\/v2\/posts"}],"about":[{"href":"https:\/\/www.btv.md\/ro\/wp-json\/wp\/v2\/types\/post"}],"author":[{"embeddable":true,"href":"https:\/\/www.btv.md\/ro\/wp-json\/wp\/v2\/users\/4"}],"replies":[{"embeddable":true,"href":"https:\/\/www.btv.md\/ro\/wp-json\/wp\/v2\/comments?post=7693"}],"version-history":[{"count":0,"href":"https:\/\/www.btv.md\/ro\/wp-json\/wp\/v2\/posts\/7693\/revisions"}],"wp:featuredmedia":[{"embeddable":true,"href":"https:\/\/www.btv.md\/ro\/wp-json\/wp\/v2\/media\/7694"}],"wp:attachment":[{"href":"https:\/\/www.btv.md\/ro\/wp-json\/wp\/v2\/media?parent=7693"}],"wp:term":[{"taxonomy":"category","embeddable":true,"href":"https:\/\/www.btv.md\/ro\/wp-json\/wp\/v2\/categories?post=7693"},{"taxonomy":"post_tag","embeddable":true,"href":"https:\/\/www.btv.md\/ro\/wp-json\/wp\/v2\/tags?post=7693"}],"curies":[{"name":"wp","href":"https:\/\/api.w.org\/{rel}","templated":true}]}}