{"id":7696,"date":"2016-02-24T19:31:14","date_gmt":"2016-02-24T16:31:14","guid":{"rendered":"http:\/\/btv.md\/?p=7696"},"modified":"2016-02-24T19:31:14","modified_gmt":"2016-02-24T16:31:14","slug":"locuitorii-unor-strazi-din-balti-au-scapat-de-inundatii","status":"publish","type":"post","link":"https:\/\/www.btv.md\/ro\/locuitorii-unor-strazi-din-balti-au-scapat-de-inundatii\/","title":{"rendered":"LOCUITORII UNOR STR\u0102ZI DIN B\u0102L\u021aI AU SC\u0102PAT DE INUNDA\u021aII"},"content":{"rendered":"<p><strong>Peste \u0219ase familii din ora\u0219ul B\u0103l\u021bi care riscau s\u0103 r\u0103m\u00e2n\u0103 f\u0103r\u0103 acoperi\u0219 deasupra capului din cauza inunda\u021biilor provocate de spargerea unui apeduct pot s\u0103 revin\u0103 la casele lor. Autorit\u0103\u021bile locale au stabilit c\u0103 din cauza \u021bevilor vechi, apa a \u021bi\u0219nit \u00een subsolul mai multor blocuri de locuit \u0219i a \u00eenceput s\u0103 spele temelia.<\/strong><\/p>\n<p>Potrivit directorului \u201eAp\u0103-Canal\u201d, Victor Corcodel, pentru a identifica  \u0219i lichida cauza apari\u021biei problemei, angaja\u0163ii \u00eentreprinderii  au decis s\u0103 sisteze livrarea apei pe un termen de dou\u0103 zile.  <\/p>\n<p>\u201e<em>Totu\u0219i am g\u0103sit o \u021beav\u0103, care cum se nume\u0219te era construit\u0103 credc\u0103 \u00eenc\u0103 de mul\u021bi mul\u021bi ani \u00eenainte, unde nici p\u00e2n\u0103 acum nu-i nici \u00eentr-o schem\u0103, \u00eenafar\u0103 de asta casa Cepaeva a, este construit\u0103 pe \u021biava asta.<\/p>\n<p>Adev\u0103r, am s\u0103pat \u0219i am g\u0103sit taman c\u0103 a fost sparta \u021beava or\u0103\u0219eneasc\u0103 \u0219i aceasta nimerea \u00een \u021beava ceia unde a fost construit\u0103 de mult<\/em>\u201d. <\/p>\n<p>Autoritatea public\u0103 a specificat c\u0103 timp de dou\u0103 s\u0103pt\u0103m\u00e2ni, angaja\u021bii interprinderii au lucrat \u00een rejim sporit \u0219i \u00een scurt timp \u021bevile de la acest apeduct vor fi schimbate.<\/p>\n<p>\u201e<em>\u00cen regiunea ceia am tras apeductul nou \u00een anul 2014 \u0219i \u00een anul acesta este pl\u0103nuit s\u0103 renov\u0103m toate bra\u0219amente care ierau din apeductul ceva vechi<\/em>\u201d.<\/p>\n<p>Amintim c\u0103 mai multe familii de pe strada Ceapaev din ora\u0219ul B\u0103l\u021bi s-au pl\u00e2ns pe apa care se acumula \u00een subsolul case, \u00eenc\u0103 din luna octombrie. \u00cen acest scop autorit\u0103\u021bile au creat o comisie special\u0103 care urmau s\u0103 identifice solu\u021biile pentru rezolvarea aceste-i probleme.  <\/p>\n<p><iframe width=\"420\" height=\"315\" data-src=\"https:\/\/www.youtube.com\/embed\/Ze5Tg8mgfRs\" frameborder=\"0\" allowfullscreen src=\"data:image\/svg+xml;base64,PHN2ZyB3aWR0aD0iMSIgaGVpZ2h0PSIxIiB4bWxucz0iaHR0cDovL3d3dy53My5vcmcvMjAwMC9zdmciPjwvc3ZnPg==\" class=\"lazyload\" data-load-mode=\"1\"><\/iframe><\/p>\n","protected":false},"excerpt":{"rendered":"<p>Peste \u0219ase familii din ora\u0219ul B\u0103l\u021bi care riscau s\u0103 r\u0103m\u00e2n\u0103 f\u0103r\u0103 acoperi\u0219 deasupra capului din cauza inunda\u021biilor provocate de spargerea unui apeduct pot s\u0103 revin\u0103 la casele lor. Autorit\u0103\u021bile locale au stabilit c\u0103 din cauza \u021bevilor vechi, apa a \u021bi\u0219nit \u00een subsolul mai multor blocuri de locuit \u0219i a \u00eenceput s\u0103 spele temelia. Potrivit directorului [&hellip;]<\/p>\n","protected":false},"author":4,"featured_media":7697,"comment_status":"closed","ping_status":"closed","sticky":false,"template":"","format":"standard","meta":{"footnotes":""},"categories":[6353],"tags":[],"class_list":["post-7696","post","type-post","status-publish","format-standard","has-post-thumbnail","hentry","category-oras"],"yoast_head":"<!-- This site is optimized with the Yoast SEO plugin v27.4 - https:\/\/yoast.com\/product\/yoast-seo-wordpress\/ -->\n<title>LOCUITORII UNOR STR\u0102ZI DIN B\u0102L\u021aI AU SC\u0102PAT DE INUNDA\u021aII  - BTV<\/title>\n<meta name=\"robots\" content=\"index, follow, max-snippet:-1, max-image-preview:large, max-video-preview:-1\" \/>\n<link rel=\"canonical\" href=\"https:\/\/www.btv.md\/ro\/locuitorii-unor-strazi-din-balti-au-scapat-de-inundatii\/\" \/>\n<meta property=\"og:locale\" content=\"ro_RO\" \/>\n<meta property=\"og:type\" content=\"article\" \/>\n<meta property=\"og:title\" content=\"LOCUITORII UNOR STR\u0102ZI DIN B\u0102L\u021aI AU SC\u0102PAT DE INUNDA\u021aII  - BTV\" \/>\n<meta property=\"og:description\" content=\"Peste \u0219ase familii din ora\u0219ul B\u0103l\u021bi care riscau s\u0103 r\u0103m\u00e2n\u0103 f\u0103r\u0103 acoperi\u0219 deasupra capului din cauza inunda\u021biilor provocate de spargerea unui apeduct pot s\u0103 revin\u0103 la casele lor. Autorit\u0103\u021bile locale au stabilit c\u0103 din cauza \u021bevilor vechi, apa a \u021bi\u0219nit \u00een subsolul mai multor blocuri de locuit \u0219i a \u00eenceput s\u0103 spele temelia. Potrivit directorului [&hellip;]\" \/>\n<meta property=\"og:url\" content=\"https:\/\/www.btv.md\/ro\/locuitorii-unor-strazi-din-balti-au-scapat-de-inundatii\/\" \/>\n<meta property=\"og:site_name\" content=\"BTV\" \/>\n<meta property=\"article:publisher\" content=\"https:\/\/www.facebook.com\/btvmoldova\/\" \/>\n<meta property=\"article:published_time\" content=\"2016-02-24T16:31:14+00:00\" \/>\n<meta property=\"og:image\" content=\"https:\/\/www.btv.md\/wp-content\/uploads\/2016\/02\/balti-bloc.png\" \/>\n\t<meta property=\"og:image:width\" content=\"1023\" \/>\n\t<meta property=\"og:image:height\" content=\"573\" \/>\n\t<meta property=\"og:image:type\" content=\"image\/png\" \/>\n<meta name=\"author\" content=\"admin\" \/>\n<meta name=\"twitter:label1\" content=\"Scris de\" \/>\n\t<meta name=\"twitter:data1\" content=\"admin\" \/>\n\t<meta name=\"twitter:label2\" content=\"Timp estimat pentru citire\" \/>\n\t<meta name=\"twitter:data2\" content=\"1 minut\" \/>\n<script type=\"application\/ld+json\" class=\"yoast-schema-graph\">{\"@context\":\"https:\\\/\\\/schema.org\",\"@graph\":[{\"@type\":\"Article\",\"@id\":\"https:\\\/\\\/www.btv.md\\\/ro\\\/locuitorii-unor-strazi-din-balti-au-scapat-de-inundatii\\\/#article\",\"isPartOf\":{\"@id\":\"https:\\\/\\\/www.btv.md\\\/ro\\\/locuitorii-unor-strazi-din-balti-au-scapat-de-inundatii\\\/\"},\"author\":{\"name\":\"admin\",\"@id\":\"https:\\\/\\\/www.btv.md\\\/#\\\/schema\\\/person\\\/8fadce81561b3ce2c34c46dadc4ccbf2\"},\"headline\":\"LOCUITORII UNOR STR\u0102ZI DIN B\u0102L\u021aI AU SC\u0102PAT DE INUNDA\u021aII\",\"datePublished\":\"2016-02-24T16:31:14+00:00\",\"mainEntityOfPage\":{\"@id\":\"https:\\\/\\\/www.btv.md\\\/ro\\\/locuitorii-unor-strazi-din-balti-au-scapat-de-inundatii\\\/\"},\"wordCount\":288,\"image\":{\"@id\":\"https:\\\/\\\/www.btv.md\\\/ro\\\/locuitorii-unor-strazi-din-balti-au-scapat-de-inundatii\\\/#primaryimage\"},\"thumbnailUrl\":\"https:\\\/\\\/www.btv.md\\\/wp-content\\\/uploads\\\/2016\\\/02\\\/balti-bloc.png\",\"articleSection\":[\"Ora\u0219\"],\"inLanguage\":\"ro-RO\"},{\"@type\":\"WebPage\",\"@id\":\"https:\\\/\\\/www.btv.md\\\/ro\\\/locuitorii-unor-strazi-din-balti-au-scapat-de-inundatii\\\/\",\"url\":\"https:\\\/\\\/www.btv.md\\\/ro\\\/locuitorii-unor-strazi-din-balti-au-scapat-de-inundatii\\\/\",\"name\":\"LOCUITORII UNOR STR\u0102ZI DIN B\u0102L\u021aI AU SC\u0102PAT DE INUNDA\u021aII - BTV\",\"isPartOf\":{\"@id\":\"https:\\\/\\\/www.btv.md\\\/#website\"},\"primaryImageOfPage\":{\"@id\":\"https:\\\/\\\/www.btv.md\\\/ro\\\/locuitorii-unor-strazi-din-balti-au-scapat-de-inundatii\\\/#primaryimage\"},\"image\":{\"@id\":\"https:\\\/\\\/www.btv.md\\\/ro\\\/locuitorii-unor-strazi-din-balti-au-scapat-de-inundatii\\\/#primaryimage\"},\"thumbnailUrl\":\"https:\\\/\\\/www.btv.md\\\/wp-content\\\/uploads\\\/2016\\\/02\\\/balti-bloc.png\",\"datePublished\":\"2016-02-24T16:31:14+00:00\",\"author\":{\"@id\":\"https:\\\/\\\/www.btv.md\\\/#\\\/schema\\\/person\\\/8fadce81561b3ce2c34c46dadc4ccbf2\"},\"inLanguage\":\"ro-RO\",\"potentialAction\":[{\"@type\":\"ReadAction\",\"target\":[\"https:\\\/\\\/www.btv.md\\\/ro\\\/locuitorii-unor-strazi-din-balti-au-scapat-de-inundatii\\\/\"]}]},{\"@type\":\"ImageObject\",\"inLanguage\":\"ro-RO\",\"@id\":\"https:\\\/\\\/www.btv.md\\\/ro\\\/locuitorii-unor-strazi-din-balti-au-scapat-de-inundatii\\\/#primaryimage\",\"url\":\"https:\\\/\\\/www.btv.md\\\/wp-content\\\/uploads\\\/2016\\\/02\\\/balti-bloc.png\",\"contentUrl\":\"https:\\\/\\\/www.btv.md\\\/wp-content\\\/uploads\\\/2016\\\/02\\\/balti-bloc.png\",\"width\":1023,\"height\":573},{\"@type\":\"WebSite\",\"@id\":\"https:\\\/\\\/www.btv.md\\\/#website\",\"url\":\"https:\\\/\\\/www.btv.md\\\/\",\"name\":\"BTV\",\"description\":\"\u0411\u0435\u043b\u044c\u0446\u043a\u043e\u0435 \u0442\u0435\u043b\u0435\u0432\u0438\u0434\u0435\u043d\u0438\u0435\",\"potentialAction\":[{\"@type\":\"SearchAction\",\"target\":{\"@type\":\"EntryPoint\",\"urlTemplate\":\"https:\\\/\\\/www.btv.md\\\/?s={search_term_string}\"},\"query-input\":{\"@type\":\"PropertyValueSpecification\",\"valueRequired\":true,\"valueName\":\"search_term_string\"}}],\"inLanguage\":\"ro-RO\"},{\"@type\":\"Person\",\"@id\":\"https:\\\/\\\/www.btv.md\\\/#\\\/schema\\\/person\\\/8fadce81561b3ce2c34c46dadc4ccbf2\",\"name\":\"admin\"}]}<\/script>\n<!-- \/ Yoast SEO plugin. -->","yoast_head_json":{"title":"LOCUITORII UNOR STR\u0102ZI DIN B\u0102L\u021aI AU SC\u0102PAT DE INUNDA\u021aII  - BTV","robots":{"index":"index","follow":"follow","max-snippet":"max-snippet:-1","max-image-preview":"max-image-preview:large","max-video-preview":"max-video-preview:-1"},"canonical":"https:\/\/www.btv.md\/ro\/locuitorii-unor-strazi-din-balti-au-scapat-de-inundatii\/","og_locale":"ro_RO","og_type":"article","og_title":"LOCUITORII UNOR STR\u0102ZI DIN B\u0102L\u021aI AU SC\u0102PAT DE INUNDA\u021aII  - BTV","og_description":"Peste \u0219ase familii din ora\u0219ul B\u0103l\u021bi care riscau s\u0103 r\u0103m\u00e2n\u0103 f\u0103r\u0103 acoperi\u0219 deasupra capului din cauza inunda\u021biilor provocate de spargerea unui apeduct pot s\u0103 revin\u0103 la casele lor. Autorit\u0103\u021bile locale au stabilit c\u0103 din cauza \u021bevilor vechi, apa a \u021bi\u0219nit \u00een subsolul mai multor blocuri de locuit \u0219i a \u00eenceput s\u0103 spele temelia. Potrivit directorului [&hellip;]","og_url":"https:\/\/www.btv.md\/ro\/locuitorii-unor-strazi-din-balti-au-scapat-de-inundatii\/","og_site_name":"BTV","article_publisher":"https:\/\/www.facebook.com\/btvmoldova\/","article_published_time":"2016-02-24T16:31:14+00:00","og_image":[{"width":1023,"height":573,"url":"https:\/\/www.btv.md\/wp-content\/uploads\/2016\/02\/balti-bloc.png","type":"image\/png"}],"author":"admin","twitter_misc":{"Scris de":"admin","Timp estimat pentru citire":"1 minut"},"schema":{"@context":"https:\/\/schema.org","@graph":[{"@type":"Article","@id":"https:\/\/www.btv.md\/ro\/locuitorii-unor-strazi-din-balti-au-scapat-de-inundatii\/#article","isPartOf":{"@id":"https:\/\/www.btv.md\/ro\/locuitorii-unor-strazi-din-balti-au-scapat-de-inundatii\/"},"author":{"name":"admin","@id":"https:\/\/www.btv.md\/#\/schema\/person\/8fadce81561b3ce2c34c46dadc4ccbf2"},"headline":"LOCUITORII UNOR STR\u0102ZI DIN B\u0102L\u021aI AU SC\u0102PAT DE INUNDA\u021aII","datePublished":"2016-02-24T16:31:14+00:00","mainEntityOfPage":{"@id":"https:\/\/www.btv.md\/ro\/locuitorii-unor-strazi-din-balti-au-scapat-de-inundatii\/"},"wordCount":288,"image":{"@id":"https:\/\/www.btv.md\/ro\/locuitorii-unor-strazi-din-balti-au-scapat-de-inundatii\/#primaryimage"},"thumbnailUrl":"https:\/\/www.btv.md\/wp-content\/uploads\/2016\/02\/balti-bloc.png","articleSection":["Ora\u0219"],"inLanguage":"ro-RO"},{"@type":"WebPage","@id":"https:\/\/www.btv.md\/ro\/locuitorii-unor-strazi-din-balti-au-scapat-de-inundatii\/","url":"https:\/\/www.btv.md\/ro\/locuitorii-unor-strazi-din-balti-au-scapat-de-inundatii\/","name":"LOCUITORII UNOR STR\u0102ZI DIN B\u0102L\u021aI AU SC\u0102PAT DE INUNDA\u021aII - BTV","isPartOf":{"@id":"https:\/\/www.btv.md\/#website"},"primaryImageOfPage":{"@id":"https:\/\/www.btv.md\/ro\/locuitorii-unor-strazi-din-balti-au-scapat-de-inundatii\/#primaryimage"},"image":{"@id":"https:\/\/www.btv.md\/ro\/locuitorii-unor-strazi-din-balti-au-scapat-de-inundatii\/#primaryimage"},"thumbnailUrl":"https:\/\/www.btv.md\/wp-content\/uploads\/2016\/02\/balti-bloc.png","datePublished":"2016-02-24T16:31:14+00:00","author":{"@id":"https:\/\/www.btv.md\/#\/schema\/person\/8fadce81561b3ce2c34c46dadc4ccbf2"},"inLanguage":"ro-RO","potentialAction":[{"@type":"ReadAction","target":["https:\/\/www.btv.md\/ro\/locuitorii-unor-strazi-din-balti-au-scapat-de-inundatii\/"]}]},{"@type":"ImageObject","inLanguage":"ro-RO","@id":"https:\/\/www.btv.md\/ro\/locuitorii-unor-strazi-din-balti-au-scapat-de-inundatii\/#primaryimage","url":"https:\/\/www.btv.md\/wp-content\/uploads\/2016\/02\/balti-bloc.png","contentUrl":"https:\/\/www.btv.md\/wp-content\/uploads\/2016\/02\/balti-bloc.png","width":1023,"height":573},{"@type":"WebSite","@id":"https:\/\/www.btv.md\/#website","url":"https:\/\/www.btv.md\/","name":"BTV","description":"\u0411\u0435\u043b\u044c\u0446\u043a\u043e\u0435 \u0442\u0435\u043b\u0435\u0432\u0438\u0434\u0435\u043d\u0438\u0435","potentialAction":[{"@type":"SearchAction","target":{"@type":"EntryPoint","urlTemplate":"https:\/\/www.btv.md\/?s={search_term_string}"},"query-input":{"@type":"PropertyValueSpecification","valueRequired":true,"valueName":"search_term_string"}}],"inLanguage":"ro-RO"},{"@type":"Person","@id":"https:\/\/www.btv.md\/#\/schema\/person\/8fadce81561b3ce2c34c46dadc4ccbf2","name":"admin"}]}},"_links":{"self":[{"href":"https:\/\/www.btv.md\/ro\/wp-json\/wp\/v2\/posts\/7696","targetHints":{"allow":["GET"]}}],"collection":[{"href":"https:\/\/www.btv.md\/ro\/wp-json\/wp\/v2\/posts"}],"about":[{"href":"https:\/\/www.btv.md\/ro\/wp-json\/wp\/v2\/types\/post"}],"author":[{"embeddable":true,"href":"https:\/\/www.btv.md\/ro\/wp-json\/wp\/v2\/users\/4"}],"replies":[{"embeddable":true,"href":"https:\/\/www.btv.md\/ro\/wp-json\/wp\/v2\/comments?post=7696"}],"version-history":[{"count":0,"href":"https:\/\/www.btv.md\/ro\/wp-json\/wp\/v2\/posts\/7696\/revisions"}],"wp:featuredmedia":[{"embeddable":true,"href":"https:\/\/www.btv.md\/ro\/wp-json\/wp\/v2\/media\/7697"}],"wp:attachment":[{"href":"https:\/\/www.btv.md\/ro\/wp-json\/wp\/v2\/media?parent=7696"}],"wp:term":[{"taxonomy":"category","embeddable":true,"href":"https:\/\/www.btv.md\/ro\/wp-json\/wp\/v2\/categories?post=7696"},{"taxonomy":"post_tag","embeddable":true,"href":"https:\/\/www.btv.md\/ro\/wp-json\/wp\/v2\/tags?post=7696"}],"curies":[{"name":"wp","href":"https:\/\/api.w.org\/{rel}","templated":true}]}}