{"id":7722,"date":"2016-02-25T16:28:56","date_gmt":"2016-02-25T13:28:56","guid":{"rendered":"http:\/\/btv.md\/?p=7722"},"modified":"2016-02-25T16:28:56","modified_gmt":"2016-02-25T13:28:56","slug":"inca-o-sedinta-de-judecata-in-dosarul-grupul-petrenco","status":"publish","type":"post","link":"https:\/\/www.btv.md\/ro\/inca-o-sedinta-de-judecata-in-dosarul-grupul-petrenco\/","title":{"rendered":"\u00ceNC\u0102 O \u0218EDIN\u021a\u0102 DE JUDECAT\u0102 \u00ceN DOSARUL \u201eGRUPUL PETRENCO\u201d"},"content":{"rendered":"<p><strong>Membrii Grupului Petrenco care au fost plasa\u021bi din arest preventiv \u00een arest la domiciliu  vor comp\u0103rea \u00een fa\u021ba magistra\u021bilor. Cazul va fi examinat \u00eentr-o nou\u0103 \u0219edin\u021b\u0103 de  magistra\u021bii Judec\u0103toriei sectorului R\u00ee\u0219cani din Chi\u0219in\u0103u programat\u0103 pentru 26 februarie ora 11:00.<\/strong><\/p>\n<p>La \u0219edin\u021ba este preconizat\u0103  participarea deputa\u021bilor din Parlamentul European si din APCE care vin s\u0103 prezinte garan\u021bii personale \u0219i vor solicita eliberarea de\u021binu\u021bilor politici de sub arest.<\/p>\n<p>Cei \u015fapte membri a Grupului Petrenco sunt \u00eenvinui\u0163i de organizarea dezordinilor \u00een mas\u0103 de \u00een data de 6 septembrie 2015, din fa\u0163a Procuraturii Generale. \u00cen data de 15 februarie, simpatizan\u021bii Partidului Nostru dar \u0219i al\u021bi activi\u0219ti a diferitor mi\u0219c\u0103ri politice au protesta \u00een fa\u021ba Judec\u0103toriei sectorului R\u00ee\u0219cani \u00eempotriva deten\u021biei Grupului Petrenco.<\/p>\n<p><iframe width=\"420\" height=\"315\" data-src=\"https:\/\/www.youtube.com\/embed\/LRbvF5M50kI\" frameborder=\"0\" allowfullscreen src=\"data:image\/svg+xml;base64,PHN2ZyB3aWR0aD0iMSIgaGVpZ2h0PSIxIiB4bWxucz0iaHR0cDovL3d3dy53My5vcmcvMjAwMC9zdmciPjwvc3ZnPg==\" class=\"lazyload\" data-load-mode=\"1\"><\/iframe><\/p>\n","protected":false},"excerpt":{"rendered":"<p>Membrii Grupului Petrenco care au fost plasa\u021bi din arest preventiv \u00een arest la domiciliu vor comp\u0103rea \u00een fa\u021ba magistra\u021bilor. Cazul va fi examinat \u00eentr-o nou\u0103 \u0219edin\u021b\u0103 de magistra\u021bii Judec\u0103toriei sectorului R\u00ee\u0219cani din Chi\u0219in\u0103u programat\u0103 pentru 26 februarie ora 11:00. La \u0219edin\u021ba este preconizat\u0103 participarea deputa\u021bilor din Parlamentul European si din APCE care vin s\u0103 prezinte [&hellip;]<\/p>\n","protected":false},"author":4,"featured_media":7723,"comment_status":"closed","ping_status":"closed","sticky":false,"template":"","format":"standard","meta":{"footnotes":""},"categories":[6368],"tags":[],"class_list":["post-7722","post","type-post","status-publish","format-standard","has-post-thumbnail","hentry","category-politica-ro"],"yoast_head":"<!-- This site is optimized with the Yoast SEO plugin v27.4 - https:\/\/yoast.com\/product\/yoast-seo-wordpress\/ -->\n<title>\u00ceNC\u0102 O \u0218EDIN\u021a\u0102 DE JUDECAT\u0102 \u00ceN DOSARUL \u201eGRUPUL PETRENCO\u201d - BTV<\/title>\n<meta name=\"robots\" content=\"index, follow, max-snippet:-1, max-image-preview:large, max-video-preview:-1\" \/>\n<link rel=\"canonical\" href=\"https:\/\/www.btv.md\/ro\/inca-o-sedinta-de-judecata-in-dosarul-grupul-petrenco\/\" \/>\n<meta property=\"og:locale\" content=\"ro_RO\" \/>\n<meta property=\"og:type\" content=\"article\" \/>\n<meta property=\"og:title\" content=\"\u00ceNC\u0102 O \u0218EDIN\u021a\u0102 DE JUDECAT\u0102 \u00ceN DOSARUL \u201eGRUPUL PETRENCO\u201d - BTV\" \/>\n<meta property=\"og:description\" content=\"Membrii Grupului Petrenco care au fost plasa\u021bi din arest preventiv \u00een arest la domiciliu vor comp\u0103rea \u00een fa\u021ba magistra\u021bilor. Cazul va fi examinat \u00eentr-o nou\u0103 \u0219edin\u021b\u0103 de magistra\u021bii Judec\u0103toriei sectorului R\u00ee\u0219cani din Chi\u0219in\u0103u programat\u0103 pentru 26 februarie ora 11:00. La \u0219edin\u021ba este preconizat\u0103 participarea deputa\u021bilor din Parlamentul European si din APCE care vin s\u0103 prezinte [&hellip;]\" \/>\n<meta property=\"og:url\" content=\"https:\/\/www.btv.md\/ro\/inca-o-sedinta-de-judecata-in-dosarul-grupul-petrenco\/\" \/>\n<meta property=\"og:site_name\" content=\"BTV\" \/>\n<meta property=\"article:publisher\" content=\"https:\/\/www.facebook.com\/btvmoldova\/\" \/>\n<meta property=\"article:published_time\" content=\"2016-02-25T13:28:56+00:00\" \/>\n<meta property=\"og:image\" content=\"https:\/\/www.btv.md\/wp-content\/uploads\/2016\/02\/judecata-petrenco.png\" \/>\n\t<meta property=\"og:image:width\" content=\"829\" \/>\n\t<meta property=\"og:image:height\" content=\"483\" \/>\n\t<meta property=\"og:image:type\" content=\"image\/png\" \/>\n<meta name=\"author\" content=\"admin\" \/>\n<meta name=\"twitter:label1\" content=\"Scris de\" \/>\n\t<meta name=\"twitter:data1\" content=\"admin\" \/>\n\t<meta name=\"twitter:label2\" content=\"Timp estimat pentru citire\" \/>\n\t<meta name=\"twitter:data2\" content=\"1 minut\" \/>\n<script type=\"application\/ld+json\" class=\"yoast-schema-graph\">{\"@context\":\"https:\\\/\\\/schema.org\",\"@graph\":[{\"@type\":\"Article\",\"@id\":\"https:\\\/\\\/www.btv.md\\\/ro\\\/inca-o-sedinta-de-judecata-in-dosarul-grupul-petrenco\\\/#article\",\"isPartOf\":{\"@id\":\"https:\\\/\\\/www.btv.md\\\/ro\\\/inca-o-sedinta-de-judecata-in-dosarul-grupul-petrenco\\\/\"},\"author\":{\"name\":\"admin\",\"@id\":\"https:\\\/\\\/www.btv.md\\\/#\\\/schema\\\/person\\\/8fadce81561b3ce2c34c46dadc4ccbf2\"},\"headline\":\"\u00ceNC\u0102 O \u0218EDIN\u021a\u0102 DE JUDECAT\u0102 \u00ceN DOSARUL \u201eGRUPUL PETRENCO\u201d\",\"datePublished\":\"2016-02-25T13:28:56+00:00\",\"mainEntityOfPage\":{\"@id\":\"https:\\\/\\\/www.btv.md\\\/ro\\\/inca-o-sedinta-de-judecata-in-dosarul-grupul-petrenco\\\/\"},\"wordCount\":146,\"image\":{\"@id\":\"https:\\\/\\\/www.btv.md\\\/ro\\\/inca-o-sedinta-de-judecata-in-dosarul-grupul-petrenco\\\/#primaryimage\"},\"thumbnailUrl\":\"https:\\\/\\\/www.btv.md\\\/wp-content\\\/uploads\\\/2016\\\/02\\\/judecata-petrenco.png\",\"articleSection\":[\"Politic\u0103\"],\"inLanguage\":\"ro-RO\"},{\"@type\":\"WebPage\",\"@id\":\"https:\\\/\\\/www.btv.md\\\/ro\\\/inca-o-sedinta-de-judecata-in-dosarul-grupul-petrenco\\\/\",\"url\":\"https:\\\/\\\/www.btv.md\\\/ro\\\/inca-o-sedinta-de-judecata-in-dosarul-grupul-petrenco\\\/\",\"name\":\"\u00ceNC\u0102 O \u0218EDIN\u021a\u0102 DE JUDECAT\u0102 \u00ceN DOSARUL \u201eGRUPUL PETRENCO\u201d - BTV\",\"isPartOf\":{\"@id\":\"https:\\\/\\\/www.btv.md\\\/#website\"},\"primaryImageOfPage\":{\"@id\":\"https:\\\/\\\/www.btv.md\\\/ro\\\/inca-o-sedinta-de-judecata-in-dosarul-grupul-petrenco\\\/#primaryimage\"},\"image\":{\"@id\":\"https:\\\/\\\/www.btv.md\\\/ro\\\/inca-o-sedinta-de-judecata-in-dosarul-grupul-petrenco\\\/#primaryimage\"},\"thumbnailUrl\":\"https:\\\/\\\/www.btv.md\\\/wp-content\\\/uploads\\\/2016\\\/02\\\/judecata-petrenco.png\",\"datePublished\":\"2016-02-25T13:28:56+00:00\",\"author\":{\"@id\":\"https:\\\/\\\/www.btv.md\\\/#\\\/schema\\\/person\\\/8fadce81561b3ce2c34c46dadc4ccbf2\"},\"inLanguage\":\"ro-RO\",\"potentialAction\":[{\"@type\":\"ReadAction\",\"target\":[\"https:\\\/\\\/www.btv.md\\\/ro\\\/inca-o-sedinta-de-judecata-in-dosarul-grupul-petrenco\\\/\"]}]},{\"@type\":\"ImageObject\",\"inLanguage\":\"ro-RO\",\"@id\":\"https:\\\/\\\/www.btv.md\\\/ro\\\/inca-o-sedinta-de-judecata-in-dosarul-grupul-petrenco\\\/#primaryimage\",\"url\":\"https:\\\/\\\/www.btv.md\\\/wp-content\\\/uploads\\\/2016\\\/02\\\/judecata-petrenco.png\",\"contentUrl\":\"https:\\\/\\\/www.btv.md\\\/wp-content\\\/uploads\\\/2016\\\/02\\\/judecata-petrenco.png\",\"width\":829,\"height\":483},{\"@type\":\"WebSite\",\"@id\":\"https:\\\/\\\/www.btv.md\\\/#website\",\"url\":\"https:\\\/\\\/www.btv.md\\\/\",\"name\":\"BTV\",\"description\":\"\u0411\u0435\u043b\u044c\u0446\u043a\u043e\u0435 \u0442\u0435\u043b\u0435\u0432\u0438\u0434\u0435\u043d\u0438\u0435\",\"potentialAction\":[{\"@type\":\"SearchAction\",\"target\":{\"@type\":\"EntryPoint\",\"urlTemplate\":\"https:\\\/\\\/www.btv.md\\\/?s={search_term_string}\"},\"query-input\":{\"@type\":\"PropertyValueSpecification\",\"valueRequired\":true,\"valueName\":\"search_term_string\"}}],\"inLanguage\":\"ro-RO\"},{\"@type\":\"Person\",\"@id\":\"https:\\\/\\\/www.btv.md\\\/#\\\/schema\\\/person\\\/8fadce81561b3ce2c34c46dadc4ccbf2\",\"name\":\"admin\"}]}<\/script>\n<!-- \/ Yoast SEO plugin. -->","yoast_head_json":{"title":"\u00ceNC\u0102 O \u0218EDIN\u021a\u0102 DE JUDECAT\u0102 \u00ceN DOSARUL \u201eGRUPUL PETRENCO\u201d - BTV","robots":{"index":"index","follow":"follow","max-snippet":"max-snippet:-1","max-image-preview":"max-image-preview:large","max-video-preview":"max-video-preview:-1"},"canonical":"https:\/\/www.btv.md\/ro\/inca-o-sedinta-de-judecata-in-dosarul-grupul-petrenco\/","og_locale":"ro_RO","og_type":"article","og_title":"\u00ceNC\u0102 O \u0218EDIN\u021a\u0102 DE JUDECAT\u0102 \u00ceN DOSARUL \u201eGRUPUL PETRENCO\u201d - BTV","og_description":"Membrii Grupului Petrenco care au fost plasa\u021bi din arest preventiv \u00een arest la domiciliu vor comp\u0103rea \u00een fa\u021ba magistra\u021bilor. Cazul va fi examinat \u00eentr-o nou\u0103 \u0219edin\u021b\u0103 de magistra\u021bii Judec\u0103toriei sectorului R\u00ee\u0219cani din Chi\u0219in\u0103u programat\u0103 pentru 26 februarie ora 11:00. La \u0219edin\u021ba este preconizat\u0103 participarea deputa\u021bilor din Parlamentul European si din APCE care vin s\u0103 prezinte [&hellip;]","og_url":"https:\/\/www.btv.md\/ro\/inca-o-sedinta-de-judecata-in-dosarul-grupul-petrenco\/","og_site_name":"BTV","article_publisher":"https:\/\/www.facebook.com\/btvmoldova\/","article_published_time":"2016-02-25T13:28:56+00:00","og_image":[{"width":829,"height":483,"url":"https:\/\/www.btv.md\/wp-content\/uploads\/2016\/02\/judecata-petrenco.png","type":"image\/png"}],"author":"admin","twitter_misc":{"Scris de":"admin","Timp estimat pentru citire":"1 minut"},"schema":{"@context":"https:\/\/schema.org","@graph":[{"@type":"Article","@id":"https:\/\/www.btv.md\/ro\/inca-o-sedinta-de-judecata-in-dosarul-grupul-petrenco\/#article","isPartOf":{"@id":"https:\/\/www.btv.md\/ro\/inca-o-sedinta-de-judecata-in-dosarul-grupul-petrenco\/"},"author":{"name":"admin","@id":"https:\/\/www.btv.md\/#\/schema\/person\/8fadce81561b3ce2c34c46dadc4ccbf2"},"headline":"\u00ceNC\u0102 O \u0218EDIN\u021a\u0102 DE JUDECAT\u0102 \u00ceN DOSARUL \u201eGRUPUL PETRENCO\u201d","datePublished":"2016-02-25T13:28:56+00:00","mainEntityOfPage":{"@id":"https:\/\/www.btv.md\/ro\/inca-o-sedinta-de-judecata-in-dosarul-grupul-petrenco\/"},"wordCount":146,"image":{"@id":"https:\/\/www.btv.md\/ro\/inca-o-sedinta-de-judecata-in-dosarul-grupul-petrenco\/#primaryimage"},"thumbnailUrl":"https:\/\/www.btv.md\/wp-content\/uploads\/2016\/02\/judecata-petrenco.png","articleSection":["Politic\u0103"],"inLanguage":"ro-RO"},{"@type":"WebPage","@id":"https:\/\/www.btv.md\/ro\/inca-o-sedinta-de-judecata-in-dosarul-grupul-petrenco\/","url":"https:\/\/www.btv.md\/ro\/inca-o-sedinta-de-judecata-in-dosarul-grupul-petrenco\/","name":"\u00ceNC\u0102 O \u0218EDIN\u021a\u0102 DE JUDECAT\u0102 \u00ceN DOSARUL \u201eGRUPUL PETRENCO\u201d - BTV","isPartOf":{"@id":"https:\/\/www.btv.md\/#website"},"primaryImageOfPage":{"@id":"https:\/\/www.btv.md\/ro\/inca-o-sedinta-de-judecata-in-dosarul-grupul-petrenco\/#primaryimage"},"image":{"@id":"https:\/\/www.btv.md\/ro\/inca-o-sedinta-de-judecata-in-dosarul-grupul-petrenco\/#primaryimage"},"thumbnailUrl":"https:\/\/www.btv.md\/wp-content\/uploads\/2016\/02\/judecata-petrenco.png","datePublished":"2016-02-25T13:28:56+00:00","author":{"@id":"https:\/\/www.btv.md\/#\/schema\/person\/8fadce81561b3ce2c34c46dadc4ccbf2"},"inLanguage":"ro-RO","potentialAction":[{"@type":"ReadAction","target":["https:\/\/www.btv.md\/ro\/inca-o-sedinta-de-judecata-in-dosarul-grupul-petrenco\/"]}]},{"@type":"ImageObject","inLanguage":"ro-RO","@id":"https:\/\/www.btv.md\/ro\/inca-o-sedinta-de-judecata-in-dosarul-grupul-petrenco\/#primaryimage","url":"https:\/\/www.btv.md\/wp-content\/uploads\/2016\/02\/judecata-petrenco.png","contentUrl":"https:\/\/www.btv.md\/wp-content\/uploads\/2016\/02\/judecata-petrenco.png","width":829,"height":483},{"@type":"WebSite","@id":"https:\/\/www.btv.md\/#website","url":"https:\/\/www.btv.md\/","name":"BTV","description":"\u0411\u0435\u043b\u044c\u0446\u043a\u043e\u0435 \u0442\u0435\u043b\u0435\u0432\u0438\u0434\u0435\u043d\u0438\u0435","potentialAction":[{"@type":"SearchAction","target":{"@type":"EntryPoint","urlTemplate":"https:\/\/www.btv.md\/?s={search_term_string}"},"query-input":{"@type":"PropertyValueSpecification","valueRequired":true,"valueName":"search_term_string"}}],"inLanguage":"ro-RO"},{"@type":"Person","@id":"https:\/\/www.btv.md\/#\/schema\/person\/8fadce81561b3ce2c34c46dadc4ccbf2","name":"admin"}]}},"_links":{"self":[{"href":"https:\/\/www.btv.md\/ro\/wp-json\/wp\/v2\/posts\/7722","targetHints":{"allow":["GET"]}}],"collection":[{"href":"https:\/\/www.btv.md\/ro\/wp-json\/wp\/v2\/posts"}],"about":[{"href":"https:\/\/www.btv.md\/ro\/wp-json\/wp\/v2\/types\/post"}],"author":[{"embeddable":true,"href":"https:\/\/www.btv.md\/ro\/wp-json\/wp\/v2\/users\/4"}],"replies":[{"embeddable":true,"href":"https:\/\/www.btv.md\/ro\/wp-json\/wp\/v2\/comments?post=7722"}],"version-history":[{"count":0,"href":"https:\/\/www.btv.md\/ro\/wp-json\/wp\/v2\/posts\/7722\/revisions"}],"wp:featuredmedia":[{"embeddable":true,"href":"https:\/\/www.btv.md\/ro\/wp-json\/wp\/v2\/media\/7723"}],"wp:attachment":[{"href":"https:\/\/www.btv.md\/ro\/wp-json\/wp\/v2\/media?parent=7722"}],"wp:term":[{"taxonomy":"category","embeddable":true,"href":"https:\/\/www.btv.md\/ro\/wp-json\/wp\/v2\/categories?post=7722"},{"taxonomy":"post_tag","embeddable":true,"href":"https:\/\/www.btv.md\/ro\/wp-json\/wp\/v2\/tags?post=7722"}],"curies":[{"name":"wp","href":"https:\/\/api.w.org\/{rel}","templated":true}]}}