{"id":7725,"date":"2016-02-25T16:33:36","date_gmt":"2016-02-25T13:33:36","guid":{"rendered":"http:\/\/btv.md\/?p=7725"},"modified":"2016-02-25T16:33:36","modified_gmt":"2016-02-25T13:33:36","slug":"luna-martie-este-decisiva-pentru-culturile-agricole","status":"publish","type":"post","link":"https:\/\/www.btv.md\/ro\/luna-martie-este-decisiva-pentru-culturile-agricole\/","title":{"rendered":"LUNA  MARTIE  ESTE  DECISIV\u0102  PENTRU CULTURILE  AGRICOLE"},"content":{"rendered":"<p><strong>Varia\u021biile de temperatur\u0103 din aceast\u0103 perioad\u0103 nu vor afecta productivitatea culturilor agricole, \u00een cazul \u00een care, \u00een luna martie se vor \u00eenregistra temperaturi ridicate. Despre aceasta a anun\u021bat doctorul habilitat \u00een agricultur\u0103, Boris Boincean, \u00een cadrul emisiunii \u00ab\u041b\u0438\u0446\u043e\u043c \u043a \u043b\u0438\u0446\u0443\u00bb de la postul de televiziune BTV. Potrivit lui, luna martie va joaca un rol decisiv pentru perioada de vegeta\u021bie a planta\u021biilor agricole.<\/strong><\/p>\n<p>\u201e<em>Se \u00eencepe perioada de vegeta\u021bie \u0219i fluctua\u021biile de temperatur\u0103 sunt foarte periculoase, ziua +12&#8230;+14, noaptea -12&#8230;-14 de ger, o dat\u0103 ce plantele \u00eencep a consuma rezervele de substan\u021b\u0103 din sol ele pierd nivelul de c\u0103lire, pierd rezisten\u021ba la iernare  \u0219i atunci apare pericolul s\u0103 pierdem plantele<\/em>\u201d. <\/p>\n<p>Totodat\u0103, Boris Boincean a dat asigur\u0103ri c\u0103 dac\u0103 agricultorul respect\u0103 m\u0103surile necesare  de prelucrare a solului,  atunci riscul ca plantele s\u0103 fie compromise este minim.<\/p>\n<p>\u201e<em>Dac\u0103 fermierul respect\u0103 aceste m\u0103suri de baz\u0103 agronomice necesare \u00een a\u0219a caz noi vom fi asigura\u021bi cu produc\u021bie indiferent de condi\u021biile climaterice<\/em>\u201d. <\/p>\n<p>Potrivit datelor de la Serviciul Hidrometiorologic de Stat, \u00een luna martie temperaturile ziua vor ascila \u00eentre +10&#8230;+17 \u00b0C iar noaptea \u00eentre +4&#8230;-2 \u00b0C.<\/p>\n<p><iframe width=\"420\" height=\"315\" data-src=\"https:\/\/www.youtube.com\/embed\/j4uzHQz2mDQ\" frameborder=\"0\" allowfullscreen src=\"data:image\/svg+xml;base64,PHN2ZyB3aWR0aD0iMSIgaGVpZ2h0PSIxIiB4bWxucz0iaHR0cDovL3d3dy53My5vcmcvMjAwMC9zdmciPjwvc3ZnPg==\" class=\"lazyload\" data-load-mode=\"1\"><\/iframe><\/p>\n","protected":false},"excerpt":{"rendered":"<p>Varia\u021biile de temperatur\u0103 din aceast\u0103 perioad\u0103 nu vor afecta productivitatea culturilor agricole, \u00een cazul \u00een care, \u00een luna martie se vor \u00eenregistra temperaturi ridicate. Despre aceasta a anun\u021bat doctorul habilitat \u00een agricultur\u0103, Boris Boincean, \u00een cadrul emisiunii \u00ab\u041b\u0438\u0446\u043e\u043c \u043a \u043b\u0438\u0446\u0443\u00bb de la postul de televiziune BTV. Potrivit lui, luna martie va joaca un rol decisiv [&hellip;]<\/p>\n","protected":false},"author":4,"featured_media":7726,"comment_status":"closed","ping_status":"closed","sticky":false,"template":"","format":"standard","meta":{"footnotes":""},"categories":[6353],"tags":[],"class_list":["post-7725","post","type-post","status-publish","format-standard","has-post-thumbnail","hentry","category-oras"],"yoast_head":"<!-- This site is optimized with the Yoast SEO plugin v27.4 - https:\/\/yoast.com\/product\/yoast-seo-wordpress\/ -->\n<title>LUNA MARTIE ESTE DECISIV\u0102 PENTRU CULTURILE AGRICOLE  - BTV<\/title>\n<meta name=\"robots\" content=\"index, follow, max-snippet:-1, max-image-preview:large, max-video-preview:-1\" \/>\n<link rel=\"canonical\" href=\"https:\/\/www.btv.md\/ro\/luna-martie-este-decisiva-pentru-culturile-agricole\/\" \/>\n<meta property=\"og:locale\" content=\"ro_RO\" \/>\n<meta property=\"og:type\" content=\"article\" \/>\n<meta property=\"og:title\" content=\"LUNA MARTIE ESTE DECISIV\u0102 PENTRU CULTURILE AGRICOLE  - BTV\" \/>\n<meta property=\"og:description\" content=\"Varia\u021biile de temperatur\u0103 din aceast\u0103 perioad\u0103 nu vor afecta productivitatea culturilor agricole, \u00een cazul \u00een care, \u00een luna martie se vor \u00eenregistra temperaturi ridicate. Despre aceasta a anun\u021bat doctorul habilitat \u00een agricultur\u0103, Boris Boincean, \u00een cadrul emisiunii \u00ab\u041b\u0438\u0446\u043e\u043c \u043a \u043b\u0438\u0446\u0443\u00bb de la postul de televiziune BTV. Potrivit lui, luna martie va joaca un rol decisiv [&hellip;]\" \/>\n<meta property=\"og:url\" content=\"https:\/\/www.btv.md\/ro\/luna-martie-este-decisiva-pentru-culturile-agricole\/\" \/>\n<meta property=\"og:site_name\" content=\"BTV\" \/>\n<meta property=\"article:publisher\" content=\"https:\/\/www.facebook.com\/btvmoldova\/\" \/>\n<meta property=\"article:published_time\" content=\"2016-02-25T13:33:36+00:00\" \/>\n<meta property=\"og:image\" content=\"https:\/\/www.btv.md\/wp-content\/uploads\/2016\/02\/germinare-seminte.jpg\" \/>\n\t<meta property=\"og:image:width\" content=\"600\" \/>\n\t<meta property=\"og:image:height\" content=\"400\" \/>\n\t<meta property=\"og:image:type\" content=\"image\/jpeg\" \/>\n<meta name=\"author\" content=\"admin\" \/>\n<meta name=\"twitter:label1\" content=\"Scris de\" \/>\n\t<meta name=\"twitter:data1\" content=\"admin\" \/>\n\t<meta name=\"twitter:label2\" content=\"Timp estimat pentru citire\" \/>\n\t<meta name=\"twitter:data2\" content=\"1 minut\" \/>\n<script type=\"application\/ld+json\" class=\"yoast-schema-graph\">{\"@context\":\"https:\\\/\\\/schema.org\",\"@graph\":[{\"@type\":\"Article\",\"@id\":\"https:\\\/\\\/www.btv.md\\\/ro\\\/luna-martie-este-decisiva-pentru-culturile-agricole\\\/#article\",\"isPartOf\":{\"@id\":\"https:\\\/\\\/www.btv.md\\\/ro\\\/luna-martie-este-decisiva-pentru-culturile-agricole\\\/\"},\"author\":{\"name\":\"admin\",\"@id\":\"https:\\\/\\\/www.btv.md\\\/#\\\/schema\\\/person\\\/8fadce81561b3ce2c34c46dadc4ccbf2\"},\"headline\":\"LUNA MARTIE ESTE DECISIV\u0102 PENTRU CULTURILE AGRICOLE\",\"datePublished\":\"2016-02-25T13:33:36+00:00\",\"mainEntityOfPage\":{\"@id\":\"https:\\\/\\\/www.btv.md\\\/ro\\\/luna-martie-este-decisiva-pentru-culturile-agricole\\\/\"},\"wordCount\":217,\"image\":{\"@id\":\"https:\\\/\\\/www.btv.md\\\/ro\\\/luna-martie-este-decisiva-pentru-culturile-agricole\\\/#primaryimage\"},\"thumbnailUrl\":\"https:\\\/\\\/www.btv.md\\\/wp-content\\\/uploads\\\/2016\\\/02\\\/germinare-seminte.jpg\",\"articleSection\":[\"Ora\u0219\"],\"inLanguage\":\"ro-RO\"},{\"@type\":\"WebPage\",\"@id\":\"https:\\\/\\\/www.btv.md\\\/ro\\\/luna-martie-este-decisiva-pentru-culturile-agricole\\\/\",\"url\":\"https:\\\/\\\/www.btv.md\\\/ro\\\/luna-martie-este-decisiva-pentru-culturile-agricole\\\/\",\"name\":\"LUNA MARTIE ESTE DECISIV\u0102 PENTRU CULTURILE AGRICOLE - BTV\",\"isPartOf\":{\"@id\":\"https:\\\/\\\/www.btv.md\\\/#website\"},\"primaryImageOfPage\":{\"@id\":\"https:\\\/\\\/www.btv.md\\\/ro\\\/luna-martie-este-decisiva-pentru-culturile-agricole\\\/#primaryimage\"},\"image\":{\"@id\":\"https:\\\/\\\/www.btv.md\\\/ro\\\/luna-martie-este-decisiva-pentru-culturile-agricole\\\/#primaryimage\"},\"thumbnailUrl\":\"https:\\\/\\\/www.btv.md\\\/wp-content\\\/uploads\\\/2016\\\/02\\\/germinare-seminte.jpg\",\"datePublished\":\"2016-02-25T13:33:36+00:00\",\"author\":{\"@id\":\"https:\\\/\\\/www.btv.md\\\/#\\\/schema\\\/person\\\/8fadce81561b3ce2c34c46dadc4ccbf2\"},\"inLanguage\":\"ro-RO\",\"potentialAction\":[{\"@type\":\"ReadAction\",\"target\":[\"https:\\\/\\\/www.btv.md\\\/ro\\\/luna-martie-este-decisiva-pentru-culturile-agricole\\\/\"]}]},{\"@type\":\"ImageObject\",\"inLanguage\":\"ro-RO\",\"@id\":\"https:\\\/\\\/www.btv.md\\\/ro\\\/luna-martie-este-decisiva-pentru-culturile-agricole\\\/#primaryimage\",\"url\":\"https:\\\/\\\/www.btv.md\\\/wp-content\\\/uploads\\\/2016\\\/02\\\/germinare-seminte.jpg\",\"contentUrl\":\"https:\\\/\\\/www.btv.md\\\/wp-content\\\/uploads\\\/2016\\\/02\\\/germinare-seminte.jpg\",\"width\":600,\"height\":400,\"caption\":\"agrointel.ro\"},{\"@type\":\"WebSite\",\"@id\":\"https:\\\/\\\/www.btv.md\\\/#website\",\"url\":\"https:\\\/\\\/www.btv.md\\\/\",\"name\":\"BTV\",\"description\":\"\u0411\u0435\u043b\u044c\u0446\u043a\u043e\u0435 \u0442\u0435\u043b\u0435\u0432\u0438\u0434\u0435\u043d\u0438\u0435\",\"potentialAction\":[{\"@type\":\"SearchAction\",\"target\":{\"@type\":\"EntryPoint\",\"urlTemplate\":\"https:\\\/\\\/www.btv.md\\\/?s={search_term_string}\"},\"query-input\":{\"@type\":\"PropertyValueSpecification\",\"valueRequired\":true,\"valueName\":\"search_term_string\"}}],\"inLanguage\":\"ro-RO\"},{\"@type\":\"Person\",\"@id\":\"https:\\\/\\\/www.btv.md\\\/#\\\/schema\\\/person\\\/8fadce81561b3ce2c34c46dadc4ccbf2\",\"name\":\"admin\"}]}<\/script>\n<!-- \/ Yoast SEO plugin. -->","yoast_head_json":{"title":"LUNA MARTIE ESTE DECISIV\u0102 PENTRU CULTURILE AGRICOLE  - BTV","robots":{"index":"index","follow":"follow","max-snippet":"max-snippet:-1","max-image-preview":"max-image-preview:large","max-video-preview":"max-video-preview:-1"},"canonical":"https:\/\/www.btv.md\/ro\/luna-martie-este-decisiva-pentru-culturile-agricole\/","og_locale":"ro_RO","og_type":"article","og_title":"LUNA MARTIE ESTE DECISIV\u0102 PENTRU CULTURILE AGRICOLE  - BTV","og_description":"Varia\u021biile de temperatur\u0103 din aceast\u0103 perioad\u0103 nu vor afecta productivitatea culturilor agricole, \u00een cazul \u00een care, \u00een luna martie se vor \u00eenregistra temperaturi ridicate. Despre aceasta a anun\u021bat doctorul habilitat \u00een agricultur\u0103, Boris Boincean, \u00een cadrul emisiunii \u00ab\u041b\u0438\u0446\u043e\u043c \u043a \u043b\u0438\u0446\u0443\u00bb de la postul de televiziune BTV. Potrivit lui, luna martie va joaca un rol decisiv [&hellip;]","og_url":"https:\/\/www.btv.md\/ro\/luna-martie-este-decisiva-pentru-culturile-agricole\/","og_site_name":"BTV","article_publisher":"https:\/\/www.facebook.com\/btvmoldova\/","article_published_time":"2016-02-25T13:33:36+00:00","og_image":[{"width":600,"height":400,"url":"https:\/\/www.btv.md\/wp-content\/uploads\/2016\/02\/germinare-seminte.jpg","type":"image\/jpeg"}],"author":"admin","twitter_misc":{"Scris de":"admin","Timp estimat pentru citire":"1 minut"},"schema":{"@context":"https:\/\/schema.org","@graph":[{"@type":"Article","@id":"https:\/\/www.btv.md\/ro\/luna-martie-este-decisiva-pentru-culturile-agricole\/#article","isPartOf":{"@id":"https:\/\/www.btv.md\/ro\/luna-martie-este-decisiva-pentru-culturile-agricole\/"},"author":{"name":"admin","@id":"https:\/\/www.btv.md\/#\/schema\/person\/8fadce81561b3ce2c34c46dadc4ccbf2"},"headline":"LUNA MARTIE ESTE DECISIV\u0102 PENTRU CULTURILE AGRICOLE","datePublished":"2016-02-25T13:33:36+00:00","mainEntityOfPage":{"@id":"https:\/\/www.btv.md\/ro\/luna-martie-este-decisiva-pentru-culturile-agricole\/"},"wordCount":217,"image":{"@id":"https:\/\/www.btv.md\/ro\/luna-martie-este-decisiva-pentru-culturile-agricole\/#primaryimage"},"thumbnailUrl":"https:\/\/www.btv.md\/wp-content\/uploads\/2016\/02\/germinare-seminte.jpg","articleSection":["Ora\u0219"],"inLanguage":"ro-RO"},{"@type":"WebPage","@id":"https:\/\/www.btv.md\/ro\/luna-martie-este-decisiva-pentru-culturile-agricole\/","url":"https:\/\/www.btv.md\/ro\/luna-martie-este-decisiva-pentru-culturile-agricole\/","name":"LUNA MARTIE ESTE DECISIV\u0102 PENTRU CULTURILE AGRICOLE - BTV","isPartOf":{"@id":"https:\/\/www.btv.md\/#website"},"primaryImageOfPage":{"@id":"https:\/\/www.btv.md\/ro\/luna-martie-este-decisiva-pentru-culturile-agricole\/#primaryimage"},"image":{"@id":"https:\/\/www.btv.md\/ro\/luna-martie-este-decisiva-pentru-culturile-agricole\/#primaryimage"},"thumbnailUrl":"https:\/\/www.btv.md\/wp-content\/uploads\/2016\/02\/germinare-seminte.jpg","datePublished":"2016-02-25T13:33:36+00:00","author":{"@id":"https:\/\/www.btv.md\/#\/schema\/person\/8fadce81561b3ce2c34c46dadc4ccbf2"},"inLanguage":"ro-RO","potentialAction":[{"@type":"ReadAction","target":["https:\/\/www.btv.md\/ro\/luna-martie-este-decisiva-pentru-culturile-agricole\/"]}]},{"@type":"ImageObject","inLanguage":"ro-RO","@id":"https:\/\/www.btv.md\/ro\/luna-martie-este-decisiva-pentru-culturile-agricole\/#primaryimage","url":"https:\/\/www.btv.md\/wp-content\/uploads\/2016\/02\/germinare-seminte.jpg","contentUrl":"https:\/\/www.btv.md\/wp-content\/uploads\/2016\/02\/germinare-seminte.jpg","width":600,"height":400,"caption":"agrointel.ro"},{"@type":"WebSite","@id":"https:\/\/www.btv.md\/#website","url":"https:\/\/www.btv.md\/","name":"BTV","description":"\u0411\u0435\u043b\u044c\u0446\u043a\u043e\u0435 \u0442\u0435\u043b\u0435\u0432\u0438\u0434\u0435\u043d\u0438\u0435","potentialAction":[{"@type":"SearchAction","target":{"@type":"EntryPoint","urlTemplate":"https:\/\/www.btv.md\/?s={search_term_string}"},"query-input":{"@type":"PropertyValueSpecification","valueRequired":true,"valueName":"search_term_string"}}],"inLanguage":"ro-RO"},{"@type":"Person","@id":"https:\/\/www.btv.md\/#\/schema\/person\/8fadce81561b3ce2c34c46dadc4ccbf2","name":"admin"}]}},"_links":{"self":[{"href":"https:\/\/www.btv.md\/ro\/wp-json\/wp\/v2\/posts\/7725","targetHints":{"allow":["GET"]}}],"collection":[{"href":"https:\/\/www.btv.md\/ro\/wp-json\/wp\/v2\/posts"}],"about":[{"href":"https:\/\/www.btv.md\/ro\/wp-json\/wp\/v2\/types\/post"}],"author":[{"embeddable":true,"href":"https:\/\/www.btv.md\/ro\/wp-json\/wp\/v2\/users\/4"}],"replies":[{"embeddable":true,"href":"https:\/\/www.btv.md\/ro\/wp-json\/wp\/v2\/comments?post=7725"}],"version-history":[{"count":0,"href":"https:\/\/www.btv.md\/ro\/wp-json\/wp\/v2\/posts\/7725\/revisions"}],"wp:featuredmedia":[{"embeddable":true,"href":"https:\/\/www.btv.md\/ro\/wp-json\/wp\/v2\/media\/7726"}],"wp:attachment":[{"href":"https:\/\/www.btv.md\/ro\/wp-json\/wp\/v2\/media?parent=7725"}],"wp:term":[{"taxonomy":"category","embeddable":true,"href":"https:\/\/www.btv.md\/ro\/wp-json\/wp\/v2\/categories?post=7725"},{"taxonomy":"post_tag","embeddable":true,"href":"https:\/\/www.btv.md\/ro\/wp-json\/wp\/v2\/tags?post=7725"}],"curies":[{"name":"wp","href":"https:\/\/api.w.org\/{rel}","templated":true}]}}