{"id":7787,"date":"2016-02-26T13:30:42","date_gmt":"2016-02-26T10:30:42","guid":{"rendered":"http:\/\/btv.md\/?p=7787"},"modified":"2016-02-26T13:30:42","modified_gmt":"2016-02-26T10:30:42","slug":"guvernul-a-aprobat-deputatii-vor-ramane-fara-imunitate-daca-sunt-certati-cu-legea","status":"publish","type":"post","link":"https:\/\/www.btv.md\/ro\/guvernul-a-aprobat-deputatii-vor-ramane-fara-imunitate-daca-sunt-certati-cu-legea\/","title":{"rendered":"GUVERNUL A APROBAT: DEPUTA\u0162II VOR R\u0102M\u00c2NE F\u0102R\u0102 IMUNITATE, DAC\u0102 SUNT CERTA\u021aI  CU  LEGEA"},"content":{"rendered":"<p><strong>Guvernul a adoptat  f\u0103r\u0103 nicio obiec\u021bie, un proiect de modificare a Constitu\u021biei care prevede amendarea articolului din Legea suprem\u0103 care \u021bine de reducerea imunit\u0103\u021bii deputa\u021bilor, informeaz\u0103 Ziarul Na\u021bional.<\/strong><\/p>\n<p>\u00cen noua redac\u021bie a articolului 70 din Constitu\u021bie, care se refer\u0103 la imunitatea deputa\u021bilor, se propune introducerea unei prevederi care va permite re\u021binerea sau arestarea deputa\u021bilor \u00een cazul existen\u021bei unei hot\u0103r\u00e2ri irevocabile de condamnare. <\/p>\n<p>Potrivit notei informative la proiect, modificarea a fost introdus\u0103 cu scopul de a ridica imunitatea deputa\u021bilor pe segmentul ce \u021bine de infrac\u021biunile flagrante, astfel \u00eenc\u00e2t ace\u0219tia s\u0103 poat\u0103 fi re\u021binu\u021bi, aresta\u021bi sau perchezi\u021biona\u021bi \u00een cazurile prev\u0103zute de lege. <\/p>\n<p>Ministrul Justi\u021biei, Vladimir Cebotari, argumenteaz\u0103 c\u0103, datorit\u0103 acestui amendament, \u00een cazurile de flagrant delict, deputa\u021bii vor putea fi re\u021binu\u021bi f\u0103r\u0103 \u00eencuviin\u021barea Parlamentului.<\/p>\n<p>Pentru a ajunge norm\u0103 legal\u0103, proiectul urmeaz\u0103 a fi transmis Parlamentului care va trebui s\u0103 solicite avizul Cur\u021bii Constitu\u021bionale, iar ulterior, peste \u0219ase luni de zile, s\u0103 \u00eel adopte cu votul a 2\/3 din deputa\u021bi.<br \/>\nFostul judec\u0103tor al Cur\u021bii Constitu\u021bionale,Victor Pu\u0219ca\u0219, afirm\u0103 c\u0103 amendamentul propus de Ministerul Justi\u021biei este salutabil, dar ofer\u0103 o abordare prea \u00eengust\u0103 \u00een problema limit\u0103rii imunit\u0103\u021bii deputa\u021bilor. <\/p>\n","protected":false},"excerpt":{"rendered":"<p>Guvernul a adoptat f\u0103r\u0103 nicio obiec\u021bie, un proiect de modificare a Constitu\u021biei care prevede amendarea articolului din Legea suprem\u0103 care \u021bine de reducerea imunit\u0103\u021bii deputa\u021bilor, informeaz\u0103 Ziarul Na\u021bional. \u00cen noua redac\u021bie a articolului 70 din Constitu\u021bie, care se refer\u0103 la imunitatea deputa\u021bilor, se propune introducerea unei prevederi care va permite re\u021binerea sau arestarea deputa\u021bilor \u00een [&hellip;]<\/p>\n","protected":false},"author":4,"featured_media":7788,"comment_status":"closed","ping_status":"closed","sticky":false,"template":"","format":"standard","meta":{"footnotes":""},"categories":[6368],"tags":[],"class_list":["post-7787","post","type-post","status-publish","format-standard","has-post-thumbnail","hentry","category-politica-ro"],"yoast_head":"<!-- This site is optimized with the Yoast SEO plugin v27.4 - https:\/\/yoast.com\/product\/yoast-seo-wordpress\/ -->\n<title>GUVERNUL A APROBAT: DEPUTA\u0162II VOR R\u0102M\u00c2NE F\u0102R\u0102 IMUNITATE, DAC\u0102 SUNT CERTA\u021aI CU LEGEA - BTV<\/title>\n<meta name=\"robots\" content=\"index, follow, max-snippet:-1, max-image-preview:large, max-video-preview:-1\" \/>\n<link rel=\"canonical\" href=\"https:\/\/www.btv.md\/ro\/guvernul-a-aprobat-deputatii-vor-ramane-fara-imunitate-daca-sunt-certati-cu-legea\/\" \/>\n<meta property=\"og:locale\" content=\"ro_RO\" \/>\n<meta property=\"og:type\" content=\"article\" \/>\n<meta property=\"og:title\" content=\"GUVERNUL A APROBAT: DEPUTA\u0162II VOR R\u0102M\u00c2NE F\u0102R\u0102 IMUNITATE, DAC\u0102 SUNT CERTA\u021aI CU LEGEA - BTV\" \/>\n<meta property=\"og:description\" content=\"Guvernul a adoptat f\u0103r\u0103 nicio obiec\u021bie, un proiect de modificare a Constitu\u021biei care prevede amendarea articolului din Legea suprem\u0103 care \u021bine de reducerea imunit\u0103\u021bii deputa\u021bilor, informeaz\u0103 Ziarul Na\u021bional. \u00cen noua redac\u021bie a articolului 70 din Constitu\u021bie, care se refer\u0103 la imunitatea deputa\u021bilor, se propune introducerea unei prevederi care va permite re\u021binerea sau arestarea deputa\u021bilor \u00een [&hellip;]\" \/>\n<meta property=\"og:url\" content=\"https:\/\/www.btv.md\/ro\/guvernul-a-aprobat-deputatii-vor-ramane-fara-imunitate-daca-sunt-certati-cu-legea\/\" \/>\n<meta property=\"og:site_name\" content=\"BTV\" \/>\n<meta property=\"article:publisher\" content=\"https:\/\/www.facebook.com\/btvmoldova\/\" \/>\n<meta property=\"article:published_time\" content=\"2016-02-26T10:30:42+00:00\" \/>\n<meta property=\"og:image\" content=\"https:\/\/www.btv.md\/wp-content\/uploads\/2016\/02\/trecut-de-prima-lectura-imunitatea-deputatilor-se-scurge-printre-degete-1404463479.jpg\" \/>\n\t<meta property=\"og:image:width\" content=\"700\" \/>\n\t<meta property=\"og:image:height\" content=\"467\" \/>\n\t<meta property=\"og:image:type\" content=\"image\/jpeg\" \/>\n<meta name=\"author\" content=\"admin\" \/>\n<meta name=\"twitter:label1\" content=\"Scris de\" \/>\n\t<meta name=\"twitter:data1\" content=\"admin\" \/>\n\t<meta name=\"twitter:label2\" content=\"Timp estimat pentru citire\" \/>\n\t<meta name=\"twitter:data2\" content=\"1 minut\" \/>\n<script type=\"application\/ld+json\" class=\"yoast-schema-graph\">{\"@context\":\"https:\\\/\\\/schema.org\",\"@graph\":[{\"@type\":\"Article\",\"@id\":\"https:\\\/\\\/www.btv.md\\\/ro\\\/guvernul-a-aprobat-deputatii-vor-ramane-fara-imunitate-daca-sunt-certati-cu-legea\\\/#article\",\"isPartOf\":{\"@id\":\"https:\\\/\\\/www.btv.md\\\/ro\\\/guvernul-a-aprobat-deputatii-vor-ramane-fara-imunitate-daca-sunt-certati-cu-legea\\\/\"},\"author\":{\"name\":\"admin\",\"@id\":\"https:\\\/\\\/www.btv.md\\\/#\\\/schema\\\/person\\\/8fadce81561b3ce2c34c46dadc4ccbf2\"},\"headline\":\"GUVERNUL A APROBAT: DEPUTA\u0162II VOR R\u0102M\u00c2NE F\u0102R\u0102 IMUNITATE, DAC\u0102 SUNT CERTA\u021aI CU LEGEA\",\"datePublished\":\"2016-02-26T10:30:42+00:00\",\"mainEntityOfPage\":{\"@id\":\"https:\\\/\\\/www.btv.md\\\/ro\\\/guvernul-a-aprobat-deputatii-vor-ramane-fara-imunitate-daca-sunt-certati-cu-legea\\\/\"},\"wordCount\":241,\"image\":{\"@id\":\"https:\\\/\\\/www.btv.md\\\/ro\\\/guvernul-a-aprobat-deputatii-vor-ramane-fara-imunitate-daca-sunt-certati-cu-legea\\\/#primaryimage\"},\"thumbnailUrl\":\"https:\\\/\\\/www.btv.md\\\/wp-content\\\/uploads\\\/2016\\\/02\\\/trecut-de-prima-lectura-imunitatea-deputatilor-se-scurge-printre-degete-1404463479.jpg\",\"articleSection\":[\"Politic\u0103\"],\"inLanguage\":\"ro-RO\"},{\"@type\":\"WebPage\",\"@id\":\"https:\\\/\\\/www.btv.md\\\/ro\\\/guvernul-a-aprobat-deputatii-vor-ramane-fara-imunitate-daca-sunt-certati-cu-legea\\\/\",\"url\":\"https:\\\/\\\/www.btv.md\\\/ro\\\/guvernul-a-aprobat-deputatii-vor-ramane-fara-imunitate-daca-sunt-certati-cu-legea\\\/\",\"name\":\"GUVERNUL A APROBAT: DEPUTA\u0162II VOR R\u0102M\u00c2NE F\u0102R\u0102 IMUNITATE, DAC\u0102 SUNT CERTA\u021aI CU LEGEA - BTV\",\"isPartOf\":{\"@id\":\"https:\\\/\\\/www.btv.md\\\/#website\"},\"primaryImageOfPage\":{\"@id\":\"https:\\\/\\\/www.btv.md\\\/ro\\\/guvernul-a-aprobat-deputatii-vor-ramane-fara-imunitate-daca-sunt-certati-cu-legea\\\/#primaryimage\"},\"image\":{\"@id\":\"https:\\\/\\\/www.btv.md\\\/ro\\\/guvernul-a-aprobat-deputatii-vor-ramane-fara-imunitate-daca-sunt-certati-cu-legea\\\/#primaryimage\"},\"thumbnailUrl\":\"https:\\\/\\\/www.btv.md\\\/wp-content\\\/uploads\\\/2016\\\/02\\\/trecut-de-prima-lectura-imunitatea-deputatilor-se-scurge-printre-degete-1404463479.jpg\",\"datePublished\":\"2016-02-26T10:30:42+00:00\",\"author\":{\"@id\":\"https:\\\/\\\/www.btv.md\\\/#\\\/schema\\\/person\\\/8fadce81561b3ce2c34c46dadc4ccbf2\"},\"inLanguage\":\"ro-RO\",\"potentialAction\":[{\"@type\":\"ReadAction\",\"target\":[\"https:\\\/\\\/www.btv.md\\\/ro\\\/guvernul-a-aprobat-deputatii-vor-ramane-fara-imunitate-daca-sunt-certati-cu-legea\\\/\"]}]},{\"@type\":\"ImageObject\",\"inLanguage\":\"ro-RO\",\"@id\":\"https:\\\/\\\/www.btv.md\\\/ro\\\/guvernul-a-aprobat-deputatii-vor-ramane-fara-imunitate-daca-sunt-certati-cu-legea\\\/#primaryimage\",\"url\":\"https:\\\/\\\/www.btv.md\\\/wp-content\\\/uploads\\\/2016\\\/02\\\/trecut-de-prima-lectura-imunitatea-deputatilor-se-scurge-printre-degete-1404463479.jpg\",\"contentUrl\":\"https:\\\/\\\/www.btv.md\\\/wp-content\\\/uploads\\\/2016\\\/02\\\/trecut-de-prima-lectura-imunitatea-deputatilor-se-scurge-printre-degete-1404463479.jpg\",\"width\":700,\"height\":467,\"caption\":\"unimedia.info\"},{\"@type\":\"WebSite\",\"@id\":\"https:\\\/\\\/www.btv.md\\\/#website\",\"url\":\"https:\\\/\\\/www.btv.md\\\/\",\"name\":\"BTV\",\"description\":\"\u0411\u0435\u043b\u044c\u0446\u043a\u043e\u0435 \u0442\u0435\u043b\u0435\u0432\u0438\u0434\u0435\u043d\u0438\u0435\",\"potentialAction\":[{\"@type\":\"SearchAction\",\"target\":{\"@type\":\"EntryPoint\",\"urlTemplate\":\"https:\\\/\\\/www.btv.md\\\/?s={search_term_string}\"},\"query-input\":{\"@type\":\"PropertyValueSpecification\",\"valueRequired\":true,\"valueName\":\"search_term_string\"}}],\"inLanguage\":\"ro-RO\"},{\"@type\":\"Person\",\"@id\":\"https:\\\/\\\/www.btv.md\\\/#\\\/schema\\\/person\\\/8fadce81561b3ce2c34c46dadc4ccbf2\",\"name\":\"admin\"}]}<\/script>\n<!-- \/ Yoast SEO plugin. -->","yoast_head_json":{"title":"GUVERNUL A APROBAT: DEPUTA\u0162II VOR R\u0102M\u00c2NE F\u0102R\u0102 IMUNITATE, DAC\u0102 SUNT CERTA\u021aI CU LEGEA - BTV","robots":{"index":"index","follow":"follow","max-snippet":"max-snippet:-1","max-image-preview":"max-image-preview:large","max-video-preview":"max-video-preview:-1"},"canonical":"https:\/\/www.btv.md\/ro\/guvernul-a-aprobat-deputatii-vor-ramane-fara-imunitate-daca-sunt-certati-cu-legea\/","og_locale":"ro_RO","og_type":"article","og_title":"GUVERNUL A APROBAT: DEPUTA\u0162II VOR R\u0102M\u00c2NE F\u0102R\u0102 IMUNITATE, DAC\u0102 SUNT CERTA\u021aI CU LEGEA - BTV","og_description":"Guvernul a adoptat f\u0103r\u0103 nicio obiec\u021bie, un proiect de modificare a Constitu\u021biei care prevede amendarea articolului din Legea suprem\u0103 care \u021bine de reducerea imunit\u0103\u021bii deputa\u021bilor, informeaz\u0103 Ziarul Na\u021bional. \u00cen noua redac\u021bie a articolului 70 din Constitu\u021bie, care se refer\u0103 la imunitatea deputa\u021bilor, se propune introducerea unei prevederi care va permite re\u021binerea sau arestarea deputa\u021bilor \u00een [&hellip;]","og_url":"https:\/\/www.btv.md\/ro\/guvernul-a-aprobat-deputatii-vor-ramane-fara-imunitate-daca-sunt-certati-cu-legea\/","og_site_name":"BTV","article_publisher":"https:\/\/www.facebook.com\/btvmoldova\/","article_published_time":"2016-02-26T10:30:42+00:00","og_image":[{"width":700,"height":467,"url":"https:\/\/www.btv.md\/wp-content\/uploads\/2016\/02\/trecut-de-prima-lectura-imunitatea-deputatilor-se-scurge-printre-degete-1404463479.jpg","type":"image\/jpeg"}],"author":"admin","twitter_misc":{"Scris de":"admin","Timp estimat pentru citire":"1 minut"},"schema":{"@context":"https:\/\/schema.org","@graph":[{"@type":"Article","@id":"https:\/\/www.btv.md\/ro\/guvernul-a-aprobat-deputatii-vor-ramane-fara-imunitate-daca-sunt-certati-cu-legea\/#article","isPartOf":{"@id":"https:\/\/www.btv.md\/ro\/guvernul-a-aprobat-deputatii-vor-ramane-fara-imunitate-daca-sunt-certati-cu-legea\/"},"author":{"name":"admin","@id":"https:\/\/www.btv.md\/#\/schema\/person\/8fadce81561b3ce2c34c46dadc4ccbf2"},"headline":"GUVERNUL A APROBAT: DEPUTA\u0162II VOR R\u0102M\u00c2NE F\u0102R\u0102 IMUNITATE, DAC\u0102 SUNT CERTA\u021aI CU LEGEA","datePublished":"2016-02-26T10:30:42+00:00","mainEntityOfPage":{"@id":"https:\/\/www.btv.md\/ro\/guvernul-a-aprobat-deputatii-vor-ramane-fara-imunitate-daca-sunt-certati-cu-legea\/"},"wordCount":241,"image":{"@id":"https:\/\/www.btv.md\/ro\/guvernul-a-aprobat-deputatii-vor-ramane-fara-imunitate-daca-sunt-certati-cu-legea\/#primaryimage"},"thumbnailUrl":"https:\/\/www.btv.md\/wp-content\/uploads\/2016\/02\/trecut-de-prima-lectura-imunitatea-deputatilor-se-scurge-printre-degete-1404463479.jpg","articleSection":["Politic\u0103"],"inLanguage":"ro-RO"},{"@type":"WebPage","@id":"https:\/\/www.btv.md\/ro\/guvernul-a-aprobat-deputatii-vor-ramane-fara-imunitate-daca-sunt-certati-cu-legea\/","url":"https:\/\/www.btv.md\/ro\/guvernul-a-aprobat-deputatii-vor-ramane-fara-imunitate-daca-sunt-certati-cu-legea\/","name":"GUVERNUL A APROBAT: DEPUTA\u0162II VOR R\u0102M\u00c2NE F\u0102R\u0102 IMUNITATE, DAC\u0102 SUNT CERTA\u021aI CU LEGEA - BTV","isPartOf":{"@id":"https:\/\/www.btv.md\/#website"},"primaryImageOfPage":{"@id":"https:\/\/www.btv.md\/ro\/guvernul-a-aprobat-deputatii-vor-ramane-fara-imunitate-daca-sunt-certati-cu-legea\/#primaryimage"},"image":{"@id":"https:\/\/www.btv.md\/ro\/guvernul-a-aprobat-deputatii-vor-ramane-fara-imunitate-daca-sunt-certati-cu-legea\/#primaryimage"},"thumbnailUrl":"https:\/\/www.btv.md\/wp-content\/uploads\/2016\/02\/trecut-de-prima-lectura-imunitatea-deputatilor-se-scurge-printre-degete-1404463479.jpg","datePublished":"2016-02-26T10:30:42+00:00","author":{"@id":"https:\/\/www.btv.md\/#\/schema\/person\/8fadce81561b3ce2c34c46dadc4ccbf2"},"inLanguage":"ro-RO","potentialAction":[{"@type":"ReadAction","target":["https:\/\/www.btv.md\/ro\/guvernul-a-aprobat-deputatii-vor-ramane-fara-imunitate-daca-sunt-certati-cu-legea\/"]}]},{"@type":"ImageObject","inLanguage":"ro-RO","@id":"https:\/\/www.btv.md\/ro\/guvernul-a-aprobat-deputatii-vor-ramane-fara-imunitate-daca-sunt-certati-cu-legea\/#primaryimage","url":"https:\/\/www.btv.md\/wp-content\/uploads\/2016\/02\/trecut-de-prima-lectura-imunitatea-deputatilor-se-scurge-printre-degete-1404463479.jpg","contentUrl":"https:\/\/www.btv.md\/wp-content\/uploads\/2016\/02\/trecut-de-prima-lectura-imunitatea-deputatilor-se-scurge-printre-degete-1404463479.jpg","width":700,"height":467,"caption":"unimedia.info"},{"@type":"WebSite","@id":"https:\/\/www.btv.md\/#website","url":"https:\/\/www.btv.md\/","name":"BTV","description":"\u0411\u0435\u043b\u044c\u0446\u043a\u043e\u0435 \u0442\u0435\u043b\u0435\u0432\u0438\u0434\u0435\u043d\u0438\u0435","potentialAction":[{"@type":"SearchAction","target":{"@type":"EntryPoint","urlTemplate":"https:\/\/www.btv.md\/?s={search_term_string}"},"query-input":{"@type":"PropertyValueSpecification","valueRequired":true,"valueName":"search_term_string"}}],"inLanguage":"ro-RO"},{"@type":"Person","@id":"https:\/\/www.btv.md\/#\/schema\/person\/8fadce81561b3ce2c34c46dadc4ccbf2","name":"admin"}]}},"_links":{"self":[{"href":"https:\/\/www.btv.md\/ro\/wp-json\/wp\/v2\/posts\/7787","targetHints":{"allow":["GET"]}}],"collection":[{"href":"https:\/\/www.btv.md\/ro\/wp-json\/wp\/v2\/posts"}],"about":[{"href":"https:\/\/www.btv.md\/ro\/wp-json\/wp\/v2\/types\/post"}],"author":[{"embeddable":true,"href":"https:\/\/www.btv.md\/ro\/wp-json\/wp\/v2\/users\/4"}],"replies":[{"embeddable":true,"href":"https:\/\/www.btv.md\/ro\/wp-json\/wp\/v2\/comments?post=7787"}],"version-history":[{"count":0,"href":"https:\/\/www.btv.md\/ro\/wp-json\/wp\/v2\/posts\/7787\/revisions"}],"wp:featuredmedia":[{"embeddable":true,"href":"https:\/\/www.btv.md\/ro\/wp-json\/wp\/v2\/media\/7788"}],"wp:attachment":[{"href":"https:\/\/www.btv.md\/ro\/wp-json\/wp\/v2\/media?parent=7787"}],"wp:term":[{"taxonomy":"category","embeddable":true,"href":"https:\/\/www.btv.md\/ro\/wp-json\/wp\/v2\/categories?post=7787"},{"taxonomy":"post_tag","embeddable":true,"href":"https:\/\/www.btv.md\/ro\/wp-json\/wp\/v2\/tags?post=7787"}],"curies":[{"name":"wp","href":"https:\/\/api.w.org\/{rel}","templated":true}]}}