{"id":7808,"date":"2016-02-26T14:15:45","date_gmt":"2016-02-26T11:15:45","guid":{"rendered":"http:\/\/btv.md\/?p=7808"},"modified":"2016-02-26T16:26:36","modified_gmt":"2016-02-26T13:26:36","slug":"zona-radioactiva-de-la-cernobil-va-deveni-rezervatie-radiologica-a-biosferei","status":"publish","type":"post","link":"https:\/\/www.btv.md\/ro\/zona-radioactiva-de-la-cernobil-va-deveni-rezervatie-radiologica-a-biosferei\/","title":{"rendered":"Zona radioactiv\u0103 de la Cernob\u00eel va deveni \u201erezerva\u0163ie radiologic\u0103 a biosferei\u201c"},"content":{"rendered":"<p><strong>Postul de televiziune BTV v\u0103 propune spre vizionare cele mai importante evenimente ale zilei trecute, reflectate \u00een presa interna\u021bional\u0103.<\/strong><\/p>\n<p><strong>Zona radioactiv\u0103 din jurul fostei centrale nucleare de la Cernob\u00eel va fi transformat\u0103 \u00een \u201erezerva\u0163ie radiologic\u0103 a biosferei\u201c, potrivit unei decizii a Guvernului Ucrainei, la 30 de ani de la cel mai grav accident atomic din istorie, anun\u0163\u0103 site-ul postului Vesti, citat de agen\u0163ia Sputnik.<\/strong><\/p>\n<p>&#8222;<em>Anul acesta, vom lua toate m\u0103surile \u015fi a\u015ftept\u0103m semnarea c\u00e2t mai cur\u00e2nd a decretului preziden\u0163ial privind crearea rezerva\u0163iei radiologice a biosferei la Cernob\u00eel. Sper\u0103m s\u0103 finaliz\u0103m procedurile \u00eenainte de 26 aprilie<\/em>&#8222;, c\u00e2nd se \u00eemplinesc 30 de ani de la accident, a declarat Anna Vronskaia, ministrul ucrainean al Ecologiei \u015fi Resurselor naturale.   <\/p>\n<p>Conform unui studiu prezentat de autorit\u0103\u0163ile ucrainene, oamenii pot sta patru-cinci zile la o distan\u0163\u0103 mai mic\u0103 de 30 de kilometri de zona unei explozii nucleare \u015fi o zi la o distan\u0163\u0103 de zece kilometri, f\u0103r\u0103 ca s\u0103n\u0103tatea s\u0103 le fie afectat\u0103.   <\/p>\n<p>\u00cen schimb, \u00een zona fostei centrale de la Cernob\u00eel, unde pe 26 aprilie 1986 a avut loc o explozie nuclear\u0103, sunt numeroase specii de animale s\u0103lbatice. Absen\u0163a oamenilor a favorizat venirea cailor s\u0103lbatici, a elanilor, r\u00e2\u015filor, lupilor \u015fi ur\u015filor.<\/p>\n<p>adevarul.ro<\/p>\n<p><strong>\u00cencep\u00e2nd cu anul 2018, copiii nou n\u0103scu\u021bi ar putea primi de la statul rom\u00e2n suma de 10.000 de euro. Este o propunere f\u0103cut\u0103 de reprezentan\u0163ii Partidului Noua Rom\u00e2nie, care vor ca prin aceast\u0103 m\u0103sur\u0103 s\u0103 \u00eei ajute pe tineri s\u0103 \u00ee\u015fi continue studiile, s\u0103 \u00ee\u015fi deschid\u0103 o afacere sau chiar s\u0103 \u00ee\u015fi cumpere o cas\u0103. Potrivit proiectului, statul deschide un cont la na\u015fterea copilului \u00een care vireaz\u0103 apoi c\u00e2te 300 de lei lunar.<\/strong><\/p>\n<p>Conform proiectului, banii vor putea fi utiliza\u021bi doar \u00een momentul \u00een care copilul a \u00eemplinit v\u00e2rsta de 18 ani \u0219i poate demonstra c\u0103 a absolvit 12 clase. Ace\u0219ti bani pot fi folosi\u021bi doar de titular \u0219i numai \u00een urm\u0103toarele situa\u021bii: pentru studii universitare, pentru a-\u0219i cump\u0103ra o locuin\u021b\u0103, pentru a-\u0219i deschide o afacere sau pentru a se trata de vreo boal\u0103, \u00een caz c\u0103 este un tratament mai costisitor, titreaz\u0103 Vocea Rom\u00e2nilor.<\/p>\n<p>Aceast\u0103 lege, a depozitului bancar \u00eenfiin\u021bat la na\u0219tere, are rolul de a recompensa fiecare copil n\u0103scut \u00een \u021bar\u0103, pentru a-l ajuta s\u0103 aib\u0103 un start \u00een via\u021b\u0103, dar \u0219i pentru a cre\u0219te gradului de educa\u021bie.<\/p>\n<p>\u00cen cazul \u00een care titularul contului moare, banii nu sunt mo\u0219teni\u021bi de familie \u0219i se \u00eentorc la stat.<\/p>\n<p>De la 1 ianuarie 2018, copiii cu v\u00e2rsta \u00eentre 0 \u0219i 18 ani vor primi o aloca\u021bie lunar\u0103 de 300 de lei. La v\u00e2rsta de 6 ani, aloca\u021bia va fi acordat\u0103 numai dac\u0103 copilul este \u00eenscris la o \u0219coal\u0103 gimnazial\u0103.<\/p>\n<p>Ini\u021biatorii proiectului \u00ee\u0219i propun s\u0103 creasc\u0103 natalitatea din \u021bar\u0103, s\u0103 sprijine copiii pentru educa\u021bie \u0219i dezvoltarea personal\u0103.<\/p>\n<p>romaniatv.net<\/p>\n<p><strong>Muncitorii migran\u021bi care activeaz\u0103 \u00een capitala Federa\u021biei Ruse au adus \u00een bugetul Moscovei de anul trecut 11 miliarde de ruble ruse\u0219ti sau circa 200 de milioane de dolari SUA. Banii au fost colecta\u021bi din v\u00e2nzarea patentelor necesare pentru activitatea acestora. Conform datelor oficiale, \u00een 2015, migran\u021bii din Moscova au primit 450 de mii de patente pentru activitate.<\/strong><\/p>\n<p>\u201e<em>Aceste venituri sunt mai mari dec\u00e2t cele pe care le primim de la companiile petroliere care sunt \u00eenregistrate aici<\/em>\u201d, a declarat primarul Moscovei, Serghei Sobeanin.<\/p>\n<p>Potrivit acestuia, banii, colecta\u021bi de la migran\u021bi \u00een doar jum\u0103tate de an au acoperit cheltuielile pentru construc\u021bia unui centru al migra\u021biei, \u00een care sunt acordate patentele, sunt oferite servicii medicale \u0219i desf\u0103\u0219oar\u0103 teste privind cunoa\u0219terea limbii ruse.<\/p>\n<p>O situa\u021bie similar\u0103 se atest\u0103 \u0219i \u00een capitala de nord a Rusiei. Astfel, \u00een 2015, migran\u021bii care au activat \u00een Sankt-Petersburg au contribuit la bugetul urbei u 3,8 miliarde de ruble ruse\u0219ti.<\/p>\n<p>Potrivit presei ruse, cre\u0219terea brusc\u0103 a veniturilor \u00een 2015 este legat de faptul c\u0103 patenta a devenit actul de baz\u0103 care le acord\u0103 migran\u021bilor dreptul de a activa pe teritoriul Federa\u021biei Ruse \u0219i care pot intra \u00een \u021bar\u0103 f\u0103r\u0103 vize. Preponderent, este vorba de cet\u0103\u021beni ai \u021b\u0103rilor CSI, printre care \u0219i Moldova.<\/p>\n<p>Potrivit Serviciului Federal de Migra\u021bie, anul trecut pe teritoriul Rusiei s-au aflat zece milioane de cet\u0103\u021beni str\u0103ini. Dintre ace\u0219tia, 520 de mii au fost cet\u0103\u021beni ai Republicii Moldova.<\/p>\n<p>realitatea.md<\/p>\n<p><strong>Autorit\u0103\u0163ile s-au v\u0103zut nevoite s\u0103 \u00eenchid\u0103 patru penitenciare \u015fi un centru pentru arest\u0103ri preventive din Suedia, pentru c\u0103 num\u0103rul de\u0163inu\u0163ilor e \u00een continu\u0103 sc\u0103dere. \u0162ara nordic\u0103 are doar 4.800 de de\u0163inu\u0163i la o popula\u0163ie de aproximativ 10 milioane de locuitori, transmite suedia.se.<\/strong><\/p>\n<p>Num\u0103rul de\u0163inu\u0163ilor din Suedia a sc\u0103zut cu peste o mie, \u00een perioada 2005-2014, ca urmare a diminu\u0103rii pedepselor pentru persoanele acuzate de trafic de droguri \u015fi a programului de reeducare a de\u0163inu\u0163ilor demarat de conducerea penitenciarelor. \u201cRolul nostru nu este s\u0103 pedepsim de\u0163inu\u0163ii. Pedeapsa este \u00eens\u0103\u015fi codamnarea, adic\u0103 privarea de libertate. Pedeapsa const\u0103 \u00een faptul c\u0103 se afl\u0103 aici\u201d, spune Nils \u00d6berg, directorul general al administra\u0163iei penitenciarelor suedeze.<\/p>\n<p>Totodat\u0103 Suedia este renumit\u0103 pentru penitenciarele sale luxoase. \u00cenchisorile suedeze sunt dotate cu mese de tenis \u015fi biliard, s\u0103li de pictur\u0103, sal\u0103 de sport cu saun\u0103 \u015fi solar, sere \u015fi stupi, iar fiec\u0103rui condamnat \u00eei este alocat un ofi\u0163er de leg\u0103tur\u0103, direct responsabil de integrarea sa \u00een societate.<\/p>\n<p>businessmagazin.ro<\/p>\n<p><strong>Autorit\u0103\u021bile medicale din Panama au confirmat 15 noi cazuri de Zika, dintre care 5 \u00een capital\u0103, ceea ce ridic\u0103 la 88 num\u0103rul total al contagierilor \u00een \u021bar\u0103, relateaz\u0103 EFE.<\/strong><\/p>\n<p>Zece din cele noi cazuri s-au detectat \u00een regiunea indigen\u0103 Guna Yala, iar cinci \u00een cartierele capitalei panameze: Tocumen (3), Las Cumbres (1) \u0219i Bella Vista (1), a informat joi ministrul s\u0103n\u0103t\u0103\u021bii, Francisco Javier Terrientes, \u00een cadrul unei campanii de cur\u0103\u021bire \u0219i fumiga\u021bii realizate \u00een Veracruz, \u00een afara ora\u0219ului.<\/p>\n<p>Printre cei 88 de afecta\u021bi, exist\u0103 \u0219i o femeie \u00eens\u0103rcinat\u0103, al c\u0103rui f\u0103t nu prezint\u0103 riscuri de microcefalie, o boal\u0103 neurologic\u0103 pus\u0103 pe seama virusului Zika, a precizat ministrul Terrientes.<\/p>\n<p>Guvernul panamez a decretat la 17 februarie alert\u0103 na\u021bional\u0103 \u00een fa\u021ba riscului de propagare a virusului, av\u00e2nd \u00een vedere c\u0103 toate cazurile (53) erau atunci limitate la regiunea indigen\u0103 Guna Yala, la grani\u021ba cu Columbia.<\/p>\n<p>agerpres.ro<\/p>\n<p><strong>Beijingul este noua capital\u0103 a miliardarilor. Ora\u015ful a detronat metropola american\u0103 New York. Potrivit unui raport \u00eentocmit de o organiza\u0163ie din China, \u00een Beijing tr\u0103iesc 100 de super-boga\u0163i, fa\u0163\u0103 de 95 c\u00e2t num\u0103r\u0103 ora\u015ful de pe coasta de Est a Statelor Unite<\/strong><\/p>\n<p>Topul ora\u015felor cu cei mai mul\u0163i miliardari este completat de Moscova, cu 66 de boga\u0163i, Hong Kong, 64 \u015fi Shanghai, 50. De altfel, \u00een clasament, \u00een primele 10 ora\u015fe cu miliardari, cinci sunt metropole din China.<\/p>\n<p>Super-bog\u0103ta\u015fii acestui stat au \u00eempreun\u0103 o avere de o mie patru sute de miliarde de dolari.<\/p>\n<p>Astfel, China a \u00eentrecut SUA dup\u0103 num\u0103rul cet\u0103\u021benilor care num\u0103r\u0103 averi de miliarde de dolari. Mai exact, \u00een China sunt acum 568 de miliardari, \u00een timp ce \u00een SUA \u2014 535. Miliardarii chinezi au o avere combinat\u0103 de 1,4 trilioane de dolari.<\/p>\n<p>Totu\u0219i, cel mai bogat om din lume r\u0103m\u00e2ne cofondatorul Microsoft, Bill Gates, cu o avere net\u0103 de 80 de miliarde de dolari. Acesta este urmat de Warren Buffet cu o avere ce constituie 68 de miliarde de dolari. Michael Bloomberg, fost primar al ora\u0219ului New York, cu o avere de 37 de miliarde de dolari se reg\u0103se\u0219te \u0219i el \u00een top 10.<\/p>\n<p>digi24.ro<\/p>\n<p><iframe width=\"420\" height=\"315\" data-src=\"https:\/\/www.youtube.com\/embed\/iHjIfXQv6e8\" frameborder=\"0\" allowfullscreen src=\"data:image\/svg+xml;base64,PHN2ZyB3aWR0aD0iMSIgaGVpZ2h0PSIxIiB4bWxucz0iaHR0cDovL3d3dy53My5vcmcvMjAwMC9zdmciPjwvc3ZnPg==\" class=\"lazyload\" data-load-mode=\"1\"><\/iframe><\/p>\n","protected":false},"excerpt":{"rendered":"<p>Postul de televiziune BTV v\u0103 propune spre vizionare cele mai importante evenimente ale zilei trecute, reflectate \u00een presa interna\u021bional\u0103. Zona radioactiv\u0103 din jurul fostei centrale nucleare de la Cernob\u00eel va fi transformat\u0103 \u00een \u201erezerva\u0163ie radiologic\u0103 a biosferei\u201c, potrivit unei decizii a Guvernului Ucrainei, la 30 de ani de la cel mai grav accident atomic din [&hellip;]<\/p>\n","protected":false},"author":4,"featured_media":7809,"comment_status":"closed","ping_status":"closed","sticky":false,"template":"","format":"standard","meta":{"footnotes":""},"categories":[6354],"tags":[],"class_list":["post-7808","post","type-post","status-publish","format-standard","has-post-thumbnail","hentry","category-externe-ro"],"yoast_head":"<!-- This site is optimized with the Yoast SEO plugin v27.4 - https:\/\/yoast.com\/product\/yoast-seo-wordpress\/ -->\n<title>Zona radioactiv\u0103 de la Cernob\u00eel va deveni \u201erezerva\u0163ie radiologic\u0103 a biosferei\u201c  - BTV<\/title>\n<meta name=\"robots\" content=\"index, follow, max-snippet:-1, max-image-preview:large, max-video-preview:-1\" \/>\n<link rel=\"canonical\" href=\"https:\/\/www.btv.md\/ro\/zona-radioactiva-de-la-cernobil-va-deveni-rezervatie-radiologica-a-biosferei\/\" \/>\n<meta property=\"og:locale\" content=\"ro_RO\" \/>\n<meta property=\"og:type\" content=\"article\" \/>\n<meta property=\"og:title\" content=\"Zona radioactiv\u0103 de la Cernob\u00eel va deveni \u201erezerva\u0163ie radiologic\u0103 a biosferei\u201c  - BTV\" \/>\n<meta property=\"og:description\" content=\"Postul de televiziune BTV v\u0103 propune spre vizionare cele mai importante evenimente ale zilei trecute, reflectate \u00een presa interna\u021bional\u0103. Zona radioactiv\u0103 din jurul fostei centrale nucleare de la Cernob\u00eel va fi transformat\u0103 \u00een \u201erezerva\u0163ie radiologic\u0103 a biosferei\u201c, potrivit unei decizii a Guvernului Ucrainei, la 30 de ani de la cel mai grav accident atomic din [&hellip;]\" \/>\n<meta property=\"og:url\" content=\"https:\/\/www.btv.md\/ro\/zona-radioactiva-de-la-cernobil-va-deveni-rezervatie-radiologica-a-biosferei\/\" \/>\n<meta property=\"og:site_name\" content=\"BTV\" \/>\n<meta property=\"article:publisher\" content=\"https:\/\/www.facebook.com\/btvmoldova\/\" \/>\n<meta property=\"article:published_time\" content=\"2016-02-26T11:15:45+00:00\" \/>\n<meta property=\"article:modified_time\" content=\"2016-02-26T13:26:36+00:00\" \/>\n<meta property=\"og:image\" content=\"https:\/\/www.btv.md\/wp-content\/uploads\/2016\/02\/646x404-1-1.jpg\" \/>\n\t<meta property=\"og:image:width\" content=\"646\" \/>\n\t<meta property=\"og:image:height\" content=\"404\" \/>\n\t<meta property=\"og:image:type\" content=\"image\/jpeg\" \/>\n<meta name=\"author\" content=\"admin\" \/>\n<meta name=\"twitter:label1\" content=\"Scris de\" \/>\n\t<meta name=\"twitter:data1\" content=\"admin\" \/>\n\t<meta name=\"twitter:label2\" content=\"Timp estimat pentru citire\" \/>\n\t<meta name=\"twitter:data2\" content=\"6 minute\" \/>\n<script type=\"application\/ld+json\" class=\"yoast-schema-graph\">{\"@context\":\"https:\\\/\\\/schema.org\",\"@graph\":[{\"@type\":\"Article\",\"@id\":\"https:\\\/\\\/www.btv.md\\\/ro\\\/zona-radioactiva-de-la-cernobil-va-deveni-rezervatie-radiologica-a-biosferei\\\/#article\",\"isPartOf\":{\"@id\":\"https:\\\/\\\/www.btv.md\\\/ro\\\/zona-radioactiva-de-la-cernobil-va-deveni-rezervatie-radiologica-a-biosferei\\\/\"},\"author\":{\"name\":\"admin\",\"@id\":\"https:\\\/\\\/www.btv.md\\\/#\\\/schema\\\/person\\\/8fadce81561b3ce2c34c46dadc4ccbf2\"},\"headline\":\"Zona radioactiv\u0103 de la Cernob\u00eel va deveni \u201erezerva\u0163ie radiologic\u0103 a biosferei\u201c\",\"datePublished\":\"2016-02-26T11:15:45+00:00\",\"dateModified\":\"2016-02-26T13:26:36+00:00\",\"mainEntityOfPage\":{\"@id\":\"https:\\\/\\\/www.btv.md\\\/ro\\\/zona-radioactiva-de-la-cernobil-va-deveni-rezervatie-radiologica-a-biosferei\\\/\"},\"wordCount\":1305,\"image\":{\"@id\":\"https:\\\/\\\/www.btv.md\\\/ro\\\/zona-radioactiva-de-la-cernobil-va-deveni-rezervatie-radiologica-a-biosferei\\\/#primaryimage\"},\"thumbnailUrl\":\"https:\\\/\\\/www.btv.md\\\/wp-content\\\/uploads\\\/2016\\\/02\\\/646x404-1-1.jpg\",\"articleSection\":[\"Externe\"],\"inLanguage\":\"ro-RO\"},{\"@type\":\"WebPage\",\"@id\":\"https:\\\/\\\/www.btv.md\\\/ro\\\/zona-radioactiva-de-la-cernobil-va-deveni-rezervatie-radiologica-a-biosferei\\\/\",\"url\":\"https:\\\/\\\/www.btv.md\\\/ro\\\/zona-radioactiva-de-la-cernobil-va-deveni-rezervatie-radiologica-a-biosferei\\\/\",\"name\":\"Zona radioactiv\u0103 de la Cernob\u00eel va deveni \u201erezerva\u0163ie radiologic\u0103 a biosferei\u201c - BTV\",\"isPartOf\":{\"@id\":\"https:\\\/\\\/www.btv.md\\\/#website\"},\"primaryImageOfPage\":{\"@id\":\"https:\\\/\\\/www.btv.md\\\/ro\\\/zona-radioactiva-de-la-cernobil-va-deveni-rezervatie-radiologica-a-biosferei\\\/#primaryimage\"},\"image\":{\"@id\":\"https:\\\/\\\/www.btv.md\\\/ro\\\/zona-radioactiva-de-la-cernobil-va-deveni-rezervatie-radiologica-a-biosferei\\\/#primaryimage\"},\"thumbnailUrl\":\"https:\\\/\\\/www.btv.md\\\/wp-content\\\/uploads\\\/2016\\\/02\\\/646x404-1-1.jpg\",\"datePublished\":\"2016-02-26T11:15:45+00:00\",\"dateModified\":\"2016-02-26T13:26:36+00:00\",\"author\":{\"@id\":\"https:\\\/\\\/www.btv.md\\\/#\\\/schema\\\/person\\\/8fadce81561b3ce2c34c46dadc4ccbf2\"},\"inLanguage\":\"ro-RO\",\"potentialAction\":[{\"@type\":\"ReadAction\",\"target\":[\"https:\\\/\\\/www.btv.md\\\/ro\\\/zona-radioactiva-de-la-cernobil-va-deveni-rezervatie-radiologica-a-biosferei\\\/\"]}]},{\"@type\":\"ImageObject\",\"inLanguage\":\"ro-RO\",\"@id\":\"https:\\\/\\\/www.btv.md\\\/ro\\\/zona-radioactiva-de-la-cernobil-va-deveni-rezervatie-radiologica-a-biosferei\\\/#primaryimage\",\"url\":\"https:\\\/\\\/www.btv.md\\\/wp-content\\\/uploads\\\/2016\\\/02\\\/646x404-1-1.jpg\",\"contentUrl\":\"https:\\\/\\\/www.btv.md\\\/wp-content\\\/uploads\\\/2016\\\/02\\\/646x404-1-1.jpg\",\"width\":646,\"height\":404,\"caption\":\"www.ultimele-stiri.eu\"},{\"@type\":\"WebSite\",\"@id\":\"https:\\\/\\\/www.btv.md\\\/#website\",\"url\":\"https:\\\/\\\/www.btv.md\\\/\",\"name\":\"BTV\",\"description\":\"\u0411\u0435\u043b\u044c\u0446\u043a\u043e\u0435 \u0442\u0435\u043b\u0435\u0432\u0438\u0434\u0435\u043d\u0438\u0435\",\"potentialAction\":[{\"@type\":\"SearchAction\",\"target\":{\"@type\":\"EntryPoint\",\"urlTemplate\":\"https:\\\/\\\/www.btv.md\\\/?s={search_term_string}\"},\"query-input\":{\"@type\":\"PropertyValueSpecification\",\"valueRequired\":true,\"valueName\":\"search_term_string\"}}],\"inLanguage\":\"ro-RO\"},{\"@type\":\"Person\",\"@id\":\"https:\\\/\\\/www.btv.md\\\/#\\\/schema\\\/person\\\/8fadce81561b3ce2c34c46dadc4ccbf2\",\"name\":\"admin\"}]}<\/script>\n<!-- \/ Yoast SEO plugin. -->","yoast_head_json":{"title":"Zona radioactiv\u0103 de la Cernob\u00eel va deveni \u201erezerva\u0163ie radiologic\u0103 a biosferei\u201c  - BTV","robots":{"index":"index","follow":"follow","max-snippet":"max-snippet:-1","max-image-preview":"max-image-preview:large","max-video-preview":"max-video-preview:-1"},"canonical":"https:\/\/www.btv.md\/ro\/zona-radioactiva-de-la-cernobil-va-deveni-rezervatie-radiologica-a-biosferei\/","og_locale":"ro_RO","og_type":"article","og_title":"Zona radioactiv\u0103 de la Cernob\u00eel va deveni \u201erezerva\u0163ie radiologic\u0103 a biosferei\u201c  - BTV","og_description":"Postul de televiziune BTV v\u0103 propune spre vizionare cele mai importante evenimente ale zilei trecute, reflectate \u00een presa interna\u021bional\u0103. Zona radioactiv\u0103 din jurul fostei centrale nucleare de la Cernob\u00eel va fi transformat\u0103 \u00een \u201erezerva\u0163ie radiologic\u0103 a biosferei\u201c, potrivit unei decizii a Guvernului Ucrainei, la 30 de ani de la cel mai grav accident atomic din [&hellip;]","og_url":"https:\/\/www.btv.md\/ro\/zona-radioactiva-de-la-cernobil-va-deveni-rezervatie-radiologica-a-biosferei\/","og_site_name":"BTV","article_publisher":"https:\/\/www.facebook.com\/btvmoldova\/","article_published_time":"2016-02-26T11:15:45+00:00","article_modified_time":"2016-02-26T13:26:36+00:00","og_image":[{"width":646,"height":404,"url":"https:\/\/www.btv.md\/wp-content\/uploads\/2016\/02\/646x404-1-1.jpg","type":"image\/jpeg"}],"author":"admin","twitter_misc":{"Scris de":"admin","Timp estimat pentru citire":"6 minute"},"schema":{"@context":"https:\/\/schema.org","@graph":[{"@type":"Article","@id":"https:\/\/www.btv.md\/ro\/zona-radioactiva-de-la-cernobil-va-deveni-rezervatie-radiologica-a-biosferei\/#article","isPartOf":{"@id":"https:\/\/www.btv.md\/ro\/zona-radioactiva-de-la-cernobil-va-deveni-rezervatie-radiologica-a-biosferei\/"},"author":{"name":"admin","@id":"https:\/\/www.btv.md\/#\/schema\/person\/8fadce81561b3ce2c34c46dadc4ccbf2"},"headline":"Zona radioactiv\u0103 de la Cernob\u00eel va deveni \u201erezerva\u0163ie radiologic\u0103 a biosferei\u201c","datePublished":"2016-02-26T11:15:45+00:00","dateModified":"2016-02-26T13:26:36+00:00","mainEntityOfPage":{"@id":"https:\/\/www.btv.md\/ro\/zona-radioactiva-de-la-cernobil-va-deveni-rezervatie-radiologica-a-biosferei\/"},"wordCount":1305,"image":{"@id":"https:\/\/www.btv.md\/ro\/zona-radioactiva-de-la-cernobil-va-deveni-rezervatie-radiologica-a-biosferei\/#primaryimage"},"thumbnailUrl":"https:\/\/www.btv.md\/wp-content\/uploads\/2016\/02\/646x404-1-1.jpg","articleSection":["Externe"],"inLanguage":"ro-RO"},{"@type":"WebPage","@id":"https:\/\/www.btv.md\/ro\/zona-radioactiva-de-la-cernobil-va-deveni-rezervatie-radiologica-a-biosferei\/","url":"https:\/\/www.btv.md\/ro\/zona-radioactiva-de-la-cernobil-va-deveni-rezervatie-radiologica-a-biosferei\/","name":"Zona radioactiv\u0103 de la Cernob\u00eel va deveni \u201erezerva\u0163ie radiologic\u0103 a biosferei\u201c - BTV","isPartOf":{"@id":"https:\/\/www.btv.md\/#website"},"primaryImageOfPage":{"@id":"https:\/\/www.btv.md\/ro\/zona-radioactiva-de-la-cernobil-va-deveni-rezervatie-radiologica-a-biosferei\/#primaryimage"},"image":{"@id":"https:\/\/www.btv.md\/ro\/zona-radioactiva-de-la-cernobil-va-deveni-rezervatie-radiologica-a-biosferei\/#primaryimage"},"thumbnailUrl":"https:\/\/www.btv.md\/wp-content\/uploads\/2016\/02\/646x404-1-1.jpg","datePublished":"2016-02-26T11:15:45+00:00","dateModified":"2016-02-26T13:26:36+00:00","author":{"@id":"https:\/\/www.btv.md\/#\/schema\/person\/8fadce81561b3ce2c34c46dadc4ccbf2"},"inLanguage":"ro-RO","potentialAction":[{"@type":"ReadAction","target":["https:\/\/www.btv.md\/ro\/zona-radioactiva-de-la-cernobil-va-deveni-rezervatie-radiologica-a-biosferei\/"]}]},{"@type":"ImageObject","inLanguage":"ro-RO","@id":"https:\/\/www.btv.md\/ro\/zona-radioactiva-de-la-cernobil-va-deveni-rezervatie-radiologica-a-biosferei\/#primaryimage","url":"https:\/\/www.btv.md\/wp-content\/uploads\/2016\/02\/646x404-1-1.jpg","contentUrl":"https:\/\/www.btv.md\/wp-content\/uploads\/2016\/02\/646x404-1-1.jpg","width":646,"height":404,"caption":"www.ultimele-stiri.eu"},{"@type":"WebSite","@id":"https:\/\/www.btv.md\/#website","url":"https:\/\/www.btv.md\/","name":"BTV","description":"\u0411\u0435\u043b\u044c\u0446\u043a\u043e\u0435 \u0442\u0435\u043b\u0435\u0432\u0438\u0434\u0435\u043d\u0438\u0435","potentialAction":[{"@type":"SearchAction","target":{"@type":"EntryPoint","urlTemplate":"https:\/\/www.btv.md\/?s={search_term_string}"},"query-input":{"@type":"PropertyValueSpecification","valueRequired":true,"valueName":"search_term_string"}}],"inLanguage":"ro-RO"},{"@type":"Person","@id":"https:\/\/www.btv.md\/#\/schema\/person\/8fadce81561b3ce2c34c46dadc4ccbf2","name":"admin"}]}},"_links":{"self":[{"href":"https:\/\/www.btv.md\/ro\/wp-json\/wp\/v2\/posts\/7808","targetHints":{"allow":["GET"]}}],"collection":[{"href":"https:\/\/www.btv.md\/ro\/wp-json\/wp\/v2\/posts"}],"about":[{"href":"https:\/\/www.btv.md\/ro\/wp-json\/wp\/v2\/types\/post"}],"author":[{"embeddable":true,"href":"https:\/\/www.btv.md\/ro\/wp-json\/wp\/v2\/users\/4"}],"replies":[{"embeddable":true,"href":"https:\/\/www.btv.md\/ro\/wp-json\/wp\/v2\/comments?post=7808"}],"version-history":[{"count":0,"href":"https:\/\/www.btv.md\/ro\/wp-json\/wp\/v2\/posts\/7808\/revisions"}],"wp:featuredmedia":[{"embeddable":true,"href":"https:\/\/www.btv.md\/ro\/wp-json\/wp\/v2\/media\/7809"}],"wp:attachment":[{"href":"https:\/\/www.btv.md\/ro\/wp-json\/wp\/v2\/media?parent=7808"}],"wp:term":[{"taxonomy":"category","embeddable":true,"href":"https:\/\/www.btv.md\/ro\/wp-json\/wp\/v2\/categories?post=7808"},{"taxonomy":"post_tag","embeddable":true,"href":"https:\/\/www.btv.md\/ro\/wp-json\/wp\/v2\/tags?post=7808"}],"curies":[{"name":"wp","href":"https:\/\/api.w.org\/{rel}","templated":true}]}}