{"id":78145,"date":"2020-05-07T16:33:13","date_gmt":"2020-05-07T13:33:13","guid":{"rendered":"http:\/\/www.btv.md\/?p=78145"},"modified":"2020-05-07T16:33:13","modified_gmt":"2020-05-07T13:33:13","slug":"curtea-constitutionala-a-decis-alegerile-anticipate-pe-liste-de-partid-pot-avea-loc-dupa-16-august","status":"publish","type":"post","link":"https:\/\/www.btv.md\/ro\/curtea-constitutionala-a-decis-alegerile-anticipate-pe-liste-de-partid-pot-avea-loc-dupa-16-august\/","title":{"rendered":"Curtea Constitu\u021bional\u0103 a decis: Alegerile anticipate pe liste de partid pot avea loc dup\u0103 16 august"},"content":{"rendered":"<p><strong>\u00cenalta curte a decis, c\u0103 \u00een cazul unor alegeri parlamentare anticipate, acestea pot avea loc conform a dou\u0103 scenarii, care depinde de datele din calendar c\u00e2nd ar putea fi organizate. \u00cen calcul sunt luate sistemul mixt c\u00e2t \u0219i cel propor\u021bional, asta de\u0219i fost\u0103 componen\u021b\u0103 de la CC spunea c\u0103 \u00een cazul anticipatelor sistemul nu poate fi modificat.<\/strong><\/p>\n<p>Curtea Constitu\u021bional\u0103 a decis: alegerile parlamentare anticipate pot avea loc dup\u0103 sistemul propor\u021bional de vot, \u00eens\u0103 doar dup\u0103 un an de c\u00e2nd schimbarea sistemului electoral e publicat\u0103 \u00een Monitorul Oficial. Av\u00e2nd \u00een vedere c\u0103 sistemul mixt a fost anulat prin votul deputa\u021bilor pe 15 august \u0219i promulgat de urgen\u021b\u0103 de pre\u0219edinte pe 16 august, reiese c\u0103 anticipatele pe liste de partid nu pot avea loc mai devreme, scrie agora.md. Decizia vine dup\u0103 ce trei deputa\u021bi din fosta coali\u021bie ACUM-PSRM au sesizat noua componen\u021b\u0103 a \u00cenaltei Cur\u021bi pe marginea acestei chestiuni. De notat c\u0103, \u00een 2019, vechea componen\u021b\u0103 a CC a conchis c\u0103 pentru alegerile anticipate, sistemul electoral de vot nu poate fi modificat.<\/p>\n<p>\u00cen\u00a0toamna anului 2019, deputa\u021bii Sergiu Litvinenco, Alexandru Slusari \u0219i Vasile Bolea au sesizat Curtea, cer\u00e2nd interpretarea articolului 72 alin. (3) lit. a) din Constitu\u021bie. Ei au vrut s\u0103 afle dac\u0103 eventualele alegeri anticipate ar putea fi organizate \u00een baza sistemului electoral propor\u021bional, odat\u0103 ce actuala legislatur\u0103 l-a anulat pe cel mixt, \u00een vara lui 2019.<\/p>\n<p>Atunci, unul dintre autorii sesiz\u0103rii, Sergiu Litvinenco, spunea c\u0103 \u201enu \u00eencape \u00eendoial\u0103 c\u0103, \u00een eventualitatea unor alegeri anticipate, urmeaz\u0103 a fi aplicat sistemul electoral propor\u021bional\u201d.<\/p>\n<p>Anterior, vechea componen\u021b\u0103 a Cur\u021bii a statuat c\u0103,\u00a0pentru alegerile anticipate, sistemul electoral de vot nu poate fi modificat.\u00a0Se \u00eent\u00e2mpla c\u00e2nd Curtea Constitu\u021bional\u0103 era condus\u0103 de Mihai Poalelungi, iar sistemul mixt era \u00eenc\u0103 \u00een vigoare.<\/p>\n<div id=\"fb-root\"><\/div>\n<p><script async=\"1\" defer=\"1\" crossorigin=\"anonymous\" src=\"https:\/\/connect.facebook.net\/de_DE\/sdk.js#xfbml=1&amp;version=v7.0\"><\/script><\/p>\n<div class=\"fb-video\" data-href=\"https:\/\/www.facebook.com\/btvmoldova\/videos\/1540408582806614\/\" data-width=\"1170\">\n<blockquote cite=\"https:\/\/www.facebook.com\/btvmoldova\/videos\/1540408582806614\/\" class=\"fb-xfbml-parse-ignore\"><p><a href=\"https:\/\/www.facebook.com\/btvmoldova\/videos\/1540408582806614\/\">Curtea Constitu\u021bional\u0103 a decis: Alegerile anticipate pe liste de partid pot avea loc dup\u0103 16 august<\/a><\/p>\n<p>Curtea Constitu\u021bional\u0103 a decis: Alegerile anticipate pe liste de partid pot avea loc dup\u0103 16 august<\/p>\n<p>Gepostet von <a href=\"https:\/\/www.facebook.com\/btvmoldova\/\">\u0422\u0435\u043b\u0435\u043a\u043e\u043c\u043f\u0430\u043d\u0438\u044f BTV &#8211; Balti, \u0411\u0435\u043b\u044c\u0446\u044b<\/a> am Donnerstag, 7. Mai 2020<\/p><\/blockquote>\n<\/div>\n<p>&nbsp;<\/p>\n","protected":false},"excerpt":{"rendered":"<p>\u00cenalta curte a decis, c\u0103 \u00een cazul unor alegeri parlamentare anticipate, acestea pot avea loc conform a dou\u0103 scenarii, care depinde de datele din calendar c\u00e2nd ar putea fi organizate. \u00cen calcul sunt luate sistemul mixt c\u00e2t \u0219i cel propor\u021bional, asta de\u0219i fost\u0103 componen\u021b\u0103 de la CC spunea c\u0103 \u00een cazul anticipatelor sistemul nu poate [&hellip;]<\/p>\n","protected":false},"author":4,"featured_media":78147,"comment_status":"closed","ping_status":"closed","sticky":false,"template":"","format":"standard","meta":{"footnotes":""},"categories":[6368,6377],"tags":[13831,11963,13832],"class_list":["post-78145","post","type-post","status-publish","format-standard","has-post-thumbnail","hentry","category-politica-ro","category-stiri","tag-alegerile-anticipate","tag-curtea-constitutionala","tag-liste-de-partid"],"yoast_head":"<!-- This site is optimized with the Yoast SEO plugin v27.4 - https:\/\/yoast.com\/product\/yoast-seo-wordpress\/ -->\n<title>Curtea Constitu\u021bional\u0103 a decis: Alegerile anticipate pe liste de partid pot avea loc dup\u0103 16 august - BTV<\/title>\n<meta name=\"robots\" content=\"index, follow, max-snippet:-1, max-image-preview:large, max-video-preview:-1\" \/>\n<link rel=\"canonical\" href=\"https:\/\/www.btv.md\/ro\/curtea-constitutionala-a-decis-alegerile-anticipate-pe-liste-de-partid-pot-avea-loc-dupa-16-august\/\" \/>\n<meta property=\"og:locale\" content=\"ro_RO\" \/>\n<meta property=\"og:type\" content=\"article\" \/>\n<meta property=\"og:title\" content=\"Curtea Constitu\u021bional\u0103 a decis: Alegerile anticipate pe liste de partid pot avea loc dup\u0103 16 august - BTV\" \/>\n<meta property=\"og:description\" content=\"\u00cenalta curte a decis, c\u0103 \u00een cazul unor alegeri parlamentare anticipate, acestea pot avea loc conform a dou\u0103 scenarii, care depinde de datele din calendar c\u00e2nd ar putea fi organizate. \u00cen calcul sunt luate sistemul mixt c\u00e2t \u0219i cel propor\u021bional, asta de\u0219i fost\u0103 componen\u021b\u0103 de la CC spunea c\u0103 \u00een cazul anticipatelor sistemul nu poate [&hellip;]\" \/>\n<meta property=\"og:url\" content=\"https:\/\/www.btv.md\/ro\/curtea-constitutionala-a-decis-alegerile-anticipate-pe-liste-de-partid-pot-avea-loc-dupa-16-august\/\" \/>\n<meta property=\"og:site_name\" content=\"BTV\" \/>\n<meta property=\"article:publisher\" content=\"https:\/\/www.facebook.com\/btvmoldova\/\" \/>\n<meta property=\"article:published_time\" content=\"2020-05-07T13:33:13+00:00\" \/>\n<meta property=\"og:image\" content=\"https:\/\/www.btv.md\/wp-content\/uploads\/2020\/05\/curtea-constitutionala-a-decis-inca-o-data-alegerile-anticipateavea-loc-dupa-sistemul-proportional-150042-1588833871.jpg\" \/>\n\t<meta property=\"og:image:width\" content=\"1200\" \/>\n\t<meta property=\"og:image:height\" content=\"675\" \/>\n\t<meta property=\"og:image:type\" content=\"image\/jpeg\" \/>\n<meta name=\"author\" content=\"admin\" \/>\n<meta name=\"twitter:label1\" content=\"Scris de\" \/>\n\t<meta name=\"twitter:data1\" content=\"admin\" \/>\n\t<meta name=\"twitter:label2\" content=\"Timp estimat pentru citire\" \/>\n\t<meta name=\"twitter:data2\" content=\"2 minute\" \/>\n<script type=\"application\/ld+json\" class=\"yoast-schema-graph\">{\"@context\":\"https:\\\/\\\/schema.org\",\"@graph\":[{\"@type\":\"Article\",\"@id\":\"https:\\\/\\\/www.btv.md\\\/ro\\\/curtea-constitutionala-a-decis-alegerile-anticipate-pe-liste-de-partid-pot-avea-loc-dupa-16-august\\\/#article\",\"isPartOf\":{\"@id\":\"https:\\\/\\\/www.btv.md\\\/ro\\\/curtea-constitutionala-a-decis-alegerile-anticipate-pe-liste-de-partid-pot-avea-loc-dupa-16-august\\\/\"},\"author\":{\"name\":\"admin\",\"@id\":\"https:\\\/\\\/www.btv.md\\\/#\\\/schema\\\/person\\\/8fadce81561b3ce2c34c46dadc4ccbf2\"},\"headline\":\"Curtea Constitu\u021bional\u0103 a decis: Alegerile anticipate pe liste de partid pot avea loc dup\u0103 16 august\",\"datePublished\":\"2020-05-07T13:33:13+00:00\",\"mainEntityOfPage\":{\"@id\":\"https:\\\/\\\/www.btv.md\\\/ro\\\/curtea-constitutionala-a-decis-alegerile-anticipate-pe-liste-de-partid-pot-avea-loc-dupa-16-august\\\/\"},\"wordCount\":327,\"image\":{\"@id\":\"https:\\\/\\\/www.btv.md\\\/ro\\\/curtea-constitutionala-a-decis-alegerile-anticipate-pe-liste-de-partid-pot-avea-loc-dupa-16-august\\\/#primaryimage\"},\"thumbnailUrl\":\"https:\\\/\\\/www.btv.md\\\/wp-content\\\/uploads\\\/2020\\\/05\\\/curtea-constitutionala-a-decis-inca-o-data-alegerile-anticipateavea-loc-dupa-sistemul-proportional-150042-1588833871.jpg\",\"keywords\":[\"alegerile anticipate\",\"Curtea Constitu\u0163ional\u0103\",\"liste de partid\"],\"articleSection\":[\"Politic\u0103\",\"\u0218tiri\"],\"inLanguage\":\"ro-RO\"},{\"@type\":\"WebPage\",\"@id\":\"https:\\\/\\\/www.btv.md\\\/ro\\\/curtea-constitutionala-a-decis-alegerile-anticipate-pe-liste-de-partid-pot-avea-loc-dupa-16-august\\\/\",\"url\":\"https:\\\/\\\/www.btv.md\\\/ro\\\/curtea-constitutionala-a-decis-alegerile-anticipate-pe-liste-de-partid-pot-avea-loc-dupa-16-august\\\/\",\"name\":\"Curtea Constitu\u021bional\u0103 a decis: Alegerile anticipate pe liste de partid pot avea loc dup\u0103 16 august - BTV\",\"isPartOf\":{\"@id\":\"https:\\\/\\\/www.btv.md\\\/#website\"},\"primaryImageOfPage\":{\"@id\":\"https:\\\/\\\/www.btv.md\\\/ro\\\/curtea-constitutionala-a-decis-alegerile-anticipate-pe-liste-de-partid-pot-avea-loc-dupa-16-august\\\/#primaryimage\"},\"image\":{\"@id\":\"https:\\\/\\\/www.btv.md\\\/ro\\\/curtea-constitutionala-a-decis-alegerile-anticipate-pe-liste-de-partid-pot-avea-loc-dupa-16-august\\\/#primaryimage\"},\"thumbnailUrl\":\"https:\\\/\\\/www.btv.md\\\/wp-content\\\/uploads\\\/2020\\\/05\\\/curtea-constitutionala-a-decis-inca-o-data-alegerile-anticipateavea-loc-dupa-sistemul-proportional-150042-1588833871.jpg\",\"datePublished\":\"2020-05-07T13:33:13+00:00\",\"author\":{\"@id\":\"https:\\\/\\\/www.btv.md\\\/#\\\/schema\\\/person\\\/8fadce81561b3ce2c34c46dadc4ccbf2\"},\"inLanguage\":\"ro-RO\",\"potentialAction\":[{\"@type\":\"ReadAction\",\"target\":[\"https:\\\/\\\/www.btv.md\\\/ro\\\/curtea-constitutionala-a-decis-alegerile-anticipate-pe-liste-de-partid-pot-avea-loc-dupa-16-august\\\/\"]}]},{\"@type\":\"ImageObject\",\"inLanguage\":\"ro-RO\",\"@id\":\"https:\\\/\\\/www.btv.md\\\/ro\\\/curtea-constitutionala-a-decis-alegerile-anticipate-pe-liste-de-partid-pot-avea-loc-dupa-16-august\\\/#primaryimage\",\"url\":\"https:\\\/\\\/www.btv.md\\\/wp-content\\\/uploads\\\/2020\\\/05\\\/curtea-constitutionala-a-decis-inca-o-data-alegerile-anticipateavea-loc-dupa-sistemul-proportional-150042-1588833871.jpg\",\"contentUrl\":\"https:\\\/\\\/www.btv.md\\\/wp-content\\\/uploads\\\/2020\\\/05\\\/curtea-constitutionala-a-decis-inca-o-data-alegerile-anticipateavea-loc-dupa-sistemul-proportional-150042-1588833871.jpg\",\"width\":1200,\"height\":675},{\"@type\":\"WebSite\",\"@id\":\"https:\\\/\\\/www.btv.md\\\/#website\",\"url\":\"https:\\\/\\\/www.btv.md\\\/\",\"name\":\"BTV\",\"description\":\"\u0411\u0435\u043b\u044c\u0446\u043a\u043e\u0435 \u0442\u0435\u043b\u0435\u0432\u0438\u0434\u0435\u043d\u0438\u0435\",\"potentialAction\":[{\"@type\":\"SearchAction\",\"target\":{\"@type\":\"EntryPoint\",\"urlTemplate\":\"https:\\\/\\\/www.btv.md\\\/?s={search_term_string}\"},\"query-input\":{\"@type\":\"PropertyValueSpecification\",\"valueRequired\":true,\"valueName\":\"search_term_string\"}}],\"inLanguage\":\"ro-RO\"},{\"@type\":\"Person\",\"@id\":\"https:\\\/\\\/www.btv.md\\\/#\\\/schema\\\/person\\\/8fadce81561b3ce2c34c46dadc4ccbf2\",\"name\":\"admin\"}]}<\/script>\n<!-- \/ Yoast SEO plugin. -->","yoast_head_json":{"title":"Curtea Constitu\u021bional\u0103 a decis: Alegerile anticipate pe liste de partid pot avea loc dup\u0103 16 august - BTV","robots":{"index":"index","follow":"follow","max-snippet":"max-snippet:-1","max-image-preview":"max-image-preview:large","max-video-preview":"max-video-preview:-1"},"canonical":"https:\/\/www.btv.md\/ro\/curtea-constitutionala-a-decis-alegerile-anticipate-pe-liste-de-partid-pot-avea-loc-dupa-16-august\/","og_locale":"ro_RO","og_type":"article","og_title":"Curtea Constitu\u021bional\u0103 a decis: Alegerile anticipate pe liste de partid pot avea loc dup\u0103 16 august - BTV","og_description":"\u00cenalta curte a decis, c\u0103 \u00een cazul unor alegeri parlamentare anticipate, acestea pot avea loc conform a dou\u0103 scenarii, care depinde de datele din calendar c\u00e2nd ar putea fi organizate. \u00cen calcul sunt luate sistemul mixt c\u00e2t \u0219i cel propor\u021bional, asta de\u0219i fost\u0103 componen\u021b\u0103 de la CC spunea c\u0103 \u00een cazul anticipatelor sistemul nu poate [&hellip;]","og_url":"https:\/\/www.btv.md\/ro\/curtea-constitutionala-a-decis-alegerile-anticipate-pe-liste-de-partid-pot-avea-loc-dupa-16-august\/","og_site_name":"BTV","article_publisher":"https:\/\/www.facebook.com\/btvmoldova\/","article_published_time":"2020-05-07T13:33:13+00:00","og_image":[{"width":1200,"height":675,"url":"https:\/\/www.btv.md\/wp-content\/uploads\/2020\/05\/curtea-constitutionala-a-decis-inca-o-data-alegerile-anticipateavea-loc-dupa-sistemul-proportional-150042-1588833871.jpg","type":"image\/jpeg"}],"author":"admin","twitter_misc":{"Scris de":"admin","Timp estimat pentru citire":"2 minute"},"schema":{"@context":"https:\/\/schema.org","@graph":[{"@type":"Article","@id":"https:\/\/www.btv.md\/ro\/curtea-constitutionala-a-decis-alegerile-anticipate-pe-liste-de-partid-pot-avea-loc-dupa-16-august\/#article","isPartOf":{"@id":"https:\/\/www.btv.md\/ro\/curtea-constitutionala-a-decis-alegerile-anticipate-pe-liste-de-partid-pot-avea-loc-dupa-16-august\/"},"author":{"name":"admin","@id":"https:\/\/www.btv.md\/#\/schema\/person\/8fadce81561b3ce2c34c46dadc4ccbf2"},"headline":"Curtea Constitu\u021bional\u0103 a decis: Alegerile anticipate pe liste de partid pot avea loc dup\u0103 16 august","datePublished":"2020-05-07T13:33:13+00:00","mainEntityOfPage":{"@id":"https:\/\/www.btv.md\/ro\/curtea-constitutionala-a-decis-alegerile-anticipate-pe-liste-de-partid-pot-avea-loc-dupa-16-august\/"},"wordCount":327,"image":{"@id":"https:\/\/www.btv.md\/ro\/curtea-constitutionala-a-decis-alegerile-anticipate-pe-liste-de-partid-pot-avea-loc-dupa-16-august\/#primaryimage"},"thumbnailUrl":"https:\/\/www.btv.md\/wp-content\/uploads\/2020\/05\/curtea-constitutionala-a-decis-inca-o-data-alegerile-anticipateavea-loc-dupa-sistemul-proportional-150042-1588833871.jpg","keywords":["alegerile anticipate","Curtea Constitu\u0163ional\u0103","liste de partid"],"articleSection":["Politic\u0103","\u0218tiri"],"inLanguage":"ro-RO"},{"@type":"WebPage","@id":"https:\/\/www.btv.md\/ro\/curtea-constitutionala-a-decis-alegerile-anticipate-pe-liste-de-partid-pot-avea-loc-dupa-16-august\/","url":"https:\/\/www.btv.md\/ro\/curtea-constitutionala-a-decis-alegerile-anticipate-pe-liste-de-partid-pot-avea-loc-dupa-16-august\/","name":"Curtea Constitu\u021bional\u0103 a decis: Alegerile anticipate pe liste de partid pot avea loc dup\u0103 16 august - BTV","isPartOf":{"@id":"https:\/\/www.btv.md\/#website"},"primaryImageOfPage":{"@id":"https:\/\/www.btv.md\/ro\/curtea-constitutionala-a-decis-alegerile-anticipate-pe-liste-de-partid-pot-avea-loc-dupa-16-august\/#primaryimage"},"image":{"@id":"https:\/\/www.btv.md\/ro\/curtea-constitutionala-a-decis-alegerile-anticipate-pe-liste-de-partid-pot-avea-loc-dupa-16-august\/#primaryimage"},"thumbnailUrl":"https:\/\/www.btv.md\/wp-content\/uploads\/2020\/05\/curtea-constitutionala-a-decis-inca-o-data-alegerile-anticipateavea-loc-dupa-sistemul-proportional-150042-1588833871.jpg","datePublished":"2020-05-07T13:33:13+00:00","author":{"@id":"https:\/\/www.btv.md\/#\/schema\/person\/8fadce81561b3ce2c34c46dadc4ccbf2"},"inLanguage":"ro-RO","potentialAction":[{"@type":"ReadAction","target":["https:\/\/www.btv.md\/ro\/curtea-constitutionala-a-decis-alegerile-anticipate-pe-liste-de-partid-pot-avea-loc-dupa-16-august\/"]}]},{"@type":"ImageObject","inLanguage":"ro-RO","@id":"https:\/\/www.btv.md\/ro\/curtea-constitutionala-a-decis-alegerile-anticipate-pe-liste-de-partid-pot-avea-loc-dupa-16-august\/#primaryimage","url":"https:\/\/www.btv.md\/wp-content\/uploads\/2020\/05\/curtea-constitutionala-a-decis-inca-o-data-alegerile-anticipateavea-loc-dupa-sistemul-proportional-150042-1588833871.jpg","contentUrl":"https:\/\/www.btv.md\/wp-content\/uploads\/2020\/05\/curtea-constitutionala-a-decis-inca-o-data-alegerile-anticipateavea-loc-dupa-sistemul-proportional-150042-1588833871.jpg","width":1200,"height":675},{"@type":"WebSite","@id":"https:\/\/www.btv.md\/#website","url":"https:\/\/www.btv.md\/","name":"BTV","description":"\u0411\u0435\u043b\u044c\u0446\u043a\u043e\u0435 \u0442\u0435\u043b\u0435\u0432\u0438\u0434\u0435\u043d\u0438\u0435","potentialAction":[{"@type":"SearchAction","target":{"@type":"EntryPoint","urlTemplate":"https:\/\/www.btv.md\/?s={search_term_string}"},"query-input":{"@type":"PropertyValueSpecification","valueRequired":true,"valueName":"search_term_string"}}],"inLanguage":"ro-RO"},{"@type":"Person","@id":"https:\/\/www.btv.md\/#\/schema\/person\/8fadce81561b3ce2c34c46dadc4ccbf2","name":"admin"}]}},"_links":{"self":[{"href":"https:\/\/www.btv.md\/ro\/wp-json\/wp\/v2\/posts\/78145","targetHints":{"allow":["GET"]}}],"collection":[{"href":"https:\/\/www.btv.md\/ro\/wp-json\/wp\/v2\/posts"}],"about":[{"href":"https:\/\/www.btv.md\/ro\/wp-json\/wp\/v2\/types\/post"}],"author":[{"embeddable":true,"href":"https:\/\/www.btv.md\/ro\/wp-json\/wp\/v2\/users\/4"}],"replies":[{"embeddable":true,"href":"https:\/\/www.btv.md\/ro\/wp-json\/wp\/v2\/comments?post=78145"}],"version-history":[{"count":0,"href":"https:\/\/www.btv.md\/ro\/wp-json\/wp\/v2\/posts\/78145\/revisions"}],"wp:featuredmedia":[{"embeddable":true,"href":"https:\/\/www.btv.md\/ro\/wp-json\/wp\/v2\/media\/78147"}],"wp:attachment":[{"href":"https:\/\/www.btv.md\/ro\/wp-json\/wp\/v2\/media?parent=78145"}],"wp:term":[{"taxonomy":"category","embeddable":true,"href":"https:\/\/www.btv.md\/ro\/wp-json\/wp\/v2\/categories?post=78145"},{"taxonomy":"post_tag","embeddable":true,"href":"https:\/\/www.btv.md\/ro\/wp-json\/wp\/v2\/tags?post=78145"}],"curies":[{"name":"wp","href":"https:\/\/api.w.org\/{rel}","templated":true}]}}