{"id":7820,"date":"2016-02-26T18:03:09","date_gmt":"2016-02-26T15:03:09","guid":{"rendered":"http:\/\/btv.md\/?p=7820"},"modified":"2016-02-26T18:03:09","modified_gmt":"2016-02-26T15:03:09","slug":"oficiul-starii-civile-din-balti-ar-putea-fi-restaurat","status":"publish","type":"post","link":"https:\/\/www.btv.md\/ro\/oficiul-starii-civile-din-balti-ar-putea-fi-restaurat\/","title":{"rendered":"OFICIUL  ST\u0102RII  CIVILE  DIN  B\u0102L\u021aI  AR  PUTEA  FI  RESTAURAT"},"content":{"rendered":"<p><strong>Cl\u0103direa Oficiului St\u0103rii Civile din B\u0103l\u021bi ar putea fi renovat\u0103 \u00een viitorul apropiat. Asta dac\u0103 proiectul de restaurare va fi aprobat de c\u0103tre Ministerul Culturii. <\/strong><\/p>\n<p>Potrivit \u0219efei OSC B\u0103l\u021bi, Gabriela Cojocaru, o condi\u021bie obligatorie a Ministerului Culturii este ca edificiul, considerat monument istoric, s\u0103 nu piard\u0103 fa\u021bada de odinioar\u0103.<\/p>\n<p>\u201e<em>Ast\u0103zi avem proiectul pentru restaurarea cl\u0103dirii oficiului nostru, care se afl\u0103 la Ministerul Culturii spre aprobare. Este o condi\u021bie obligatorie, \u00eenaintat\u0103 de c\u0103tre Ministerul Culturii, s\u0103 p\u0103streze \u00eenf\u0103\u021bi\u0219area ini\u021bial\u0103 a acestei cl\u0103diri, de aceea dureaz\u0103 \u00een timp. Avem speran\u021ba c\u0103 proiectul va fi aprobat \u0219i vom avea destule finan\u021be pentru ca s\u0103 putem purcede la aceast\u0103 repara\u021bie \u0219i s\u0103 o finis\u0103m<\/em>\u201d.<\/p>\n<p>Ultimele renov\u0103ri ale edificiului au fost efectuate acum opt ani, \u00eens\u0103 nu \u0219i-au g\u0103sit finalitatea. <\/p>\n<p>Casa Bodescu, \u00een prezent sediul Oficiul St\u0103rii Civile, a fost ridicat\u0103 la \u00eenceputul secolului XX. Ini\u021bial, casa avea doar un singur nivel. \u00cen 1934, cl\u0103dirii cu un nivel i s-a mai ad\u0103ugat un etaj. \u00cen perioada interbelic\u0103 cl\u0103direa a servit drept local prefecturii jude\u021bului B\u0103l\u021bi.<\/p>\n<p><iframe width=\"420\" height=\"315\" data-src=\"https:\/\/www.youtube.com\/embed\/xsdqejFXAIU\" frameborder=\"0\" allowfullscreen src=\"data:image\/svg+xml;base64,PHN2ZyB3aWR0aD0iMSIgaGVpZ2h0PSIxIiB4bWxucz0iaHR0cDovL3d3dy53My5vcmcvMjAwMC9zdmciPjwvc3ZnPg==\" class=\"lazyload\" data-load-mode=\"1\"><\/iframe><\/p>\n","protected":false},"excerpt":{"rendered":"<p>Cl\u0103direa Oficiului St\u0103rii Civile din B\u0103l\u021bi ar putea fi renovat\u0103 \u00een viitorul apropiat. Asta dac\u0103 proiectul de restaurare va fi aprobat de c\u0103tre Ministerul Culturii. Potrivit \u0219efei OSC B\u0103l\u021bi, Gabriela Cojocaru, o condi\u021bie obligatorie a Ministerului Culturii este ca edificiul, considerat monument istoric, s\u0103 nu piard\u0103 fa\u021bada de odinioar\u0103. \u201eAst\u0103zi avem proiectul pentru restaurarea cl\u0103dirii [&hellip;]<\/p>\n","protected":false},"author":4,"featured_media":7821,"comment_status":"closed","ping_status":"closed","sticky":false,"template":"","format":"standard","meta":{"footnotes":""},"categories":[6353],"tags":[],"class_list":["post-7820","post","type-post","status-publish","format-standard","has-post-thumbnail","hentry","category-oras"],"yoast_head":"<!-- This site is optimized with the Yoast SEO plugin v27.4 - https:\/\/yoast.com\/product\/yoast-seo-wordpress\/ -->\n<title>OFICIUL ST\u0102RII CIVILE DIN B\u0102L\u021aI AR PUTEA FI RESTAURAT - BTV<\/title>\n<meta name=\"robots\" content=\"index, follow, max-snippet:-1, max-image-preview:large, max-video-preview:-1\" \/>\n<link rel=\"canonical\" href=\"https:\/\/www.btv.md\/ro\/oficiul-starii-civile-din-balti-ar-putea-fi-restaurat\/\" \/>\n<meta property=\"og:locale\" content=\"ro_RO\" \/>\n<meta property=\"og:type\" content=\"article\" \/>\n<meta property=\"og:title\" content=\"OFICIUL ST\u0102RII CIVILE DIN B\u0102L\u021aI AR PUTEA FI RESTAURAT - BTV\" \/>\n<meta property=\"og:description\" content=\"Cl\u0103direa Oficiului St\u0103rii Civile din B\u0103l\u021bi ar putea fi renovat\u0103 \u00een viitorul apropiat. Asta dac\u0103 proiectul de restaurare va fi aprobat de c\u0103tre Ministerul Culturii. Potrivit \u0219efei OSC B\u0103l\u021bi, Gabriela Cojocaru, o condi\u021bie obligatorie a Ministerului Culturii este ca edificiul, considerat monument istoric, s\u0103 nu piard\u0103 fa\u021bada de odinioar\u0103. \u201eAst\u0103zi avem proiectul pentru restaurarea cl\u0103dirii [&hellip;]\" \/>\n<meta property=\"og:url\" content=\"https:\/\/www.btv.md\/ro\/oficiul-starii-civile-din-balti-ar-putea-fi-restaurat\/\" \/>\n<meta property=\"og:site_name\" content=\"BTV\" \/>\n<meta property=\"article:publisher\" content=\"https:\/\/www.facebook.com\/btvmoldova\/\" \/>\n<meta property=\"article:published_time\" content=\"2016-02-26T15:03:09+00:00\" \/>\n<meta property=\"og:image\" content=\"https:\/\/www.btv.md\/wp-content\/uploads\/2016\/02\/osc-balti-1.png\" \/>\n\t<meta property=\"og:image:width\" content=\"1005\" \/>\n\t<meta property=\"og:image:height\" content=\"599\" \/>\n\t<meta property=\"og:image:type\" content=\"image\/png\" \/>\n<meta name=\"author\" content=\"admin\" \/>\n<meta name=\"twitter:label1\" content=\"Scris de\" \/>\n\t<meta name=\"twitter:data1\" content=\"admin\" \/>\n\t<meta name=\"twitter:label2\" content=\"Timp estimat pentru citire\" \/>\n\t<meta name=\"twitter:data2\" content=\"1 minut\" \/>\n<script type=\"application\/ld+json\" class=\"yoast-schema-graph\">{\"@context\":\"https:\\\/\\\/schema.org\",\"@graph\":[{\"@type\":\"Article\",\"@id\":\"https:\\\/\\\/www.btv.md\\\/ro\\\/oficiul-starii-civile-din-balti-ar-putea-fi-restaurat\\\/#article\",\"isPartOf\":{\"@id\":\"https:\\\/\\\/www.btv.md\\\/ro\\\/oficiul-starii-civile-din-balti-ar-putea-fi-restaurat\\\/\"},\"author\":{\"name\":\"admin\",\"@id\":\"https:\\\/\\\/www.btv.md\\\/#\\\/schema\\\/person\\\/8fadce81561b3ce2c34c46dadc4ccbf2\"},\"headline\":\"OFICIUL ST\u0102RII CIVILE DIN B\u0102L\u021aI AR PUTEA FI RESTAURAT\",\"datePublished\":\"2016-02-26T15:03:09+00:00\",\"mainEntityOfPage\":{\"@id\":\"https:\\\/\\\/www.btv.md\\\/ro\\\/oficiul-starii-civile-din-balti-ar-putea-fi-restaurat\\\/\"},\"wordCount\":213,\"image\":{\"@id\":\"https:\\\/\\\/www.btv.md\\\/ro\\\/oficiul-starii-civile-din-balti-ar-putea-fi-restaurat\\\/#primaryimage\"},\"thumbnailUrl\":\"https:\\\/\\\/www.btv.md\\\/wp-content\\\/uploads\\\/2016\\\/02\\\/osc-balti-1.png\",\"articleSection\":[\"Ora\u0219\"],\"inLanguage\":\"ro-RO\"},{\"@type\":\"WebPage\",\"@id\":\"https:\\\/\\\/www.btv.md\\\/ro\\\/oficiul-starii-civile-din-balti-ar-putea-fi-restaurat\\\/\",\"url\":\"https:\\\/\\\/www.btv.md\\\/ro\\\/oficiul-starii-civile-din-balti-ar-putea-fi-restaurat\\\/\",\"name\":\"OFICIUL ST\u0102RII CIVILE DIN B\u0102L\u021aI AR PUTEA FI RESTAURAT - BTV\",\"isPartOf\":{\"@id\":\"https:\\\/\\\/www.btv.md\\\/#website\"},\"primaryImageOfPage\":{\"@id\":\"https:\\\/\\\/www.btv.md\\\/ro\\\/oficiul-starii-civile-din-balti-ar-putea-fi-restaurat\\\/#primaryimage\"},\"image\":{\"@id\":\"https:\\\/\\\/www.btv.md\\\/ro\\\/oficiul-starii-civile-din-balti-ar-putea-fi-restaurat\\\/#primaryimage\"},\"thumbnailUrl\":\"https:\\\/\\\/www.btv.md\\\/wp-content\\\/uploads\\\/2016\\\/02\\\/osc-balti-1.png\",\"datePublished\":\"2016-02-26T15:03:09+00:00\",\"author\":{\"@id\":\"https:\\\/\\\/www.btv.md\\\/#\\\/schema\\\/person\\\/8fadce81561b3ce2c34c46dadc4ccbf2\"},\"inLanguage\":\"ro-RO\",\"potentialAction\":[{\"@type\":\"ReadAction\",\"target\":[\"https:\\\/\\\/www.btv.md\\\/ro\\\/oficiul-starii-civile-din-balti-ar-putea-fi-restaurat\\\/\"]}]},{\"@type\":\"ImageObject\",\"inLanguage\":\"ro-RO\",\"@id\":\"https:\\\/\\\/www.btv.md\\\/ro\\\/oficiul-starii-civile-din-balti-ar-putea-fi-restaurat\\\/#primaryimage\",\"url\":\"https:\\\/\\\/www.btv.md\\\/wp-content\\\/uploads\\\/2016\\\/02\\\/osc-balti-1.png\",\"contentUrl\":\"https:\\\/\\\/www.btv.md\\\/wp-content\\\/uploads\\\/2016\\\/02\\\/osc-balti-1.png\",\"width\":1005,\"height\":599},{\"@type\":\"WebSite\",\"@id\":\"https:\\\/\\\/www.btv.md\\\/#website\",\"url\":\"https:\\\/\\\/www.btv.md\\\/\",\"name\":\"BTV\",\"description\":\"\u0411\u0435\u043b\u044c\u0446\u043a\u043e\u0435 \u0442\u0435\u043b\u0435\u0432\u0438\u0434\u0435\u043d\u0438\u0435\",\"potentialAction\":[{\"@type\":\"SearchAction\",\"target\":{\"@type\":\"EntryPoint\",\"urlTemplate\":\"https:\\\/\\\/www.btv.md\\\/?s={search_term_string}\"},\"query-input\":{\"@type\":\"PropertyValueSpecification\",\"valueRequired\":true,\"valueName\":\"search_term_string\"}}],\"inLanguage\":\"ro-RO\"},{\"@type\":\"Person\",\"@id\":\"https:\\\/\\\/www.btv.md\\\/#\\\/schema\\\/person\\\/8fadce81561b3ce2c34c46dadc4ccbf2\",\"name\":\"admin\"}]}<\/script>\n<!-- \/ Yoast SEO plugin. -->","yoast_head_json":{"title":"OFICIUL ST\u0102RII CIVILE DIN B\u0102L\u021aI AR PUTEA FI RESTAURAT - BTV","robots":{"index":"index","follow":"follow","max-snippet":"max-snippet:-1","max-image-preview":"max-image-preview:large","max-video-preview":"max-video-preview:-1"},"canonical":"https:\/\/www.btv.md\/ro\/oficiul-starii-civile-din-balti-ar-putea-fi-restaurat\/","og_locale":"ro_RO","og_type":"article","og_title":"OFICIUL ST\u0102RII CIVILE DIN B\u0102L\u021aI AR PUTEA FI RESTAURAT - BTV","og_description":"Cl\u0103direa Oficiului St\u0103rii Civile din B\u0103l\u021bi ar putea fi renovat\u0103 \u00een viitorul apropiat. Asta dac\u0103 proiectul de restaurare va fi aprobat de c\u0103tre Ministerul Culturii. Potrivit \u0219efei OSC B\u0103l\u021bi, Gabriela Cojocaru, o condi\u021bie obligatorie a Ministerului Culturii este ca edificiul, considerat monument istoric, s\u0103 nu piard\u0103 fa\u021bada de odinioar\u0103. \u201eAst\u0103zi avem proiectul pentru restaurarea cl\u0103dirii [&hellip;]","og_url":"https:\/\/www.btv.md\/ro\/oficiul-starii-civile-din-balti-ar-putea-fi-restaurat\/","og_site_name":"BTV","article_publisher":"https:\/\/www.facebook.com\/btvmoldova\/","article_published_time":"2016-02-26T15:03:09+00:00","og_image":[{"width":1005,"height":599,"url":"https:\/\/www.btv.md\/wp-content\/uploads\/2016\/02\/osc-balti-1.png","type":"image\/png"}],"author":"admin","twitter_misc":{"Scris de":"admin","Timp estimat pentru citire":"1 minut"},"schema":{"@context":"https:\/\/schema.org","@graph":[{"@type":"Article","@id":"https:\/\/www.btv.md\/ro\/oficiul-starii-civile-din-balti-ar-putea-fi-restaurat\/#article","isPartOf":{"@id":"https:\/\/www.btv.md\/ro\/oficiul-starii-civile-din-balti-ar-putea-fi-restaurat\/"},"author":{"name":"admin","@id":"https:\/\/www.btv.md\/#\/schema\/person\/8fadce81561b3ce2c34c46dadc4ccbf2"},"headline":"OFICIUL ST\u0102RII CIVILE DIN B\u0102L\u021aI AR PUTEA FI RESTAURAT","datePublished":"2016-02-26T15:03:09+00:00","mainEntityOfPage":{"@id":"https:\/\/www.btv.md\/ro\/oficiul-starii-civile-din-balti-ar-putea-fi-restaurat\/"},"wordCount":213,"image":{"@id":"https:\/\/www.btv.md\/ro\/oficiul-starii-civile-din-balti-ar-putea-fi-restaurat\/#primaryimage"},"thumbnailUrl":"https:\/\/www.btv.md\/wp-content\/uploads\/2016\/02\/osc-balti-1.png","articleSection":["Ora\u0219"],"inLanguage":"ro-RO"},{"@type":"WebPage","@id":"https:\/\/www.btv.md\/ro\/oficiul-starii-civile-din-balti-ar-putea-fi-restaurat\/","url":"https:\/\/www.btv.md\/ro\/oficiul-starii-civile-din-balti-ar-putea-fi-restaurat\/","name":"OFICIUL ST\u0102RII CIVILE DIN B\u0102L\u021aI AR PUTEA FI RESTAURAT - BTV","isPartOf":{"@id":"https:\/\/www.btv.md\/#website"},"primaryImageOfPage":{"@id":"https:\/\/www.btv.md\/ro\/oficiul-starii-civile-din-balti-ar-putea-fi-restaurat\/#primaryimage"},"image":{"@id":"https:\/\/www.btv.md\/ro\/oficiul-starii-civile-din-balti-ar-putea-fi-restaurat\/#primaryimage"},"thumbnailUrl":"https:\/\/www.btv.md\/wp-content\/uploads\/2016\/02\/osc-balti-1.png","datePublished":"2016-02-26T15:03:09+00:00","author":{"@id":"https:\/\/www.btv.md\/#\/schema\/person\/8fadce81561b3ce2c34c46dadc4ccbf2"},"inLanguage":"ro-RO","potentialAction":[{"@type":"ReadAction","target":["https:\/\/www.btv.md\/ro\/oficiul-starii-civile-din-balti-ar-putea-fi-restaurat\/"]}]},{"@type":"ImageObject","inLanguage":"ro-RO","@id":"https:\/\/www.btv.md\/ro\/oficiul-starii-civile-din-balti-ar-putea-fi-restaurat\/#primaryimage","url":"https:\/\/www.btv.md\/wp-content\/uploads\/2016\/02\/osc-balti-1.png","contentUrl":"https:\/\/www.btv.md\/wp-content\/uploads\/2016\/02\/osc-balti-1.png","width":1005,"height":599},{"@type":"WebSite","@id":"https:\/\/www.btv.md\/#website","url":"https:\/\/www.btv.md\/","name":"BTV","description":"\u0411\u0435\u043b\u044c\u0446\u043a\u043e\u0435 \u0442\u0435\u043b\u0435\u0432\u0438\u0434\u0435\u043d\u0438\u0435","potentialAction":[{"@type":"SearchAction","target":{"@type":"EntryPoint","urlTemplate":"https:\/\/www.btv.md\/?s={search_term_string}"},"query-input":{"@type":"PropertyValueSpecification","valueRequired":true,"valueName":"search_term_string"}}],"inLanguage":"ro-RO"},{"@type":"Person","@id":"https:\/\/www.btv.md\/#\/schema\/person\/8fadce81561b3ce2c34c46dadc4ccbf2","name":"admin"}]}},"_links":{"self":[{"href":"https:\/\/www.btv.md\/ro\/wp-json\/wp\/v2\/posts\/7820","targetHints":{"allow":["GET"]}}],"collection":[{"href":"https:\/\/www.btv.md\/ro\/wp-json\/wp\/v2\/posts"}],"about":[{"href":"https:\/\/www.btv.md\/ro\/wp-json\/wp\/v2\/types\/post"}],"author":[{"embeddable":true,"href":"https:\/\/www.btv.md\/ro\/wp-json\/wp\/v2\/users\/4"}],"replies":[{"embeddable":true,"href":"https:\/\/www.btv.md\/ro\/wp-json\/wp\/v2\/comments?post=7820"}],"version-history":[{"count":0,"href":"https:\/\/www.btv.md\/ro\/wp-json\/wp\/v2\/posts\/7820\/revisions"}],"wp:featuredmedia":[{"embeddable":true,"href":"https:\/\/www.btv.md\/ro\/wp-json\/wp\/v2\/media\/7821"}],"wp:attachment":[{"href":"https:\/\/www.btv.md\/ro\/wp-json\/wp\/v2\/media?parent=7820"}],"wp:term":[{"taxonomy":"category","embeddable":true,"href":"https:\/\/www.btv.md\/ro\/wp-json\/wp\/v2\/categories?post=7820"},{"taxonomy":"post_tag","embeddable":true,"href":"https:\/\/www.btv.md\/ro\/wp-json\/wp\/v2\/tags?post=7820"}],"curies":[{"name":"wp","href":"https:\/\/api.w.org\/{rel}","templated":true}]}}