{"id":7823,"date":"2016-02-26T18:12:52","date_gmt":"2016-02-26T15:12:52","guid":{"rendered":"http:\/\/btv.md\/?p=7823"},"modified":"2016-02-26T18:12:52","modified_gmt":"2016-02-26T15:12:52","slug":"la-balti-tarifele-la-gaz-nu-includ-lucrarile-de-mentenanta","status":"publish","type":"post","link":"https:\/\/www.btv.md\/ro\/la-balti-tarifele-la-gaz-nu-includ-lucrarile-de-mentenanta\/","title":{"rendered":"LA B\u0102L\u0162I TARIFELE LA GAZ NU INCLUD LUCR\u0102RILE DE MENTENAN\u021a\u0102"},"content":{"rendered":"<p><strong>Unii locuitori din municipiul B\u0103l\u021bi sunt nevoi\u021bi s\u0103 pl\u0103teasc\u0103 f\u0103r\u0103 \u0219tirea lor lucr\u0103rile de mentenan\u021b\u0103 prestate de \u00eentreprinderea \u201eB\u0103l\u021bi- Gaz\u201d. \u00centr-o astfel de situa\u021bie s-a pomenit Andrei , care a scos din buzunar peste 50 de lei pentru o verificare planificat\u0103 am aragazului.  La r\u00e2ndul lor, reprezentan\u021bii \u00eentreprinderii \u201eB\u0103l\u021bi-Gaz\u201d au declarat pentru BTV c\u0103 nu se fac responsabili, deoarece \u00eentre client \u0219i furnizor este semnat un contract care cuprinde aceste clauze.<\/strong>\\<\/p>\n<p>Andrei, b\u0103rbatul care a dorit s\u0103-\u0219i p\u0103streze anonimatul a specificat c\u0103 \u00een data de 16 februarie, anul curent, un angajat al \u00eentreprinderii \u201cB\u0103l\u0163i-Gaz\u201da verificat dac\u0103  arz\u0103torul de la aragaz func\u021bioneaz\u0103 conform standartelor de siguran\u021b\u0103.<\/p>\n<p>\u201e<em>A venit la data de 16 februarie, a venit un domn, undeva pe la amiaz\u0103, \u00een jurul orei treisprezece, a venit la noi pe adres\u0103, s-a prezentat c\u0103 este de la \u201eB\u0103l\u021bi  Gaz\u201d, un control la plita de gaz, adic\u0103 i-am dat voie, a intrat \u0219i a aprins de dou\u0103 ori conforcile, le-a \u00eenchis \u0219i ceva a \u00eensemnat acolo \u0219i nevasta mea s-a semnat, la revedere \u0219i a plecat<\/em>\u201d. <\/p>\n<p>B\u0103rbatul a precizat c\u0103 angajatul de la \u201eB\u0103l\u021bi-Gaz\u201d, nu la informat de ce execut\u0103 lucr\u0103rile de mentenan\u021b\u0103 \u0219i nu i-a spus c\u0103 va fi nevoit s\u0103 pl\u0103teasc\u0103.<\/p>\n<p>\u201e<em>Peste o s\u0103pt\u0103m\u00e2n\u0103 a venit o factur\u0103 de la B\u0103l\u021bi Gaz  c\u0103 trebuie s\u0103 achit\u0103m 54 de lei pentru  lucr\u0103rile de verificare \u0219i pentru repara\u021bia aragazului, dup\u0103 cum vede\u021bi la mine plita e nou\u0103 \u0219i eu nu i-am rugat pe ei s\u0103 vie sa-mi repare plita<\/em>\u201d. <\/p>\n<p>Totodat\u0103, consumatorul a specificat c\u0103 a telefonat la oficiul \u201eB\u0103l\u021bi Gaz\u201d pentru a clarifica de ce pentru verificarea aragazului el trebuie s\u0103 achite o tax\u0103.<\/p>\n<p>\u201e<em>I-am telefonat la B\u0103l\u021bi Gaz \u0219i ei mi-au spus c\u0103 oricum trebuie s\u0103 achit aceast\u0103 sum\u0103, dar dac\u0103 ceva nu v\u0103 convine veni\u021bi \u0219i scrie\u021bi cerere c\u0103 v\u0103 dezice\u021bi de serviciile noastre<\/em>\u201d.<\/p>\n<p>Mare i-a fost mirarea c\u00e2nd a v\u0103zut c\u0103 factura primit\u0103 a fost tip\u0103rit\u0103 \u00een data de 16 februarie,  la ora opt diminea\u021ba, cu toate c\u0103 potrivit lui, angajatul de la \u201eB\u0103l\u021bi-Gaz\u201d a verificat aragazul \u00een jurul orei treisprezece a aceleia\u015fi zile.<\/p>\n<p>\u201e<em>Vede\u021bi data este scris\u0103 de 16.02.2016 \u0219i ora opt diminea\u021ba, nu poate s\u0103 fie el s\u0103 vin\u0103 la noi la ora opt diminea\u021ba abia petrec copiii la \u0219coal\u0103, el a fost la amiaz\u0103, se vede c\u0103 facturile erau tip\u0103rite din timp<\/em>\u201d.<\/p>\n<p>Reprezentantul \u00eentreprinderii \u201eB\u0103l\u021bi Gaz\u201da men\u021bionat c\u0103 \u00een contractul de prestare a serviciilor este stipulat c\u0103 pentru orice lucr\u0103ri, consumatorii sunt nevoi\u021bi  s\u0103 achite \u0219i unele lucr\u0103ri de mentenan\u021b\u0103.<\/p>\n<p>\u00centreprinderea B\u0103l\u021bi-Gaz furnizeaz\u0103 gaze pentru 40 de mii de clien\u021bi.  <\/p>\n<p><iframe width=\"420\" height=\"315\" data-src=\"https:\/\/www.youtube.com\/embed\/wOSayJZQ_L0\" frameborder=\"0\" allowfullscreen src=\"data:image\/svg+xml;base64,PHN2ZyB3aWR0aD0iMSIgaGVpZ2h0PSIxIiB4bWxucz0iaHR0cDovL3d3dy53My5vcmcvMjAwMC9zdmciPjwvc3ZnPg==\" class=\"lazyload\" data-load-mode=\"1\"><\/iframe><\/p>\n","protected":false},"excerpt":{"rendered":"<p>Unii locuitori din municipiul B\u0103l\u021bi sunt nevoi\u021bi s\u0103 pl\u0103teasc\u0103 f\u0103r\u0103 \u0219tirea lor lucr\u0103rile de mentenan\u021b\u0103 prestate de \u00eentreprinderea \u201eB\u0103l\u021bi- Gaz\u201d. \u00centr-o astfel de situa\u021bie s-a pomenit Andrei , care a scos din buzunar peste 50 de lei pentru o verificare planificat\u0103 am aragazului. La r\u00e2ndul lor, reprezentan\u021bii \u00eentreprinderii \u201eB\u0103l\u021bi-Gaz\u201d au declarat pentru BTV c\u0103 nu [&hellip;]<\/p>\n","protected":false},"author":4,"featured_media":7824,"comment_status":"closed","ping_status":"closed","sticky":false,"template":"","format":"standard","meta":{"footnotes":""},"categories":[6353],"tags":[],"class_list":["post-7823","post","type-post","status-publish","format-standard","has-post-thumbnail","hentry","category-oras"],"yoast_head":"<!-- This site is optimized with the Yoast SEO plugin v27.4 - https:\/\/yoast.com\/product\/yoast-seo-wordpress\/ -->\n<title>LA B\u0102L\u0162I TARIFELE LA GAZ NU INCLUD LUCR\u0102RILE DE MENTENAN\u021a\u0102 - BTV<\/title>\n<meta name=\"robots\" content=\"index, follow, max-snippet:-1, max-image-preview:large, max-video-preview:-1\" \/>\n<link rel=\"canonical\" href=\"https:\/\/www.btv.md\/ro\/la-balti-tarifele-la-gaz-nu-includ-lucrarile-de-mentenanta\/\" \/>\n<meta property=\"og:locale\" content=\"ro_RO\" \/>\n<meta property=\"og:type\" content=\"article\" \/>\n<meta property=\"og:title\" content=\"LA B\u0102L\u0162I TARIFELE LA GAZ NU INCLUD LUCR\u0102RILE DE MENTENAN\u021a\u0102 - BTV\" \/>\n<meta property=\"og:description\" content=\"Unii locuitori din municipiul B\u0103l\u021bi sunt nevoi\u021bi s\u0103 pl\u0103teasc\u0103 f\u0103r\u0103 \u0219tirea lor lucr\u0103rile de mentenan\u021b\u0103 prestate de \u00eentreprinderea \u201eB\u0103l\u021bi- Gaz\u201d. \u00centr-o astfel de situa\u021bie s-a pomenit Andrei , care a scos din buzunar peste 50 de lei pentru o verificare planificat\u0103 am aragazului. La r\u00e2ndul lor, reprezentan\u021bii \u00eentreprinderii \u201eB\u0103l\u021bi-Gaz\u201d au declarat pentru BTV c\u0103 nu [&hellip;]\" \/>\n<meta property=\"og:url\" content=\"https:\/\/www.btv.md\/ro\/la-balti-tarifele-la-gaz-nu-includ-lucrarile-de-mentenanta\/\" \/>\n<meta property=\"og:site_name\" content=\"BTV\" \/>\n<meta property=\"article:publisher\" content=\"https:\/\/www.facebook.com\/btvmoldova\/\" \/>\n<meta property=\"article:published_time\" content=\"2016-02-26T15:12:52+00:00\" \/>\n<meta property=\"og:image\" content=\"https:\/\/www.btv.md\/wp-content\/uploads\/2016\/02\/balti-gaz.png\" \/>\n\t<meta property=\"og:image:width\" content=\"1006\" \/>\n\t<meta property=\"og:image:height\" content=\"601\" \/>\n\t<meta property=\"og:image:type\" content=\"image\/png\" \/>\n<meta name=\"author\" content=\"admin\" \/>\n<meta name=\"twitter:label1\" content=\"Scris de\" \/>\n\t<meta name=\"twitter:data1\" content=\"admin\" \/>\n\t<meta name=\"twitter:label2\" content=\"Timp estimat pentru citire\" \/>\n\t<meta name=\"twitter:data2\" content=\"2 minute\" \/>\n<script type=\"application\/ld+json\" class=\"yoast-schema-graph\">{\"@context\":\"https:\\\/\\\/schema.org\",\"@graph\":[{\"@type\":\"Article\",\"@id\":\"https:\\\/\\\/www.btv.md\\\/ro\\\/la-balti-tarifele-la-gaz-nu-includ-lucrarile-de-mentenanta\\\/#article\",\"isPartOf\":{\"@id\":\"https:\\\/\\\/www.btv.md\\\/ro\\\/la-balti-tarifele-la-gaz-nu-includ-lucrarile-de-mentenanta\\\/\"},\"author\":{\"name\":\"admin\",\"@id\":\"https:\\\/\\\/www.btv.md\\\/#\\\/schema\\\/person\\\/8fadce81561b3ce2c34c46dadc4ccbf2\"},\"headline\":\"LA B\u0102L\u0162I TARIFELE LA GAZ NU INCLUD LUCR\u0102RILE DE MENTENAN\u021a\u0102\",\"datePublished\":\"2016-02-26T15:12:52+00:00\",\"mainEntityOfPage\":{\"@id\":\"https:\\\/\\\/www.btv.md\\\/ro\\\/la-balti-tarifele-la-gaz-nu-includ-lucrarile-de-mentenanta\\\/\"},\"wordCount\":495,\"image\":{\"@id\":\"https:\\\/\\\/www.btv.md\\\/ro\\\/la-balti-tarifele-la-gaz-nu-includ-lucrarile-de-mentenanta\\\/#primaryimage\"},\"thumbnailUrl\":\"https:\\\/\\\/www.btv.md\\\/wp-content\\\/uploads\\\/2016\\\/02\\\/balti-gaz.png\",\"articleSection\":[\"Ora\u0219\"],\"inLanguage\":\"ro-RO\"},{\"@type\":\"WebPage\",\"@id\":\"https:\\\/\\\/www.btv.md\\\/ro\\\/la-balti-tarifele-la-gaz-nu-includ-lucrarile-de-mentenanta\\\/\",\"url\":\"https:\\\/\\\/www.btv.md\\\/ro\\\/la-balti-tarifele-la-gaz-nu-includ-lucrarile-de-mentenanta\\\/\",\"name\":\"LA B\u0102L\u0162I TARIFELE LA GAZ NU INCLUD LUCR\u0102RILE DE MENTENAN\u021a\u0102 - BTV\",\"isPartOf\":{\"@id\":\"https:\\\/\\\/www.btv.md\\\/#website\"},\"primaryImageOfPage\":{\"@id\":\"https:\\\/\\\/www.btv.md\\\/ro\\\/la-balti-tarifele-la-gaz-nu-includ-lucrarile-de-mentenanta\\\/#primaryimage\"},\"image\":{\"@id\":\"https:\\\/\\\/www.btv.md\\\/ro\\\/la-balti-tarifele-la-gaz-nu-includ-lucrarile-de-mentenanta\\\/#primaryimage\"},\"thumbnailUrl\":\"https:\\\/\\\/www.btv.md\\\/wp-content\\\/uploads\\\/2016\\\/02\\\/balti-gaz.png\",\"datePublished\":\"2016-02-26T15:12:52+00:00\",\"author\":{\"@id\":\"https:\\\/\\\/www.btv.md\\\/#\\\/schema\\\/person\\\/8fadce81561b3ce2c34c46dadc4ccbf2\"},\"inLanguage\":\"ro-RO\",\"potentialAction\":[{\"@type\":\"ReadAction\",\"target\":[\"https:\\\/\\\/www.btv.md\\\/ro\\\/la-balti-tarifele-la-gaz-nu-includ-lucrarile-de-mentenanta\\\/\"]}]},{\"@type\":\"ImageObject\",\"inLanguage\":\"ro-RO\",\"@id\":\"https:\\\/\\\/www.btv.md\\\/ro\\\/la-balti-tarifele-la-gaz-nu-includ-lucrarile-de-mentenanta\\\/#primaryimage\",\"url\":\"https:\\\/\\\/www.btv.md\\\/wp-content\\\/uploads\\\/2016\\\/02\\\/balti-gaz.png\",\"contentUrl\":\"https:\\\/\\\/www.btv.md\\\/wp-content\\\/uploads\\\/2016\\\/02\\\/balti-gaz.png\",\"width\":1006,\"height\":601},{\"@type\":\"WebSite\",\"@id\":\"https:\\\/\\\/www.btv.md\\\/#website\",\"url\":\"https:\\\/\\\/www.btv.md\\\/\",\"name\":\"BTV\",\"description\":\"\u0411\u0435\u043b\u044c\u0446\u043a\u043e\u0435 \u0442\u0435\u043b\u0435\u0432\u0438\u0434\u0435\u043d\u0438\u0435\",\"potentialAction\":[{\"@type\":\"SearchAction\",\"target\":{\"@type\":\"EntryPoint\",\"urlTemplate\":\"https:\\\/\\\/www.btv.md\\\/?s={search_term_string}\"},\"query-input\":{\"@type\":\"PropertyValueSpecification\",\"valueRequired\":true,\"valueName\":\"search_term_string\"}}],\"inLanguage\":\"ro-RO\"},{\"@type\":\"Person\",\"@id\":\"https:\\\/\\\/www.btv.md\\\/#\\\/schema\\\/person\\\/8fadce81561b3ce2c34c46dadc4ccbf2\",\"name\":\"admin\"}]}<\/script>\n<!-- \/ Yoast SEO plugin. -->","yoast_head_json":{"title":"LA B\u0102L\u0162I TARIFELE LA GAZ NU INCLUD LUCR\u0102RILE DE MENTENAN\u021a\u0102 - BTV","robots":{"index":"index","follow":"follow","max-snippet":"max-snippet:-1","max-image-preview":"max-image-preview:large","max-video-preview":"max-video-preview:-1"},"canonical":"https:\/\/www.btv.md\/ro\/la-balti-tarifele-la-gaz-nu-includ-lucrarile-de-mentenanta\/","og_locale":"ro_RO","og_type":"article","og_title":"LA B\u0102L\u0162I TARIFELE LA GAZ NU INCLUD LUCR\u0102RILE DE MENTENAN\u021a\u0102 - BTV","og_description":"Unii locuitori din municipiul B\u0103l\u021bi sunt nevoi\u021bi s\u0103 pl\u0103teasc\u0103 f\u0103r\u0103 \u0219tirea lor lucr\u0103rile de mentenan\u021b\u0103 prestate de \u00eentreprinderea \u201eB\u0103l\u021bi- Gaz\u201d. \u00centr-o astfel de situa\u021bie s-a pomenit Andrei , care a scos din buzunar peste 50 de lei pentru o verificare planificat\u0103 am aragazului. La r\u00e2ndul lor, reprezentan\u021bii \u00eentreprinderii \u201eB\u0103l\u021bi-Gaz\u201d au declarat pentru BTV c\u0103 nu [&hellip;]","og_url":"https:\/\/www.btv.md\/ro\/la-balti-tarifele-la-gaz-nu-includ-lucrarile-de-mentenanta\/","og_site_name":"BTV","article_publisher":"https:\/\/www.facebook.com\/btvmoldova\/","article_published_time":"2016-02-26T15:12:52+00:00","og_image":[{"width":1006,"height":601,"url":"https:\/\/www.btv.md\/wp-content\/uploads\/2016\/02\/balti-gaz.png","type":"image\/png"}],"author":"admin","twitter_misc":{"Scris de":"admin","Timp estimat pentru citire":"2 minute"},"schema":{"@context":"https:\/\/schema.org","@graph":[{"@type":"Article","@id":"https:\/\/www.btv.md\/ro\/la-balti-tarifele-la-gaz-nu-includ-lucrarile-de-mentenanta\/#article","isPartOf":{"@id":"https:\/\/www.btv.md\/ro\/la-balti-tarifele-la-gaz-nu-includ-lucrarile-de-mentenanta\/"},"author":{"name":"admin","@id":"https:\/\/www.btv.md\/#\/schema\/person\/8fadce81561b3ce2c34c46dadc4ccbf2"},"headline":"LA B\u0102L\u0162I TARIFELE LA GAZ NU INCLUD LUCR\u0102RILE DE MENTENAN\u021a\u0102","datePublished":"2016-02-26T15:12:52+00:00","mainEntityOfPage":{"@id":"https:\/\/www.btv.md\/ro\/la-balti-tarifele-la-gaz-nu-includ-lucrarile-de-mentenanta\/"},"wordCount":495,"image":{"@id":"https:\/\/www.btv.md\/ro\/la-balti-tarifele-la-gaz-nu-includ-lucrarile-de-mentenanta\/#primaryimage"},"thumbnailUrl":"https:\/\/www.btv.md\/wp-content\/uploads\/2016\/02\/balti-gaz.png","articleSection":["Ora\u0219"],"inLanguage":"ro-RO"},{"@type":"WebPage","@id":"https:\/\/www.btv.md\/ro\/la-balti-tarifele-la-gaz-nu-includ-lucrarile-de-mentenanta\/","url":"https:\/\/www.btv.md\/ro\/la-balti-tarifele-la-gaz-nu-includ-lucrarile-de-mentenanta\/","name":"LA B\u0102L\u0162I TARIFELE LA GAZ NU INCLUD LUCR\u0102RILE DE MENTENAN\u021a\u0102 - BTV","isPartOf":{"@id":"https:\/\/www.btv.md\/#website"},"primaryImageOfPage":{"@id":"https:\/\/www.btv.md\/ro\/la-balti-tarifele-la-gaz-nu-includ-lucrarile-de-mentenanta\/#primaryimage"},"image":{"@id":"https:\/\/www.btv.md\/ro\/la-balti-tarifele-la-gaz-nu-includ-lucrarile-de-mentenanta\/#primaryimage"},"thumbnailUrl":"https:\/\/www.btv.md\/wp-content\/uploads\/2016\/02\/balti-gaz.png","datePublished":"2016-02-26T15:12:52+00:00","author":{"@id":"https:\/\/www.btv.md\/#\/schema\/person\/8fadce81561b3ce2c34c46dadc4ccbf2"},"inLanguage":"ro-RO","potentialAction":[{"@type":"ReadAction","target":["https:\/\/www.btv.md\/ro\/la-balti-tarifele-la-gaz-nu-includ-lucrarile-de-mentenanta\/"]}]},{"@type":"ImageObject","inLanguage":"ro-RO","@id":"https:\/\/www.btv.md\/ro\/la-balti-tarifele-la-gaz-nu-includ-lucrarile-de-mentenanta\/#primaryimage","url":"https:\/\/www.btv.md\/wp-content\/uploads\/2016\/02\/balti-gaz.png","contentUrl":"https:\/\/www.btv.md\/wp-content\/uploads\/2016\/02\/balti-gaz.png","width":1006,"height":601},{"@type":"WebSite","@id":"https:\/\/www.btv.md\/#website","url":"https:\/\/www.btv.md\/","name":"BTV","description":"\u0411\u0435\u043b\u044c\u0446\u043a\u043e\u0435 \u0442\u0435\u043b\u0435\u0432\u0438\u0434\u0435\u043d\u0438\u0435","potentialAction":[{"@type":"SearchAction","target":{"@type":"EntryPoint","urlTemplate":"https:\/\/www.btv.md\/?s={search_term_string}"},"query-input":{"@type":"PropertyValueSpecification","valueRequired":true,"valueName":"search_term_string"}}],"inLanguage":"ro-RO"},{"@type":"Person","@id":"https:\/\/www.btv.md\/#\/schema\/person\/8fadce81561b3ce2c34c46dadc4ccbf2","name":"admin"}]}},"_links":{"self":[{"href":"https:\/\/www.btv.md\/ro\/wp-json\/wp\/v2\/posts\/7823","targetHints":{"allow":["GET"]}}],"collection":[{"href":"https:\/\/www.btv.md\/ro\/wp-json\/wp\/v2\/posts"}],"about":[{"href":"https:\/\/www.btv.md\/ro\/wp-json\/wp\/v2\/types\/post"}],"author":[{"embeddable":true,"href":"https:\/\/www.btv.md\/ro\/wp-json\/wp\/v2\/users\/4"}],"replies":[{"embeddable":true,"href":"https:\/\/www.btv.md\/ro\/wp-json\/wp\/v2\/comments?post=7823"}],"version-history":[{"count":0,"href":"https:\/\/www.btv.md\/ro\/wp-json\/wp\/v2\/posts\/7823\/revisions"}],"wp:featuredmedia":[{"embeddable":true,"href":"https:\/\/www.btv.md\/ro\/wp-json\/wp\/v2\/media\/7824"}],"wp:attachment":[{"href":"https:\/\/www.btv.md\/ro\/wp-json\/wp\/v2\/media?parent=7823"}],"wp:term":[{"taxonomy":"category","embeddable":true,"href":"https:\/\/www.btv.md\/ro\/wp-json\/wp\/v2\/categories?post=7823"},{"taxonomy":"post_tag","embeddable":true,"href":"https:\/\/www.btv.md\/ro\/wp-json\/wp\/v2\/tags?post=7823"}],"curies":[{"name":"wp","href":"https:\/\/api.w.org\/{rel}","templated":true}]}}