{"id":7829,"date":"2016-02-26T18:22:48","date_gmt":"2016-02-26T15:22:48","guid":{"rendered":"http:\/\/btv.md\/?p=7829"},"modified":"2016-02-26T18:22:48","modified_gmt":"2016-02-26T15:22:48","slug":"parcarile-neautorizate-din-balti-dau-batai-de-cap-autoritatilor","status":"publish","type":"post","link":"https:\/\/www.btv.md\/ro\/parcarile-neautorizate-din-balti-dau-batai-de-cap-autoritatilor\/","title":{"rendered":"PARC\u0102RILE  NEAUTORIZATE  DIN  B\u0102L\u021aI  DAU  B\u0102T\u0102I  DE  CAP  AUTORIT\u0102\u021aILOR"},"content":{"rendered":"<p><strong>Nu de\u021bine autoriza\u021bie \u0219i nici nu achit\u0103 impozite \u00een bugetul local. Este vorba despre proprietarul unei parc\u0103ri auto din B\u0103l\u021bi. Potrivit lui, \u00een prezent acest business, nu-i aduce profit \u0219i de aceia nu se gr\u0103be\u0219te \u0219\u0103-\u0219i  legalizeze activitatea. Autorit\u0103\u021bile publice locale  nu-i dau crezare proprietarului. Reprezentan\u021bii prim\u0103riei au adus \u0219i c\u00e2teva argumente. Datele prezentate de prim\u0103rie demonstreaz\u0103 c\u0103 locul parc\u0103rii este \u00eengr\u0103dit.<\/strong><\/p>\n<p>Proprietarul parc\u0103rii auto, a declarat la una din \u0219edin\u021bele prim\u0103riei c\u0103 ceast\u0103 afacere nu-i aduce venit \u0219i nu are resurse financiare necesare pentru a achita datoriile  c\u0103tre  bugetul local.<\/p>\n<p>\u201e<em>Din cauz\u0103 c\u0103 la noi parcarea ea, nu-i func\u021bionabil\u0103, adic\u0103 noi c\u00e2nd am arendat terenul, am vrut s\u0103 facem ceva lucr\u0103ri, din imposibilitatea c\u0103 nu au fost surse financiare, a\u0219a \u0219i p\u00e2n\u0103 la urm\u0103 nu func\u021bioneaz\u0103 \u0219i din aceasta nici nu avem autoriza\u021bie de func\u021bionare<\/em>\u201d.<\/p>\n<p>De alt\u0103 p\u0103rere sunt \u00eens\u0103 locatarii blocurilor  din apropierea parc\u0103rii bucluca\u0219e. Ei spun c\u0103 aceasta  func\u021bioneaz\u0103 \u00een regim non-stop, iar \u015foferii autovehiculelor achit\u0103 pentru aceste servicii 10 lei pentru 24 de ore.<\/p>\n<p>Viceprimarul de B\u0103l\u021bi, Leonid Babii, sa ar\u0103tat indignat de faptul c\u0103  aceste-i persoane i-a fost prelungit contractul cu prim\u0103ria, dac\u0103 el nu achit\u0103 impozite \u0219i nici nu de\u021bine autoriza\u021bie. Autoritatea public\u0103 a men\u021bionat c\u0103 nu are \u00eencredere \u00een spusele proprietarului \u0219i a dat asiguran\u021b\u0103 c\u0103 se va ocupa \u00een regim sporit de acest caz.<\/p>\n<p>Parcarea neautorizat\u0103 se afl\u0103 \u00een sectorul Dacia. \u00cen momentul film\u0103rii la sta\u021bionare se aflau zece autovehicule. <\/p>\n<p><iframe width=\"420\" height=\"315\" data-src=\"https:\/\/www.youtube.com\/embed\/tjS8PZJD5TU\" frameborder=\"0\" allowfullscreen src=\"data:image\/svg+xml;base64,PHN2ZyB3aWR0aD0iMSIgaGVpZ2h0PSIxIiB4bWxucz0iaHR0cDovL3d3dy53My5vcmcvMjAwMC9zdmciPjwvc3ZnPg==\" class=\"lazyload\" data-load-mode=\"1\"><\/iframe><\/p>\n","protected":false},"excerpt":{"rendered":"<p>Nu de\u021bine autoriza\u021bie \u0219i nici nu achit\u0103 impozite \u00een bugetul local. Este vorba despre proprietarul unei parc\u0103ri auto din B\u0103l\u021bi. Potrivit lui, \u00een prezent acest business, nu-i aduce profit \u0219i de aceia nu se gr\u0103be\u0219te \u0219\u0103-\u0219i legalizeze activitatea. Autorit\u0103\u021bile publice locale nu-i dau crezare proprietarului. Reprezentan\u021bii prim\u0103riei au adus \u0219i c\u00e2teva argumente. Datele prezentate de [&hellip;]<\/p>\n","protected":false},"author":4,"featured_media":7830,"comment_status":"closed","ping_status":"closed","sticky":false,"template":"","format":"standard","meta":{"footnotes":""},"categories":[6353],"tags":[],"class_list":["post-7829","post","type-post","status-publish","format-standard","has-post-thumbnail","hentry","category-oras"],"yoast_head":"<!-- This site is optimized with the Yoast SEO plugin v27.4 - https:\/\/yoast.com\/product\/yoast-seo-wordpress\/ -->\n<title>PARC\u0102RILE NEAUTORIZATE DIN B\u0102L\u021aI DAU B\u0102T\u0102I DE CAP AUTORIT\u0102\u021aILOR - BTV<\/title>\n<meta name=\"robots\" content=\"index, follow, max-snippet:-1, max-image-preview:large, max-video-preview:-1\" \/>\n<link rel=\"canonical\" href=\"https:\/\/www.btv.md\/ro\/parcarile-neautorizate-din-balti-dau-batai-de-cap-autoritatilor\/\" \/>\n<meta property=\"og:locale\" content=\"ro_RO\" \/>\n<meta property=\"og:type\" content=\"article\" \/>\n<meta property=\"og:title\" content=\"PARC\u0102RILE NEAUTORIZATE DIN B\u0102L\u021aI DAU B\u0102T\u0102I DE CAP AUTORIT\u0102\u021aILOR - BTV\" \/>\n<meta property=\"og:description\" content=\"Nu de\u021bine autoriza\u021bie \u0219i nici nu achit\u0103 impozite \u00een bugetul local. Este vorba despre proprietarul unei parc\u0103ri auto din B\u0103l\u021bi. Potrivit lui, \u00een prezent acest business, nu-i aduce profit \u0219i de aceia nu se gr\u0103be\u0219te \u0219\u0103-\u0219i legalizeze activitatea. Autorit\u0103\u021bile publice locale nu-i dau crezare proprietarului. Reprezentan\u021bii prim\u0103riei au adus \u0219i c\u00e2teva argumente. Datele prezentate de [&hellip;]\" \/>\n<meta property=\"og:url\" content=\"https:\/\/www.btv.md\/ro\/parcarile-neautorizate-din-balti-dau-batai-de-cap-autoritatilor\/\" \/>\n<meta property=\"og:site_name\" content=\"BTV\" \/>\n<meta property=\"article:publisher\" content=\"https:\/\/www.facebook.com\/btvmoldova\/\" \/>\n<meta property=\"article:published_time\" content=\"2016-02-26T15:22:48+00:00\" \/>\n<meta property=\"og:image\" content=\"https:\/\/www.btv.md\/wp-content\/uploads\/2016\/02\/parcarae-neatorizat.png\" \/>\n\t<meta property=\"og:image:width\" content=\"1017\" \/>\n\t<meta property=\"og:image:height\" content=\"555\" \/>\n\t<meta property=\"og:image:type\" content=\"image\/png\" \/>\n<meta name=\"author\" content=\"admin\" \/>\n<meta name=\"twitter:label1\" content=\"Scris de\" \/>\n\t<meta name=\"twitter:data1\" content=\"admin\" \/>\n\t<meta name=\"twitter:label2\" content=\"Timp estimat pentru citire\" \/>\n\t<meta name=\"twitter:data2\" content=\"1 minut\" \/>\n<script type=\"application\/ld+json\" class=\"yoast-schema-graph\">{\"@context\":\"https:\\\/\\\/schema.org\",\"@graph\":[{\"@type\":\"Article\",\"@id\":\"https:\\\/\\\/www.btv.md\\\/ro\\\/parcarile-neautorizate-din-balti-dau-batai-de-cap-autoritatilor\\\/#article\",\"isPartOf\":{\"@id\":\"https:\\\/\\\/www.btv.md\\\/ro\\\/parcarile-neautorizate-din-balti-dau-batai-de-cap-autoritatilor\\\/\"},\"author\":{\"name\":\"admin\",\"@id\":\"https:\\\/\\\/www.btv.md\\\/#\\\/schema\\\/person\\\/8fadce81561b3ce2c34c46dadc4ccbf2\"},\"headline\":\"PARC\u0102RILE NEAUTORIZATE DIN B\u0102L\u021aI DAU B\u0102T\u0102I DE CAP AUTORIT\u0102\u021aILOR\",\"datePublished\":\"2016-02-26T15:22:48+00:00\",\"mainEntityOfPage\":{\"@id\":\"https:\\\/\\\/www.btv.md\\\/ro\\\/parcarile-neautorizate-din-balti-dau-batai-de-cap-autoritatilor\\\/\"},\"wordCount\":291,\"image\":{\"@id\":\"https:\\\/\\\/www.btv.md\\\/ro\\\/parcarile-neautorizate-din-balti-dau-batai-de-cap-autoritatilor\\\/#primaryimage\"},\"thumbnailUrl\":\"https:\\\/\\\/www.btv.md\\\/wp-content\\\/uploads\\\/2016\\\/02\\\/parcarae-neatorizat.png\",\"articleSection\":[\"Ora\u0219\"],\"inLanguage\":\"ro-RO\"},{\"@type\":\"WebPage\",\"@id\":\"https:\\\/\\\/www.btv.md\\\/ro\\\/parcarile-neautorizate-din-balti-dau-batai-de-cap-autoritatilor\\\/\",\"url\":\"https:\\\/\\\/www.btv.md\\\/ro\\\/parcarile-neautorizate-din-balti-dau-batai-de-cap-autoritatilor\\\/\",\"name\":\"PARC\u0102RILE NEAUTORIZATE DIN B\u0102L\u021aI DAU B\u0102T\u0102I DE CAP AUTORIT\u0102\u021aILOR - BTV\",\"isPartOf\":{\"@id\":\"https:\\\/\\\/www.btv.md\\\/#website\"},\"primaryImageOfPage\":{\"@id\":\"https:\\\/\\\/www.btv.md\\\/ro\\\/parcarile-neautorizate-din-balti-dau-batai-de-cap-autoritatilor\\\/#primaryimage\"},\"image\":{\"@id\":\"https:\\\/\\\/www.btv.md\\\/ro\\\/parcarile-neautorizate-din-balti-dau-batai-de-cap-autoritatilor\\\/#primaryimage\"},\"thumbnailUrl\":\"https:\\\/\\\/www.btv.md\\\/wp-content\\\/uploads\\\/2016\\\/02\\\/parcarae-neatorizat.png\",\"datePublished\":\"2016-02-26T15:22:48+00:00\",\"author\":{\"@id\":\"https:\\\/\\\/www.btv.md\\\/#\\\/schema\\\/person\\\/8fadce81561b3ce2c34c46dadc4ccbf2\"},\"inLanguage\":\"ro-RO\",\"potentialAction\":[{\"@type\":\"ReadAction\",\"target\":[\"https:\\\/\\\/www.btv.md\\\/ro\\\/parcarile-neautorizate-din-balti-dau-batai-de-cap-autoritatilor\\\/\"]}]},{\"@type\":\"ImageObject\",\"inLanguage\":\"ro-RO\",\"@id\":\"https:\\\/\\\/www.btv.md\\\/ro\\\/parcarile-neautorizate-din-balti-dau-batai-de-cap-autoritatilor\\\/#primaryimage\",\"url\":\"https:\\\/\\\/www.btv.md\\\/wp-content\\\/uploads\\\/2016\\\/02\\\/parcarae-neatorizat.png\",\"contentUrl\":\"https:\\\/\\\/www.btv.md\\\/wp-content\\\/uploads\\\/2016\\\/02\\\/parcarae-neatorizat.png\",\"width\":1017,\"height\":555},{\"@type\":\"WebSite\",\"@id\":\"https:\\\/\\\/www.btv.md\\\/#website\",\"url\":\"https:\\\/\\\/www.btv.md\\\/\",\"name\":\"BTV\",\"description\":\"\u0411\u0435\u043b\u044c\u0446\u043a\u043e\u0435 \u0442\u0435\u043b\u0435\u0432\u0438\u0434\u0435\u043d\u0438\u0435\",\"potentialAction\":[{\"@type\":\"SearchAction\",\"target\":{\"@type\":\"EntryPoint\",\"urlTemplate\":\"https:\\\/\\\/www.btv.md\\\/?s={search_term_string}\"},\"query-input\":{\"@type\":\"PropertyValueSpecification\",\"valueRequired\":true,\"valueName\":\"search_term_string\"}}],\"inLanguage\":\"ro-RO\"},{\"@type\":\"Person\",\"@id\":\"https:\\\/\\\/www.btv.md\\\/#\\\/schema\\\/person\\\/8fadce81561b3ce2c34c46dadc4ccbf2\",\"name\":\"admin\"}]}<\/script>\n<!-- \/ Yoast SEO plugin. -->","yoast_head_json":{"title":"PARC\u0102RILE NEAUTORIZATE DIN B\u0102L\u021aI DAU B\u0102T\u0102I DE CAP AUTORIT\u0102\u021aILOR - BTV","robots":{"index":"index","follow":"follow","max-snippet":"max-snippet:-1","max-image-preview":"max-image-preview:large","max-video-preview":"max-video-preview:-1"},"canonical":"https:\/\/www.btv.md\/ro\/parcarile-neautorizate-din-balti-dau-batai-de-cap-autoritatilor\/","og_locale":"ro_RO","og_type":"article","og_title":"PARC\u0102RILE NEAUTORIZATE DIN B\u0102L\u021aI DAU B\u0102T\u0102I DE CAP AUTORIT\u0102\u021aILOR - BTV","og_description":"Nu de\u021bine autoriza\u021bie \u0219i nici nu achit\u0103 impozite \u00een bugetul local. Este vorba despre proprietarul unei parc\u0103ri auto din B\u0103l\u021bi. Potrivit lui, \u00een prezent acest business, nu-i aduce profit \u0219i de aceia nu se gr\u0103be\u0219te \u0219\u0103-\u0219i legalizeze activitatea. Autorit\u0103\u021bile publice locale nu-i dau crezare proprietarului. Reprezentan\u021bii prim\u0103riei au adus \u0219i c\u00e2teva argumente. Datele prezentate de [&hellip;]","og_url":"https:\/\/www.btv.md\/ro\/parcarile-neautorizate-din-balti-dau-batai-de-cap-autoritatilor\/","og_site_name":"BTV","article_publisher":"https:\/\/www.facebook.com\/btvmoldova\/","article_published_time":"2016-02-26T15:22:48+00:00","og_image":[{"width":1017,"height":555,"url":"https:\/\/www.btv.md\/wp-content\/uploads\/2016\/02\/parcarae-neatorizat.png","type":"image\/png"}],"author":"admin","twitter_misc":{"Scris de":"admin","Timp estimat pentru citire":"1 minut"},"schema":{"@context":"https:\/\/schema.org","@graph":[{"@type":"Article","@id":"https:\/\/www.btv.md\/ro\/parcarile-neautorizate-din-balti-dau-batai-de-cap-autoritatilor\/#article","isPartOf":{"@id":"https:\/\/www.btv.md\/ro\/parcarile-neautorizate-din-balti-dau-batai-de-cap-autoritatilor\/"},"author":{"name":"admin","@id":"https:\/\/www.btv.md\/#\/schema\/person\/8fadce81561b3ce2c34c46dadc4ccbf2"},"headline":"PARC\u0102RILE NEAUTORIZATE DIN B\u0102L\u021aI DAU B\u0102T\u0102I DE CAP AUTORIT\u0102\u021aILOR","datePublished":"2016-02-26T15:22:48+00:00","mainEntityOfPage":{"@id":"https:\/\/www.btv.md\/ro\/parcarile-neautorizate-din-balti-dau-batai-de-cap-autoritatilor\/"},"wordCount":291,"image":{"@id":"https:\/\/www.btv.md\/ro\/parcarile-neautorizate-din-balti-dau-batai-de-cap-autoritatilor\/#primaryimage"},"thumbnailUrl":"https:\/\/www.btv.md\/wp-content\/uploads\/2016\/02\/parcarae-neatorizat.png","articleSection":["Ora\u0219"],"inLanguage":"ro-RO"},{"@type":"WebPage","@id":"https:\/\/www.btv.md\/ro\/parcarile-neautorizate-din-balti-dau-batai-de-cap-autoritatilor\/","url":"https:\/\/www.btv.md\/ro\/parcarile-neautorizate-din-balti-dau-batai-de-cap-autoritatilor\/","name":"PARC\u0102RILE NEAUTORIZATE DIN B\u0102L\u021aI DAU B\u0102T\u0102I DE CAP AUTORIT\u0102\u021aILOR - BTV","isPartOf":{"@id":"https:\/\/www.btv.md\/#website"},"primaryImageOfPage":{"@id":"https:\/\/www.btv.md\/ro\/parcarile-neautorizate-din-balti-dau-batai-de-cap-autoritatilor\/#primaryimage"},"image":{"@id":"https:\/\/www.btv.md\/ro\/parcarile-neautorizate-din-balti-dau-batai-de-cap-autoritatilor\/#primaryimage"},"thumbnailUrl":"https:\/\/www.btv.md\/wp-content\/uploads\/2016\/02\/parcarae-neatorizat.png","datePublished":"2016-02-26T15:22:48+00:00","author":{"@id":"https:\/\/www.btv.md\/#\/schema\/person\/8fadce81561b3ce2c34c46dadc4ccbf2"},"inLanguage":"ro-RO","potentialAction":[{"@type":"ReadAction","target":["https:\/\/www.btv.md\/ro\/parcarile-neautorizate-din-balti-dau-batai-de-cap-autoritatilor\/"]}]},{"@type":"ImageObject","inLanguage":"ro-RO","@id":"https:\/\/www.btv.md\/ro\/parcarile-neautorizate-din-balti-dau-batai-de-cap-autoritatilor\/#primaryimage","url":"https:\/\/www.btv.md\/wp-content\/uploads\/2016\/02\/parcarae-neatorizat.png","contentUrl":"https:\/\/www.btv.md\/wp-content\/uploads\/2016\/02\/parcarae-neatorizat.png","width":1017,"height":555},{"@type":"WebSite","@id":"https:\/\/www.btv.md\/#website","url":"https:\/\/www.btv.md\/","name":"BTV","description":"\u0411\u0435\u043b\u044c\u0446\u043a\u043e\u0435 \u0442\u0435\u043b\u0435\u0432\u0438\u0434\u0435\u043d\u0438\u0435","potentialAction":[{"@type":"SearchAction","target":{"@type":"EntryPoint","urlTemplate":"https:\/\/www.btv.md\/?s={search_term_string}"},"query-input":{"@type":"PropertyValueSpecification","valueRequired":true,"valueName":"search_term_string"}}],"inLanguage":"ro-RO"},{"@type":"Person","@id":"https:\/\/www.btv.md\/#\/schema\/person\/8fadce81561b3ce2c34c46dadc4ccbf2","name":"admin"}]}},"_links":{"self":[{"href":"https:\/\/www.btv.md\/ro\/wp-json\/wp\/v2\/posts\/7829","targetHints":{"allow":["GET"]}}],"collection":[{"href":"https:\/\/www.btv.md\/ro\/wp-json\/wp\/v2\/posts"}],"about":[{"href":"https:\/\/www.btv.md\/ro\/wp-json\/wp\/v2\/types\/post"}],"author":[{"embeddable":true,"href":"https:\/\/www.btv.md\/ro\/wp-json\/wp\/v2\/users\/4"}],"replies":[{"embeddable":true,"href":"https:\/\/www.btv.md\/ro\/wp-json\/wp\/v2\/comments?post=7829"}],"version-history":[{"count":0,"href":"https:\/\/www.btv.md\/ro\/wp-json\/wp\/v2\/posts\/7829\/revisions"}],"wp:featuredmedia":[{"embeddable":true,"href":"https:\/\/www.btv.md\/ro\/wp-json\/wp\/v2\/media\/7830"}],"wp:attachment":[{"href":"https:\/\/www.btv.md\/ro\/wp-json\/wp\/v2\/media?parent=7829"}],"wp:term":[{"taxonomy":"category","embeddable":true,"href":"https:\/\/www.btv.md\/ro\/wp-json\/wp\/v2\/categories?post=7829"},{"taxonomy":"post_tag","embeddable":true,"href":"https:\/\/www.btv.md\/ro\/wp-json\/wp\/v2\/tags?post=7829"}],"curies":[{"name":"wp","href":"https:\/\/api.w.org\/{rel}","templated":true}]}}