{"id":78714,"date":"2020-05-12T08:43:02","date_gmt":"2020-05-12T05:43:02","guid":{"rendered":"http:\/\/www.btv.md\/?p=78714"},"modified":"2020-05-12T08:43:02","modified_gmt":"2020-05-12T05:43:02","slug":"director-promo-lex-viitorul-scrutin-ar-putea-fi-invalidat-de-curtea-constitutionala","status":"publish","type":"post","link":"https:\/\/www.btv.md\/ro\/director-promo-lex-viitorul-scrutin-ar-putea-fi-invalidat-de-curtea-constitutionala\/","title":{"rendered":"Director Promo-LEX: Viitorul scrutin ar putea fi invalidat de Curtea Constitu\u021bional\u0103"},"content":{"rendered":"<p><strong>Parlamentarii Republicii Moldova nu au adaptat sistemul electoral conform adreselor emise de c\u0103tre Curtea Constitu\u021bional\u0103 \u00een decembrie 2016 pentru c\u0103 \u00een cadrul acestor documente se reg\u0103sesc elemente sensibile pentru societatea moldoveneasc\u0103. Opinia apar\u021bine directorului de program aL Asocia\u021biei Promo-LEX Pavel Postica \u0219i a fost f\u0103cut\u0103 \u00een cadrul dezbaterilor publice \u201eDe ce Curtea Constitu\u021bional\u0103 nu a fost auzit\u0103 \u00een problema alegerilor preziden\u021biale?\u201d, organizate de Agen\u021bia de pres\u0103 IPN, relateaz\u0103 <a href=\"https:\/\/deschide.md\/ro\/stiri\/politic\/66054\/Director-Promo-LEX-Viitorul-scrutin-ar-putea-fi-invalidat-de-Curtea-Constitu%C8%9Bional%C4%83.htm\">deschide.md.<\/a><\/strong><\/p>\n<p>Pavel Postica eviden\u021biaz\u0103 faptul c\u0103 responsabilitatea pentru executarea acestor adrese apar\u021bine Parlamentului, \u00eens\u0103 nici guvern\u0103rile precedente, nici actuala guvernare nu au f\u0103cut nimic pentru solu\u021bionarea acestor probleme sistemice.<\/p>\n<p>\u201eProbabil, e vorba de anumite chestiuni legate de imaginea acelor actori care \u00ee\u0219i vor asuma responsabilitatea s\u0103 vin\u0103 \u0219i s\u0103 fac\u0103 modific\u0103ri nu numai pe aceste subiecte care sunt foarte sensibile. Trebuie s\u0103 recunoa\u0219tem c\u0103 at\u00e2t rolul \u0219i implicarea bisericii \u00een via\u021ba social\u0103, \u00een via\u021ba politic\u0103 din Republica Moldova este un subiect destul de sensibil. Noi trebuie s\u0103 recunoa\u0219tem c\u0103 implicarea mass-media, indiferent de cine este patronul, cine st\u0103 \u00een spatele ei oficial sau neoficial, iar\u0103\u0219i este un subiect destul de sensibil pentru Republica Moldova. Anume din aceste considerente actorii politici au luat decizia s\u0103 nu fac\u0103 nimic \u00een privin\u021ba modific\u0103rii legisla\u021biei electorale, sper\u00e2nd, probabil, c\u0103 asta este mai simplu\u201d, a declarat Pavel Postica.<\/p>\n<p>Directorul de program Promo-LEX afirm\u0103 c\u0103, dac\u0103 cele \u0219ase adrese ale CC nu vor fi \u00eendeplinite, atunci la urm\u0103torul scrutin preziden\u021bial judec\u0103torii constitu\u021bionali pot invalida alegerile. \u201eEu am o fric\u0103 foarte mare c\u0103 \u00een cazul \u00een care astfel de situa\u021bii se vor repeta cu aceea\u0219i amploare cu care au fost contestate \u00een alegerile preziden\u021biale din 2016, am putea nimeri \u00een situa\u021bia \u00een care alegerile s\u0103 fie invaliditate de Curtea Constitu\u021bional\u0103. \u00cen aceast\u0103 situa\u021bie Curtea Constitu\u021bional\u0103 va avea suficiente argumente \u0219i s\u0103 zic\u0103: \u201efra\u021bilor noi v-am subliniat care sunt problemele, v-am acordat timp \u0219i exist\u0103 termenul legal pentru solu\u021bionarea acestei probleme, dar voi nu a\u021bi f\u0103cut nimic. Mai mult ca at\u00e2t, voi a\u021bi admis perpetuarea acestor probleme pe parcursul diferitor scrutine \u0219i voi a\u021bi l\u0103sat ca aceste probleme s\u0103 afecteze inclusiv acest scrutin\u201d, a spus el.<\/p>\n<p>Pavel Postica spune c\u0103 un rol cheie \u00een acest caz are Comisia Electoral\u0103 Central\u0103 chiar dac\u0103 exist\u0103 o alt\u0103 hot\u0103r\u00e2re ca CC care prevede c\u0103 modific\u0103rile la Codul electoral nu pot fi f\u0103cute \u00eentr-un termen de \u0219ase luni p\u00e2n\u0103 la urm\u0103torul scrutin electoral.<\/p>\n<p>\u201ePe mas\u0103 Comise Electorale Centrale este un proiect care demult putea fi discutat \u0219i la ziua de ast\u0103zi, atunci c\u00e2nd practic s-a terminat aceast\u0103 stare excep\u021bional\u0103 \u0219i se revine la un regim normal de activitate, deja se putea discuta despre proiecte propriu-zise care pot fi puse pe masa inclusiv a deputa\u021bilor \u00een Parlament\u201d.<\/p>\n<p>Sursa: <a href=\"https:\/\/deschide.md\/ro\/stiri\/politic\/66054\/Director-Promo-LEX-Viitorul-scrutin-ar-putea-fi-invalidat-de-Curtea-Constitu%C8%9Bional%C4%83.htm\">deschide.md<\/a><\/p>\n","protected":false},"excerpt":{"rendered":"<p>Parlamentarii Republicii Moldova nu au adaptat sistemul electoral conform adreselor emise de c\u0103tre Curtea Constitu\u021bional\u0103 \u00een decembrie 2016 pentru c\u0103 \u00een cadrul acestor documente se reg\u0103sesc elemente sensibile pentru societatea moldoveneasc\u0103. Opinia apar\u021bine directorului de program aL Asocia\u021biei Promo-LEX Pavel Postica \u0219i a fost f\u0103cut\u0103 \u00een cadrul dezbaterilor publice \u201eDe ce Curtea Constitu\u021bional\u0103 nu a [&hellip;]<\/p>\n","protected":false},"author":4,"featured_media":78709,"comment_status":"closed","ping_status":"closed","sticky":false,"template":"","format":"standard","meta":{"footnotes":""},"categories":[6368,6377],"tags":[11963,10168,14001,14002],"class_list":["post-78714","post","type-post","status-publish","format-standard","has-post-thumbnail","hentry","category-politica-ro","category-stiri","tag-curtea-constitutionala","tag-parlament-ro","tag-promo-lex-ro","tag-scrutin-ro"],"yoast_head":"<!-- This site is optimized with the Yoast SEO plugin v27.4 - https:\/\/yoast.com\/product\/yoast-seo-wordpress\/ -->\n<title>Director Promo-LEX: Viitorul scrutin ar putea fi invalidat de Curtea Constitu\u021bional\u0103 - BTV<\/title>\n<meta name=\"robots\" content=\"index, follow, max-snippet:-1, max-image-preview:large, max-video-preview:-1\" \/>\n<link rel=\"canonical\" href=\"https:\/\/www.btv.md\/ro\/director-promo-lex-viitorul-scrutin-ar-putea-fi-invalidat-de-curtea-constitutionala\/\" \/>\n<meta property=\"og:locale\" content=\"ro_RO\" \/>\n<meta property=\"og:type\" content=\"article\" \/>\n<meta property=\"og:title\" content=\"Director Promo-LEX: Viitorul scrutin ar putea fi invalidat de Curtea Constitu\u021bional\u0103 - BTV\" \/>\n<meta property=\"og:description\" content=\"Parlamentarii Republicii Moldova nu au adaptat sistemul electoral conform adreselor emise de c\u0103tre Curtea Constitu\u021bional\u0103 \u00een decembrie 2016 pentru c\u0103 \u00een cadrul acestor documente se reg\u0103sesc elemente sensibile pentru societatea moldoveneasc\u0103. Opinia apar\u021bine directorului de program aL Asocia\u021biei Promo-LEX Pavel Postica \u0219i a fost f\u0103cut\u0103 \u00een cadrul dezbaterilor publice \u201eDe ce Curtea Constitu\u021bional\u0103 nu a [&hellip;]\" \/>\n<meta property=\"og:url\" content=\"https:\/\/www.btv.md\/ro\/director-promo-lex-viitorul-scrutin-ar-putea-fi-invalidat-de-curtea-constitutionala\/\" \/>\n<meta property=\"og:site_name\" content=\"BTV\" \/>\n<meta property=\"article:publisher\" content=\"https:\/\/www.facebook.com\/btvmoldova\/\" \/>\n<meta property=\"article:published_time\" content=\"2020-05-12T05:43:02+00:00\" \/>\n<meta property=\"og:image\" content=\"https:\/\/www.btv.md\/wp-content\/uploads\/2020\/05\/curtea-constitutionala-1920x1020-c-default.jpg\" \/>\n\t<meta property=\"og:image:width\" content=\"1920\" \/>\n\t<meta property=\"og:image:height\" content=\"1020\" \/>\n\t<meta property=\"og:image:type\" content=\"image\/jpeg\" \/>\n<meta name=\"author\" content=\"admin\" \/>\n<meta name=\"twitter:label1\" content=\"Scris de\" \/>\n\t<meta name=\"twitter:data1\" content=\"admin\" \/>\n\t<meta name=\"twitter:label2\" content=\"Timp estimat pentru citire\" \/>\n\t<meta name=\"twitter:data2\" content=\"2 minute\" \/>\n<script type=\"application\/ld+json\" class=\"yoast-schema-graph\">{\"@context\":\"https:\\\/\\\/schema.org\",\"@graph\":[{\"@type\":\"Article\",\"@id\":\"https:\\\/\\\/www.btv.md\\\/ro\\\/director-promo-lex-viitorul-scrutin-ar-putea-fi-invalidat-de-curtea-constitutionala\\\/#article\",\"isPartOf\":{\"@id\":\"https:\\\/\\\/www.btv.md\\\/ro\\\/director-promo-lex-viitorul-scrutin-ar-putea-fi-invalidat-de-curtea-constitutionala\\\/\"},\"author\":{\"name\":\"admin\",\"@id\":\"https:\\\/\\\/www.btv.md\\\/#\\\/schema\\\/person\\\/8fadce81561b3ce2c34c46dadc4ccbf2\"},\"headline\":\"Director Promo-LEX: Viitorul scrutin ar putea fi invalidat de Curtea Constitu\u021bional\u0103\",\"datePublished\":\"2020-05-12T05:43:02+00:00\",\"mainEntityOfPage\":{\"@id\":\"https:\\\/\\\/www.btv.md\\\/ro\\\/director-promo-lex-viitorul-scrutin-ar-putea-fi-invalidat-de-curtea-constitutionala\\\/\"},\"wordCount\":510,\"image\":{\"@id\":\"https:\\\/\\\/www.btv.md\\\/ro\\\/director-promo-lex-viitorul-scrutin-ar-putea-fi-invalidat-de-curtea-constitutionala\\\/#primaryimage\"},\"thumbnailUrl\":\"https:\\\/\\\/www.btv.md\\\/wp-content\\\/uploads\\\/2020\\\/05\\\/curtea-constitutionala-1920x1020-c-default.jpg\",\"keywords\":[\"Curtea Constitu\u0163ional\u0103\",\"Parlament\",\"Promo-Lex\",\"scrutin\"],\"articleSection\":[\"Politic\u0103\",\"\u0218tiri\"],\"inLanguage\":\"ro-RO\"},{\"@type\":\"WebPage\",\"@id\":\"https:\\\/\\\/www.btv.md\\\/ro\\\/director-promo-lex-viitorul-scrutin-ar-putea-fi-invalidat-de-curtea-constitutionala\\\/\",\"url\":\"https:\\\/\\\/www.btv.md\\\/ro\\\/director-promo-lex-viitorul-scrutin-ar-putea-fi-invalidat-de-curtea-constitutionala\\\/\",\"name\":\"Director Promo-LEX: Viitorul scrutin ar putea fi invalidat de Curtea Constitu\u021bional\u0103 - BTV\",\"isPartOf\":{\"@id\":\"https:\\\/\\\/www.btv.md\\\/#website\"},\"primaryImageOfPage\":{\"@id\":\"https:\\\/\\\/www.btv.md\\\/ro\\\/director-promo-lex-viitorul-scrutin-ar-putea-fi-invalidat-de-curtea-constitutionala\\\/#primaryimage\"},\"image\":{\"@id\":\"https:\\\/\\\/www.btv.md\\\/ro\\\/director-promo-lex-viitorul-scrutin-ar-putea-fi-invalidat-de-curtea-constitutionala\\\/#primaryimage\"},\"thumbnailUrl\":\"https:\\\/\\\/www.btv.md\\\/wp-content\\\/uploads\\\/2020\\\/05\\\/curtea-constitutionala-1920x1020-c-default.jpg\",\"datePublished\":\"2020-05-12T05:43:02+00:00\",\"author\":{\"@id\":\"https:\\\/\\\/www.btv.md\\\/#\\\/schema\\\/person\\\/8fadce81561b3ce2c34c46dadc4ccbf2\"},\"inLanguage\":\"ro-RO\",\"potentialAction\":[{\"@type\":\"ReadAction\",\"target\":[\"https:\\\/\\\/www.btv.md\\\/ro\\\/director-promo-lex-viitorul-scrutin-ar-putea-fi-invalidat-de-curtea-constitutionala\\\/\"]}]},{\"@type\":\"ImageObject\",\"inLanguage\":\"ro-RO\",\"@id\":\"https:\\\/\\\/www.btv.md\\\/ro\\\/director-promo-lex-viitorul-scrutin-ar-putea-fi-invalidat-de-curtea-constitutionala\\\/#primaryimage\",\"url\":\"https:\\\/\\\/www.btv.md\\\/wp-content\\\/uploads\\\/2020\\\/05\\\/curtea-constitutionala-1920x1020-c-default.jpg\",\"contentUrl\":\"https:\\\/\\\/www.btv.md\\\/wp-content\\\/uploads\\\/2020\\\/05\\\/curtea-constitutionala-1920x1020-c-default.jpg\",\"width\":1920,\"height\":1020},{\"@type\":\"WebSite\",\"@id\":\"https:\\\/\\\/www.btv.md\\\/#website\",\"url\":\"https:\\\/\\\/www.btv.md\\\/\",\"name\":\"BTV\",\"description\":\"\u0411\u0435\u043b\u044c\u0446\u043a\u043e\u0435 \u0442\u0435\u043b\u0435\u0432\u0438\u0434\u0435\u043d\u0438\u0435\",\"potentialAction\":[{\"@type\":\"SearchAction\",\"target\":{\"@type\":\"EntryPoint\",\"urlTemplate\":\"https:\\\/\\\/www.btv.md\\\/?s={search_term_string}\"},\"query-input\":{\"@type\":\"PropertyValueSpecification\",\"valueRequired\":true,\"valueName\":\"search_term_string\"}}],\"inLanguage\":\"ro-RO\"},{\"@type\":\"Person\",\"@id\":\"https:\\\/\\\/www.btv.md\\\/#\\\/schema\\\/person\\\/8fadce81561b3ce2c34c46dadc4ccbf2\",\"name\":\"admin\"}]}<\/script>\n<!-- \/ Yoast SEO plugin. -->","yoast_head_json":{"title":"Director Promo-LEX: Viitorul scrutin ar putea fi invalidat de Curtea Constitu\u021bional\u0103 - BTV","robots":{"index":"index","follow":"follow","max-snippet":"max-snippet:-1","max-image-preview":"max-image-preview:large","max-video-preview":"max-video-preview:-1"},"canonical":"https:\/\/www.btv.md\/ro\/director-promo-lex-viitorul-scrutin-ar-putea-fi-invalidat-de-curtea-constitutionala\/","og_locale":"ro_RO","og_type":"article","og_title":"Director Promo-LEX: Viitorul scrutin ar putea fi invalidat de Curtea Constitu\u021bional\u0103 - BTV","og_description":"Parlamentarii Republicii Moldova nu au adaptat sistemul electoral conform adreselor emise de c\u0103tre Curtea Constitu\u021bional\u0103 \u00een decembrie 2016 pentru c\u0103 \u00een cadrul acestor documente se reg\u0103sesc elemente sensibile pentru societatea moldoveneasc\u0103. Opinia apar\u021bine directorului de program aL Asocia\u021biei Promo-LEX Pavel Postica \u0219i a fost f\u0103cut\u0103 \u00een cadrul dezbaterilor publice \u201eDe ce Curtea Constitu\u021bional\u0103 nu a [&hellip;]","og_url":"https:\/\/www.btv.md\/ro\/director-promo-lex-viitorul-scrutin-ar-putea-fi-invalidat-de-curtea-constitutionala\/","og_site_name":"BTV","article_publisher":"https:\/\/www.facebook.com\/btvmoldova\/","article_published_time":"2020-05-12T05:43:02+00:00","og_image":[{"width":1920,"height":1020,"url":"https:\/\/www.btv.md\/wp-content\/uploads\/2020\/05\/curtea-constitutionala-1920x1020-c-default.jpg","type":"image\/jpeg"}],"author":"admin","twitter_misc":{"Scris de":"admin","Timp estimat pentru citire":"2 minute"},"schema":{"@context":"https:\/\/schema.org","@graph":[{"@type":"Article","@id":"https:\/\/www.btv.md\/ro\/director-promo-lex-viitorul-scrutin-ar-putea-fi-invalidat-de-curtea-constitutionala\/#article","isPartOf":{"@id":"https:\/\/www.btv.md\/ro\/director-promo-lex-viitorul-scrutin-ar-putea-fi-invalidat-de-curtea-constitutionala\/"},"author":{"name":"admin","@id":"https:\/\/www.btv.md\/#\/schema\/person\/8fadce81561b3ce2c34c46dadc4ccbf2"},"headline":"Director Promo-LEX: Viitorul scrutin ar putea fi invalidat de Curtea Constitu\u021bional\u0103","datePublished":"2020-05-12T05:43:02+00:00","mainEntityOfPage":{"@id":"https:\/\/www.btv.md\/ro\/director-promo-lex-viitorul-scrutin-ar-putea-fi-invalidat-de-curtea-constitutionala\/"},"wordCount":510,"image":{"@id":"https:\/\/www.btv.md\/ro\/director-promo-lex-viitorul-scrutin-ar-putea-fi-invalidat-de-curtea-constitutionala\/#primaryimage"},"thumbnailUrl":"https:\/\/www.btv.md\/wp-content\/uploads\/2020\/05\/curtea-constitutionala-1920x1020-c-default.jpg","keywords":["Curtea Constitu\u0163ional\u0103","Parlament","Promo-Lex","scrutin"],"articleSection":["Politic\u0103","\u0218tiri"],"inLanguage":"ro-RO"},{"@type":"WebPage","@id":"https:\/\/www.btv.md\/ro\/director-promo-lex-viitorul-scrutin-ar-putea-fi-invalidat-de-curtea-constitutionala\/","url":"https:\/\/www.btv.md\/ro\/director-promo-lex-viitorul-scrutin-ar-putea-fi-invalidat-de-curtea-constitutionala\/","name":"Director Promo-LEX: Viitorul scrutin ar putea fi invalidat de Curtea Constitu\u021bional\u0103 - BTV","isPartOf":{"@id":"https:\/\/www.btv.md\/#website"},"primaryImageOfPage":{"@id":"https:\/\/www.btv.md\/ro\/director-promo-lex-viitorul-scrutin-ar-putea-fi-invalidat-de-curtea-constitutionala\/#primaryimage"},"image":{"@id":"https:\/\/www.btv.md\/ro\/director-promo-lex-viitorul-scrutin-ar-putea-fi-invalidat-de-curtea-constitutionala\/#primaryimage"},"thumbnailUrl":"https:\/\/www.btv.md\/wp-content\/uploads\/2020\/05\/curtea-constitutionala-1920x1020-c-default.jpg","datePublished":"2020-05-12T05:43:02+00:00","author":{"@id":"https:\/\/www.btv.md\/#\/schema\/person\/8fadce81561b3ce2c34c46dadc4ccbf2"},"inLanguage":"ro-RO","potentialAction":[{"@type":"ReadAction","target":["https:\/\/www.btv.md\/ro\/director-promo-lex-viitorul-scrutin-ar-putea-fi-invalidat-de-curtea-constitutionala\/"]}]},{"@type":"ImageObject","inLanguage":"ro-RO","@id":"https:\/\/www.btv.md\/ro\/director-promo-lex-viitorul-scrutin-ar-putea-fi-invalidat-de-curtea-constitutionala\/#primaryimage","url":"https:\/\/www.btv.md\/wp-content\/uploads\/2020\/05\/curtea-constitutionala-1920x1020-c-default.jpg","contentUrl":"https:\/\/www.btv.md\/wp-content\/uploads\/2020\/05\/curtea-constitutionala-1920x1020-c-default.jpg","width":1920,"height":1020},{"@type":"WebSite","@id":"https:\/\/www.btv.md\/#website","url":"https:\/\/www.btv.md\/","name":"BTV","description":"\u0411\u0435\u043b\u044c\u0446\u043a\u043e\u0435 \u0442\u0435\u043b\u0435\u0432\u0438\u0434\u0435\u043d\u0438\u0435","potentialAction":[{"@type":"SearchAction","target":{"@type":"EntryPoint","urlTemplate":"https:\/\/www.btv.md\/?s={search_term_string}"},"query-input":{"@type":"PropertyValueSpecification","valueRequired":true,"valueName":"search_term_string"}}],"inLanguage":"ro-RO"},{"@type":"Person","@id":"https:\/\/www.btv.md\/#\/schema\/person\/8fadce81561b3ce2c34c46dadc4ccbf2","name":"admin"}]}},"_links":{"self":[{"href":"https:\/\/www.btv.md\/ro\/wp-json\/wp\/v2\/posts\/78714","targetHints":{"allow":["GET"]}}],"collection":[{"href":"https:\/\/www.btv.md\/ro\/wp-json\/wp\/v2\/posts"}],"about":[{"href":"https:\/\/www.btv.md\/ro\/wp-json\/wp\/v2\/types\/post"}],"author":[{"embeddable":true,"href":"https:\/\/www.btv.md\/ro\/wp-json\/wp\/v2\/users\/4"}],"replies":[{"embeddable":true,"href":"https:\/\/www.btv.md\/ro\/wp-json\/wp\/v2\/comments?post=78714"}],"version-history":[{"count":0,"href":"https:\/\/www.btv.md\/ro\/wp-json\/wp\/v2\/posts\/78714\/revisions"}],"wp:featuredmedia":[{"embeddable":true,"href":"https:\/\/www.btv.md\/ro\/wp-json\/wp\/v2\/media\/78709"}],"wp:attachment":[{"href":"https:\/\/www.btv.md\/ro\/wp-json\/wp\/v2\/media?parent=78714"}],"wp:term":[{"taxonomy":"category","embeddable":true,"href":"https:\/\/www.btv.md\/ro\/wp-json\/wp\/v2\/categories?post=78714"},{"taxonomy":"post_tag","embeddable":true,"href":"https:\/\/www.btv.md\/ro\/wp-json\/wp\/v2\/tags?post=78714"}],"curies":[{"name":"wp","href":"https:\/\/api.w.org\/{rel}","templated":true}]}}