{"id":7872,"date":"2016-02-29T12:06:26","date_gmt":"2016-02-29T09:06:26","guid":{"rendered":"http:\/\/btv.md\/?p=7872"},"modified":"2016-02-29T12:06:38","modified_gmt":"2016-02-29T09:06:38","slug":"unele-parcele-din-codri-moldovei-vor-fi-scoase-la-licitatie","status":"publish","type":"post","link":"https:\/\/www.btv.md\/ro\/unele-parcele-din-codri-moldovei-vor-fi-scoase-la-licitatie\/","title":{"rendered":"UNELE PARCELE  DIN  CODRI  MOLDOVEI VOR  FI  SCOASE  LA  LICITA\u021aIE"},"content":{"rendered":"<p><strong>Ministerul Mediului a anun\u021bat c\u0103 va organiza pe 12 martie 2016 la ora 10:00, la sediul institu\u021biei o licita\u021bie cu strigare privind dreptul de \u201eexploatare forestier\u0103 \u0219i valorificarea produselor forestiere \u00een perimetrele pachetelor indicate\u201d.<\/strong><\/p>\n<p>Potrivit anun\u021bului la licita\u021bie sunt expuse 481 de parcele de p\u0103dure cu o suprafa\u021b\u0103 total\u0103 de 560,6 ha de p\u0103dure din raioanele Ungheni, Str\u0103\u0219eni \u0219i H\u00e2nce\u0219ti, scrie mold-street.md citat de <a href=\"http:\/\/unimedia.info\/stiri\/statul-vrea-sa-taie-ca-in-codru-din-codrii-moldovei-110355.html\" target=\"_blank\">UNIMEDIA<\/a>.<\/p>\n<p>De pe aceast\u0103 suprafa\u021b\u0103 ar urma s\u0103 fie valorificat un volum de 38 570 de metri cubi de lemn brut, \u00een valoare de 22,2 milioane de lei. <\/p>\n<p>\u00cen aceste condi\u021biipre\u021bul mediu al unui metru cub de lemn este de 575 de lei, \u00een timp ce acum un an un metru cub costa 410 lei f\u0103r\u0103 TVA \u0219i 490 cu TVA. <\/p>\n<p>Anterior ministrul Mediului,Valeriu Munteanu declara c\u0103 Republica Moldova export\u0103 de 10 ori mai mult lemn dec\u00e2t import\u0103 \u0219i a propus sistarea temporar\u0103 a exportului \u0219i reexportului de mase lemnoase p\u00e2n\u0103 \u00een 2020. <\/p>\n<p>Fodul forestier al republicii Moldova constituie 12% din suprafa\u021ba teritoriului, \u00een timp ce media european\u0103 este de 30%, iar cea din UE de 40%.<\/p>\n","protected":false},"excerpt":{"rendered":"<p>Ministerul Mediului a anun\u021bat c\u0103 va organiza pe 12 martie 2016 la ora 10:00, la sediul institu\u021biei o licita\u021bie cu strigare privind dreptul de \u201eexploatare forestier\u0103 \u0219i valorificarea produselor forestiere \u00een perimetrele pachetelor indicate\u201d. Potrivit anun\u021bului la licita\u021bie sunt expuse 481 de parcele de p\u0103dure cu o suprafa\u021b\u0103 total\u0103 de 560,6 ha de p\u0103dure din [&hellip;]<\/p>\n","protected":false},"author":4,"featured_media":7873,"comment_status":"closed","ping_status":"closed","sticky":false,"template":"","format":"standard","meta":{"footnotes":""},"categories":[6349],"tags":[],"class_list":["post-7872","post","type-post","status-publish","format-standard","has-post-thumbnail","hentry","category-social"],"yoast_head":"<!-- This site is optimized with the Yoast SEO plugin v27.4 - https:\/\/yoast.com\/product\/yoast-seo-wordpress\/ -->\n<title>UNELE PARCELE DIN CODRI MOLDOVEI VOR FI SCOASE LA LICITA\u021aIE - BTV<\/title>\n<meta name=\"robots\" content=\"index, follow, max-snippet:-1, max-image-preview:large, max-video-preview:-1\" \/>\n<link rel=\"canonical\" href=\"https:\/\/www.btv.md\/ro\/unele-parcele-din-codri-moldovei-vor-fi-scoase-la-licitatie\/\" \/>\n<meta property=\"og:locale\" content=\"ro_RO\" \/>\n<meta property=\"og:type\" content=\"article\" \/>\n<meta property=\"og:title\" content=\"UNELE PARCELE DIN CODRI MOLDOVEI VOR FI SCOASE LA LICITA\u021aIE - BTV\" \/>\n<meta property=\"og:description\" content=\"Ministerul Mediului a anun\u021bat c\u0103 va organiza pe 12 martie 2016 la ora 10:00, la sediul institu\u021biei o licita\u021bie cu strigare privind dreptul de \u201eexploatare forestier\u0103 \u0219i valorificarea produselor forestiere \u00een perimetrele pachetelor indicate\u201d. Potrivit anun\u021bului la licita\u021bie sunt expuse 481 de parcele de p\u0103dure cu o suprafa\u021b\u0103 total\u0103 de 560,6 ha de p\u0103dure din [&hellip;]\" \/>\n<meta property=\"og:url\" content=\"https:\/\/www.btv.md\/ro\/unele-parcele-din-codri-moldovei-vor-fi-scoase-la-licitatie\/\" \/>\n<meta property=\"og:site_name\" content=\"BTV\" \/>\n<meta property=\"article:publisher\" content=\"https:\/\/www.facebook.com\/btvmoldova\/\" \/>\n<meta property=\"article:published_time\" content=\"2016-02-29T09:06:26+00:00\" \/>\n<meta property=\"article:modified_time\" content=\"2016-02-29T09:06:38+00:00\" \/>\n<meta property=\"og:image\" content=\"https:\/\/www.btv.md\/wp-content\/uploads\/2016\/02\/2013-11-23-16.20.25.jpg\" \/>\n\t<meta property=\"og:image:width\" content=\"1600\" \/>\n\t<meta property=\"og:image:height\" content=\"900\" \/>\n\t<meta property=\"og:image:type\" content=\"image\/jpeg\" \/>\n<meta name=\"author\" content=\"admin\" \/>\n<meta name=\"twitter:label1\" content=\"Scris de\" \/>\n\t<meta name=\"twitter:data1\" content=\"admin\" \/>\n\t<meta name=\"twitter:label2\" content=\"Timp estimat pentru citire\" \/>\n\t<meta name=\"twitter:data2\" content=\"1 minut\" \/>\n<script type=\"application\/ld+json\" class=\"yoast-schema-graph\">{\"@context\":\"https:\\\/\\\/schema.org\",\"@graph\":[{\"@type\":\"Article\",\"@id\":\"https:\\\/\\\/www.btv.md\\\/ro\\\/unele-parcele-din-codri-moldovei-vor-fi-scoase-la-licitatie\\\/#article\",\"isPartOf\":{\"@id\":\"https:\\\/\\\/www.btv.md\\\/ro\\\/unele-parcele-din-codri-moldovei-vor-fi-scoase-la-licitatie\\\/\"},\"author\":{\"name\":\"admin\",\"@id\":\"https:\\\/\\\/www.btv.md\\\/#\\\/schema\\\/person\\\/8fadce81561b3ce2c34c46dadc4ccbf2\"},\"headline\":\"UNELE PARCELE DIN CODRI MOLDOVEI VOR FI SCOASE LA LICITA\u021aIE\",\"datePublished\":\"2016-02-29T09:06:26+00:00\",\"dateModified\":\"2016-02-29T09:06:38+00:00\",\"mainEntityOfPage\":{\"@id\":\"https:\\\/\\\/www.btv.md\\\/ro\\\/unele-parcele-din-codri-moldovei-vor-fi-scoase-la-licitatie\\\/\"},\"wordCount\":194,\"image\":{\"@id\":\"https:\\\/\\\/www.btv.md\\\/ro\\\/unele-parcele-din-codri-moldovei-vor-fi-scoase-la-licitatie\\\/#primaryimage\"},\"thumbnailUrl\":\"https:\\\/\\\/www.btv.md\\\/wp-content\\\/uploads\\\/2016\\\/02\\\/2013-11-23-16.20.25.jpg\",\"articleSection\":[\"Social\"],\"inLanguage\":\"ro-RO\"},{\"@type\":\"WebPage\",\"@id\":\"https:\\\/\\\/www.btv.md\\\/ro\\\/unele-parcele-din-codri-moldovei-vor-fi-scoase-la-licitatie\\\/\",\"url\":\"https:\\\/\\\/www.btv.md\\\/ro\\\/unele-parcele-din-codri-moldovei-vor-fi-scoase-la-licitatie\\\/\",\"name\":\"UNELE PARCELE DIN CODRI MOLDOVEI VOR FI SCOASE LA LICITA\u021aIE - BTV\",\"isPartOf\":{\"@id\":\"https:\\\/\\\/www.btv.md\\\/#website\"},\"primaryImageOfPage\":{\"@id\":\"https:\\\/\\\/www.btv.md\\\/ro\\\/unele-parcele-din-codri-moldovei-vor-fi-scoase-la-licitatie\\\/#primaryimage\"},\"image\":{\"@id\":\"https:\\\/\\\/www.btv.md\\\/ro\\\/unele-parcele-din-codri-moldovei-vor-fi-scoase-la-licitatie\\\/#primaryimage\"},\"thumbnailUrl\":\"https:\\\/\\\/www.btv.md\\\/wp-content\\\/uploads\\\/2016\\\/02\\\/2013-11-23-16.20.25.jpg\",\"datePublished\":\"2016-02-29T09:06:26+00:00\",\"dateModified\":\"2016-02-29T09:06:38+00:00\",\"author\":{\"@id\":\"https:\\\/\\\/www.btv.md\\\/#\\\/schema\\\/person\\\/8fadce81561b3ce2c34c46dadc4ccbf2\"},\"inLanguage\":\"ro-RO\",\"potentialAction\":[{\"@type\":\"ReadAction\",\"target\":[\"https:\\\/\\\/www.btv.md\\\/ro\\\/unele-parcele-din-codri-moldovei-vor-fi-scoase-la-licitatie\\\/\"]}]},{\"@type\":\"ImageObject\",\"inLanguage\":\"ro-RO\",\"@id\":\"https:\\\/\\\/www.btv.md\\\/ro\\\/unele-parcele-din-codri-moldovei-vor-fi-scoase-la-licitatie\\\/#primaryimage\",\"url\":\"https:\\\/\\\/www.btv.md\\\/wp-content\\\/uploads\\\/2016\\\/02\\\/2013-11-23-16.20.25.jpg\",\"contentUrl\":\"https:\\\/\\\/www.btv.md\\\/wp-content\\\/uploads\\\/2016\\\/02\\\/2013-11-23-16.20.25.jpg\",\"width\":1600,\"height\":900,\"caption\":\"suslacodru.blogspot.com\"},{\"@type\":\"WebSite\",\"@id\":\"https:\\\/\\\/www.btv.md\\\/#website\",\"url\":\"https:\\\/\\\/www.btv.md\\\/\",\"name\":\"BTV\",\"description\":\"\u0411\u0435\u043b\u044c\u0446\u043a\u043e\u0435 \u0442\u0435\u043b\u0435\u0432\u0438\u0434\u0435\u043d\u0438\u0435\",\"potentialAction\":[{\"@type\":\"SearchAction\",\"target\":{\"@type\":\"EntryPoint\",\"urlTemplate\":\"https:\\\/\\\/www.btv.md\\\/?s={search_term_string}\"},\"query-input\":{\"@type\":\"PropertyValueSpecification\",\"valueRequired\":true,\"valueName\":\"search_term_string\"}}],\"inLanguage\":\"ro-RO\"},{\"@type\":\"Person\",\"@id\":\"https:\\\/\\\/www.btv.md\\\/#\\\/schema\\\/person\\\/8fadce81561b3ce2c34c46dadc4ccbf2\",\"name\":\"admin\"}]}<\/script>\n<!-- \/ Yoast SEO plugin. -->","yoast_head_json":{"title":"UNELE PARCELE DIN CODRI MOLDOVEI VOR FI SCOASE LA LICITA\u021aIE - BTV","robots":{"index":"index","follow":"follow","max-snippet":"max-snippet:-1","max-image-preview":"max-image-preview:large","max-video-preview":"max-video-preview:-1"},"canonical":"https:\/\/www.btv.md\/ro\/unele-parcele-din-codri-moldovei-vor-fi-scoase-la-licitatie\/","og_locale":"ro_RO","og_type":"article","og_title":"UNELE PARCELE DIN CODRI MOLDOVEI VOR FI SCOASE LA LICITA\u021aIE - BTV","og_description":"Ministerul Mediului a anun\u021bat c\u0103 va organiza pe 12 martie 2016 la ora 10:00, la sediul institu\u021biei o licita\u021bie cu strigare privind dreptul de \u201eexploatare forestier\u0103 \u0219i valorificarea produselor forestiere \u00een perimetrele pachetelor indicate\u201d. Potrivit anun\u021bului la licita\u021bie sunt expuse 481 de parcele de p\u0103dure cu o suprafa\u021b\u0103 total\u0103 de 560,6 ha de p\u0103dure din [&hellip;]","og_url":"https:\/\/www.btv.md\/ro\/unele-parcele-din-codri-moldovei-vor-fi-scoase-la-licitatie\/","og_site_name":"BTV","article_publisher":"https:\/\/www.facebook.com\/btvmoldova\/","article_published_time":"2016-02-29T09:06:26+00:00","article_modified_time":"2016-02-29T09:06:38+00:00","og_image":[{"width":1600,"height":900,"url":"https:\/\/www.btv.md\/wp-content\/uploads\/2016\/02\/2013-11-23-16.20.25.jpg","type":"image\/jpeg"}],"author":"admin","twitter_misc":{"Scris de":"admin","Timp estimat pentru citire":"1 minut"},"schema":{"@context":"https:\/\/schema.org","@graph":[{"@type":"Article","@id":"https:\/\/www.btv.md\/ro\/unele-parcele-din-codri-moldovei-vor-fi-scoase-la-licitatie\/#article","isPartOf":{"@id":"https:\/\/www.btv.md\/ro\/unele-parcele-din-codri-moldovei-vor-fi-scoase-la-licitatie\/"},"author":{"name":"admin","@id":"https:\/\/www.btv.md\/#\/schema\/person\/8fadce81561b3ce2c34c46dadc4ccbf2"},"headline":"UNELE PARCELE DIN CODRI MOLDOVEI VOR FI SCOASE LA LICITA\u021aIE","datePublished":"2016-02-29T09:06:26+00:00","dateModified":"2016-02-29T09:06:38+00:00","mainEntityOfPage":{"@id":"https:\/\/www.btv.md\/ro\/unele-parcele-din-codri-moldovei-vor-fi-scoase-la-licitatie\/"},"wordCount":194,"image":{"@id":"https:\/\/www.btv.md\/ro\/unele-parcele-din-codri-moldovei-vor-fi-scoase-la-licitatie\/#primaryimage"},"thumbnailUrl":"https:\/\/www.btv.md\/wp-content\/uploads\/2016\/02\/2013-11-23-16.20.25.jpg","articleSection":["Social"],"inLanguage":"ro-RO"},{"@type":"WebPage","@id":"https:\/\/www.btv.md\/ro\/unele-parcele-din-codri-moldovei-vor-fi-scoase-la-licitatie\/","url":"https:\/\/www.btv.md\/ro\/unele-parcele-din-codri-moldovei-vor-fi-scoase-la-licitatie\/","name":"UNELE PARCELE DIN CODRI MOLDOVEI VOR FI SCOASE LA LICITA\u021aIE - BTV","isPartOf":{"@id":"https:\/\/www.btv.md\/#website"},"primaryImageOfPage":{"@id":"https:\/\/www.btv.md\/ro\/unele-parcele-din-codri-moldovei-vor-fi-scoase-la-licitatie\/#primaryimage"},"image":{"@id":"https:\/\/www.btv.md\/ro\/unele-parcele-din-codri-moldovei-vor-fi-scoase-la-licitatie\/#primaryimage"},"thumbnailUrl":"https:\/\/www.btv.md\/wp-content\/uploads\/2016\/02\/2013-11-23-16.20.25.jpg","datePublished":"2016-02-29T09:06:26+00:00","dateModified":"2016-02-29T09:06:38+00:00","author":{"@id":"https:\/\/www.btv.md\/#\/schema\/person\/8fadce81561b3ce2c34c46dadc4ccbf2"},"inLanguage":"ro-RO","potentialAction":[{"@type":"ReadAction","target":["https:\/\/www.btv.md\/ro\/unele-parcele-din-codri-moldovei-vor-fi-scoase-la-licitatie\/"]}]},{"@type":"ImageObject","inLanguage":"ro-RO","@id":"https:\/\/www.btv.md\/ro\/unele-parcele-din-codri-moldovei-vor-fi-scoase-la-licitatie\/#primaryimage","url":"https:\/\/www.btv.md\/wp-content\/uploads\/2016\/02\/2013-11-23-16.20.25.jpg","contentUrl":"https:\/\/www.btv.md\/wp-content\/uploads\/2016\/02\/2013-11-23-16.20.25.jpg","width":1600,"height":900,"caption":"suslacodru.blogspot.com"},{"@type":"WebSite","@id":"https:\/\/www.btv.md\/#website","url":"https:\/\/www.btv.md\/","name":"BTV","description":"\u0411\u0435\u043b\u044c\u0446\u043a\u043e\u0435 \u0442\u0435\u043b\u0435\u0432\u0438\u0434\u0435\u043d\u0438\u0435","potentialAction":[{"@type":"SearchAction","target":{"@type":"EntryPoint","urlTemplate":"https:\/\/www.btv.md\/?s={search_term_string}"},"query-input":{"@type":"PropertyValueSpecification","valueRequired":true,"valueName":"search_term_string"}}],"inLanguage":"ro-RO"},{"@type":"Person","@id":"https:\/\/www.btv.md\/#\/schema\/person\/8fadce81561b3ce2c34c46dadc4ccbf2","name":"admin"}]}},"_links":{"self":[{"href":"https:\/\/www.btv.md\/ro\/wp-json\/wp\/v2\/posts\/7872","targetHints":{"allow":["GET"]}}],"collection":[{"href":"https:\/\/www.btv.md\/ro\/wp-json\/wp\/v2\/posts"}],"about":[{"href":"https:\/\/www.btv.md\/ro\/wp-json\/wp\/v2\/types\/post"}],"author":[{"embeddable":true,"href":"https:\/\/www.btv.md\/ro\/wp-json\/wp\/v2\/users\/4"}],"replies":[{"embeddable":true,"href":"https:\/\/www.btv.md\/ro\/wp-json\/wp\/v2\/comments?post=7872"}],"version-history":[{"count":0,"href":"https:\/\/www.btv.md\/ro\/wp-json\/wp\/v2\/posts\/7872\/revisions"}],"wp:featuredmedia":[{"embeddable":true,"href":"https:\/\/www.btv.md\/ro\/wp-json\/wp\/v2\/media\/7873"}],"wp:attachment":[{"href":"https:\/\/www.btv.md\/ro\/wp-json\/wp\/v2\/media?parent=7872"}],"wp:term":[{"taxonomy":"category","embeddable":true,"href":"https:\/\/www.btv.md\/ro\/wp-json\/wp\/v2\/categories?post=7872"},{"taxonomy":"post_tag","embeddable":true,"href":"https:\/\/www.btv.md\/ro\/wp-json\/wp\/v2\/tags?post=7872"}],"curies":[{"name":"wp","href":"https:\/\/api.w.org\/{rel}","templated":true}]}}