{"id":7875,"date":"2016-02-29T12:09:42","date_gmt":"2016-02-29T09:09:42","guid":{"rendered":"http:\/\/btv.md\/?p=7875"},"modified":"2016-02-29T12:09:42","modified_gmt":"2016-02-29T09:09:42","slug":"declaratia-pe-venit-completata-pana-la-25-martie","status":"publish","type":"post","link":"https:\/\/www.btv.md\/ro\/declaratia-pe-venit-completata-pana-la-25-martie\/","title":{"rendered":"DECLARA\u0162IA PE VENIT, COMPLETAT\u0102 P\u00c2N\u0102 LA 25 MARTIE"},"content":{"rendered":"<p><strong>Contribuabilii s\u00eent obliga\u0163i p\u00een\u0103 la 25 martie s\u0103 prezinte declara\u0163ia \u015fi s\u0103 achite impozitul pe venit pentru anul 2015, scrie <a href=\"http:\/\/www.noi.md\/md\/news_id\/79637\" target=\"_blank\">NOI.md<\/a>.<\/strong><\/p>\n<p>Potrivit reprezentantului  Serviciului Fiscal, Olga Golban, \u00een anul curent contribuabilii pot depune documentele necesare la orice oficiu fiscal indiferent de domiciliu.<\/p>\n<p>&#8222;<em>Conform legisla\u0163iei, persoanele fizice-rezidente s\u00eent obligate s\u0103 prezinte declara\u0163ia de venit \u00een caz c\u0103 au ob\u0163inut venit de peste 29 640 lei anual sub form\u0103 de salariu la dou\u0103 sau mai multe locuri de munc\u0103 ori din alte surse, cum ar fi v\u00eenzarea bunurilor (cas\u0103, automobil etc.); au dat \u00een arend\u0103 loturi de teren, dep\u0103\u015find scutirea anual\u0103 de impozitul pe venit \u00een sum\u0103 de 10 128 de lei<\/em>&#8222;, a spus ea.<\/p>\n<p>Impozitul pe venit trebuie s\u0103-l declare persoanele care pleac\u0103 cu traiul \u00een alt stat sau care solicit\u0103 compensarea contribu\u0163iilor \u00een plus la impozitul pe venit, precum \u015fi cet\u0103\u0163enii str\u0103ini sau apatrizii care au statut de reziden\u0163i .<\/p>\n<p>Declara\u0163iile \u015fi rapoartele privind impozitul pe venit pot fi prezentate \u00een format electronic pe site-ul servicii.fisc.md sau pe h\u00eertie la orice oficiu teritorial al Serviciului fiscal, care \u00een perioada 21-24 martie vor lucra \u00een regim special \u2013 \u00eentre orele 8.00 \u0219i 19.00, iar pe 25 martie \u00eentre orele 8.00 \u015fi 20.00.<\/p>\n","protected":false},"excerpt":{"rendered":"<p>Contribuabilii s\u00eent obliga\u0163i p\u00een\u0103 la 25 martie s\u0103 prezinte declara\u0163ia \u015fi s\u0103 achite impozitul pe venit pentru anul 2015, scrie NOI.md. Potrivit reprezentantului Serviciului Fiscal, Olga Golban, \u00een anul curent contribuabilii pot depune documentele necesare la orice oficiu fiscal indiferent de domiciliu. &#8222;Conform legisla\u0163iei, persoanele fizice-rezidente s\u00eent obligate s\u0103 prezinte declara\u0163ia de venit \u00een caz [&hellip;]<\/p>\n","protected":false},"author":4,"featured_media":7876,"comment_status":"closed","ping_status":"closed","sticky":false,"template":"","format":"standard","meta":{"footnotes":""},"categories":[6369],"tags":[],"class_list":["post-7875","post","type-post","status-publish","format-standard","has-post-thumbnail","hentry","category-economie-ro"],"yoast_head":"<!-- This site is optimized with the Yoast SEO plugin v27.4 - https:\/\/yoast.com\/product\/yoast-seo-wordpress\/ -->\n<title>DECLARA\u0162IA PE VENIT, COMPLETAT\u0102 P\u00c2N\u0102 LA 25 MARTIE - BTV<\/title>\n<meta name=\"robots\" content=\"index, follow, max-snippet:-1, max-image-preview:large, max-video-preview:-1\" \/>\n<link rel=\"canonical\" href=\"https:\/\/www.btv.md\/ro\/declaratia-pe-venit-completata-pana-la-25-martie\/\" \/>\n<meta property=\"og:locale\" content=\"ro_RO\" \/>\n<meta property=\"og:type\" content=\"article\" \/>\n<meta property=\"og:title\" content=\"DECLARA\u0162IA PE VENIT, COMPLETAT\u0102 P\u00c2N\u0102 LA 25 MARTIE - BTV\" \/>\n<meta property=\"og:description\" content=\"Contribuabilii s\u00eent obliga\u0163i p\u00een\u0103 la 25 martie s\u0103 prezinte declara\u0163ia \u015fi s\u0103 achite impozitul pe venit pentru anul 2015, scrie NOI.md. Potrivit reprezentantului Serviciului Fiscal, Olga Golban, \u00een anul curent contribuabilii pot depune documentele necesare la orice oficiu fiscal indiferent de domiciliu. &#8222;Conform legisla\u0163iei, persoanele fizice-rezidente s\u00eent obligate s\u0103 prezinte declara\u0163ia de venit \u00een caz [&hellip;]\" \/>\n<meta property=\"og:url\" content=\"https:\/\/www.btv.md\/ro\/declaratia-pe-venit-completata-pana-la-25-martie\/\" \/>\n<meta property=\"og:site_name\" content=\"BTV\" \/>\n<meta property=\"article:publisher\" content=\"https:\/\/www.facebook.com\/btvmoldova\/\" \/>\n<meta property=\"article:published_time\" content=\"2016-02-29T09:09:42+00:00\" \/>\n<meta property=\"og:image\" content=\"https:\/\/www.btv.md\/wp-content\/uploads\/2016\/02\/declaratiile-fiscale-obligatorii.jpg\" \/>\n\t<meta property=\"og:image:width\" content=\"450\" \/>\n\t<meta property=\"og:image:height\" content=\"287\" \/>\n\t<meta property=\"og:image:type\" content=\"image\/jpeg\" \/>\n<meta name=\"author\" content=\"admin\" \/>\n<meta name=\"twitter:label1\" content=\"Scris de\" \/>\n\t<meta name=\"twitter:data1\" content=\"admin\" \/>\n\t<meta name=\"twitter:label2\" content=\"Timp estimat pentru citire\" \/>\n\t<meta name=\"twitter:data2\" content=\"1 minut\" \/>\n<script type=\"application\/ld+json\" class=\"yoast-schema-graph\">{\"@context\":\"https:\\\/\\\/schema.org\",\"@graph\":[{\"@type\":\"Article\",\"@id\":\"https:\\\/\\\/www.btv.md\\\/ro\\\/declaratia-pe-venit-completata-pana-la-25-martie\\\/#article\",\"isPartOf\":{\"@id\":\"https:\\\/\\\/www.btv.md\\\/ro\\\/declaratia-pe-venit-completata-pana-la-25-martie\\\/\"},\"author\":{\"name\":\"admin\",\"@id\":\"https:\\\/\\\/www.btv.md\\\/#\\\/schema\\\/person\\\/8fadce81561b3ce2c34c46dadc4ccbf2\"},\"headline\":\"DECLARA\u0162IA PE VENIT, COMPLETAT\u0102 P\u00c2N\u0102 LA 25 MARTIE\",\"datePublished\":\"2016-02-29T09:09:42+00:00\",\"mainEntityOfPage\":{\"@id\":\"https:\\\/\\\/www.btv.md\\\/ro\\\/declaratia-pe-venit-completata-pana-la-25-martie\\\/\"},\"wordCount\":217,\"image\":{\"@id\":\"https:\\\/\\\/www.btv.md\\\/ro\\\/declaratia-pe-venit-completata-pana-la-25-martie\\\/#primaryimage\"},\"thumbnailUrl\":\"https:\\\/\\\/www.btv.md\\\/wp-content\\\/uploads\\\/2016\\\/02\\\/declaratiile-fiscale-obligatorii.jpg\",\"articleSection\":[\"Economie\"],\"inLanguage\":\"ro-RO\"},{\"@type\":\"WebPage\",\"@id\":\"https:\\\/\\\/www.btv.md\\\/ro\\\/declaratia-pe-venit-completata-pana-la-25-martie\\\/\",\"url\":\"https:\\\/\\\/www.btv.md\\\/ro\\\/declaratia-pe-venit-completata-pana-la-25-martie\\\/\",\"name\":\"DECLARA\u0162IA PE VENIT, COMPLETAT\u0102 P\u00c2N\u0102 LA 25 MARTIE - BTV\",\"isPartOf\":{\"@id\":\"https:\\\/\\\/www.btv.md\\\/#website\"},\"primaryImageOfPage\":{\"@id\":\"https:\\\/\\\/www.btv.md\\\/ro\\\/declaratia-pe-venit-completata-pana-la-25-martie\\\/#primaryimage\"},\"image\":{\"@id\":\"https:\\\/\\\/www.btv.md\\\/ro\\\/declaratia-pe-venit-completata-pana-la-25-martie\\\/#primaryimage\"},\"thumbnailUrl\":\"https:\\\/\\\/www.btv.md\\\/wp-content\\\/uploads\\\/2016\\\/02\\\/declaratiile-fiscale-obligatorii.jpg\",\"datePublished\":\"2016-02-29T09:09:42+00:00\",\"author\":{\"@id\":\"https:\\\/\\\/www.btv.md\\\/#\\\/schema\\\/person\\\/8fadce81561b3ce2c34c46dadc4ccbf2\"},\"inLanguage\":\"ro-RO\",\"potentialAction\":[{\"@type\":\"ReadAction\",\"target\":[\"https:\\\/\\\/www.btv.md\\\/ro\\\/declaratia-pe-venit-completata-pana-la-25-martie\\\/\"]}]},{\"@type\":\"ImageObject\",\"inLanguage\":\"ro-RO\",\"@id\":\"https:\\\/\\\/www.btv.md\\\/ro\\\/declaratia-pe-venit-completata-pana-la-25-martie\\\/#primaryimage\",\"url\":\"https:\\\/\\\/www.btv.md\\\/wp-content\\\/uploads\\\/2016\\\/02\\\/declaratiile-fiscale-obligatorii.jpg\",\"contentUrl\":\"https:\\\/\\\/www.btv.md\\\/wp-content\\\/uploads\\\/2016\\\/02\\\/declaratiile-fiscale-obligatorii.jpg\",\"width\":450,\"height\":287,\"caption\":\"www.radiochisinau.md\"},{\"@type\":\"WebSite\",\"@id\":\"https:\\\/\\\/www.btv.md\\\/#website\",\"url\":\"https:\\\/\\\/www.btv.md\\\/\",\"name\":\"BTV\",\"description\":\"\u0411\u0435\u043b\u044c\u0446\u043a\u043e\u0435 \u0442\u0435\u043b\u0435\u0432\u0438\u0434\u0435\u043d\u0438\u0435\",\"potentialAction\":[{\"@type\":\"SearchAction\",\"target\":{\"@type\":\"EntryPoint\",\"urlTemplate\":\"https:\\\/\\\/www.btv.md\\\/?s={search_term_string}\"},\"query-input\":{\"@type\":\"PropertyValueSpecification\",\"valueRequired\":true,\"valueName\":\"search_term_string\"}}],\"inLanguage\":\"ro-RO\"},{\"@type\":\"Person\",\"@id\":\"https:\\\/\\\/www.btv.md\\\/#\\\/schema\\\/person\\\/8fadce81561b3ce2c34c46dadc4ccbf2\",\"name\":\"admin\"}]}<\/script>\n<!-- \/ Yoast SEO plugin. -->","yoast_head_json":{"title":"DECLARA\u0162IA PE VENIT, COMPLETAT\u0102 P\u00c2N\u0102 LA 25 MARTIE - BTV","robots":{"index":"index","follow":"follow","max-snippet":"max-snippet:-1","max-image-preview":"max-image-preview:large","max-video-preview":"max-video-preview:-1"},"canonical":"https:\/\/www.btv.md\/ro\/declaratia-pe-venit-completata-pana-la-25-martie\/","og_locale":"ro_RO","og_type":"article","og_title":"DECLARA\u0162IA PE VENIT, COMPLETAT\u0102 P\u00c2N\u0102 LA 25 MARTIE - BTV","og_description":"Contribuabilii s\u00eent obliga\u0163i p\u00een\u0103 la 25 martie s\u0103 prezinte declara\u0163ia \u015fi s\u0103 achite impozitul pe venit pentru anul 2015, scrie NOI.md. Potrivit reprezentantului Serviciului Fiscal, Olga Golban, \u00een anul curent contribuabilii pot depune documentele necesare la orice oficiu fiscal indiferent de domiciliu. &#8222;Conform legisla\u0163iei, persoanele fizice-rezidente s\u00eent obligate s\u0103 prezinte declara\u0163ia de venit \u00een caz [&hellip;]","og_url":"https:\/\/www.btv.md\/ro\/declaratia-pe-venit-completata-pana-la-25-martie\/","og_site_name":"BTV","article_publisher":"https:\/\/www.facebook.com\/btvmoldova\/","article_published_time":"2016-02-29T09:09:42+00:00","og_image":[{"width":450,"height":287,"url":"https:\/\/www.btv.md\/wp-content\/uploads\/2016\/02\/declaratiile-fiscale-obligatorii.jpg","type":"image\/jpeg"}],"author":"admin","twitter_misc":{"Scris de":"admin","Timp estimat pentru citire":"1 minut"},"schema":{"@context":"https:\/\/schema.org","@graph":[{"@type":"Article","@id":"https:\/\/www.btv.md\/ro\/declaratia-pe-venit-completata-pana-la-25-martie\/#article","isPartOf":{"@id":"https:\/\/www.btv.md\/ro\/declaratia-pe-venit-completata-pana-la-25-martie\/"},"author":{"name":"admin","@id":"https:\/\/www.btv.md\/#\/schema\/person\/8fadce81561b3ce2c34c46dadc4ccbf2"},"headline":"DECLARA\u0162IA PE VENIT, COMPLETAT\u0102 P\u00c2N\u0102 LA 25 MARTIE","datePublished":"2016-02-29T09:09:42+00:00","mainEntityOfPage":{"@id":"https:\/\/www.btv.md\/ro\/declaratia-pe-venit-completata-pana-la-25-martie\/"},"wordCount":217,"image":{"@id":"https:\/\/www.btv.md\/ro\/declaratia-pe-venit-completata-pana-la-25-martie\/#primaryimage"},"thumbnailUrl":"https:\/\/www.btv.md\/wp-content\/uploads\/2016\/02\/declaratiile-fiscale-obligatorii.jpg","articleSection":["Economie"],"inLanguage":"ro-RO"},{"@type":"WebPage","@id":"https:\/\/www.btv.md\/ro\/declaratia-pe-venit-completata-pana-la-25-martie\/","url":"https:\/\/www.btv.md\/ro\/declaratia-pe-venit-completata-pana-la-25-martie\/","name":"DECLARA\u0162IA PE VENIT, COMPLETAT\u0102 P\u00c2N\u0102 LA 25 MARTIE - BTV","isPartOf":{"@id":"https:\/\/www.btv.md\/#website"},"primaryImageOfPage":{"@id":"https:\/\/www.btv.md\/ro\/declaratia-pe-venit-completata-pana-la-25-martie\/#primaryimage"},"image":{"@id":"https:\/\/www.btv.md\/ro\/declaratia-pe-venit-completata-pana-la-25-martie\/#primaryimage"},"thumbnailUrl":"https:\/\/www.btv.md\/wp-content\/uploads\/2016\/02\/declaratiile-fiscale-obligatorii.jpg","datePublished":"2016-02-29T09:09:42+00:00","author":{"@id":"https:\/\/www.btv.md\/#\/schema\/person\/8fadce81561b3ce2c34c46dadc4ccbf2"},"inLanguage":"ro-RO","potentialAction":[{"@type":"ReadAction","target":["https:\/\/www.btv.md\/ro\/declaratia-pe-venit-completata-pana-la-25-martie\/"]}]},{"@type":"ImageObject","inLanguage":"ro-RO","@id":"https:\/\/www.btv.md\/ro\/declaratia-pe-venit-completata-pana-la-25-martie\/#primaryimage","url":"https:\/\/www.btv.md\/wp-content\/uploads\/2016\/02\/declaratiile-fiscale-obligatorii.jpg","contentUrl":"https:\/\/www.btv.md\/wp-content\/uploads\/2016\/02\/declaratiile-fiscale-obligatorii.jpg","width":450,"height":287,"caption":"www.radiochisinau.md"},{"@type":"WebSite","@id":"https:\/\/www.btv.md\/#website","url":"https:\/\/www.btv.md\/","name":"BTV","description":"\u0411\u0435\u043b\u044c\u0446\u043a\u043e\u0435 \u0442\u0435\u043b\u0435\u0432\u0438\u0434\u0435\u043d\u0438\u0435","potentialAction":[{"@type":"SearchAction","target":{"@type":"EntryPoint","urlTemplate":"https:\/\/www.btv.md\/?s={search_term_string}"},"query-input":{"@type":"PropertyValueSpecification","valueRequired":true,"valueName":"search_term_string"}}],"inLanguage":"ro-RO"},{"@type":"Person","@id":"https:\/\/www.btv.md\/#\/schema\/person\/8fadce81561b3ce2c34c46dadc4ccbf2","name":"admin"}]}},"_links":{"self":[{"href":"https:\/\/www.btv.md\/ro\/wp-json\/wp\/v2\/posts\/7875","targetHints":{"allow":["GET"]}}],"collection":[{"href":"https:\/\/www.btv.md\/ro\/wp-json\/wp\/v2\/posts"}],"about":[{"href":"https:\/\/www.btv.md\/ro\/wp-json\/wp\/v2\/types\/post"}],"author":[{"embeddable":true,"href":"https:\/\/www.btv.md\/ro\/wp-json\/wp\/v2\/users\/4"}],"replies":[{"embeddable":true,"href":"https:\/\/www.btv.md\/ro\/wp-json\/wp\/v2\/comments?post=7875"}],"version-history":[{"count":0,"href":"https:\/\/www.btv.md\/ro\/wp-json\/wp\/v2\/posts\/7875\/revisions"}],"wp:featuredmedia":[{"embeddable":true,"href":"https:\/\/www.btv.md\/ro\/wp-json\/wp\/v2\/media\/7876"}],"wp:attachment":[{"href":"https:\/\/www.btv.md\/ro\/wp-json\/wp\/v2\/media?parent=7875"}],"wp:term":[{"taxonomy":"category","embeddable":true,"href":"https:\/\/www.btv.md\/ro\/wp-json\/wp\/v2\/categories?post=7875"},{"taxonomy":"post_tag","embeddable":true,"href":"https:\/\/www.btv.md\/ro\/wp-json\/wp\/v2\/tags?post=7875"}],"curies":[{"name":"wp","href":"https:\/\/api.w.org\/{rel}","templated":true}]}}