{"id":7878,"date":"2016-02-29T12:11:54","date_gmt":"2016-02-29T09:11:54","guid":{"rendered":"http:\/\/btv.md\/?p=7878"},"modified":"2016-02-29T12:11:54","modified_gmt":"2016-02-29T09:11:54","slug":"draexlmaier-va-deschide-a-treia-uzina-pentru-producerea-pieselor-auto","status":"publish","type":"post","link":"https:\/\/www.btv.md\/ro\/draexlmaier-va-deschide-a-treia-uzina-pentru-producerea-pieselor-auto\/","title":{"rendered":"\u201eDRAEXLMAIER\u201d  VA  DESCHIDE A  TREIA  UZIN\u0102  PENTRU  PRODUCEREA  PIESELOR  AUTO"},"content":{"rendered":"<p><strong>Concernul german \u201eDraexlmaier\u201d va deschide \u00een Republica Moldova a treia uzin\u0103 pentru producerea pieselor auto. Construc\u021bia \u00eentreprinderii va demara deja la 1 martie 2016, iar volumul investi\u021biilor va dep\u0103\u0219i 30 de milioane de euro. Informa\u021bia a fost comunicat\u0103 de administratorul Zonei Economice Libere \u201eB\u0103l\u021bi\u201d, Marin Ciobanu, informeaz\u0103 <a href=\"http:\/\/www.noi.md\/md\/news_id\/79608\" target=\"_blank\">NOI.md<\/a>.<\/strong><\/p>\n<p>Antreprenorul a scris pe o re\u021bea de socializare c\u0103 \u00een cadrul acestui proiect vor fi create 2500 de locuri de munc\u0103 noi directe \u0219i alte 6250 de locuri de munc\u0103 indirecte, legate \u00eentr-un fel sau altul de activitatea noii uzine.<\/p>\n<p>\u201eDraexlmaier Group\u201d este unul dintre cei mai mari furnizori pentru industria automobilelor din lume. Compania elaboreaz\u0103, produce \u0219i vinde piese \u0219i utilaje electrice pentru cei mai importan\u021bi produc\u0103tori de automobile: \u201eBMW\u201d, \u201eMercedes-Benz\u201d, \u201eAudi\u201d, \u201ePorsche\u201d etc. Compania activeaz\u0103 \u00een peste 20 de \u021b\u0103ri ale lumii, de\u021bine 62 de uzine \u0219i are 55 de mii de angaja\u021bi spune Marin Ciobanu.<\/p>\n<p>Concernul german este prezent \u00een Moldova din anul 2006. \u00cen prezent, \u00een ZEL \u201eB\u0103l\u021bi\u201d func\u021bioneaz\u0103 dou\u0103 uzine ale companiei \u201eDraexlmaier\u201d. Suma investi\u021biilor \u00een aceste \u00eentreprinderi a dep\u0103\u0219it 15 milioane de euro, fiind create circa 3000 de locuri de munc\u0103.<\/p>\n","protected":false},"excerpt":{"rendered":"<p>Concernul german \u201eDraexlmaier\u201d va deschide \u00een Republica Moldova a treia uzin\u0103 pentru producerea pieselor auto. Construc\u021bia \u00eentreprinderii va demara deja la 1 martie 2016, iar volumul investi\u021biilor va dep\u0103\u0219i 30 de milioane de euro. Informa\u021bia a fost comunicat\u0103 de administratorul Zonei Economice Libere \u201eB\u0103l\u021bi\u201d, Marin Ciobanu, informeaz\u0103 NOI.md. Antreprenorul a scris pe o re\u021bea de [&hellip;]<\/p>\n","protected":false},"author":4,"featured_media":7879,"comment_status":"closed","ping_status":"closed","sticky":false,"template":"","format":"standard","meta":{"footnotes":""},"categories":[6369],"tags":[],"class_list":["post-7878","post","type-post","status-publish","format-standard","has-post-thumbnail","hentry","category-economie-ro"],"yoast_head":"<!-- This site is optimized with the Yoast SEO plugin v27.4 - https:\/\/yoast.com\/product\/yoast-seo-wordpress\/ -->\n<title>\u201eDRAEXLMAIER\u201d VA DESCHIDE A TREIA UZIN\u0102 PENTRU PRODUCEREA PIESELOR AUTO - BTV<\/title>\n<meta name=\"robots\" content=\"index, follow, max-snippet:-1, max-image-preview:large, max-video-preview:-1\" \/>\n<link rel=\"canonical\" href=\"https:\/\/www.btv.md\/ro\/draexlmaier-va-deschide-a-treia-uzina-pentru-producerea-pieselor-auto\/\" \/>\n<meta property=\"og:locale\" content=\"ro_RO\" \/>\n<meta property=\"og:type\" content=\"article\" \/>\n<meta property=\"og:title\" content=\"\u201eDRAEXLMAIER\u201d VA DESCHIDE A TREIA UZIN\u0102 PENTRU PRODUCEREA PIESELOR AUTO - BTV\" \/>\n<meta property=\"og:description\" content=\"Concernul german \u201eDraexlmaier\u201d va deschide \u00een Republica Moldova a treia uzin\u0103 pentru producerea pieselor auto. Construc\u021bia \u00eentreprinderii va demara deja la 1 martie 2016, iar volumul investi\u021biilor va dep\u0103\u0219i 30 de milioane de euro. Informa\u021bia a fost comunicat\u0103 de administratorul Zonei Economice Libere \u201eB\u0103l\u021bi\u201d, Marin Ciobanu, informeaz\u0103 NOI.md. Antreprenorul a scris pe o re\u021bea de [&hellip;]\" \/>\n<meta property=\"og:url\" content=\"https:\/\/www.btv.md\/ro\/draexlmaier-va-deschide-a-treia-uzina-pentru-producerea-pieselor-auto\/\" \/>\n<meta property=\"og:site_name\" content=\"BTV\" \/>\n<meta property=\"article:publisher\" content=\"https:\/\/www.facebook.com\/btvmoldova\/\" \/>\n<meta property=\"article:published_time\" content=\"2016-02-29T09:11:54+00:00\" \/>\n<meta property=\"og:image\" content=\"https:\/\/www.btv.md\/wp-content\/uploads\/2016\/02\/236.jpg\" \/>\n\t<meta property=\"og:image:width\" content=\"630\" \/>\n\t<meta property=\"og:image:height\" content=\"420\" \/>\n\t<meta property=\"og:image:type\" content=\"image\/jpeg\" \/>\n<meta name=\"author\" content=\"admin\" \/>\n<meta name=\"twitter:label1\" content=\"Scris de\" \/>\n\t<meta name=\"twitter:data1\" content=\"admin\" \/>\n\t<meta name=\"twitter:label2\" content=\"Timp estimat pentru citire\" \/>\n\t<meta name=\"twitter:data2\" content=\"1 minut\" \/>\n<script type=\"application\/ld+json\" class=\"yoast-schema-graph\">{\"@context\":\"https:\\\/\\\/schema.org\",\"@graph\":[{\"@type\":\"Article\",\"@id\":\"https:\\\/\\\/www.btv.md\\\/ro\\\/draexlmaier-va-deschide-a-treia-uzina-pentru-producerea-pieselor-auto\\\/#article\",\"isPartOf\":{\"@id\":\"https:\\\/\\\/www.btv.md\\\/ro\\\/draexlmaier-va-deschide-a-treia-uzina-pentru-producerea-pieselor-auto\\\/\"},\"author\":{\"name\":\"admin\",\"@id\":\"https:\\\/\\\/www.btv.md\\\/#\\\/schema\\\/person\\\/8fadce81561b3ce2c34c46dadc4ccbf2\"},\"headline\":\"\u201eDRAEXLMAIER\u201d VA DESCHIDE A TREIA UZIN\u0102 PENTRU PRODUCEREA PIESELOR AUTO\",\"datePublished\":\"2016-02-29T09:11:54+00:00\",\"mainEntityOfPage\":{\"@id\":\"https:\\\/\\\/www.btv.md\\\/ro\\\/draexlmaier-va-deschide-a-treia-uzina-pentru-producerea-pieselor-auto\\\/\"},\"wordCount\":201,\"image\":{\"@id\":\"https:\\\/\\\/www.btv.md\\\/ro\\\/draexlmaier-va-deschide-a-treia-uzina-pentru-producerea-pieselor-auto\\\/#primaryimage\"},\"thumbnailUrl\":\"https:\\\/\\\/www.btv.md\\\/wp-content\\\/uploads\\\/2016\\\/02\\\/236.jpg\",\"articleSection\":[\"Economie\"],\"inLanguage\":\"ro-RO\"},{\"@type\":\"WebPage\",\"@id\":\"https:\\\/\\\/www.btv.md\\\/ro\\\/draexlmaier-va-deschide-a-treia-uzina-pentru-producerea-pieselor-auto\\\/\",\"url\":\"https:\\\/\\\/www.btv.md\\\/ro\\\/draexlmaier-va-deschide-a-treia-uzina-pentru-producerea-pieselor-auto\\\/\",\"name\":\"\u201eDRAEXLMAIER\u201d VA DESCHIDE A TREIA UZIN\u0102 PENTRU PRODUCEREA PIESELOR AUTO - BTV\",\"isPartOf\":{\"@id\":\"https:\\\/\\\/www.btv.md\\\/#website\"},\"primaryImageOfPage\":{\"@id\":\"https:\\\/\\\/www.btv.md\\\/ro\\\/draexlmaier-va-deschide-a-treia-uzina-pentru-producerea-pieselor-auto\\\/#primaryimage\"},\"image\":{\"@id\":\"https:\\\/\\\/www.btv.md\\\/ro\\\/draexlmaier-va-deschide-a-treia-uzina-pentru-producerea-pieselor-auto\\\/#primaryimage\"},\"thumbnailUrl\":\"https:\\\/\\\/www.btv.md\\\/wp-content\\\/uploads\\\/2016\\\/02\\\/236.jpg\",\"datePublished\":\"2016-02-29T09:11:54+00:00\",\"author\":{\"@id\":\"https:\\\/\\\/www.btv.md\\\/#\\\/schema\\\/person\\\/8fadce81561b3ce2c34c46dadc4ccbf2\"},\"inLanguage\":\"ro-RO\",\"potentialAction\":[{\"@type\":\"ReadAction\",\"target\":[\"https:\\\/\\\/www.btv.md\\\/ro\\\/draexlmaier-va-deschide-a-treia-uzina-pentru-producerea-pieselor-auto\\\/\"]}]},{\"@type\":\"ImageObject\",\"inLanguage\":\"ro-RO\",\"@id\":\"https:\\\/\\\/www.btv.md\\\/ro\\\/draexlmaier-va-deschide-a-treia-uzina-pentru-producerea-pieselor-auto\\\/#primaryimage\",\"url\":\"https:\\\/\\\/www.btv.md\\\/wp-content\\\/uploads\\\/2016\\\/02\\\/236.jpg\",\"contentUrl\":\"https:\\\/\\\/www.btv.md\\\/wp-content\\\/uploads\\\/2016\\\/02\\\/236.jpg\",\"width\":630,\"height\":420,\"caption\":\"satu-mare.comisarul.ro\"},{\"@type\":\"WebSite\",\"@id\":\"https:\\\/\\\/www.btv.md\\\/#website\",\"url\":\"https:\\\/\\\/www.btv.md\\\/\",\"name\":\"BTV\",\"description\":\"\u0411\u0435\u043b\u044c\u0446\u043a\u043e\u0435 \u0442\u0435\u043b\u0435\u0432\u0438\u0434\u0435\u043d\u0438\u0435\",\"potentialAction\":[{\"@type\":\"SearchAction\",\"target\":{\"@type\":\"EntryPoint\",\"urlTemplate\":\"https:\\\/\\\/www.btv.md\\\/?s={search_term_string}\"},\"query-input\":{\"@type\":\"PropertyValueSpecification\",\"valueRequired\":true,\"valueName\":\"search_term_string\"}}],\"inLanguage\":\"ro-RO\"},{\"@type\":\"Person\",\"@id\":\"https:\\\/\\\/www.btv.md\\\/#\\\/schema\\\/person\\\/8fadce81561b3ce2c34c46dadc4ccbf2\",\"name\":\"admin\"}]}<\/script>\n<!-- \/ Yoast SEO plugin. -->","yoast_head_json":{"title":"\u201eDRAEXLMAIER\u201d VA DESCHIDE A TREIA UZIN\u0102 PENTRU PRODUCEREA PIESELOR AUTO - BTV","robots":{"index":"index","follow":"follow","max-snippet":"max-snippet:-1","max-image-preview":"max-image-preview:large","max-video-preview":"max-video-preview:-1"},"canonical":"https:\/\/www.btv.md\/ro\/draexlmaier-va-deschide-a-treia-uzina-pentru-producerea-pieselor-auto\/","og_locale":"ro_RO","og_type":"article","og_title":"\u201eDRAEXLMAIER\u201d VA DESCHIDE A TREIA UZIN\u0102 PENTRU PRODUCEREA PIESELOR AUTO - BTV","og_description":"Concernul german \u201eDraexlmaier\u201d va deschide \u00een Republica Moldova a treia uzin\u0103 pentru producerea pieselor auto. Construc\u021bia \u00eentreprinderii va demara deja la 1 martie 2016, iar volumul investi\u021biilor va dep\u0103\u0219i 30 de milioane de euro. Informa\u021bia a fost comunicat\u0103 de administratorul Zonei Economice Libere \u201eB\u0103l\u021bi\u201d, Marin Ciobanu, informeaz\u0103 NOI.md. Antreprenorul a scris pe o re\u021bea de [&hellip;]","og_url":"https:\/\/www.btv.md\/ro\/draexlmaier-va-deschide-a-treia-uzina-pentru-producerea-pieselor-auto\/","og_site_name":"BTV","article_publisher":"https:\/\/www.facebook.com\/btvmoldova\/","article_published_time":"2016-02-29T09:11:54+00:00","og_image":[{"width":630,"height":420,"url":"https:\/\/www.btv.md\/wp-content\/uploads\/2016\/02\/236.jpg","type":"image\/jpeg"}],"author":"admin","twitter_misc":{"Scris de":"admin","Timp estimat pentru citire":"1 minut"},"schema":{"@context":"https:\/\/schema.org","@graph":[{"@type":"Article","@id":"https:\/\/www.btv.md\/ro\/draexlmaier-va-deschide-a-treia-uzina-pentru-producerea-pieselor-auto\/#article","isPartOf":{"@id":"https:\/\/www.btv.md\/ro\/draexlmaier-va-deschide-a-treia-uzina-pentru-producerea-pieselor-auto\/"},"author":{"name":"admin","@id":"https:\/\/www.btv.md\/#\/schema\/person\/8fadce81561b3ce2c34c46dadc4ccbf2"},"headline":"\u201eDRAEXLMAIER\u201d VA DESCHIDE A TREIA UZIN\u0102 PENTRU PRODUCEREA PIESELOR AUTO","datePublished":"2016-02-29T09:11:54+00:00","mainEntityOfPage":{"@id":"https:\/\/www.btv.md\/ro\/draexlmaier-va-deschide-a-treia-uzina-pentru-producerea-pieselor-auto\/"},"wordCount":201,"image":{"@id":"https:\/\/www.btv.md\/ro\/draexlmaier-va-deschide-a-treia-uzina-pentru-producerea-pieselor-auto\/#primaryimage"},"thumbnailUrl":"https:\/\/www.btv.md\/wp-content\/uploads\/2016\/02\/236.jpg","articleSection":["Economie"],"inLanguage":"ro-RO"},{"@type":"WebPage","@id":"https:\/\/www.btv.md\/ro\/draexlmaier-va-deschide-a-treia-uzina-pentru-producerea-pieselor-auto\/","url":"https:\/\/www.btv.md\/ro\/draexlmaier-va-deschide-a-treia-uzina-pentru-producerea-pieselor-auto\/","name":"\u201eDRAEXLMAIER\u201d VA DESCHIDE A TREIA UZIN\u0102 PENTRU PRODUCEREA PIESELOR AUTO - BTV","isPartOf":{"@id":"https:\/\/www.btv.md\/#website"},"primaryImageOfPage":{"@id":"https:\/\/www.btv.md\/ro\/draexlmaier-va-deschide-a-treia-uzina-pentru-producerea-pieselor-auto\/#primaryimage"},"image":{"@id":"https:\/\/www.btv.md\/ro\/draexlmaier-va-deschide-a-treia-uzina-pentru-producerea-pieselor-auto\/#primaryimage"},"thumbnailUrl":"https:\/\/www.btv.md\/wp-content\/uploads\/2016\/02\/236.jpg","datePublished":"2016-02-29T09:11:54+00:00","author":{"@id":"https:\/\/www.btv.md\/#\/schema\/person\/8fadce81561b3ce2c34c46dadc4ccbf2"},"inLanguage":"ro-RO","potentialAction":[{"@type":"ReadAction","target":["https:\/\/www.btv.md\/ro\/draexlmaier-va-deschide-a-treia-uzina-pentru-producerea-pieselor-auto\/"]}]},{"@type":"ImageObject","inLanguage":"ro-RO","@id":"https:\/\/www.btv.md\/ro\/draexlmaier-va-deschide-a-treia-uzina-pentru-producerea-pieselor-auto\/#primaryimage","url":"https:\/\/www.btv.md\/wp-content\/uploads\/2016\/02\/236.jpg","contentUrl":"https:\/\/www.btv.md\/wp-content\/uploads\/2016\/02\/236.jpg","width":630,"height":420,"caption":"satu-mare.comisarul.ro"},{"@type":"WebSite","@id":"https:\/\/www.btv.md\/#website","url":"https:\/\/www.btv.md\/","name":"BTV","description":"\u0411\u0435\u043b\u044c\u0446\u043a\u043e\u0435 \u0442\u0435\u043b\u0435\u0432\u0438\u0434\u0435\u043d\u0438\u0435","potentialAction":[{"@type":"SearchAction","target":{"@type":"EntryPoint","urlTemplate":"https:\/\/www.btv.md\/?s={search_term_string}"},"query-input":{"@type":"PropertyValueSpecification","valueRequired":true,"valueName":"search_term_string"}}],"inLanguage":"ro-RO"},{"@type":"Person","@id":"https:\/\/www.btv.md\/#\/schema\/person\/8fadce81561b3ce2c34c46dadc4ccbf2","name":"admin"}]}},"_links":{"self":[{"href":"https:\/\/www.btv.md\/ro\/wp-json\/wp\/v2\/posts\/7878","targetHints":{"allow":["GET"]}}],"collection":[{"href":"https:\/\/www.btv.md\/ro\/wp-json\/wp\/v2\/posts"}],"about":[{"href":"https:\/\/www.btv.md\/ro\/wp-json\/wp\/v2\/types\/post"}],"author":[{"embeddable":true,"href":"https:\/\/www.btv.md\/ro\/wp-json\/wp\/v2\/users\/4"}],"replies":[{"embeddable":true,"href":"https:\/\/www.btv.md\/ro\/wp-json\/wp\/v2\/comments?post=7878"}],"version-history":[{"count":0,"href":"https:\/\/www.btv.md\/ro\/wp-json\/wp\/v2\/posts\/7878\/revisions"}],"wp:featuredmedia":[{"embeddable":true,"href":"https:\/\/www.btv.md\/ro\/wp-json\/wp\/v2\/media\/7879"}],"wp:attachment":[{"href":"https:\/\/www.btv.md\/ro\/wp-json\/wp\/v2\/media?parent=7878"}],"wp:term":[{"taxonomy":"category","embeddable":true,"href":"https:\/\/www.btv.md\/ro\/wp-json\/wp\/v2\/categories?post=7878"},{"taxonomy":"post_tag","embeddable":true,"href":"https:\/\/www.btv.md\/ro\/wp-json\/wp\/v2\/tags?post=7878"}],"curies":[{"name":"wp","href":"https:\/\/api.w.org\/{rel}","templated":true}]}}