{"id":7887,"date":"2016-02-29T12:22:04","date_gmt":"2016-02-29T09:22:04","guid":{"rendered":"http:\/\/btv.md\/?p=7887"},"modified":"2016-02-29T12:22:04","modified_gmt":"2016-02-29T09:22:04","slug":"moldtelecom-nu-majoreaza-tarifele","status":"publish","type":"post","link":"https:\/\/www.btv.md\/ro\/moldtelecom-nu-majoreaza-tarifele\/","title":{"rendered":"MOLDTELECOM  NU  MAJOREAZ\u0102  TARIFELE"},"content":{"rendered":"<p><strong>Ca urmare a nenum\u0103ratelor solicit\u0103ri venite din partea reprezentan\u0163ilor mass media, dar \u015fi ale abona\u0163ilor companiei \u00een leg\u0103tur\u0103 cu major\u0103rile tarifelor la servicii de telefonie mobil\u0103, anun\u0163ate de c\u0103tre ceilal\u0163i operatopri pe pia\u0163\u0103, compania Moldtelecom men\u0163ioneaz\u0103 c\u0103 nu inten\u0163ioneaz\u0103 s\u0103 majoreze tarifele la serviciile prestate, atat la serviciile mobile Unite c\u00eet \u015fi la cele fixe \u2013 Moldtelecom,scrie <a href=\"http:\/\/unimedia.info\/stiri\/moldtelecom-nu-majoreaza-tarifele-110363.html\" target=\"_blank\">UNIMEDIA<\/a>.<\/strong><\/p>\n<p>Compania va continua s\u0103 ofere cele mai mici pre\u0163uri la apeluri de pe telefon mobil spre orice re\u0163ea na\u0163ional\u0103. <\/p>\n<p>La moment, Unite ofera cel mai mic tarif la serviciile prepl\u0103tite (Cartela Unite) pentru apeluri \u00een orice re\u0163ea na\u0163ional\u0103 de doar 99 bani per minut \u015fi de 1 ban per minut pentru apeluri \u00een re\u0163ea. <\/p>\n","protected":false},"excerpt":{"rendered":"<p>Ca urmare a nenum\u0103ratelor solicit\u0103ri venite din partea reprezentan\u0163ilor mass media, dar \u015fi ale abona\u0163ilor companiei \u00een leg\u0103tur\u0103 cu major\u0103rile tarifelor la servicii de telefonie mobil\u0103, anun\u0163ate de c\u0103tre ceilal\u0163i operatopri pe pia\u0163\u0103, compania Moldtelecom men\u0163ioneaz\u0103 c\u0103 nu inten\u0163ioneaz\u0103 s\u0103 majoreze tarifele la serviciile prestate, atat la serviciile mobile Unite c\u00eet \u015fi la cele fixe [&hellip;]<\/p>\n","protected":false},"author":4,"featured_media":7888,"comment_status":"closed","ping_status":"closed","sticky":false,"template":"","format":"standard","meta":{"footnotes":""},"categories":[6349],"tags":[],"class_list":["post-7887","post","type-post","status-publish","format-standard","has-post-thumbnail","hentry","category-social"],"yoast_head":"<!-- This site is optimized with the Yoast SEO plugin v27.4 - https:\/\/yoast.com\/product\/yoast-seo-wordpress\/ -->\n<title>MOLDTELECOM NU MAJOREAZ\u0102 TARIFELE  - BTV<\/title>\n<meta name=\"robots\" content=\"index, follow, max-snippet:-1, max-image-preview:large, max-video-preview:-1\" \/>\n<link rel=\"canonical\" href=\"https:\/\/www.btv.md\/ro\/moldtelecom-nu-majoreaza-tarifele\/\" \/>\n<meta property=\"og:locale\" content=\"ro_RO\" \/>\n<meta property=\"og:type\" content=\"article\" \/>\n<meta property=\"og:title\" content=\"MOLDTELECOM NU MAJOREAZ\u0102 TARIFELE  - BTV\" \/>\n<meta property=\"og:description\" content=\"Ca urmare a nenum\u0103ratelor solicit\u0103ri venite din partea reprezentan\u0163ilor mass media, dar \u015fi ale abona\u0163ilor companiei \u00een leg\u0103tur\u0103 cu major\u0103rile tarifelor la servicii de telefonie mobil\u0103, anun\u0163ate de c\u0103tre ceilal\u0163i operatopri pe pia\u0163\u0103, compania Moldtelecom men\u0163ioneaz\u0103 c\u0103 nu inten\u0163ioneaz\u0103 s\u0103 majoreze tarifele la serviciile prestate, atat la serviciile mobile Unite c\u00eet \u015fi la cele fixe [&hellip;]\" \/>\n<meta property=\"og:url\" content=\"https:\/\/www.btv.md\/ro\/moldtelecom-nu-majoreaza-tarifele\/\" \/>\n<meta property=\"og:site_name\" content=\"BTV\" \/>\n<meta property=\"article:publisher\" content=\"https:\/\/www.facebook.com\/btvmoldova\/\" \/>\n<meta property=\"article:published_time\" content=\"2016-02-29T09:22:04+00:00\" \/>\n<meta property=\"og:image\" content=\"https:\/\/www.btv.md\/wp-content\/uploads\/2016\/02\/moldtelecom-majoreaza-tarifele-pentru-internet-si-televiziune-digitala-1424880325.jpg\" \/>\n\t<meta property=\"og:image:width\" content=\"800\" \/>\n\t<meta property=\"og:image:height\" content=\"600\" \/>\n\t<meta property=\"og:image:type\" content=\"image\/jpeg\" \/>\n<meta name=\"author\" content=\"admin\" \/>\n<meta name=\"twitter:label1\" content=\"Scris de\" \/>\n\t<meta name=\"twitter:data1\" content=\"admin\" \/>\n\t<meta name=\"twitter:label2\" content=\"Timp estimat pentru citire\" \/>\n\t<meta name=\"twitter:data2\" content=\"1 minut\" \/>\n<script type=\"application\/ld+json\" class=\"yoast-schema-graph\">{\"@context\":\"https:\\\/\\\/schema.org\",\"@graph\":[{\"@type\":\"Article\",\"@id\":\"https:\\\/\\\/www.btv.md\\\/ro\\\/moldtelecom-nu-majoreaza-tarifele\\\/#article\",\"isPartOf\":{\"@id\":\"https:\\\/\\\/www.btv.md\\\/ro\\\/moldtelecom-nu-majoreaza-tarifele\\\/\"},\"author\":{\"name\":\"admin\",\"@id\":\"https:\\\/\\\/www.btv.md\\\/#\\\/schema\\\/person\\\/8fadce81561b3ce2c34c46dadc4ccbf2\"},\"headline\":\"MOLDTELECOM NU MAJOREAZ\u0102 TARIFELE\",\"datePublished\":\"2016-02-29T09:22:04+00:00\",\"mainEntityOfPage\":{\"@id\":\"https:\\\/\\\/www.btv.md\\\/ro\\\/moldtelecom-nu-majoreaza-tarifele\\\/\"},\"wordCount\":133,\"image\":{\"@id\":\"https:\\\/\\\/www.btv.md\\\/ro\\\/moldtelecom-nu-majoreaza-tarifele\\\/#primaryimage\"},\"thumbnailUrl\":\"https:\\\/\\\/www.btv.md\\\/wp-content\\\/uploads\\\/2016\\\/02\\\/moldtelecom-majoreaza-tarifele-pentru-internet-si-televiziune-digitala-1424880325.jpg\",\"articleSection\":[\"Social\"],\"inLanguage\":\"ro-RO\"},{\"@type\":\"WebPage\",\"@id\":\"https:\\\/\\\/www.btv.md\\\/ro\\\/moldtelecom-nu-majoreaza-tarifele\\\/\",\"url\":\"https:\\\/\\\/www.btv.md\\\/ro\\\/moldtelecom-nu-majoreaza-tarifele\\\/\",\"name\":\"MOLDTELECOM NU MAJOREAZ\u0102 TARIFELE - BTV\",\"isPartOf\":{\"@id\":\"https:\\\/\\\/www.btv.md\\\/#website\"},\"primaryImageOfPage\":{\"@id\":\"https:\\\/\\\/www.btv.md\\\/ro\\\/moldtelecom-nu-majoreaza-tarifele\\\/#primaryimage\"},\"image\":{\"@id\":\"https:\\\/\\\/www.btv.md\\\/ro\\\/moldtelecom-nu-majoreaza-tarifele\\\/#primaryimage\"},\"thumbnailUrl\":\"https:\\\/\\\/www.btv.md\\\/wp-content\\\/uploads\\\/2016\\\/02\\\/moldtelecom-majoreaza-tarifele-pentru-internet-si-televiziune-digitala-1424880325.jpg\",\"datePublished\":\"2016-02-29T09:22:04+00:00\",\"author\":{\"@id\":\"https:\\\/\\\/www.btv.md\\\/#\\\/schema\\\/person\\\/8fadce81561b3ce2c34c46dadc4ccbf2\"},\"inLanguage\":\"ro-RO\",\"potentialAction\":[{\"@type\":\"ReadAction\",\"target\":[\"https:\\\/\\\/www.btv.md\\\/ro\\\/moldtelecom-nu-majoreaza-tarifele\\\/\"]}]},{\"@type\":\"ImageObject\",\"inLanguage\":\"ro-RO\",\"@id\":\"https:\\\/\\\/www.btv.md\\\/ro\\\/moldtelecom-nu-majoreaza-tarifele\\\/#primaryimage\",\"url\":\"https:\\\/\\\/www.btv.md\\\/wp-content\\\/uploads\\\/2016\\\/02\\\/moldtelecom-majoreaza-tarifele-pentru-internet-si-televiziune-digitala-1424880325.jpg\",\"contentUrl\":\"https:\\\/\\\/www.btv.md\\\/wp-content\\\/uploads\\\/2016\\\/02\\\/moldtelecom-majoreaza-tarifele-pentru-internet-si-televiziune-digitala-1424880325.jpg\",\"width\":800,\"height\":600,\"caption\":\"agora.md\"},{\"@type\":\"WebSite\",\"@id\":\"https:\\\/\\\/www.btv.md\\\/#website\",\"url\":\"https:\\\/\\\/www.btv.md\\\/\",\"name\":\"BTV\",\"description\":\"\u0411\u0435\u043b\u044c\u0446\u043a\u043e\u0435 \u0442\u0435\u043b\u0435\u0432\u0438\u0434\u0435\u043d\u0438\u0435\",\"potentialAction\":[{\"@type\":\"SearchAction\",\"target\":{\"@type\":\"EntryPoint\",\"urlTemplate\":\"https:\\\/\\\/www.btv.md\\\/?s={search_term_string}\"},\"query-input\":{\"@type\":\"PropertyValueSpecification\",\"valueRequired\":true,\"valueName\":\"search_term_string\"}}],\"inLanguage\":\"ro-RO\"},{\"@type\":\"Person\",\"@id\":\"https:\\\/\\\/www.btv.md\\\/#\\\/schema\\\/person\\\/8fadce81561b3ce2c34c46dadc4ccbf2\",\"name\":\"admin\"}]}<\/script>\n<!-- \/ Yoast SEO plugin. -->","yoast_head_json":{"title":"MOLDTELECOM NU MAJOREAZ\u0102 TARIFELE  - BTV","robots":{"index":"index","follow":"follow","max-snippet":"max-snippet:-1","max-image-preview":"max-image-preview:large","max-video-preview":"max-video-preview:-1"},"canonical":"https:\/\/www.btv.md\/ro\/moldtelecom-nu-majoreaza-tarifele\/","og_locale":"ro_RO","og_type":"article","og_title":"MOLDTELECOM NU MAJOREAZ\u0102 TARIFELE  - BTV","og_description":"Ca urmare a nenum\u0103ratelor solicit\u0103ri venite din partea reprezentan\u0163ilor mass media, dar \u015fi ale abona\u0163ilor companiei \u00een leg\u0103tur\u0103 cu major\u0103rile tarifelor la servicii de telefonie mobil\u0103, anun\u0163ate de c\u0103tre ceilal\u0163i operatopri pe pia\u0163\u0103, compania Moldtelecom men\u0163ioneaz\u0103 c\u0103 nu inten\u0163ioneaz\u0103 s\u0103 majoreze tarifele la serviciile prestate, atat la serviciile mobile Unite c\u00eet \u015fi la cele fixe [&hellip;]","og_url":"https:\/\/www.btv.md\/ro\/moldtelecom-nu-majoreaza-tarifele\/","og_site_name":"BTV","article_publisher":"https:\/\/www.facebook.com\/btvmoldova\/","article_published_time":"2016-02-29T09:22:04+00:00","og_image":[{"width":800,"height":600,"url":"https:\/\/www.btv.md\/wp-content\/uploads\/2016\/02\/moldtelecom-majoreaza-tarifele-pentru-internet-si-televiziune-digitala-1424880325.jpg","type":"image\/jpeg"}],"author":"admin","twitter_misc":{"Scris de":"admin","Timp estimat pentru citire":"1 minut"},"schema":{"@context":"https:\/\/schema.org","@graph":[{"@type":"Article","@id":"https:\/\/www.btv.md\/ro\/moldtelecom-nu-majoreaza-tarifele\/#article","isPartOf":{"@id":"https:\/\/www.btv.md\/ro\/moldtelecom-nu-majoreaza-tarifele\/"},"author":{"name":"admin","@id":"https:\/\/www.btv.md\/#\/schema\/person\/8fadce81561b3ce2c34c46dadc4ccbf2"},"headline":"MOLDTELECOM NU MAJOREAZ\u0102 TARIFELE","datePublished":"2016-02-29T09:22:04+00:00","mainEntityOfPage":{"@id":"https:\/\/www.btv.md\/ro\/moldtelecom-nu-majoreaza-tarifele\/"},"wordCount":133,"image":{"@id":"https:\/\/www.btv.md\/ro\/moldtelecom-nu-majoreaza-tarifele\/#primaryimage"},"thumbnailUrl":"https:\/\/www.btv.md\/wp-content\/uploads\/2016\/02\/moldtelecom-majoreaza-tarifele-pentru-internet-si-televiziune-digitala-1424880325.jpg","articleSection":["Social"],"inLanguage":"ro-RO"},{"@type":"WebPage","@id":"https:\/\/www.btv.md\/ro\/moldtelecom-nu-majoreaza-tarifele\/","url":"https:\/\/www.btv.md\/ro\/moldtelecom-nu-majoreaza-tarifele\/","name":"MOLDTELECOM NU MAJOREAZ\u0102 TARIFELE - BTV","isPartOf":{"@id":"https:\/\/www.btv.md\/#website"},"primaryImageOfPage":{"@id":"https:\/\/www.btv.md\/ro\/moldtelecom-nu-majoreaza-tarifele\/#primaryimage"},"image":{"@id":"https:\/\/www.btv.md\/ro\/moldtelecom-nu-majoreaza-tarifele\/#primaryimage"},"thumbnailUrl":"https:\/\/www.btv.md\/wp-content\/uploads\/2016\/02\/moldtelecom-majoreaza-tarifele-pentru-internet-si-televiziune-digitala-1424880325.jpg","datePublished":"2016-02-29T09:22:04+00:00","author":{"@id":"https:\/\/www.btv.md\/#\/schema\/person\/8fadce81561b3ce2c34c46dadc4ccbf2"},"inLanguage":"ro-RO","potentialAction":[{"@type":"ReadAction","target":["https:\/\/www.btv.md\/ro\/moldtelecom-nu-majoreaza-tarifele\/"]}]},{"@type":"ImageObject","inLanguage":"ro-RO","@id":"https:\/\/www.btv.md\/ro\/moldtelecom-nu-majoreaza-tarifele\/#primaryimage","url":"https:\/\/www.btv.md\/wp-content\/uploads\/2016\/02\/moldtelecom-majoreaza-tarifele-pentru-internet-si-televiziune-digitala-1424880325.jpg","contentUrl":"https:\/\/www.btv.md\/wp-content\/uploads\/2016\/02\/moldtelecom-majoreaza-tarifele-pentru-internet-si-televiziune-digitala-1424880325.jpg","width":800,"height":600,"caption":"agora.md"},{"@type":"WebSite","@id":"https:\/\/www.btv.md\/#website","url":"https:\/\/www.btv.md\/","name":"BTV","description":"\u0411\u0435\u043b\u044c\u0446\u043a\u043e\u0435 \u0442\u0435\u043b\u0435\u0432\u0438\u0434\u0435\u043d\u0438\u0435","potentialAction":[{"@type":"SearchAction","target":{"@type":"EntryPoint","urlTemplate":"https:\/\/www.btv.md\/?s={search_term_string}"},"query-input":{"@type":"PropertyValueSpecification","valueRequired":true,"valueName":"search_term_string"}}],"inLanguage":"ro-RO"},{"@type":"Person","@id":"https:\/\/www.btv.md\/#\/schema\/person\/8fadce81561b3ce2c34c46dadc4ccbf2","name":"admin"}]}},"_links":{"self":[{"href":"https:\/\/www.btv.md\/ro\/wp-json\/wp\/v2\/posts\/7887","targetHints":{"allow":["GET"]}}],"collection":[{"href":"https:\/\/www.btv.md\/ro\/wp-json\/wp\/v2\/posts"}],"about":[{"href":"https:\/\/www.btv.md\/ro\/wp-json\/wp\/v2\/types\/post"}],"author":[{"embeddable":true,"href":"https:\/\/www.btv.md\/ro\/wp-json\/wp\/v2\/users\/4"}],"replies":[{"embeddable":true,"href":"https:\/\/www.btv.md\/ro\/wp-json\/wp\/v2\/comments?post=7887"}],"version-history":[{"count":0,"href":"https:\/\/www.btv.md\/ro\/wp-json\/wp\/v2\/posts\/7887\/revisions"}],"wp:featuredmedia":[{"embeddable":true,"href":"https:\/\/www.btv.md\/ro\/wp-json\/wp\/v2\/media\/7888"}],"wp:attachment":[{"href":"https:\/\/www.btv.md\/ro\/wp-json\/wp\/v2\/media?parent=7887"}],"wp:term":[{"taxonomy":"category","embeddable":true,"href":"https:\/\/www.btv.md\/ro\/wp-json\/wp\/v2\/categories?post=7887"},{"taxonomy":"post_tag","embeddable":true,"href":"https:\/\/www.btv.md\/ro\/wp-json\/wp\/v2\/tags?post=7887"}],"curies":[{"name":"wp","href":"https:\/\/api.w.org\/{rel}","templated":true}]}}