{"id":7920,"date":"2016-02-29T13:51:48","date_gmt":"2016-02-29T10:51:48","guid":{"rendered":"http:\/\/btv.md\/?p=7920"},"modified":"2016-02-29T13:51:48","modified_gmt":"2016-02-29T10:51:48","slug":"ghinionul-unui-sofer-de-troleibuz-din-balti-in-timp-ce-aranja-bifilarele-troleibuzului-a-fost-lovit-de-un-automobil","status":"publish","type":"post","link":"https:\/\/www.btv.md\/ro\/ghinionul-unui-sofer-de-troleibuz-din-balti-in-timp-ce-aranja-bifilarele-troleibuzului-a-fost-lovit-de-un-automobil\/","title":{"rendered":"GHINIONUL UNUI \u0218OFER DE TROLEIBUZ DIN B\u0102L\u021aI. \u00ceN  TIMP  CE  ARANJA  BIFILARELE  TROLEIBUZULUI A FOST LOVIT DE UN AUTOMOBIL"},"content":{"rendered":"<p><strong>\u0218oferul unui troleibuz de pe linia num\u0103rul doi din municipiul B\u0103l\u021bi a fost lovit \u00een plin de o ma\u0219in\u0103 \u00een timp ce aranja bifilarele. Incidentul s-a produs \u00een data de 27 februarie, la intersec\u021bia str\u0103zilor \u0218tefan cel Mare \u0219i 1Mai. <\/strong><\/p>\n<p>Potrivit serviciului de pres\u0103 al Inspectoratului de Poli\u021bie B\u0103l\u021bi, \u0219oferi\u021ba care se afla la volanul automobilului ar fi efectuat o manevr\u0103 de ocolire a troleibuzului.<\/p>\n<p>La fa\u021ba locului a intervenit un echipaj SMURD, pentru a-i acorda ajutor \u0219oferului r\u0103nit.<\/p>\n<p>Dac\u0103 va fi g\u0103sit\u0103 vinovat\u0103, femeia risc\u0103 amend\u0103 sau priva\u021biune de libertate de p\u00e2n\u0103 la 3 ani.<\/p>\n<p><iframe width=\"420\" height=\"315\" data-src=\"https:\/\/www.youtube.com\/embed\/ThGGR85bnTA\" frameborder=\"0\" allowfullscreen src=\"data:image\/svg+xml;base64,PHN2ZyB3aWR0aD0iMSIgaGVpZ2h0PSIxIiB4bWxucz0iaHR0cDovL3d3dy53My5vcmcvMjAwMC9zdmciPjwvc3ZnPg==\" class=\"lazyload\" data-load-mode=\"1\"><\/iframe><\/p>\n","protected":false},"excerpt":{"rendered":"<p>\u0218oferul unui troleibuz de pe linia num\u0103rul doi din municipiul B\u0103l\u021bi a fost lovit \u00een plin de o ma\u0219in\u0103 \u00een timp ce aranja bifilarele. Incidentul s-a produs \u00een data de 27 februarie, la intersec\u021bia str\u0103zilor \u0218tefan cel Mare \u0219i 1Mai. Potrivit serviciului de pres\u0103 al Inspectoratului de Poli\u021bie B\u0103l\u021bi, \u0219oferi\u021ba care se afla la volanul [&hellip;]<\/p>\n","protected":false},"author":4,"featured_media":7921,"comment_status":"closed","ping_status":"closed","sticky":false,"template":"","format":"standard","meta":{"footnotes":""},"categories":[12],"tags":[],"class_list":["post-7920","post","type-post","status-publish","format-standard","has-post-thumbnail","hentry","category-balti"],"yoast_head":"<!-- This site is optimized with the Yoast SEO plugin v27.4 - https:\/\/yoast.com\/product\/yoast-seo-wordpress\/ -->\n<title>GHINIONUL UNUI \u0218OFER DE TROLEIBUZ DIN B\u0102L\u021aI. \u00ceN TIMP CE ARANJA BIFILARELE TROLEIBUZULUI A FOST LOVIT DE UN AUTOMOBIL - BTV<\/title>\n<meta name=\"robots\" content=\"index, follow, max-snippet:-1, max-image-preview:large, max-video-preview:-1\" \/>\n<link rel=\"canonical\" href=\"https:\/\/www.btv.md\/ro\/ghinionul-unui-sofer-de-troleibuz-din-balti-in-timp-ce-aranja-bifilarele-troleibuzului-a-fost-lovit-de-un-automobil\/\" \/>\n<meta property=\"og:locale\" content=\"ro_RO\" \/>\n<meta property=\"og:type\" content=\"article\" \/>\n<meta property=\"og:title\" content=\"GHINIONUL UNUI \u0218OFER DE TROLEIBUZ DIN B\u0102L\u021aI. \u00ceN TIMP CE ARANJA BIFILARELE TROLEIBUZULUI A FOST LOVIT DE UN AUTOMOBIL - BTV\" \/>\n<meta property=\"og:description\" content=\"\u0218oferul unui troleibuz de pe linia num\u0103rul doi din municipiul B\u0103l\u021bi a fost lovit \u00een plin de o ma\u0219in\u0103 \u00een timp ce aranja bifilarele. Incidentul s-a produs \u00een data de 27 februarie, la intersec\u021bia str\u0103zilor \u0218tefan cel Mare \u0219i 1Mai. Potrivit serviciului de pres\u0103 al Inspectoratului de Poli\u021bie B\u0103l\u021bi, \u0219oferi\u021ba care se afla la volanul [&hellip;]\" \/>\n<meta property=\"og:url\" content=\"https:\/\/www.btv.md\/ro\/ghinionul-unui-sofer-de-troleibuz-din-balti-in-timp-ce-aranja-bifilarele-troleibuzului-a-fost-lovit-de-un-automobil\/\" \/>\n<meta property=\"og:site_name\" content=\"BTV\" \/>\n<meta property=\"article:publisher\" content=\"https:\/\/www.facebook.com\/btvmoldova\/\" \/>\n<meta property=\"article:published_time\" content=\"2016-02-29T10:51:48+00:00\" \/>\n<meta property=\"og:image\" content=\"https:\/\/www.btv.md\/wp-content\/uploads\/2016\/02\/troleibuz.png\" \/>\n\t<meta property=\"og:image:width\" content=\"809\" \/>\n\t<meta property=\"og:image:height\" content=\"505\" \/>\n\t<meta property=\"og:image:type\" content=\"image\/png\" \/>\n<meta name=\"author\" content=\"admin\" \/>\n<meta name=\"twitter:label1\" content=\"Scris de\" \/>\n\t<meta name=\"twitter:data1\" content=\"admin\" \/>\n\t<meta name=\"twitter:label2\" content=\"Timp estimat pentru citire\" \/>\n\t<meta name=\"twitter:data2\" content=\"1 minut\" \/>\n<script type=\"application\/ld+json\" class=\"yoast-schema-graph\">{\"@context\":\"https:\\\/\\\/schema.org\",\"@graph\":[{\"@type\":\"Article\",\"@id\":\"https:\\\/\\\/www.btv.md\\\/ro\\\/ghinionul-unui-sofer-de-troleibuz-din-balti-in-timp-ce-aranja-bifilarele-troleibuzului-a-fost-lovit-de-un-automobil\\\/#article\",\"isPartOf\":{\"@id\":\"https:\\\/\\\/www.btv.md\\\/ro\\\/ghinionul-unui-sofer-de-troleibuz-din-balti-in-timp-ce-aranja-bifilarele-troleibuzului-a-fost-lovit-de-un-automobil\\\/\"},\"author\":{\"name\":\"admin\",\"@id\":\"https:\\\/\\\/www.btv.md\\\/#\\\/schema\\\/person\\\/8fadce81561b3ce2c34c46dadc4ccbf2\"},\"headline\":\"GHINIONUL UNUI \u0218OFER DE TROLEIBUZ DIN B\u0102L\u021aI. \u00ceN TIMP CE ARANJA BIFILARELE TROLEIBUZULUI A FOST LOVIT DE UN AUTOMOBIL\",\"datePublished\":\"2016-02-29T10:51:48+00:00\",\"mainEntityOfPage\":{\"@id\":\"https:\\\/\\\/www.btv.md\\\/ro\\\/ghinionul-unui-sofer-de-troleibuz-din-balti-in-timp-ce-aranja-bifilarele-troleibuzului-a-fost-lovit-de-un-automobil\\\/\"},\"wordCount\":130,\"image\":{\"@id\":\"https:\\\/\\\/www.btv.md\\\/ro\\\/ghinionul-unui-sofer-de-troleibuz-din-balti-in-timp-ce-aranja-bifilarele-troleibuzului-a-fost-lovit-de-un-automobil\\\/#primaryimage\"},\"thumbnailUrl\":\"https:\\\/\\\/www.btv.md\\\/wp-content\\\/uploads\\\/2016\\\/02\\\/troleibuz.png\",\"articleSection\":[\"\u0413\u043e\u0440\u043e\u0434\"],\"inLanguage\":\"ro-RO\"},{\"@type\":\"WebPage\",\"@id\":\"https:\\\/\\\/www.btv.md\\\/ro\\\/ghinionul-unui-sofer-de-troleibuz-din-balti-in-timp-ce-aranja-bifilarele-troleibuzului-a-fost-lovit-de-un-automobil\\\/\",\"url\":\"https:\\\/\\\/www.btv.md\\\/ro\\\/ghinionul-unui-sofer-de-troleibuz-din-balti-in-timp-ce-aranja-bifilarele-troleibuzului-a-fost-lovit-de-un-automobil\\\/\",\"name\":\"GHINIONUL UNUI \u0218OFER DE TROLEIBUZ DIN B\u0102L\u021aI. \u00ceN TIMP CE ARANJA BIFILARELE TROLEIBUZULUI A FOST LOVIT DE UN AUTOMOBIL - BTV\",\"isPartOf\":{\"@id\":\"https:\\\/\\\/www.btv.md\\\/#website\"},\"primaryImageOfPage\":{\"@id\":\"https:\\\/\\\/www.btv.md\\\/ro\\\/ghinionul-unui-sofer-de-troleibuz-din-balti-in-timp-ce-aranja-bifilarele-troleibuzului-a-fost-lovit-de-un-automobil\\\/#primaryimage\"},\"image\":{\"@id\":\"https:\\\/\\\/www.btv.md\\\/ro\\\/ghinionul-unui-sofer-de-troleibuz-din-balti-in-timp-ce-aranja-bifilarele-troleibuzului-a-fost-lovit-de-un-automobil\\\/#primaryimage\"},\"thumbnailUrl\":\"https:\\\/\\\/www.btv.md\\\/wp-content\\\/uploads\\\/2016\\\/02\\\/troleibuz.png\",\"datePublished\":\"2016-02-29T10:51:48+00:00\",\"author\":{\"@id\":\"https:\\\/\\\/www.btv.md\\\/#\\\/schema\\\/person\\\/8fadce81561b3ce2c34c46dadc4ccbf2\"},\"inLanguage\":\"ro-RO\",\"potentialAction\":[{\"@type\":\"ReadAction\",\"target\":[\"https:\\\/\\\/www.btv.md\\\/ro\\\/ghinionul-unui-sofer-de-troleibuz-din-balti-in-timp-ce-aranja-bifilarele-troleibuzului-a-fost-lovit-de-un-automobil\\\/\"]}]},{\"@type\":\"ImageObject\",\"inLanguage\":\"ro-RO\",\"@id\":\"https:\\\/\\\/www.btv.md\\\/ro\\\/ghinionul-unui-sofer-de-troleibuz-din-balti-in-timp-ce-aranja-bifilarele-troleibuzului-a-fost-lovit-de-un-automobil\\\/#primaryimage\",\"url\":\"https:\\\/\\\/www.btv.md\\\/wp-content\\\/uploads\\\/2016\\\/02\\\/troleibuz.png\",\"contentUrl\":\"https:\\\/\\\/www.btv.md\\\/wp-content\\\/uploads\\\/2016\\\/02\\\/troleibuz.png\",\"width\":809,\"height\":505},{\"@type\":\"WebSite\",\"@id\":\"https:\\\/\\\/www.btv.md\\\/#website\",\"url\":\"https:\\\/\\\/www.btv.md\\\/\",\"name\":\"BTV\",\"description\":\"\u0411\u0435\u043b\u044c\u0446\u043a\u043e\u0435 \u0442\u0435\u043b\u0435\u0432\u0438\u0434\u0435\u043d\u0438\u0435\",\"potentialAction\":[{\"@type\":\"SearchAction\",\"target\":{\"@type\":\"EntryPoint\",\"urlTemplate\":\"https:\\\/\\\/www.btv.md\\\/?s={search_term_string}\"},\"query-input\":{\"@type\":\"PropertyValueSpecification\",\"valueRequired\":true,\"valueName\":\"search_term_string\"}}],\"inLanguage\":\"ro-RO\"},{\"@type\":\"Person\",\"@id\":\"https:\\\/\\\/www.btv.md\\\/#\\\/schema\\\/person\\\/8fadce81561b3ce2c34c46dadc4ccbf2\",\"name\":\"admin\"}]}<\/script>\n<!-- \/ Yoast SEO plugin. -->","yoast_head_json":{"title":"GHINIONUL UNUI \u0218OFER DE TROLEIBUZ DIN B\u0102L\u021aI. \u00ceN TIMP CE ARANJA BIFILARELE TROLEIBUZULUI A FOST LOVIT DE UN AUTOMOBIL - BTV","robots":{"index":"index","follow":"follow","max-snippet":"max-snippet:-1","max-image-preview":"max-image-preview:large","max-video-preview":"max-video-preview:-1"},"canonical":"https:\/\/www.btv.md\/ro\/ghinionul-unui-sofer-de-troleibuz-din-balti-in-timp-ce-aranja-bifilarele-troleibuzului-a-fost-lovit-de-un-automobil\/","og_locale":"ro_RO","og_type":"article","og_title":"GHINIONUL UNUI \u0218OFER DE TROLEIBUZ DIN B\u0102L\u021aI. \u00ceN TIMP CE ARANJA BIFILARELE TROLEIBUZULUI A FOST LOVIT DE UN AUTOMOBIL - BTV","og_description":"\u0218oferul unui troleibuz de pe linia num\u0103rul doi din municipiul B\u0103l\u021bi a fost lovit \u00een plin de o ma\u0219in\u0103 \u00een timp ce aranja bifilarele. Incidentul s-a produs \u00een data de 27 februarie, la intersec\u021bia str\u0103zilor \u0218tefan cel Mare \u0219i 1Mai. Potrivit serviciului de pres\u0103 al Inspectoratului de Poli\u021bie B\u0103l\u021bi, \u0219oferi\u021ba care se afla la volanul [&hellip;]","og_url":"https:\/\/www.btv.md\/ro\/ghinionul-unui-sofer-de-troleibuz-din-balti-in-timp-ce-aranja-bifilarele-troleibuzului-a-fost-lovit-de-un-automobil\/","og_site_name":"BTV","article_publisher":"https:\/\/www.facebook.com\/btvmoldova\/","article_published_time":"2016-02-29T10:51:48+00:00","og_image":[{"width":809,"height":505,"url":"https:\/\/www.btv.md\/wp-content\/uploads\/2016\/02\/troleibuz.png","type":"image\/png"}],"author":"admin","twitter_misc":{"Scris de":"admin","Timp estimat pentru citire":"1 minut"},"schema":{"@context":"https:\/\/schema.org","@graph":[{"@type":"Article","@id":"https:\/\/www.btv.md\/ro\/ghinionul-unui-sofer-de-troleibuz-din-balti-in-timp-ce-aranja-bifilarele-troleibuzului-a-fost-lovit-de-un-automobil\/#article","isPartOf":{"@id":"https:\/\/www.btv.md\/ro\/ghinionul-unui-sofer-de-troleibuz-din-balti-in-timp-ce-aranja-bifilarele-troleibuzului-a-fost-lovit-de-un-automobil\/"},"author":{"name":"admin","@id":"https:\/\/www.btv.md\/#\/schema\/person\/8fadce81561b3ce2c34c46dadc4ccbf2"},"headline":"GHINIONUL UNUI \u0218OFER DE TROLEIBUZ DIN B\u0102L\u021aI. \u00ceN TIMP CE ARANJA BIFILARELE TROLEIBUZULUI A FOST LOVIT DE UN AUTOMOBIL","datePublished":"2016-02-29T10:51:48+00:00","mainEntityOfPage":{"@id":"https:\/\/www.btv.md\/ro\/ghinionul-unui-sofer-de-troleibuz-din-balti-in-timp-ce-aranja-bifilarele-troleibuzului-a-fost-lovit-de-un-automobil\/"},"wordCount":130,"image":{"@id":"https:\/\/www.btv.md\/ro\/ghinionul-unui-sofer-de-troleibuz-din-balti-in-timp-ce-aranja-bifilarele-troleibuzului-a-fost-lovit-de-un-automobil\/#primaryimage"},"thumbnailUrl":"https:\/\/www.btv.md\/wp-content\/uploads\/2016\/02\/troleibuz.png","articleSection":["\u0413\u043e\u0440\u043e\u0434"],"inLanguage":"ro-RO"},{"@type":"WebPage","@id":"https:\/\/www.btv.md\/ro\/ghinionul-unui-sofer-de-troleibuz-din-balti-in-timp-ce-aranja-bifilarele-troleibuzului-a-fost-lovit-de-un-automobil\/","url":"https:\/\/www.btv.md\/ro\/ghinionul-unui-sofer-de-troleibuz-din-balti-in-timp-ce-aranja-bifilarele-troleibuzului-a-fost-lovit-de-un-automobil\/","name":"GHINIONUL UNUI \u0218OFER DE TROLEIBUZ DIN B\u0102L\u021aI. \u00ceN TIMP CE ARANJA BIFILARELE TROLEIBUZULUI A FOST LOVIT DE UN AUTOMOBIL - BTV","isPartOf":{"@id":"https:\/\/www.btv.md\/#website"},"primaryImageOfPage":{"@id":"https:\/\/www.btv.md\/ro\/ghinionul-unui-sofer-de-troleibuz-din-balti-in-timp-ce-aranja-bifilarele-troleibuzului-a-fost-lovit-de-un-automobil\/#primaryimage"},"image":{"@id":"https:\/\/www.btv.md\/ro\/ghinionul-unui-sofer-de-troleibuz-din-balti-in-timp-ce-aranja-bifilarele-troleibuzului-a-fost-lovit-de-un-automobil\/#primaryimage"},"thumbnailUrl":"https:\/\/www.btv.md\/wp-content\/uploads\/2016\/02\/troleibuz.png","datePublished":"2016-02-29T10:51:48+00:00","author":{"@id":"https:\/\/www.btv.md\/#\/schema\/person\/8fadce81561b3ce2c34c46dadc4ccbf2"},"inLanguage":"ro-RO","potentialAction":[{"@type":"ReadAction","target":["https:\/\/www.btv.md\/ro\/ghinionul-unui-sofer-de-troleibuz-din-balti-in-timp-ce-aranja-bifilarele-troleibuzului-a-fost-lovit-de-un-automobil\/"]}]},{"@type":"ImageObject","inLanguage":"ro-RO","@id":"https:\/\/www.btv.md\/ro\/ghinionul-unui-sofer-de-troleibuz-din-balti-in-timp-ce-aranja-bifilarele-troleibuzului-a-fost-lovit-de-un-automobil\/#primaryimage","url":"https:\/\/www.btv.md\/wp-content\/uploads\/2016\/02\/troleibuz.png","contentUrl":"https:\/\/www.btv.md\/wp-content\/uploads\/2016\/02\/troleibuz.png","width":809,"height":505},{"@type":"WebSite","@id":"https:\/\/www.btv.md\/#website","url":"https:\/\/www.btv.md\/","name":"BTV","description":"\u0411\u0435\u043b\u044c\u0446\u043a\u043e\u0435 \u0442\u0435\u043b\u0435\u0432\u0438\u0434\u0435\u043d\u0438\u0435","potentialAction":[{"@type":"SearchAction","target":{"@type":"EntryPoint","urlTemplate":"https:\/\/www.btv.md\/?s={search_term_string}"},"query-input":{"@type":"PropertyValueSpecification","valueRequired":true,"valueName":"search_term_string"}}],"inLanguage":"ro-RO"},{"@type":"Person","@id":"https:\/\/www.btv.md\/#\/schema\/person\/8fadce81561b3ce2c34c46dadc4ccbf2","name":"admin"}]}},"_links":{"self":[{"href":"https:\/\/www.btv.md\/ro\/wp-json\/wp\/v2\/posts\/7920","targetHints":{"allow":["GET"]}}],"collection":[{"href":"https:\/\/www.btv.md\/ro\/wp-json\/wp\/v2\/posts"}],"about":[{"href":"https:\/\/www.btv.md\/ro\/wp-json\/wp\/v2\/types\/post"}],"author":[{"embeddable":true,"href":"https:\/\/www.btv.md\/ro\/wp-json\/wp\/v2\/users\/4"}],"replies":[{"embeddable":true,"href":"https:\/\/www.btv.md\/ro\/wp-json\/wp\/v2\/comments?post=7920"}],"version-history":[{"count":0,"href":"https:\/\/www.btv.md\/ro\/wp-json\/wp\/v2\/posts\/7920\/revisions"}],"wp:featuredmedia":[{"embeddable":true,"href":"https:\/\/www.btv.md\/ro\/wp-json\/wp\/v2\/media\/7921"}],"wp:attachment":[{"href":"https:\/\/www.btv.md\/ro\/wp-json\/wp\/v2\/media?parent=7920"}],"wp:term":[{"taxonomy":"category","embeddable":true,"href":"https:\/\/www.btv.md\/ro\/wp-json\/wp\/v2\/categories?post=7920"},{"taxonomy":"post_tag","embeddable":true,"href":"https:\/\/www.btv.md\/ro\/wp-json\/wp\/v2\/tags?post=7920"}],"curies":[{"name":"wp","href":"https:\/\/api.w.org\/{rel}","templated":true}]}}