{"id":7923,"date":"2016-02-29T14:30:55","date_gmt":"2016-02-29T11:30:55","guid":{"rendered":"http:\/\/btv.md\/?p=7923"},"modified":"2016-02-29T17:13:08","modified_gmt":"2016-02-29T14:13:08","slug":"despre-incalcarea-armistitiului-din-siria-si-afluxul-de-imigranti-catre-europa","status":"publish","type":"post","link":"https:\/\/www.btv.md\/ro\/despre-incalcarea-armistitiului-din-siria-si-afluxul-de-imigranti-catre-europa\/","title":{"rendered":"DESPRE  \u00ceNC\u0102LCAREA  ARMISTI\u021aIULUI  DIN  SIRIA  \u0218I  AFLUXUL  DE  IMIGRAN\u021aI  C\u0102TRE  EUROPA"},"content":{"rendered":"<p><strong>Postul de televiziune BTV v\u0103 propune spre vizionare cele mai importante evenimente ale zilei trecute, reflectate \u00een presa interna\u021bional\u0103.<\/strong><\/p>\n<p><strong>Centrul rus de coordonare din Siria sus\u0163ine c\u0103 armisti\u0163iul par\u0163ial din Siria, care a intrat \u00een vigoare de s\u00e2mb\u0103t\u0103, a fost \u00eenc\u0103lcat deja de nou\u0103 ori, informeaz\u0103 agen\u0163ia de pres\u0103 Reuters, cit\u00e2ndu-l pe \u015feful centrului, potrivit presei ruse.<\/strong><\/p>\n<p>Serghei Kuralenko, \u015feful centrului, a ad\u0103ugat c\u0103 acordul de \u00eencetare temporar\u0103 a conflictului armat din Siria, stabilit \u00een urma negocierilor dintre SUA \u015fi Rusia, este respectat &#8222;\u00een general&#8221;.<\/p>\n<p>Oficialul rus a precizat c\u0103 armisti\u0163iul a fost \u00eenc\u0103lcat \u015fi prin bombardamentele terestre din provincia Latakia, din nord-vestul \u0163\u0103rii, din apropiere de grani\u0163a cu Turcia, care au avut loc s\u00e2mb\u0103t\u0103 diminea\u0163\u0103, la c\u00e2teva ore de la intrarea \u00een vigoare a armisti\u0163iului.<\/p>\n<p>Trei militan\u0163i din gruparea rebel\u0103 A doua Divizie Costal\u0103, care apar\u0163ine coali\u0163iei Armata Sirian\u0103 Liber\u0103, au murit \u00een atacul de s\u00e2mb\u0103t\u0103 pe care rebelii \u00eel atribuie for\u0163elor regimului Assad.<\/p>\n<p>Autorit\u0103\u0163ile ruse \u015fi siriene au anun\u0163at c\u0103 nu vor \u00eenceta bombardamentele \u00een totalitate \u00een \u0163ar\u0103 \u015fi vor viza doar militan\u0163i ai organiza\u0163iilor teroriste Stat Islamic \u015fi Al-Nusra.<\/p>\n<p>Dar \u015fi opozi\u0163ia sirian\u0103 acuz\u0103 c\u0103 armisti\u0163iul \u00een vigoare ar fi fost \u00eenc\u0103lcat de 15 ori de for\u0163ele regimului Bashar al-Assad, care sunt sus\u0163inute de for\u0163ele ruse, relateaz\u0103 BBC.<\/p>\n<p>Unii activi\u015fti sirieni sus\u0163in c\u0103 raidurile aeriene din provincia Alep de duminic\u0103 ar fi avut ca \u0163inte militan\u0163i ai grup\u0103rii Al-Nusra, afliat\u0103 re\u0163elei teroriste Al-Qaida.<\/p>\n<p>Armata american\u0103 a declarat pentru BBC c\u0103 a continuat s\u0103 atace pozi\u0163ii ale militan\u0163ilor SI, \u00een cursul zilei de s\u00e2mb\u0103t\u0103, efectu\u00e2nd inclusiv zece raiduri aeriene \u00een apropiere de ora\u015ful Tal Abiad, de la grani\u0163a cu Turcia.<\/p>\n<p>mediafax.ro<\/p>\n<p><strong>Uniunea European\u0103 nu poate l\u0103sa Grecia \u201es\u0103 se pr\u0103bu\u015feasc\u0103 \u00een haos\u201c \u00een fa\u0163a afluxul migrator, a afirmat duminic\u0103 sear\u0103 cancelarul german, Angela Merkel, \u00eentr-un interviu acordat postului german de televiziune ARD.<\/strong><\/p>\n<p>Afirma\u0163ia cancelarului german vine \u00een contextul \u00een care mii de refugia\u0163i sunt bloca\u0163i pe teritoriul Greciei, dup\u0103 ce autorit\u0103\u0163ile de la Skopje au decis interzicerea accesului migran\u0163ilor afgani \u015fi au impus controale mult mai dure privind documentele de identitate ale celor care vin din Siria \u015fi din Irak.   <\/p>\n<p>Totodat\u0103, Slovenia, Croa\u0163ia \u015fi Serbia au decis \u015fi ele s\u0103 limiteze num\u0103rul de refugia\u0163i ce intr\u0103 pe teritoriile lor, dup\u0103 ce Austria a impus recent plafonarea intr\u0103rii migran\u0163ilor la 80 de solicitan\u0163i de azil \u015fi 3.200 de persoane \u00een tranzit \u00een fiecare zi. <\/p>\n<p>\u00cen interviul acordat ARD, Angela Merkel \u015fi-a ap\u0103rat \u00eens\u0103 decizia de a deschide grani\u0163ele pentru migran\u0163i, \u00een ciuda faptului c\u0103 aceast\u0103 politic\u0103 a \u201eu\u015filor deschise\u201c i-a adus o sc\u0103dere de popularitate.   <\/p>\n<p>Mai mult, cancelarul Germaniei a declarat c\u0103 nu are un \u201ePlan B\u201c \u00een privin\u0163a crizei refugia\u0163ilor, resping\u00e2nd o limitare a fluxului de migran\u0163i.    <\/p>\n<p>Uniunea European\u0103 va \u00eencerca pe data de 7 martie s\u0103 ajung\u0103 la un acord cu Ankara, \u00een cadrul summitului extraordinar UE-Turcia,  \u00een vederea unei ac\u0163iuni comune \u00een vederea limit\u0103rii celei mai grave crize migratorii din istoria blocului comunitar.   <\/p>\n<p>Turcia, \u0163ara sufocat\u0103 la r\u00e2ndul s\u0103u de refugia\u0163i, cere \u015fi ea sprijinul Uniunii Europene. Numai c\u0103 banii &#8211; aproximativ 3 miliarde de euro &#8211; promi\u015fi de Bruxelles nu au ajuns la Ankara, iar, recent, autorit\u0103\u0163ile turce au afirmat c\u0103 oricum suma s-ar putea dovedi insuficient\u0103.<\/p>\n<p>adevarul.ro<\/p>\n<p><strong>Premierul ungar Viktor Orban a cerut consolidarea m\u0103surilor de securizare a grani\u021belor Ungariei \u00een contextul afluxului de migran\u021bi c\u0103tre Europa \u0219i a reafirmat c\u0103 mini\u0219trii ap\u0103r\u0103rii \u0219i afacerilor interne ungari au primit dispozi\u021bii de a face preg\u0103tiri pentru construirea unei linii de ap\u0103rare de-a lungul grani\u021bei cu Rom\u00e2nia, relateaz\u0103 MTI.<\/strong><\/p>\n<p>El a subliniat c\u0103 Ungaria este un stat suveran \u0219i un cet\u0103\u021bean str\u0103in poate intra pe teritoriul ungar numai dac\u0103 respect\u0103 legile acestei \u021b\u0103ri. <\/p>\n<p>\u00cen opinia sa, migra\u021bia poate fi stopat\u0103, dar problema este aceea c\u0103 Uniunii Europene \u00eei lipse\u0219te voin\u021ba de a se proteja singur\u0103. <\/p>\n<p>\u201d<em>Este prea t\u00e2rziu pentru Bruxelles s\u0103 \u00een\u021beleag\u0103 c\u0103 este crucial s\u0103 confrun\u021bi realitatea \u00een loc s\u0103 visezi \u00een continuare. Realitatea este aceea c\u0103 o lume a &#8216;societ\u0103\u021bilor paralele&#8217; este \u00een construc\u021bie \u00een multe \u021b\u0103ri europene de ceva timp \u0219i aceste societ\u0103\u021bi au suprimat &#8216;lumea nostr\u0103&#8217; pentru c\u0103 nou-veni\u021bii nu au deloc dorin\u021ba de a prelua modul nostru de via\u021b\u0103, \u00eentruc\u00e2t ei cred c\u0103 al lor este mai potrivit<\/em>\u201d, a mai spus Orban. <\/p>\n<p>agerpres.ro<\/p>\n<p><strong>Peste 30.000 de persoane au ie\u015fit \u00een strad\u0103, s\u00e2mb\u0103t\u0103, \u00een Moscova \u015fi alte zeci de mii \u00een ora\u015fe din Rusia pentru a marca un an de la moartea liderului rus al opozi\u0163iei Boris Nem\u0163ov, iar ambasadori din state UE \u015fi-au adus omagiul fa\u0163\u0103 de acesta, relateaz\u0103 agen\u0163ia de pres\u0103 AP.<\/strong><\/p>\n<p>Scand\u00e2nd &#8222;Rusia va fi liber\u0103&#8221; \u015fi &#8222;Nu ne este fric\u0103&#8221;, peste 30.000 de persoane au participat la un miting \u00een memoria lui Boris Nem\u0163ov, liderul opozi\u0163iei ruse, care a fost asasinat pe 27 februarie 2015, fiind \u00eempu\u015fcat mortal c\u00e2nd traversa \u00eempreun\u0103 cu un \u00eenso\u0163itor un pod din apropierea Kremlinului.<\/p>\n<p>Brutalitatea asasin\u0103rii care a avut loc at\u00e2t de aproape de centrul conducerii ruse a \u015focat \u015fi a \u00eenfuriat sus\u0163in\u0103torii opozi\u0163iei.<\/p>\n<p>Mar\u015ful de s\u00e2mb\u0103t\u0103 este cea mai mare mi\u015fcare de acest tip la care au participat sus\u0163in\u0103torii opozi\u0163iei ruse, dup\u0103 ce o manifesta\u0163ie de aceea\u015fi amploare a avut loc la dou\u0103 zile de la asasinarea lui Nem\u0163ov.<\/p>\n<p>Nem\u0163ov, care a fost adjunctul premierului \u00een timpul mandatului de pre\u015fedinte al lui Boris El\u0163in, a fost o figur\u0103 carismatic\u0103 \u015fi un oponent fervent al lui Vladimir Putin.<\/p>\n<p>Autorit\u0103\u0163ile nu au acordat permisiunea organizatorilor de a organiza o procesiune pe podul unde Nem\u0163ov a fost \u00eempu\u015fcat mortal, dar au aprobat o alt\u0103 rut\u0103 \u00een centrul Moscovei. La c\u00e2teva ore de la debutul mar\u015fului, mii de oameni vizitaser\u0103 placa memorial\u0103 de pe pod ridicat\u0103 pentru liderul rus.<\/p>\n<p>Mai mul\u0163i ambasadori din state ale Uniunii Europene \u015fi-au adus omagiul, duminic\u0103, fa\u0163\u0103 de liderul rus \u00een fa\u0163a pl\u0103cii memoriale.<\/p>\n<p>Cinci suspec\u0163i ceceni au fost aresta\u0163i \u00een cazul asasin\u0103rii lui Nem\u0163ov. Cel care l-ar fi \u00eempu\u015fcat pe liderul rus ar fi f\u0103cut parte din serviciile de securitate ale liderului cecen, Ramzan Kad\u00eerov. Dar probele adunate de autorit\u0103\u0163i nu au fost suficiente pentru a identifica cine anume a ordonat asasinarea liderului rus al opozi\u0163iei.<\/p>\n<p>mediafax.ro<\/p>\n<p><strong>Fostul pre\u0219edinte sovietic Mihail Gorbaciov consider\u0103 c\u0103 lumea traverseaz\u0103 la ora actual\u0103 o perioad\u0103 periculoas\u0103 care ar putea duce la cel pu\u021bin un nou &#8216;r\u0103zboi rece&#8217;, \u00eentr-un interviu acordat postului de televiziune rus REN TV, \u00een care a f\u0103cut apel la dialog \u0219i la o politic\u0103 constructiv\u0103, \u0219i nu la rezolvarea problemelor pe cale armat\u0103, relateaz\u0103 RIA Novosti.<\/strong><\/p>\n<p>\u201d<em>Cred c\u0103 ne confrunt\u0103m cu o perioad\u0103 extrem de periculoas\u0103. Situa\u021bia ar putea duce la cel pu\u021bin un r\u0103zboi rece. Acesta a \u0219i \u00eenceput deja. \u0218i cine crede c\u0103 va c\u00e2\u0219tiga, se \u00een\u0219al\u0103. Nimeni \u2014 nici noi, nici ei \u2014 nu va ceda! Un singur lucru este necesar \u00een contextul actual \u2014 politici constructive pe plan interna\u021bional. \u0218i ca lumea s\u0103 avanseze spre pace<\/em>\u201d, a pledat fostul lider sovietic, care la 2 martie va \u00eemplini 85 de ani.<\/p>\n<p>De\u0219i aflat la o v\u00e2rst\u0103 \u00eenaintat\u0103, Mihail Gorbaciov a spus, de asemenea, c\u0103 nu inten\u021bioneaz\u0103 s\u0103 stea departe de politic\u0103. \u201dN<em>u m\u0103 retrag din politic\u0103&#8230; Sunt de 55 de ani \u00een politic\u0103 \u2014 este ceva. Nu am niciun plan. De fapt, am un singur plan \u2014 s\u0103 nu stau deoparte<\/em>\u201d, a afirmat fostul lider sovietic, de al c\u0103rui nume se leag\u0103 pr\u0103bu\u0219irea comunismului \u0219i c\u0103derea Cortinei de Fier.<\/p>\n<p>\u201d<em>Mul\u021bi consider\u0103 c\u0103 (&#8230;) Al Treilea R\u0103zboi Mondial a \u00eenceput deja. Se trage deja cu armele. Chiar nucleare. Sunt utilizate arme de distrugere \u00een mas\u0103. Se \u00eenregistreaz\u0103 o cre\u0219tere enorm\u0103 a cheltuielilor militare. Se repet\u0103 tot ceea ce ne-a adus pe noi c\u00e2ndva la un pas de pr\u0103pastie. Prin urmare, este necesar ca totul s\u0103 se opreasc\u0103<\/em>\u201d, a pledat ex-pre\u0219edintele URSS.<\/p>\n<p>Rela\u021bia dintre Rusia \u0219i Vest trece \u00een prezent prin cea mai grav\u0103 criz\u0103 de la sf\u00e2r\u0219itul r\u0103zboiului rece, ca urmare a rolului Moscovei \u00een situa\u021bia din Ucraina. Moscova acuz\u0103 Occidentul c\u0103 \u00eencearc\u0103 s\u0103 creeze \u00een jurul s\u0103u un &#8216;cordon sanitar&#8217;, \u00een timp ce Vestul \u00eei repro\u0219eaz\u0103 o politic\u0103 revan\u0219ard\u0103 \u0219i revizionist\u0103.<\/p>\n<p>agerpres.ro<\/p>\n<p><strong>Primul caz de transmitere pe cale sexual\u0103 a virusului Zika a fost \u00eenregistrat \u00een Fran\u0163a, a precizat, s\u00e2mb\u0103t\u0103, o surs\u0103 medical\u0103 pentru AFP, informa\u0163ie confirmat\u0103 de ministerul francez al S\u0103n\u0103t\u0103\u0163ii, Marisol Touraine, relateaz\u0103 publica\u0163ia Le Figaro.<\/strong><\/p>\n<p>Cazul a fost detectat \u00een urm\u0103 cu c\u00e2teva zile. Este vorba este o femeie care nu este \u00eens\u0103rcinat\u0103.<\/p>\n<p>&#8222;<em>Ea a primit virusul de la partenerul s\u0103u care s-a \u00eentors din Brazilia<\/em>&#8222;, a declarat ministrul francez, \u00eentrebat de jurnali\u015fti AFP despre acest caz.<\/p>\n<p>Autorit\u0103\u0163ile din Dallas, Texas, au confirmat \u00een februarie un caz de transmitere a virusului Zika pe cale sexual\u0103, posibil primul astfel de caz \u00eenregistrat \u00een SUA. Centrul american pentru Controlarea \u015fi Prevenirea Bolilor a anun\u0163at, miercuri, c\u0103 investigheaz\u0103 14 posibile cazuri de infectare cu virusul Zika pe cale sexual\u0103, printre persoanele vizate afl\u00e2ndu-se \u015fi femei \u00eens\u0103rcinate.<\/p>\n<p>Organiza\u0163ia Mondial\u0103 a S\u0103n\u0103t\u0103\u0163ii (OMS) a declarat Zika urgen\u0163\u0103 medical\u0103 global\u0103 pe 1 februarie pe fondul unei posibile leg\u0103turi cu microencefalia, malforma\u0163ie care apare la nou-n\u0103scu\u0163i sub forma unui cap subdezvoltat, ceea ce duce la grave probleme de s\u0103n\u0103tate \u015fi chiar la decesul acestora.<\/p>\n<p>Virusul Zika a fost depistat \u00een peste 30 de \u0163\u0103ri \u015fi se r\u0103sp\u00e2nde\u015fte rapid \u00een special \u00een America Central\u0103 \u015fi cea de Sud. Brazilia, care este cea mai afectat\u0103 de epidemia Zika, investigheaz\u0103 4.017 cazuri de microencefalie, \u00een condi\u0163iile \u00een care 583 de cazuri au fost confirmate.<\/p>\n<p>Nu exist\u0103 vaccin sau tratament pentru combaterea virusului, care cauzeaz\u0103 st\u0103ri de febr\u0103 moderat\u0103, irita\u0163ii \u015fi ochi ro\u015fii.<\/p>\n<p>mediafax.ro<\/p>\n<p><iframe width=\"420\" height=\"315\" data-src=\"https:\/\/www.youtube.com\/embed\/H3OdQe_aKls\" frameborder=\"0\" allowfullscreen src=\"data:image\/svg+xml;base64,PHN2ZyB3aWR0aD0iMSIgaGVpZ2h0PSIxIiB4bWxucz0iaHR0cDovL3d3dy53My5vcmcvMjAwMC9zdmciPjwvc3ZnPg==\" class=\"lazyload\" data-load-mode=\"1\"><\/iframe><\/p>\n","protected":false},"excerpt":{"rendered":"<p>Postul de televiziune BTV v\u0103 propune spre vizionare cele mai importante evenimente ale zilei trecute, reflectate \u00een presa interna\u021bional\u0103. Centrul rus de coordonare din Siria sus\u0163ine c\u0103 armisti\u0163iul par\u0163ial din Siria, care a intrat \u00een vigoare de s\u00e2mb\u0103t\u0103, a fost \u00eenc\u0103lcat deja de nou\u0103 ori, informeaz\u0103 agen\u0163ia de pres\u0103 Reuters, cit\u00e2ndu-l pe \u015feful centrului, potrivit [&hellip;]<\/p>\n","protected":false},"author":4,"featured_media":7924,"comment_status":"closed","ping_status":"closed","sticky":false,"template":"","format":"standard","meta":{"footnotes":""},"categories":[14],"tags":[],"class_list":["post-7923","post","type-post","status-publish","format-standard","has-post-thumbnail","hentry","category-externe"],"yoast_head":"<!-- This site is optimized with the Yoast SEO plugin v27.4 - https:\/\/yoast.com\/product\/yoast-seo-wordpress\/ -->\n<title>DESPRE \u00ceNC\u0102LCAREA ARMISTI\u021aIULUI DIN SIRIA \u0218I AFLUXUL DE IMIGRAN\u021aI C\u0102TRE EUROPA - BTV<\/title>\n<meta name=\"robots\" content=\"index, follow, max-snippet:-1, max-image-preview:large, max-video-preview:-1\" \/>\n<link rel=\"canonical\" href=\"https:\/\/www.btv.md\/ro\/despre-incalcarea-armistitiului-din-siria-si-afluxul-de-imigranti-catre-europa\/\" \/>\n<meta property=\"og:locale\" content=\"ro_RO\" \/>\n<meta property=\"og:type\" content=\"article\" \/>\n<meta property=\"og:title\" content=\"DESPRE \u00ceNC\u0102LCAREA ARMISTI\u021aIULUI DIN SIRIA \u0218I AFLUXUL DE IMIGRAN\u021aI C\u0102TRE EUROPA - BTV\" \/>\n<meta property=\"og:description\" content=\"Postul de televiziune BTV v\u0103 propune spre vizionare cele mai importante evenimente ale zilei trecute, reflectate \u00een presa interna\u021bional\u0103. Centrul rus de coordonare din Siria sus\u0163ine c\u0103 armisti\u0163iul par\u0163ial din Siria, care a intrat \u00een vigoare de s\u00e2mb\u0103t\u0103, a fost \u00eenc\u0103lcat deja de nou\u0103 ori, informeaz\u0103 agen\u0163ia de pres\u0103 Reuters, cit\u00e2ndu-l pe \u015feful centrului, potrivit [&hellip;]\" \/>\n<meta property=\"og:url\" content=\"https:\/\/www.btv.md\/ro\/despre-incalcarea-armistitiului-din-siria-si-afluxul-de-imigranti-catre-europa\/\" \/>\n<meta property=\"og:site_name\" content=\"BTV\" \/>\n<meta property=\"article:publisher\" content=\"https:\/\/www.facebook.com\/btvmoldova\/\" \/>\n<meta property=\"article:published_time\" content=\"2016-02-29T11:30:55+00:00\" \/>\n<meta property=\"article:modified_time\" content=\"2016-02-29T14:13:08+00:00\" \/>\n<meta property=\"og:image\" content=\"https:\/\/www.btv.md\/wp-content\/uploads\/2016\/02\/atac-1456583727.jpg\" \/>\n\t<meta property=\"og:image:width\" content=\"660\" \/>\n\t<meta property=\"og:image:height\" content=\"380\" \/>\n\t<meta property=\"og:image:type\" content=\"image\/jpeg\" \/>\n<meta name=\"author\" content=\"admin\" \/>\n<meta name=\"twitter:label1\" content=\"Scris de\" \/>\n\t<meta name=\"twitter:data1\" content=\"admin\" \/>\n\t<meta name=\"twitter:label2\" content=\"Timp estimat pentru citire\" \/>\n\t<meta name=\"twitter:data2\" content=\"9 minute\" \/>\n<script type=\"application\/ld+json\" class=\"yoast-schema-graph\">{\"@context\":\"https:\\\/\\\/schema.org\",\"@graph\":[{\"@type\":\"Article\",\"@id\":\"https:\\\/\\\/www.btv.md\\\/ro\\\/despre-incalcarea-armistitiului-din-siria-si-afluxul-de-imigranti-catre-europa\\\/#article\",\"isPartOf\":{\"@id\":\"https:\\\/\\\/www.btv.md\\\/ro\\\/despre-incalcarea-armistitiului-din-siria-si-afluxul-de-imigranti-catre-europa\\\/\"},\"author\":{\"name\":\"admin\",\"@id\":\"https:\\\/\\\/www.btv.md\\\/#\\\/schema\\\/person\\\/8fadce81561b3ce2c34c46dadc4ccbf2\"},\"headline\":\"DESPRE \u00ceNC\u0102LCAREA ARMISTI\u021aIULUI DIN SIRIA \u0218I AFLUXUL DE IMIGRAN\u021aI C\u0102TRE EUROPA\",\"datePublished\":\"2016-02-29T11:30:55+00:00\",\"dateModified\":\"2016-02-29T14:13:08+00:00\",\"mainEntityOfPage\":{\"@id\":\"https:\\\/\\\/www.btv.md\\\/ro\\\/despre-incalcarea-armistitiului-din-siria-si-afluxul-de-imigranti-catre-europa\\\/\"},\"wordCount\":1781,\"image\":{\"@id\":\"https:\\\/\\\/www.btv.md\\\/ro\\\/despre-incalcarea-armistitiului-din-siria-si-afluxul-de-imigranti-catre-europa\\\/#primaryimage\"},\"thumbnailUrl\":\"https:\\\/\\\/www.btv.md\\\/wp-content\\\/uploads\\\/2016\\\/02\\\/atac-1456583727.jpg\",\"articleSection\":[\"\u0417\u0430\u0440\u0443\u0431\u0435\u0436\u043d\u044b\u0435\"],\"inLanguage\":\"ro-RO\"},{\"@type\":\"WebPage\",\"@id\":\"https:\\\/\\\/www.btv.md\\\/ro\\\/despre-incalcarea-armistitiului-din-siria-si-afluxul-de-imigranti-catre-europa\\\/\",\"url\":\"https:\\\/\\\/www.btv.md\\\/ro\\\/despre-incalcarea-armistitiului-din-siria-si-afluxul-de-imigranti-catre-europa\\\/\",\"name\":\"DESPRE \u00ceNC\u0102LCAREA ARMISTI\u021aIULUI DIN SIRIA \u0218I AFLUXUL DE IMIGRAN\u021aI C\u0102TRE EUROPA - BTV\",\"isPartOf\":{\"@id\":\"https:\\\/\\\/www.btv.md\\\/#website\"},\"primaryImageOfPage\":{\"@id\":\"https:\\\/\\\/www.btv.md\\\/ro\\\/despre-incalcarea-armistitiului-din-siria-si-afluxul-de-imigranti-catre-europa\\\/#primaryimage\"},\"image\":{\"@id\":\"https:\\\/\\\/www.btv.md\\\/ro\\\/despre-incalcarea-armistitiului-din-siria-si-afluxul-de-imigranti-catre-europa\\\/#primaryimage\"},\"thumbnailUrl\":\"https:\\\/\\\/www.btv.md\\\/wp-content\\\/uploads\\\/2016\\\/02\\\/atac-1456583727.jpg\",\"datePublished\":\"2016-02-29T11:30:55+00:00\",\"dateModified\":\"2016-02-29T14:13:08+00:00\",\"author\":{\"@id\":\"https:\\\/\\\/www.btv.md\\\/#\\\/schema\\\/person\\\/8fadce81561b3ce2c34c46dadc4ccbf2\"},\"inLanguage\":\"ro-RO\",\"potentialAction\":[{\"@type\":\"ReadAction\",\"target\":[\"https:\\\/\\\/www.btv.md\\\/ro\\\/despre-incalcarea-armistitiului-din-siria-si-afluxul-de-imigranti-catre-europa\\\/\"]}]},{\"@type\":\"ImageObject\",\"inLanguage\":\"ro-RO\",\"@id\":\"https:\\\/\\\/www.btv.md\\\/ro\\\/despre-incalcarea-armistitiului-din-siria-si-afluxul-de-imigranti-catre-europa\\\/#primaryimage\",\"url\":\"https:\\\/\\\/www.btv.md\\\/wp-content\\\/uploads\\\/2016\\\/02\\\/atac-1456583727.jpg\",\"contentUrl\":\"https:\\\/\\\/www.btv.md\\\/wp-content\\\/uploads\\\/2016\\\/02\\\/atac-1456583727.jpg\",\"width\":660,\"height\":380,\"caption\":\"www.cugetliber.ro\"},{\"@type\":\"WebSite\",\"@id\":\"https:\\\/\\\/www.btv.md\\\/#website\",\"url\":\"https:\\\/\\\/www.btv.md\\\/\",\"name\":\"BTV\",\"description\":\"\u0411\u0435\u043b\u044c\u0446\u043a\u043e\u0435 \u0442\u0435\u043b\u0435\u0432\u0438\u0434\u0435\u043d\u0438\u0435\",\"potentialAction\":[{\"@type\":\"SearchAction\",\"target\":{\"@type\":\"EntryPoint\",\"urlTemplate\":\"https:\\\/\\\/www.btv.md\\\/?s={search_term_string}\"},\"query-input\":{\"@type\":\"PropertyValueSpecification\",\"valueRequired\":true,\"valueName\":\"search_term_string\"}}],\"inLanguage\":\"ro-RO\"},{\"@type\":\"Person\",\"@id\":\"https:\\\/\\\/www.btv.md\\\/#\\\/schema\\\/person\\\/8fadce81561b3ce2c34c46dadc4ccbf2\",\"name\":\"admin\"}]}<\/script>\n<!-- \/ Yoast SEO plugin. -->","yoast_head_json":{"title":"DESPRE \u00ceNC\u0102LCAREA ARMISTI\u021aIULUI DIN SIRIA \u0218I AFLUXUL DE IMIGRAN\u021aI C\u0102TRE EUROPA - BTV","robots":{"index":"index","follow":"follow","max-snippet":"max-snippet:-1","max-image-preview":"max-image-preview:large","max-video-preview":"max-video-preview:-1"},"canonical":"https:\/\/www.btv.md\/ro\/despre-incalcarea-armistitiului-din-siria-si-afluxul-de-imigranti-catre-europa\/","og_locale":"ro_RO","og_type":"article","og_title":"DESPRE \u00ceNC\u0102LCAREA ARMISTI\u021aIULUI DIN SIRIA \u0218I AFLUXUL DE IMIGRAN\u021aI C\u0102TRE EUROPA - BTV","og_description":"Postul de televiziune BTV v\u0103 propune spre vizionare cele mai importante evenimente ale zilei trecute, reflectate \u00een presa interna\u021bional\u0103. Centrul rus de coordonare din Siria sus\u0163ine c\u0103 armisti\u0163iul par\u0163ial din Siria, care a intrat \u00een vigoare de s\u00e2mb\u0103t\u0103, a fost \u00eenc\u0103lcat deja de nou\u0103 ori, informeaz\u0103 agen\u0163ia de pres\u0103 Reuters, cit\u00e2ndu-l pe \u015feful centrului, potrivit [&hellip;]","og_url":"https:\/\/www.btv.md\/ro\/despre-incalcarea-armistitiului-din-siria-si-afluxul-de-imigranti-catre-europa\/","og_site_name":"BTV","article_publisher":"https:\/\/www.facebook.com\/btvmoldova\/","article_published_time":"2016-02-29T11:30:55+00:00","article_modified_time":"2016-02-29T14:13:08+00:00","og_image":[{"width":660,"height":380,"url":"https:\/\/www.btv.md\/wp-content\/uploads\/2016\/02\/atac-1456583727.jpg","type":"image\/jpeg"}],"author":"admin","twitter_misc":{"Scris de":"admin","Timp estimat pentru citire":"9 minute"},"schema":{"@context":"https:\/\/schema.org","@graph":[{"@type":"Article","@id":"https:\/\/www.btv.md\/ro\/despre-incalcarea-armistitiului-din-siria-si-afluxul-de-imigranti-catre-europa\/#article","isPartOf":{"@id":"https:\/\/www.btv.md\/ro\/despre-incalcarea-armistitiului-din-siria-si-afluxul-de-imigranti-catre-europa\/"},"author":{"name":"admin","@id":"https:\/\/www.btv.md\/#\/schema\/person\/8fadce81561b3ce2c34c46dadc4ccbf2"},"headline":"DESPRE \u00ceNC\u0102LCAREA ARMISTI\u021aIULUI DIN SIRIA \u0218I AFLUXUL DE IMIGRAN\u021aI C\u0102TRE EUROPA","datePublished":"2016-02-29T11:30:55+00:00","dateModified":"2016-02-29T14:13:08+00:00","mainEntityOfPage":{"@id":"https:\/\/www.btv.md\/ro\/despre-incalcarea-armistitiului-din-siria-si-afluxul-de-imigranti-catre-europa\/"},"wordCount":1781,"image":{"@id":"https:\/\/www.btv.md\/ro\/despre-incalcarea-armistitiului-din-siria-si-afluxul-de-imigranti-catre-europa\/#primaryimage"},"thumbnailUrl":"https:\/\/www.btv.md\/wp-content\/uploads\/2016\/02\/atac-1456583727.jpg","articleSection":["\u0417\u0430\u0440\u0443\u0431\u0435\u0436\u043d\u044b\u0435"],"inLanguage":"ro-RO"},{"@type":"WebPage","@id":"https:\/\/www.btv.md\/ro\/despre-incalcarea-armistitiului-din-siria-si-afluxul-de-imigranti-catre-europa\/","url":"https:\/\/www.btv.md\/ro\/despre-incalcarea-armistitiului-din-siria-si-afluxul-de-imigranti-catre-europa\/","name":"DESPRE \u00ceNC\u0102LCAREA ARMISTI\u021aIULUI DIN SIRIA \u0218I AFLUXUL DE IMIGRAN\u021aI C\u0102TRE EUROPA - BTV","isPartOf":{"@id":"https:\/\/www.btv.md\/#website"},"primaryImageOfPage":{"@id":"https:\/\/www.btv.md\/ro\/despre-incalcarea-armistitiului-din-siria-si-afluxul-de-imigranti-catre-europa\/#primaryimage"},"image":{"@id":"https:\/\/www.btv.md\/ro\/despre-incalcarea-armistitiului-din-siria-si-afluxul-de-imigranti-catre-europa\/#primaryimage"},"thumbnailUrl":"https:\/\/www.btv.md\/wp-content\/uploads\/2016\/02\/atac-1456583727.jpg","datePublished":"2016-02-29T11:30:55+00:00","dateModified":"2016-02-29T14:13:08+00:00","author":{"@id":"https:\/\/www.btv.md\/#\/schema\/person\/8fadce81561b3ce2c34c46dadc4ccbf2"},"inLanguage":"ro-RO","potentialAction":[{"@type":"ReadAction","target":["https:\/\/www.btv.md\/ro\/despre-incalcarea-armistitiului-din-siria-si-afluxul-de-imigranti-catre-europa\/"]}]},{"@type":"ImageObject","inLanguage":"ro-RO","@id":"https:\/\/www.btv.md\/ro\/despre-incalcarea-armistitiului-din-siria-si-afluxul-de-imigranti-catre-europa\/#primaryimage","url":"https:\/\/www.btv.md\/wp-content\/uploads\/2016\/02\/atac-1456583727.jpg","contentUrl":"https:\/\/www.btv.md\/wp-content\/uploads\/2016\/02\/atac-1456583727.jpg","width":660,"height":380,"caption":"www.cugetliber.ro"},{"@type":"WebSite","@id":"https:\/\/www.btv.md\/#website","url":"https:\/\/www.btv.md\/","name":"BTV","description":"\u0411\u0435\u043b\u044c\u0446\u043a\u043e\u0435 \u0442\u0435\u043b\u0435\u0432\u0438\u0434\u0435\u043d\u0438\u0435","potentialAction":[{"@type":"SearchAction","target":{"@type":"EntryPoint","urlTemplate":"https:\/\/www.btv.md\/?s={search_term_string}"},"query-input":{"@type":"PropertyValueSpecification","valueRequired":true,"valueName":"search_term_string"}}],"inLanguage":"ro-RO"},{"@type":"Person","@id":"https:\/\/www.btv.md\/#\/schema\/person\/8fadce81561b3ce2c34c46dadc4ccbf2","name":"admin"}]}},"_links":{"self":[{"href":"https:\/\/www.btv.md\/ro\/wp-json\/wp\/v2\/posts\/7923","targetHints":{"allow":["GET"]}}],"collection":[{"href":"https:\/\/www.btv.md\/ro\/wp-json\/wp\/v2\/posts"}],"about":[{"href":"https:\/\/www.btv.md\/ro\/wp-json\/wp\/v2\/types\/post"}],"author":[{"embeddable":true,"href":"https:\/\/www.btv.md\/ro\/wp-json\/wp\/v2\/users\/4"}],"replies":[{"embeddable":true,"href":"https:\/\/www.btv.md\/ro\/wp-json\/wp\/v2\/comments?post=7923"}],"version-history":[{"count":0,"href":"https:\/\/www.btv.md\/ro\/wp-json\/wp\/v2\/posts\/7923\/revisions"}],"wp:featuredmedia":[{"embeddable":true,"href":"https:\/\/www.btv.md\/ro\/wp-json\/wp\/v2\/media\/7924"}],"wp:attachment":[{"href":"https:\/\/www.btv.md\/ro\/wp-json\/wp\/v2\/media?parent=7923"}],"wp:term":[{"taxonomy":"category","embeddable":true,"href":"https:\/\/www.btv.md\/ro\/wp-json\/wp\/v2\/categories?post=7923"},{"taxonomy":"post_tag","embeddable":true,"href":"https:\/\/www.btv.md\/ro\/wp-json\/wp\/v2\/tags?post=7923"}],"curies":[{"name":"wp","href":"https:\/\/api.w.org\/{rel}","templated":true}]}}