{"id":7932,"date":"2016-02-29T17:43:50","date_gmt":"2016-02-29T14:43:50","guid":{"rendered":"http:\/\/btv.md\/?p=7932"},"modified":"2016-02-29T17:43:50","modified_gmt":"2016-02-29T14:43:50","slug":"in-loc-sa-taie-o-teava-si-a-retezat-propria-mana","status":"publish","type":"post","link":"https:\/\/www.btv.md\/ro\/in-loc-sa-taie-o-teava-si-a-retezat-propria-mana\/","title":{"rendered":"\u00ceN LOC S\u0102 TAIE O \u021aEAV\u0102 \u0218I-A RETEZAT PROPRIA M\u00c2N\u0102"},"content":{"rendered":"<p><strong>\u00cen loc s\u0103 taie o \u021beav\u0103 \u0219i-a retezat propria m\u00e2n\u0103. Un b\u0103rbat de 38 de ani din B\u0103l\u021bi, a pierdut controlul asupra flexului \u00een timp ce a \u00eencercat s\u0103 taie o \u021beav\u0103.  Potrivit medicilor acesta  a fost internat \u00een stare grav\u0103, cu riscul de a\u0219i pierde m\u00e2na. <\/strong><\/p>\n<p>\u201e<em>Un traumatism foarte complicat, cu leziuni de nervi, nervi digitali, mici, mici extrem de mici, cu leziuni de tendoane, fracturi deschise de oase matacarpiene, care am operat aici \u0219i opera\u021bia adurat 5 ore<\/em>\u201d.  <\/p>\n<p>Medicul a precizat c\u0103 \u00een prezent starea pacientului este stabil\u0103.<\/p>\n<p><iframe width=\"420\" height=\"315\" data-src=\"https:\/\/www.youtube.com\/embed\/qoQDNLoJbS4\" frameborder=\"0\" allowfullscreen src=\"data:image\/svg+xml;base64,PHN2ZyB3aWR0aD0iMSIgaGVpZ2h0PSIxIiB4bWxucz0iaHR0cDovL3d3dy53My5vcmcvMjAwMC9zdmciPjwvc3ZnPg==\" class=\"lazyload\" data-load-mode=\"1\"><\/iframe><\/p>\n","protected":false},"excerpt":{"rendered":"<p>\u00cen loc s\u0103 taie o \u021beav\u0103 \u0219i-a retezat propria m\u00e2n\u0103. Un b\u0103rbat de 38 de ani din B\u0103l\u021bi, a pierdut controlul asupra flexului \u00een timp ce a \u00eencercat s\u0103 taie o \u021beav\u0103. Potrivit medicilor acesta a fost internat \u00een stare grav\u0103, cu riscul de a\u0219i pierde m\u00e2na. \u201eUn traumatism foarte complicat, cu leziuni de nervi, [&hellip;]<\/p>\n","protected":false},"author":4,"featured_media":7933,"comment_status":"closed","ping_status":"closed","sticky":false,"template":"","format":"standard","meta":{"footnotes":""},"categories":[6353],"tags":[],"class_list":["post-7932","post","type-post","status-publish","format-standard","has-post-thumbnail","hentry","category-oras"],"yoast_head":"<!-- This site is optimized with the Yoast SEO plugin v27.4 - https:\/\/yoast.com\/product\/yoast-seo-wordpress\/ -->\n<title>\u00ceN LOC S\u0102 TAIE O \u021aEAV\u0102 \u0218I-A RETEZAT PROPRIA M\u00c2N\u0102 - BTV<\/title>\n<meta name=\"robots\" content=\"index, follow, max-snippet:-1, max-image-preview:large, max-video-preview:-1\" \/>\n<link rel=\"canonical\" href=\"https:\/\/www.btv.md\/ro\/in-loc-sa-taie-o-teava-si-a-retezat-propria-mana\/\" \/>\n<meta property=\"og:locale\" content=\"ro_RO\" \/>\n<meta property=\"og:type\" content=\"article\" \/>\n<meta property=\"og:title\" content=\"\u00ceN LOC S\u0102 TAIE O \u021aEAV\u0102 \u0218I-A RETEZAT PROPRIA M\u00c2N\u0102 - BTV\" \/>\n<meta property=\"og:description\" content=\"\u00cen loc s\u0103 taie o \u021beav\u0103 \u0219i-a retezat propria m\u00e2n\u0103. Un b\u0103rbat de 38 de ani din B\u0103l\u021bi, a pierdut controlul asupra flexului \u00een timp ce a \u00eencercat s\u0103 taie o \u021beav\u0103. Potrivit medicilor acesta a fost internat \u00een stare grav\u0103, cu riscul de a\u0219i pierde m\u00e2na. \u201eUn traumatism foarte complicat, cu leziuni de nervi, [&hellip;]\" \/>\n<meta property=\"og:url\" content=\"https:\/\/www.btv.md\/ro\/in-loc-sa-taie-o-teava-si-a-retezat-propria-mana\/\" \/>\n<meta property=\"og:site_name\" content=\"BTV\" \/>\n<meta property=\"article:publisher\" content=\"https:\/\/www.facebook.com\/btvmoldova\/\" \/>\n<meta property=\"article:published_time\" content=\"2016-02-29T14:43:50+00:00\" \/>\n<meta property=\"og:image\" content=\"https:\/\/www.btv.md\/wp-content\/uploads\/2016\/02\/spital-1.png\" \/>\n\t<meta property=\"og:image:width\" content=\"1033\" \/>\n\t<meta property=\"og:image:height\" content=\"555\" \/>\n\t<meta property=\"og:image:type\" content=\"image\/png\" \/>\n<meta name=\"author\" content=\"admin\" \/>\n<meta name=\"twitter:label1\" content=\"Scris de\" \/>\n\t<meta name=\"twitter:data1\" content=\"admin\" \/>\n<script type=\"application\/ld+json\" class=\"yoast-schema-graph\">{\"@context\":\"https:\\\/\\\/schema.org\",\"@graph\":[{\"@type\":\"Article\",\"@id\":\"https:\\\/\\\/www.btv.md\\\/ro\\\/in-loc-sa-taie-o-teava-si-a-retezat-propria-mana\\\/#article\",\"isPartOf\":{\"@id\":\"https:\\\/\\\/www.btv.md\\\/ro\\\/in-loc-sa-taie-o-teava-si-a-retezat-propria-mana\\\/\"},\"author\":{\"name\":\"admin\",\"@id\":\"https:\\\/\\\/www.btv.md\\\/#\\\/schema\\\/person\\\/8fadce81561b3ce2c34c46dadc4ccbf2\"},\"headline\":\"\u00ceN LOC S\u0102 TAIE O \u021aEAV\u0102 \u0218I-A RETEZAT PROPRIA M\u00c2N\u0102\",\"datePublished\":\"2016-02-29T14:43:50+00:00\",\"mainEntityOfPage\":{\"@id\":\"https:\\\/\\\/www.btv.md\\\/ro\\\/in-loc-sa-taie-o-teava-si-a-retezat-propria-mana\\\/\"},\"wordCount\":106,\"image\":{\"@id\":\"https:\\\/\\\/www.btv.md\\\/ro\\\/in-loc-sa-taie-o-teava-si-a-retezat-propria-mana\\\/#primaryimage\"},\"thumbnailUrl\":\"https:\\\/\\\/www.btv.md\\\/wp-content\\\/uploads\\\/2016\\\/02\\\/spital-1.png\",\"articleSection\":[\"Ora\u0219\"],\"inLanguage\":\"ro-RO\"},{\"@type\":\"WebPage\",\"@id\":\"https:\\\/\\\/www.btv.md\\\/ro\\\/in-loc-sa-taie-o-teava-si-a-retezat-propria-mana\\\/\",\"url\":\"https:\\\/\\\/www.btv.md\\\/ro\\\/in-loc-sa-taie-o-teava-si-a-retezat-propria-mana\\\/\",\"name\":\"\u00ceN LOC S\u0102 TAIE O \u021aEAV\u0102 \u0218I-A RETEZAT PROPRIA M\u00c2N\u0102 - BTV\",\"isPartOf\":{\"@id\":\"https:\\\/\\\/www.btv.md\\\/#website\"},\"primaryImageOfPage\":{\"@id\":\"https:\\\/\\\/www.btv.md\\\/ro\\\/in-loc-sa-taie-o-teava-si-a-retezat-propria-mana\\\/#primaryimage\"},\"image\":{\"@id\":\"https:\\\/\\\/www.btv.md\\\/ro\\\/in-loc-sa-taie-o-teava-si-a-retezat-propria-mana\\\/#primaryimage\"},\"thumbnailUrl\":\"https:\\\/\\\/www.btv.md\\\/wp-content\\\/uploads\\\/2016\\\/02\\\/spital-1.png\",\"datePublished\":\"2016-02-29T14:43:50+00:00\",\"author\":{\"@id\":\"https:\\\/\\\/www.btv.md\\\/#\\\/schema\\\/person\\\/8fadce81561b3ce2c34c46dadc4ccbf2\"},\"inLanguage\":\"ro-RO\",\"potentialAction\":[{\"@type\":\"ReadAction\",\"target\":[\"https:\\\/\\\/www.btv.md\\\/ro\\\/in-loc-sa-taie-o-teava-si-a-retezat-propria-mana\\\/\"]}]},{\"@type\":\"ImageObject\",\"inLanguage\":\"ro-RO\",\"@id\":\"https:\\\/\\\/www.btv.md\\\/ro\\\/in-loc-sa-taie-o-teava-si-a-retezat-propria-mana\\\/#primaryimage\",\"url\":\"https:\\\/\\\/www.btv.md\\\/wp-content\\\/uploads\\\/2016\\\/02\\\/spital-1.png\",\"contentUrl\":\"https:\\\/\\\/www.btv.md\\\/wp-content\\\/uploads\\\/2016\\\/02\\\/spital-1.png\",\"width\":1033,\"height\":555},{\"@type\":\"WebSite\",\"@id\":\"https:\\\/\\\/www.btv.md\\\/#website\",\"url\":\"https:\\\/\\\/www.btv.md\\\/\",\"name\":\"BTV\",\"description\":\"\u0411\u0435\u043b\u044c\u0446\u043a\u043e\u0435 \u0442\u0435\u043b\u0435\u0432\u0438\u0434\u0435\u043d\u0438\u0435\",\"potentialAction\":[{\"@type\":\"SearchAction\",\"target\":{\"@type\":\"EntryPoint\",\"urlTemplate\":\"https:\\\/\\\/www.btv.md\\\/?s={search_term_string}\"},\"query-input\":{\"@type\":\"PropertyValueSpecification\",\"valueRequired\":true,\"valueName\":\"search_term_string\"}}],\"inLanguage\":\"ro-RO\"},{\"@type\":\"Person\",\"@id\":\"https:\\\/\\\/www.btv.md\\\/#\\\/schema\\\/person\\\/8fadce81561b3ce2c34c46dadc4ccbf2\",\"name\":\"admin\"}]}<\/script>\n<!-- \/ Yoast SEO plugin. -->","yoast_head_json":{"title":"\u00ceN LOC S\u0102 TAIE O \u021aEAV\u0102 \u0218I-A RETEZAT PROPRIA M\u00c2N\u0102 - BTV","robots":{"index":"index","follow":"follow","max-snippet":"max-snippet:-1","max-image-preview":"max-image-preview:large","max-video-preview":"max-video-preview:-1"},"canonical":"https:\/\/www.btv.md\/ro\/in-loc-sa-taie-o-teava-si-a-retezat-propria-mana\/","og_locale":"ro_RO","og_type":"article","og_title":"\u00ceN LOC S\u0102 TAIE O \u021aEAV\u0102 \u0218I-A RETEZAT PROPRIA M\u00c2N\u0102 - BTV","og_description":"\u00cen loc s\u0103 taie o \u021beav\u0103 \u0219i-a retezat propria m\u00e2n\u0103. Un b\u0103rbat de 38 de ani din B\u0103l\u021bi, a pierdut controlul asupra flexului \u00een timp ce a \u00eencercat s\u0103 taie o \u021beav\u0103. Potrivit medicilor acesta a fost internat \u00een stare grav\u0103, cu riscul de a\u0219i pierde m\u00e2na. \u201eUn traumatism foarte complicat, cu leziuni de nervi, [&hellip;]","og_url":"https:\/\/www.btv.md\/ro\/in-loc-sa-taie-o-teava-si-a-retezat-propria-mana\/","og_site_name":"BTV","article_publisher":"https:\/\/www.facebook.com\/btvmoldova\/","article_published_time":"2016-02-29T14:43:50+00:00","og_image":[{"width":1033,"height":555,"url":"https:\/\/www.btv.md\/wp-content\/uploads\/2016\/02\/spital-1.png","type":"image\/png"}],"author":"admin","twitter_misc":{"Scris de":"admin"},"schema":{"@context":"https:\/\/schema.org","@graph":[{"@type":"Article","@id":"https:\/\/www.btv.md\/ro\/in-loc-sa-taie-o-teava-si-a-retezat-propria-mana\/#article","isPartOf":{"@id":"https:\/\/www.btv.md\/ro\/in-loc-sa-taie-o-teava-si-a-retezat-propria-mana\/"},"author":{"name":"admin","@id":"https:\/\/www.btv.md\/#\/schema\/person\/8fadce81561b3ce2c34c46dadc4ccbf2"},"headline":"\u00ceN LOC S\u0102 TAIE O \u021aEAV\u0102 \u0218I-A RETEZAT PROPRIA M\u00c2N\u0102","datePublished":"2016-02-29T14:43:50+00:00","mainEntityOfPage":{"@id":"https:\/\/www.btv.md\/ro\/in-loc-sa-taie-o-teava-si-a-retezat-propria-mana\/"},"wordCount":106,"image":{"@id":"https:\/\/www.btv.md\/ro\/in-loc-sa-taie-o-teava-si-a-retezat-propria-mana\/#primaryimage"},"thumbnailUrl":"https:\/\/www.btv.md\/wp-content\/uploads\/2016\/02\/spital-1.png","articleSection":["Ora\u0219"],"inLanguage":"ro-RO"},{"@type":"WebPage","@id":"https:\/\/www.btv.md\/ro\/in-loc-sa-taie-o-teava-si-a-retezat-propria-mana\/","url":"https:\/\/www.btv.md\/ro\/in-loc-sa-taie-o-teava-si-a-retezat-propria-mana\/","name":"\u00ceN LOC S\u0102 TAIE O \u021aEAV\u0102 \u0218I-A RETEZAT PROPRIA M\u00c2N\u0102 - BTV","isPartOf":{"@id":"https:\/\/www.btv.md\/#website"},"primaryImageOfPage":{"@id":"https:\/\/www.btv.md\/ro\/in-loc-sa-taie-o-teava-si-a-retezat-propria-mana\/#primaryimage"},"image":{"@id":"https:\/\/www.btv.md\/ro\/in-loc-sa-taie-o-teava-si-a-retezat-propria-mana\/#primaryimage"},"thumbnailUrl":"https:\/\/www.btv.md\/wp-content\/uploads\/2016\/02\/spital-1.png","datePublished":"2016-02-29T14:43:50+00:00","author":{"@id":"https:\/\/www.btv.md\/#\/schema\/person\/8fadce81561b3ce2c34c46dadc4ccbf2"},"inLanguage":"ro-RO","potentialAction":[{"@type":"ReadAction","target":["https:\/\/www.btv.md\/ro\/in-loc-sa-taie-o-teava-si-a-retezat-propria-mana\/"]}]},{"@type":"ImageObject","inLanguage":"ro-RO","@id":"https:\/\/www.btv.md\/ro\/in-loc-sa-taie-o-teava-si-a-retezat-propria-mana\/#primaryimage","url":"https:\/\/www.btv.md\/wp-content\/uploads\/2016\/02\/spital-1.png","contentUrl":"https:\/\/www.btv.md\/wp-content\/uploads\/2016\/02\/spital-1.png","width":1033,"height":555},{"@type":"WebSite","@id":"https:\/\/www.btv.md\/#website","url":"https:\/\/www.btv.md\/","name":"BTV","description":"\u0411\u0435\u043b\u044c\u0446\u043a\u043e\u0435 \u0442\u0435\u043b\u0435\u0432\u0438\u0434\u0435\u043d\u0438\u0435","potentialAction":[{"@type":"SearchAction","target":{"@type":"EntryPoint","urlTemplate":"https:\/\/www.btv.md\/?s={search_term_string}"},"query-input":{"@type":"PropertyValueSpecification","valueRequired":true,"valueName":"search_term_string"}}],"inLanguage":"ro-RO"},{"@type":"Person","@id":"https:\/\/www.btv.md\/#\/schema\/person\/8fadce81561b3ce2c34c46dadc4ccbf2","name":"admin"}]}},"_links":{"self":[{"href":"https:\/\/www.btv.md\/ro\/wp-json\/wp\/v2\/posts\/7932","targetHints":{"allow":["GET"]}}],"collection":[{"href":"https:\/\/www.btv.md\/ro\/wp-json\/wp\/v2\/posts"}],"about":[{"href":"https:\/\/www.btv.md\/ro\/wp-json\/wp\/v2\/types\/post"}],"author":[{"embeddable":true,"href":"https:\/\/www.btv.md\/ro\/wp-json\/wp\/v2\/users\/4"}],"replies":[{"embeddable":true,"href":"https:\/\/www.btv.md\/ro\/wp-json\/wp\/v2\/comments?post=7932"}],"version-history":[{"count":0,"href":"https:\/\/www.btv.md\/ro\/wp-json\/wp\/v2\/posts\/7932\/revisions"}],"wp:featuredmedia":[{"embeddable":true,"href":"https:\/\/www.btv.md\/ro\/wp-json\/wp\/v2\/media\/7933"}],"wp:attachment":[{"href":"https:\/\/www.btv.md\/ro\/wp-json\/wp\/v2\/media?parent=7932"}],"wp:term":[{"taxonomy":"category","embeddable":true,"href":"https:\/\/www.btv.md\/ro\/wp-json\/wp\/v2\/categories?post=7932"},{"taxonomy":"post_tag","embeddable":true,"href":"https:\/\/www.btv.md\/ro\/wp-json\/wp\/v2\/tags?post=7932"}],"curies":[{"name":"wp","href":"https:\/\/api.w.org\/{rel}","templated":true}]}}