{"id":7944,"date":"2016-02-29T19:00:47","date_gmt":"2016-02-29T16:00:47","guid":{"rendered":"http:\/\/btv.md\/?p=7944"},"modified":"2016-02-29T19:00:47","modified_gmt":"2016-02-29T16:00:47","slug":"statistica-la-balti-a-scazut-numarul-persoanelor-care-muncesc-in-folosul-comunitatii","status":"publish","type":"post","link":"https:\/\/www.btv.md\/ro\/statistica-la-balti-a-scazut-numarul-persoanelor-care-muncesc-in-folosul-comunitatii\/","title":{"rendered":"STATISTIC\u0102: LA B\u0102L\u021aI A SC\u0102ZUT NUM\u0102RUL PERSOANELOR CARE MUNCESC \u00ceN FOLOSUL COMUNIT\u0102\u021aII"},"content":{"rendered":"<p><strong>Num\u0103rul condamna\u021bilor care muncesc \u00een folosul comunit\u0103\u021bii \u00een municipiul B\u0103l\u021bi este \u00een descre\u0219tere. Cel pu\u021bin acestea sunt rezultatete unui raport prezentat de  Biroul de proba\u021biune din B\u0103l\u021bi pentru anul 2015. Potrivit datelor oferite de Birou, \u00een decursul anului trecut, la eviden\u021b\u0103 s-au aflat aproape o sut\u0103 de persoane. <\/strong><\/p>\n<p>\u201e<em>\u00cen 2015 se vede o descre\u0219tere la aplicarea pedepsei date \u00een compara\u021bie cu anul 2014. Dac\u0103 \u00een 2014 au fost 106 persoane condamnate la munc\u0103 neremunerat\u0103 \u00een folosul comunit\u0103\u021bii \u0219i doi minori, \u00een 2015 au fost 96 de persoane adulte \u0219i patru minori<\/em>\u201d.<\/p>\n<p>\u0218eful Biroului de proba\u021biune  B\u0103l\u021bi, Adrian Groza,  spune c\u0103 nu toate persoanele condamnate \u00ee\u0219i exergit\u0103 obliga\u021biunile conform legii. Printre cei o sut\u0103 de contravenien\u021bi, patru s-au ales cu priva\u021biune de libertate. <\/p>\n<p>\u201e<em>\u00cen cazul dat este \u00eentocmit un proces cum c\u0103 nu se prezint\u0103 la locul de munc\u0103. Persoana este anun\u021bat\u0103 \u0219i consultat\u0103 \u00eenc\u0103 o dat\u0103 despre consecin\u021be. I se mai d\u0103 o \u0219ans\u0103 \u0219i i se \u00eentocme\u0219te un alt grafic. Dac\u0103 nici a doua oar\u0103 nu execut\u0103 pedeapsa, este \u00eentocmit un demers \u00een instan\u021ba de judecat\u0103, unde i se cere schimbarea m\u0103surii din munc\u0103 neremunerat\u0103 \u00een folosul comunit\u0103\u021bii, cu \u00eenchisoarea<\/em>\u201d.<\/p>\n<p>Reprezentanul unui centru cu destina\u021bie social\u0103, unde \u00ee\u0219i isp\u0103\u0219esc pedeapsa mai mul\u021bi condamna\u021bi, spune c\u0103 uneori \u00eei vine greu s\u0103 \u021bin\u0103 situa\u021bia sub control. <\/p>\n<p>\u201e<em>Este greu s\u0103 lucrezi cu ei. Majoritatea dintre ei vin sub influien\u021ba b\u0103uturilor alcoolice \u0219i agresivi. Noi facem leg\u0103tura cu Biroul de proba\u021biune, care \u00eentreprind m\u0103surile necesare<\/em>\u201d.<\/p>\n<p>Totu\u0219i, munca persoanelor certate cu legea este apreciat\u0103. De cele mai multe ori, ace\u0219tia efectueaz\u0103 lucr\u0103ri de salubrizare sau repara\u021bii.<\/p>\n<p>\u201e<em>A fost defri\u0219at teritoriul de circa patru hectare, a fost salubrizat. Au fost reparate \u0219i puse gratiile la geamuri, a fost reparat acoperi\u0219ul de la intrare \u0219i multe altele<\/em>\u201d.<\/p>\n<p>Cele aproape o sut\u0103 de persoane condamnate la munc\u0103 neremunerat\u0103 \u00een folosul comunit\u0103\u021bii de la eviden\u021ba Biroului de Proba\u021biune B\u0103l\u021bi, au economisit din bugetul de stat circa 140 de mii de lei.<\/p>\n<p><iframe width=\"420\" height=\"315\" data-src=\"https:\/\/www.youtube.com\/embed\/_fZXmHGoRiE\" frameborder=\"0\" allowfullscreen src=\"data:image\/svg+xml;base64,PHN2ZyB3aWR0aD0iMSIgaGVpZ2h0PSIxIiB4bWxucz0iaHR0cDovL3d3dy53My5vcmcvMjAwMC9zdmciPjwvc3ZnPg==\" class=\"lazyload\" data-load-mode=\"1\"><\/iframe><\/p>\n","protected":false},"excerpt":{"rendered":"<p>Num\u0103rul condamna\u021bilor care muncesc \u00een folosul comunit\u0103\u021bii \u00een municipiul B\u0103l\u021bi este \u00een descre\u0219tere. Cel pu\u021bin acestea sunt rezultatete unui raport prezentat de Biroul de proba\u021biune din B\u0103l\u021bi pentru anul 2015. Potrivit datelor oferite de Birou, \u00een decursul anului trecut, la eviden\u021b\u0103 s-au aflat aproape o sut\u0103 de persoane. \u201e\u00cen 2015 se vede o descre\u0219tere la [&hellip;]<\/p>\n","protected":false},"author":4,"featured_media":7945,"comment_status":"closed","ping_status":"closed","sticky":false,"template":"","format":"standard","meta":{"footnotes":""},"categories":[12],"tags":[],"class_list":["post-7944","post","type-post","status-publish","format-standard","has-post-thumbnail","hentry","category-balti"],"yoast_head":"<!-- This site is optimized with the Yoast SEO plugin v27.4 - https:\/\/yoast.com\/product\/yoast-seo-wordpress\/ -->\n<title>STATISTIC\u0102: LA B\u0102L\u021aI A SC\u0102ZUT NUM\u0102RUL PERSOANELOR CARE MUNCESC \u00ceN FOLOSUL COMUNIT\u0102\u021aII - BTV<\/title>\n<meta name=\"robots\" content=\"index, follow, max-snippet:-1, max-image-preview:large, max-video-preview:-1\" \/>\n<link rel=\"canonical\" href=\"https:\/\/www.btv.md\/ro\/statistica-la-balti-a-scazut-numarul-persoanelor-care-muncesc-in-folosul-comunitatii\/\" \/>\n<meta property=\"og:locale\" content=\"ro_RO\" \/>\n<meta property=\"og:type\" content=\"article\" \/>\n<meta property=\"og:title\" content=\"STATISTIC\u0102: LA B\u0102L\u021aI A SC\u0102ZUT NUM\u0102RUL PERSOANELOR CARE MUNCESC \u00ceN FOLOSUL COMUNIT\u0102\u021aII - BTV\" \/>\n<meta property=\"og:description\" content=\"Num\u0103rul condamna\u021bilor care muncesc \u00een folosul comunit\u0103\u021bii \u00een municipiul B\u0103l\u021bi este \u00een descre\u0219tere. Cel pu\u021bin acestea sunt rezultatete unui raport prezentat de Biroul de proba\u021biune din B\u0103l\u021bi pentru anul 2015. Potrivit datelor oferite de Birou, \u00een decursul anului trecut, la eviden\u021b\u0103 s-au aflat aproape o sut\u0103 de persoane. \u201e\u00cen 2015 se vede o descre\u0219tere la [&hellip;]\" \/>\n<meta property=\"og:url\" content=\"https:\/\/www.btv.md\/ro\/statistica-la-balti-a-scazut-numarul-persoanelor-care-muncesc-in-folosul-comunitatii\/\" \/>\n<meta property=\"og:site_name\" content=\"BTV\" \/>\n<meta property=\"article:publisher\" content=\"https:\/\/www.facebook.com\/btvmoldova\/\" \/>\n<meta property=\"article:published_time\" content=\"2016-02-29T16:00:47+00:00\" \/>\n<meta property=\"og:image\" content=\"https:\/\/www.btv.md\/wp-content\/uploads\/2016\/02\/probatiune.png\" \/>\n\t<meta property=\"og:image:width\" content=\"1015\" \/>\n\t<meta property=\"og:image:height\" content=\"517\" \/>\n\t<meta property=\"og:image:type\" content=\"image\/png\" \/>\n<meta name=\"author\" content=\"admin\" \/>\n<meta name=\"twitter:label1\" content=\"Scris de\" \/>\n\t<meta name=\"twitter:data1\" content=\"admin\" \/>\n\t<meta name=\"twitter:label2\" content=\"Timp estimat pentru citire\" \/>\n\t<meta name=\"twitter:data2\" content=\"2 minute\" \/>\n<script type=\"application\/ld+json\" class=\"yoast-schema-graph\">{\"@context\":\"https:\\\/\\\/schema.org\",\"@graph\":[{\"@type\":\"Article\",\"@id\":\"https:\\\/\\\/www.btv.md\\\/ro\\\/statistica-la-balti-a-scazut-numarul-persoanelor-care-muncesc-in-folosul-comunitatii\\\/#article\",\"isPartOf\":{\"@id\":\"https:\\\/\\\/www.btv.md\\\/ro\\\/statistica-la-balti-a-scazut-numarul-persoanelor-care-muncesc-in-folosul-comunitatii\\\/\"},\"author\":{\"name\":\"admin\",\"@id\":\"https:\\\/\\\/www.btv.md\\\/#\\\/schema\\\/person\\\/8fadce81561b3ce2c34c46dadc4ccbf2\"},\"headline\":\"STATISTIC\u0102: LA B\u0102L\u021aI A SC\u0102ZUT NUM\u0102RUL PERSOANELOR CARE MUNCESC \u00ceN FOLOSUL COMUNIT\u0102\u021aII\",\"datePublished\":\"2016-02-29T16:00:47+00:00\",\"mainEntityOfPage\":{\"@id\":\"https:\\\/\\\/www.btv.md\\\/ro\\\/statistica-la-balti-a-scazut-numarul-persoanelor-care-muncesc-in-folosul-comunitatii\\\/\"},\"wordCount\":378,\"image\":{\"@id\":\"https:\\\/\\\/www.btv.md\\\/ro\\\/statistica-la-balti-a-scazut-numarul-persoanelor-care-muncesc-in-folosul-comunitatii\\\/#primaryimage\"},\"thumbnailUrl\":\"https:\\\/\\\/www.btv.md\\\/wp-content\\\/uploads\\\/2016\\\/02\\\/probatiune.png\",\"articleSection\":[\"\u0413\u043e\u0440\u043e\u0434\"],\"inLanguage\":\"ro-RO\"},{\"@type\":\"WebPage\",\"@id\":\"https:\\\/\\\/www.btv.md\\\/ro\\\/statistica-la-balti-a-scazut-numarul-persoanelor-care-muncesc-in-folosul-comunitatii\\\/\",\"url\":\"https:\\\/\\\/www.btv.md\\\/ro\\\/statistica-la-balti-a-scazut-numarul-persoanelor-care-muncesc-in-folosul-comunitatii\\\/\",\"name\":\"STATISTIC\u0102: LA B\u0102L\u021aI A SC\u0102ZUT NUM\u0102RUL PERSOANELOR CARE MUNCESC \u00ceN FOLOSUL COMUNIT\u0102\u021aII - BTV\",\"isPartOf\":{\"@id\":\"https:\\\/\\\/www.btv.md\\\/#website\"},\"primaryImageOfPage\":{\"@id\":\"https:\\\/\\\/www.btv.md\\\/ro\\\/statistica-la-balti-a-scazut-numarul-persoanelor-care-muncesc-in-folosul-comunitatii\\\/#primaryimage\"},\"image\":{\"@id\":\"https:\\\/\\\/www.btv.md\\\/ro\\\/statistica-la-balti-a-scazut-numarul-persoanelor-care-muncesc-in-folosul-comunitatii\\\/#primaryimage\"},\"thumbnailUrl\":\"https:\\\/\\\/www.btv.md\\\/wp-content\\\/uploads\\\/2016\\\/02\\\/probatiune.png\",\"datePublished\":\"2016-02-29T16:00:47+00:00\",\"author\":{\"@id\":\"https:\\\/\\\/www.btv.md\\\/#\\\/schema\\\/person\\\/8fadce81561b3ce2c34c46dadc4ccbf2\"},\"inLanguage\":\"ro-RO\",\"potentialAction\":[{\"@type\":\"ReadAction\",\"target\":[\"https:\\\/\\\/www.btv.md\\\/ro\\\/statistica-la-balti-a-scazut-numarul-persoanelor-care-muncesc-in-folosul-comunitatii\\\/\"]}]},{\"@type\":\"ImageObject\",\"inLanguage\":\"ro-RO\",\"@id\":\"https:\\\/\\\/www.btv.md\\\/ro\\\/statistica-la-balti-a-scazut-numarul-persoanelor-care-muncesc-in-folosul-comunitatii\\\/#primaryimage\",\"url\":\"https:\\\/\\\/www.btv.md\\\/wp-content\\\/uploads\\\/2016\\\/02\\\/probatiune.png\",\"contentUrl\":\"https:\\\/\\\/www.btv.md\\\/wp-content\\\/uploads\\\/2016\\\/02\\\/probatiune.png\",\"width\":1015,\"height\":517},{\"@type\":\"WebSite\",\"@id\":\"https:\\\/\\\/www.btv.md\\\/#website\",\"url\":\"https:\\\/\\\/www.btv.md\\\/\",\"name\":\"BTV\",\"description\":\"\u0411\u0435\u043b\u044c\u0446\u043a\u043e\u0435 \u0442\u0435\u043b\u0435\u0432\u0438\u0434\u0435\u043d\u0438\u0435\",\"potentialAction\":[{\"@type\":\"SearchAction\",\"target\":{\"@type\":\"EntryPoint\",\"urlTemplate\":\"https:\\\/\\\/www.btv.md\\\/?s={search_term_string}\"},\"query-input\":{\"@type\":\"PropertyValueSpecification\",\"valueRequired\":true,\"valueName\":\"search_term_string\"}}],\"inLanguage\":\"ro-RO\"},{\"@type\":\"Person\",\"@id\":\"https:\\\/\\\/www.btv.md\\\/#\\\/schema\\\/person\\\/8fadce81561b3ce2c34c46dadc4ccbf2\",\"name\":\"admin\"}]}<\/script>\n<!-- \/ Yoast SEO plugin. -->","yoast_head_json":{"title":"STATISTIC\u0102: LA B\u0102L\u021aI A SC\u0102ZUT NUM\u0102RUL PERSOANELOR CARE MUNCESC \u00ceN FOLOSUL COMUNIT\u0102\u021aII - BTV","robots":{"index":"index","follow":"follow","max-snippet":"max-snippet:-1","max-image-preview":"max-image-preview:large","max-video-preview":"max-video-preview:-1"},"canonical":"https:\/\/www.btv.md\/ro\/statistica-la-balti-a-scazut-numarul-persoanelor-care-muncesc-in-folosul-comunitatii\/","og_locale":"ro_RO","og_type":"article","og_title":"STATISTIC\u0102: LA B\u0102L\u021aI A SC\u0102ZUT NUM\u0102RUL PERSOANELOR CARE MUNCESC \u00ceN FOLOSUL COMUNIT\u0102\u021aII - BTV","og_description":"Num\u0103rul condamna\u021bilor care muncesc \u00een folosul comunit\u0103\u021bii \u00een municipiul B\u0103l\u021bi este \u00een descre\u0219tere. Cel pu\u021bin acestea sunt rezultatete unui raport prezentat de Biroul de proba\u021biune din B\u0103l\u021bi pentru anul 2015. Potrivit datelor oferite de Birou, \u00een decursul anului trecut, la eviden\u021b\u0103 s-au aflat aproape o sut\u0103 de persoane. \u201e\u00cen 2015 se vede o descre\u0219tere la [&hellip;]","og_url":"https:\/\/www.btv.md\/ro\/statistica-la-balti-a-scazut-numarul-persoanelor-care-muncesc-in-folosul-comunitatii\/","og_site_name":"BTV","article_publisher":"https:\/\/www.facebook.com\/btvmoldova\/","article_published_time":"2016-02-29T16:00:47+00:00","og_image":[{"width":1015,"height":517,"url":"https:\/\/www.btv.md\/wp-content\/uploads\/2016\/02\/probatiune.png","type":"image\/png"}],"author":"admin","twitter_misc":{"Scris de":"admin","Timp estimat pentru citire":"2 minute"},"schema":{"@context":"https:\/\/schema.org","@graph":[{"@type":"Article","@id":"https:\/\/www.btv.md\/ro\/statistica-la-balti-a-scazut-numarul-persoanelor-care-muncesc-in-folosul-comunitatii\/#article","isPartOf":{"@id":"https:\/\/www.btv.md\/ro\/statistica-la-balti-a-scazut-numarul-persoanelor-care-muncesc-in-folosul-comunitatii\/"},"author":{"name":"admin","@id":"https:\/\/www.btv.md\/#\/schema\/person\/8fadce81561b3ce2c34c46dadc4ccbf2"},"headline":"STATISTIC\u0102: LA B\u0102L\u021aI A SC\u0102ZUT NUM\u0102RUL PERSOANELOR CARE MUNCESC \u00ceN FOLOSUL COMUNIT\u0102\u021aII","datePublished":"2016-02-29T16:00:47+00:00","mainEntityOfPage":{"@id":"https:\/\/www.btv.md\/ro\/statistica-la-balti-a-scazut-numarul-persoanelor-care-muncesc-in-folosul-comunitatii\/"},"wordCount":378,"image":{"@id":"https:\/\/www.btv.md\/ro\/statistica-la-balti-a-scazut-numarul-persoanelor-care-muncesc-in-folosul-comunitatii\/#primaryimage"},"thumbnailUrl":"https:\/\/www.btv.md\/wp-content\/uploads\/2016\/02\/probatiune.png","articleSection":["\u0413\u043e\u0440\u043e\u0434"],"inLanguage":"ro-RO"},{"@type":"WebPage","@id":"https:\/\/www.btv.md\/ro\/statistica-la-balti-a-scazut-numarul-persoanelor-care-muncesc-in-folosul-comunitatii\/","url":"https:\/\/www.btv.md\/ro\/statistica-la-balti-a-scazut-numarul-persoanelor-care-muncesc-in-folosul-comunitatii\/","name":"STATISTIC\u0102: LA B\u0102L\u021aI A SC\u0102ZUT NUM\u0102RUL PERSOANELOR CARE MUNCESC \u00ceN FOLOSUL COMUNIT\u0102\u021aII - BTV","isPartOf":{"@id":"https:\/\/www.btv.md\/#website"},"primaryImageOfPage":{"@id":"https:\/\/www.btv.md\/ro\/statistica-la-balti-a-scazut-numarul-persoanelor-care-muncesc-in-folosul-comunitatii\/#primaryimage"},"image":{"@id":"https:\/\/www.btv.md\/ro\/statistica-la-balti-a-scazut-numarul-persoanelor-care-muncesc-in-folosul-comunitatii\/#primaryimage"},"thumbnailUrl":"https:\/\/www.btv.md\/wp-content\/uploads\/2016\/02\/probatiune.png","datePublished":"2016-02-29T16:00:47+00:00","author":{"@id":"https:\/\/www.btv.md\/#\/schema\/person\/8fadce81561b3ce2c34c46dadc4ccbf2"},"inLanguage":"ro-RO","potentialAction":[{"@type":"ReadAction","target":["https:\/\/www.btv.md\/ro\/statistica-la-balti-a-scazut-numarul-persoanelor-care-muncesc-in-folosul-comunitatii\/"]}]},{"@type":"ImageObject","inLanguage":"ro-RO","@id":"https:\/\/www.btv.md\/ro\/statistica-la-balti-a-scazut-numarul-persoanelor-care-muncesc-in-folosul-comunitatii\/#primaryimage","url":"https:\/\/www.btv.md\/wp-content\/uploads\/2016\/02\/probatiune.png","contentUrl":"https:\/\/www.btv.md\/wp-content\/uploads\/2016\/02\/probatiune.png","width":1015,"height":517},{"@type":"WebSite","@id":"https:\/\/www.btv.md\/#website","url":"https:\/\/www.btv.md\/","name":"BTV","description":"\u0411\u0435\u043b\u044c\u0446\u043a\u043e\u0435 \u0442\u0435\u043b\u0435\u0432\u0438\u0434\u0435\u043d\u0438\u0435","potentialAction":[{"@type":"SearchAction","target":{"@type":"EntryPoint","urlTemplate":"https:\/\/www.btv.md\/?s={search_term_string}"},"query-input":{"@type":"PropertyValueSpecification","valueRequired":true,"valueName":"search_term_string"}}],"inLanguage":"ro-RO"},{"@type":"Person","@id":"https:\/\/www.btv.md\/#\/schema\/person\/8fadce81561b3ce2c34c46dadc4ccbf2","name":"admin"}]}},"_links":{"self":[{"href":"https:\/\/www.btv.md\/ro\/wp-json\/wp\/v2\/posts\/7944","targetHints":{"allow":["GET"]}}],"collection":[{"href":"https:\/\/www.btv.md\/ro\/wp-json\/wp\/v2\/posts"}],"about":[{"href":"https:\/\/www.btv.md\/ro\/wp-json\/wp\/v2\/types\/post"}],"author":[{"embeddable":true,"href":"https:\/\/www.btv.md\/ro\/wp-json\/wp\/v2\/users\/4"}],"replies":[{"embeddable":true,"href":"https:\/\/www.btv.md\/ro\/wp-json\/wp\/v2\/comments?post=7944"}],"version-history":[{"count":0,"href":"https:\/\/www.btv.md\/ro\/wp-json\/wp\/v2\/posts\/7944\/revisions"}],"wp:featuredmedia":[{"embeddable":true,"href":"https:\/\/www.btv.md\/ro\/wp-json\/wp\/v2\/media\/7945"}],"wp:attachment":[{"href":"https:\/\/www.btv.md\/ro\/wp-json\/wp\/v2\/media?parent=7944"}],"wp:term":[{"taxonomy":"category","embeddable":true,"href":"https:\/\/www.btv.md\/ro\/wp-json\/wp\/v2\/categories?post=7944"},{"taxonomy":"post_tag","embeddable":true,"href":"https:\/\/www.btv.md\/ro\/wp-json\/wp\/v2\/tags?post=7944"}],"curies":[{"name":"wp","href":"https:\/\/api.w.org\/{rel}","templated":true}]}}