{"id":8002,"date":"2016-03-01T15:52:26","date_gmt":"2016-03-01T12:52:26","guid":{"rendered":"http:\/\/btv.md\/?p=8002"},"modified":"2016-03-01T15:52:26","modified_gmt":"2016-03-01T12:52:26","slug":"vor-sarbatori-trei-zile-la-rand-ce-spun-parintii-copiilor-nascuti-pe-data-de-29-februarie","status":"publish","type":"post","link":"https:\/\/www.btv.md\/ro\/vor-sarbatori-trei-zile-la-rand-ce-spun-parintii-copiilor-nascuti-pe-data-de-29-februarie\/","title":{"rendered":"VOR  S\u0102RB\u0102TORI  TREI  ZILE  LA  R\u00c2ND. CE  SPUN  P\u0102RIN\u021aII  COPIILOR  N\u0102SCU\u021aI  PE  DATA  DE  29  FEBRUARIE"},"content":{"rendered":"<p><strong>\u00ce\u0219i vor s\u0103rb\u0103tori ziua de na\u0219tere odat\u0103 la patru ani. Este vorba despre cei nou\u0103 bebelu\u0219i, care au v\u0103zut lumina zilei \u00een data de 29 februarie la Centrul Perinatologic din B\u0103l\u021bi.<\/strong><\/p>\n<p>Moa\u0219a superioar\u0103 din cadrul Centrului, Lilia Pris\u0103caru, a spus c\u0103 micu\u021bii sunt absolut s\u0103n\u0103to\u0219i. Unul dintre ei chiar s-a gr\u0103bit s\u0103 vin\u0103 pe lume, anume \u00een aceast\u0103 zi.<\/p>\n<p>\u201e<em>Pe data de 29 februarie s-au n\u0103scut 9 copila\u0219i, patru feti\u021be \u0219i cinci b\u0103i\u021bei. Cu to\u021bii se simt bine. S-a n\u0103scut \u0219i unul mai gr\u0103bit, de doar 36 de s\u0103pt\u0103m\u00e2ni. Acesta are o greutate de aproape dou\u0103 kilograme \u0219i este s\u0103n\u0103tos<\/em>\u201d.<\/p>\n<p>Numerologii sugereaz\u0103 c\u0103 cei n\u0103scu\u0163i \u00eenainte de amiaz\u0103 la 29 februarie ar trebui s\u0103 s\u0103rb\u0103toreasc\u0103 ziua de na\u015ftere la 28 februarie, pe c\u00e2nd cei n\u0103scu\u0163i \u00een dup\u0103-amiaza \u015fi seara zilei de 28, ar trebui s\u0103 s\u0103rb\u0103toreasc\u0103 ziua lor special\u0103 la 1 martie. P\u0103rin\u021bii sunt de alt\u0103 p\u0103rere \u0219i spun c\u0103 vor s\u0103rb\u0103tori trei zile la r\u00e2nd. <\/p>\n<p>\u201e<em>Eu am vrut pe 1 martie, dar c\u00e2nd am fost la medicul de familie, so\u021bul a spus \u00een glum\u0103 c\u0103 voi na\u0219te pe 29 februarie. O s\u0103 \u00eencepem s\u0103 s\u0103rb\u0103torim pe 28 februarie la ora opt diminea\u021ba \u0219i vom continua p\u00e2n\u0103 pe data de \u00eent\u00eei martie, la ora patru \u0219i cincisprezece minute<\/em>\u201d.<\/p>\n<p>\u201e<em>Vom s\u0103rb\u0103tori pe 29 pentru c\u0103 pe 1 martie este ziua t\u0103ticului<\/em>\u201d.<\/p>\n<p>\u201e<em>Eram prezent c\u00e2nd a n\u0103scut so\u021bia, ieri, la ora 12:36. Vom s\u0103rb\u0103tori trei zile, pe 28 \u0219i pe 29 februarie \u0219i pe 1 martie<\/em>\u201d.<\/p>\n<p>29 februarie este a 60-a zi a calendarului gregorian, care apare doar \u00een anii bisec\u0163i.<\/p>\n<p>\u00cen lume sunt peste patru milioane de oameni care \u00ee\u0219i marcheaz\u0103 ziua de na\u0219tere o dat\u0103 la patru ani. <\/p>\n<p><iframe width=\"420\" height=\"315\" data-src=\"https:\/\/www.youtube.com\/embed\/vagIopY4wiY\" frameborder=\"0\" allowfullscreen src=\"data:image\/svg+xml;base64,PHN2ZyB3aWR0aD0iMSIgaGVpZ2h0PSIxIiB4bWxucz0iaHR0cDovL3d3dy53My5vcmcvMjAwMC9zdmciPjwvc3ZnPg==\" class=\"lazyload\" data-load-mode=\"1\"><\/iframe><\/p>\n","protected":false},"excerpt":{"rendered":"<p>\u00ce\u0219i vor s\u0103rb\u0103tori ziua de na\u0219tere odat\u0103 la patru ani. Este vorba despre cei nou\u0103 bebelu\u0219i, care au v\u0103zut lumina zilei \u00een data de 29 februarie la Centrul Perinatologic din B\u0103l\u021bi. Moa\u0219a superioar\u0103 din cadrul Centrului, Lilia Pris\u0103caru, a spus c\u0103 micu\u021bii sunt absolut s\u0103n\u0103to\u0219i. Unul dintre ei chiar s-a gr\u0103bit s\u0103 vin\u0103 pe lume, [&hellip;]<\/p>\n","protected":false},"author":4,"featured_media":8003,"comment_status":"closed","ping_status":"closed","sticky":false,"template":"","format":"standard","meta":{"footnotes":""},"categories":[12],"tags":[],"class_list":["post-8002","post","type-post","status-publish","format-standard","has-post-thumbnail","hentry","category-balti"],"yoast_head":"<!-- This site is optimized with the Yoast SEO plugin v27.4 - https:\/\/yoast.com\/product\/yoast-seo-wordpress\/ -->\n<title>VOR S\u0102RB\u0102TORI TREI ZILE LA R\u00c2ND. CE SPUN P\u0102RIN\u021aII COPIILOR N\u0102SCU\u021aI PE DATA DE 29 FEBRUARIE - BTV<\/title>\n<meta name=\"robots\" content=\"index, follow, max-snippet:-1, max-image-preview:large, max-video-preview:-1\" \/>\n<link rel=\"canonical\" href=\"https:\/\/www.btv.md\/ro\/vor-sarbatori-trei-zile-la-rand-ce-spun-parintii-copiilor-nascuti-pe-data-de-29-februarie\/\" \/>\n<meta property=\"og:locale\" content=\"ro_RO\" \/>\n<meta property=\"og:type\" content=\"article\" \/>\n<meta property=\"og:title\" content=\"VOR S\u0102RB\u0102TORI TREI ZILE LA R\u00c2ND. CE SPUN P\u0102RIN\u021aII COPIILOR N\u0102SCU\u021aI PE DATA DE 29 FEBRUARIE - BTV\" \/>\n<meta property=\"og:description\" content=\"\u00ce\u0219i vor s\u0103rb\u0103tori ziua de na\u0219tere odat\u0103 la patru ani. Este vorba despre cei nou\u0103 bebelu\u0219i, care au v\u0103zut lumina zilei \u00een data de 29 februarie la Centrul Perinatologic din B\u0103l\u021bi. Moa\u0219a superioar\u0103 din cadrul Centrului, Lilia Pris\u0103caru, a spus c\u0103 micu\u021bii sunt absolut s\u0103n\u0103to\u0219i. Unul dintre ei chiar s-a gr\u0103bit s\u0103 vin\u0103 pe lume, [&hellip;]\" \/>\n<meta property=\"og:url\" content=\"https:\/\/www.btv.md\/ro\/vor-sarbatori-trei-zile-la-rand-ce-spun-parintii-copiilor-nascuti-pe-data-de-29-februarie\/\" \/>\n<meta property=\"og:site_name\" content=\"BTV\" \/>\n<meta property=\"article:publisher\" content=\"https:\/\/www.facebook.com\/btvmoldova\/\" \/>\n<meta property=\"article:published_time\" content=\"2016-03-01T12:52:26+00:00\" \/>\n<meta property=\"og:image\" content=\"https:\/\/www.btv.md\/wp-content\/uploads\/2016\/03\/bebelus.png\" \/>\n\t<meta property=\"og:image:width\" content=\"1011\" \/>\n\t<meta property=\"og:image:height\" content=\"577\" \/>\n\t<meta property=\"og:image:type\" content=\"image\/png\" \/>\n<meta name=\"author\" content=\"admin\" \/>\n<meta name=\"twitter:label1\" content=\"Scris de\" \/>\n\t<meta name=\"twitter:data1\" content=\"admin\" \/>\n\t<meta name=\"twitter:label2\" content=\"Timp estimat pentru citire\" \/>\n\t<meta name=\"twitter:data2\" content=\"2 minute\" \/>\n<script type=\"application\/ld+json\" class=\"yoast-schema-graph\">{\"@context\":\"https:\\\/\\\/schema.org\",\"@graph\":[{\"@type\":\"Article\",\"@id\":\"https:\\\/\\\/www.btv.md\\\/ro\\\/vor-sarbatori-trei-zile-la-rand-ce-spun-parintii-copiilor-nascuti-pe-data-de-29-februarie\\\/#article\",\"isPartOf\":{\"@id\":\"https:\\\/\\\/www.btv.md\\\/ro\\\/vor-sarbatori-trei-zile-la-rand-ce-spun-parintii-copiilor-nascuti-pe-data-de-29-februarie\\\/\"},\"author\":{\"name\":\"admin\",\"@id\":\"https:\\\/\\\/www.btv.md\\\/#\\\/schema\\\/person\\\/8fadce81561b3ce2c34c46dadc4ccbf2\"},\"headline\":\"VOR S\u0102RB\u0102TORI TREI ZILE LA R\u00c2ND. CE SPUN P\u0102RIN\u021aII COPIILOR N\u0102SCU\u021aI PE DATA DE 29 FEBRUARIE\",\"datePublished\":\"2016-03-01T12:52:26+00:00\",\"mainEntityOfPage\":{\"@id\":\"https:\\\/\\\/www.btv.md\\\/ro\\\/vor-sarbatori-trei-zile-la-rand-ce-spun-parintii-copiilor-nascuti-pe-data-de-29-februarie\\\/\"},\"wordCount\":344,\"image\":{\"@id\":\"https:\\\/\\\/www.btv.md\\\/ro\\\/vor-sarbatori-trei-zile-la-rand-ce-spun-parintii-copiilor-nascuti-pe-data-de-29-februarie\\\/#primaryimage\"},\"thumbnailUrl\":\"https:\\\/\\\/www.btv.md\\\/wp-content\\\/uploads\\\/2016\\\/03\\\/bebelus.png\",\"articleSection\":[\"\u0413\u043e\u0440\u043e\u0434\"],\"inLanguage\":\"ro-RO\"},{\"@type\":\"WebPage\",\"@id\":\"https:\\\/\\\/www.btv.md\\\/ro\\\/vor-sarbatori-trei-zile-la-rand-ce-spun-parintii-copiilor-nascuti-pe-data-de-29-februarie\\\/\",\"url\":\"https:\\\/\\\/www.btv.md\\\/ro\\\/vor-sarbatori-trei-zile-la-rand-ce-spun-parintii-copiilor-nascuti-pe-data-de-29-februarie\\\/\",\"name\":\"VOR S\u0102RB\u0102TORI TREI ZILE LA R\u00c2ND. CE SPUN P\u0102RIN\u021aII COPIILOR N\u0102SCU\u021aI PE DATA DE 29 FEBRUARIE - BTV\",\"isPartOf\":{\"@id\":\"https:\\\/\\\/www.btv.md\\\/#website\"},\"primaryImageOfPage\":{\"@id\":\"https:\\\/\\\/www.btv.md\\\/ro\\\/vor-sarbatori-trei-zile-la-rand-ce-spun-parintii-copiilor-nascuti-pe-data-de-29-februarie\\\/#primaryimage\"},\"image\":{\"@id\":\"https:\\\/\\\/www.btv.md\\\/ro\\\/vor-sarbatori-trei-zile-la-rand-ce-spun-parintii-copiilor-nascuti-pe-data-de-29-februarie\\\/#primaryimage\"},\"thumbnailUrl\":\"https:\\\/\\\/www.btv.md\\\/wp-content\\\/uploads\\\/2016\\\/03\\\/bebelus.png\",\"datePublished\":\"2016-03-01T12:52:26+00:00\",\"author\":{\"@id\":\"https:\\\/\\\/www.btv.md\\\/#\\\/schema\\\/person\\\/8fadce81561b3ce2c34c46dadc4ccbf2\"},\"inLanguage\":\"ro-RO\",\"potentialAction\":[{\"@type\":\"ReadAction\",\"target\":[\"https:\\\/\\\/www.btv.md\\\/ro\\\/vor-sarbatori-trei-zile-la-rand-ce-spun-parintii-copiilor-nascuti-pe-data-de-29-februarie\\\/\"]}]},{\"@type\":\"ImageObject\",\"inLanguage\":\"ro-RO\",\"@id\":\"https:\\\/\\\/www.btv.md\\\/ro\\\/vor-sarbatori-trei-zile-la-rand-ce-spun-parintii-copiilor-nascuti-pe-data-de-29-februarie\\\/#primaryimage\",\"url\":\"https:\\\/\\\/www.btv.md\\\/wp-content\\\/uploads\\\/2016\\\/03\\\/bebelus.png\",\"contentUrl\":\"https:\\\/\\\/www.btv.md\\\/wp-content\\\/uploads\\\/2016\\\/03\\\/bebelus.png\",\"width\":1011,\"height\":577},{\"@type\":\"WebSite\",\"@id\":\"https:\\\/\\\/www.btv.md\\\/#website\",\"url\":\"https:\\\/\\\/www.btv.md\\\/\",\"name\":\"BTV\",\"description\":\"\u0411\u0435\u043b\u044c\u0446\u043a\u043e\u0435 \u0442\u0435\u043b\u0435\u0432\u0438\u0434\u0435\u043d\u0438\u0435\",\"potentialAction\":[{\"@type\":\"SearchAction\",\"target\":{\"@type\":\"EntryPoint\",\"urlTemplate\":\"https:\\\/\\\/www.btv.md\\\/?s={search_term_string}\"},\"query-input\":{\"@type\":\"PropertyValueSpecification\",\"valueRequired\":true,\"valueName\":\"search_term_string\"}}],\"inLanguage\":\"ro-RO\"},{\"@type\":\"Person\",\"@id\":\"https:\\\/\\\/www.btv.md\\\/#\\\/schema\\\/person\\\/8fadce81561b3ce2c34c46dadc4ccbf2\",\"name\":\"admin\"}]}<\/script>\n<!-- \/ Yoast SEO plugin. -->","yoast_head_json":{"title":"VOR S\u0102RB\u0102TORI TREI ZILE LA R\u00c2ND. CE SPUN P\u0102RIN\u021aII COPIILOR N\u0102SCU\u021aI PE DATA DE 29 FEBRUARIE - BTV","robots":{"index":"index","follow":"follow","max-snippet":"max-snippet:-1","max-image-preview":"max-image-preview:large","max-video-preview":"max-video-preview:-1"},"canonical":"https:\/\/www.btv.md\/ro\/vor-sarbatori-trei-zile-la-rand-ce-spun-parintii-copiilor-nascuti-pe-data-de-29-februarie\/","og_locale":"ro_RO","og_type":"article","og_title":"VOR S\u0102RB\u0102TORI TREI ZILE LA R\u00c2ND. CE SPUN P\u0102RIN\u021aII COPIILOR N\u0102SCU\u021aI PE DATA DE 29 FEBRUARIE - BTV","og_description":"\u00ce\u0219i vor s\u0103rb\u0103tori ziua de na\u0219tere odat\u0103 la patru ani. Este vorba despre cei nou\u0103 bebelu\u0219i, care au v\u0103zut lumina zilei \u00een data de 29 februarie la Centrul Perinatologic din B\u0103l\u021bi. Moa\u0219a superioar\u0103 din cadrul Centrului, Lilia Pris\u0103caru, a spus c\u0103 micu\u021bii sunt absolut s\u0103n\u0103to\u0219i. Unul dintre ei chiar s-a gr\u0103bit s\u0103 vin\u0103 pe lume, [&hellip;]","og_url":"https:\/\/www.btv.md\/ro\/vor-sarbatori-trei-zile-la-rand-ce-spun-parintii-copiilor-nascuti-pe-data-de-29-februarie\/","og_site_name":"BTV","article_publisher":"https:\/\/www.facebook.com\/btvmoldova\/","article_published_time":"2016-03-01T12:52:26+00:00","og_image":[{"width":1011,"height":577,"url":"https:\/\/www.btv.md\/wp-content\/uploads\/2016\/03\/bebelus.png","type":"image\/png"}],"author":"admin","twitter_misc":{"Scris de":"admin","Timp estimat pentru citire":"2 minute"},"schema":{"@context":"https:\/\/schema.org","@graph":[{"@type":"Article","@id":"https:\/\/www.btv.md\/ro\/vor-sarbatori-trei-zile-la-rand-ce-spun-parintii-copiilor-nascuti-pe-data-de-29-februarie\/#article","isPartOf":{"@id":"https:\/\/www.btv.md\/ro\/vor-sarbatori-trei-zile-la-rand-ce-spun-parintii-copiilor-nascuti-pe-data-de-29-februarie\/"},"author":{"name":"admin","@id":"https:\/\/www.btv.md\/#\/schema\/person\/8fadce81561b3ce2c34c46dadc4ccbf2"},"headline":"VOR S\u0102RB\u0102TORI TREI ZILE LA R\u00c2ND. CE SPUN P\u0102RIN\u021aII COPIILOR N\u0102SCU\u021aI PE DATA DE 29 FEBRUARIE","datePublished":"2016-03-01T12:52:26+00:00","mainEntityOfPage":{"@id":"https:\/\/www.btv.md\/ro\/vor-sarbatori-trei-zile-la-rand-ce-spun-parintii-copiilor-nascuti-pe-data-de-29-februarie\/"},"wordCount":344,"image":{"@id":"https:\/\/www.btv.md\/ro\/vor-sarbatori-trei-zile-la-rand-ce-spun-parintii-copiilor-nascuti-pe-data-de-29-februarie\/#primaryimage"},"thumbnailUrl":"https:\/\/www.btv.md\/wp-content\/uploads\/2016\/03\/bebelus.png","articleSection":["\u0413\u043e\u0440\u043e\u0434"],"inLanguage":"ro-RO"},{"@type":"WebPage","@id":"https:\/\/www.btv.md\/ro\/vor-sarbatori-trei-zile-la-rand-ce-spun-parintii-copiilor-nascuti-pe-data-de-29-februarie\/","url":"https:\/\/www.btv.md\/ro\/vor-sarbatori-trei-zile-la-rand-ce-spun-parintii-copiilor-nascuti-pe-data-de-29-februarie\/","name":"VOR S\u0102RB\u0102TORI TREI ZILE LA R\u00c2ND. CE SPUN P\u0102RIN\u021aII COPIILOR N\u0102SCU\u021aI PE DATA DE 29 FEBRUARIE - BTV","isPartOf":{"@id":"https:\/\/www.btv.md\/#website"},"primaryImageOfPage":{"@id":"https:\/\/www.btv.md\/ro\/vor-sarbatori-trei-zile-la-rand-ce-spun-parintii-copiilor-nascuti-pe-data-de-29-februarie\/#primaryimage"},"image":{"@id":"https:\/\/www.btv.md\/ro\/vor-sarbatori-trei-zile-la-rand-ce-spun-parintii-copiilor-nascuti-pe-data-de-29-februarie\/#primaryimage"},"thumbnailUrl":"https:\/\/www.btv.md\/wp-content\/uploads\/2016\/03\/bebelus.png","datePublished":"2016-03-01T12:52:26+00:00","author":{"@id":"https:\/\/www.btv.md\/#\/schema\/person\/8fadce81561b3ce2c34c46dadc4ccbf2"},"inLanguage":"ro-RO","potentialAction":[{"@type":"ReadAction","target":["https:\/\/www.btv.md\/ro\/vor-sarbatori-trei-zile-la-rand-ce-spun-parintii-copiilor-nascuti-pe-data-de-29-februarie\/"]}]},{"@type":"ImageObject","inLanguage":"ro-RO","@id":"https:\/\/www.btv.md\/ro\/vor-sarbatori-trei-zile-la-rand-ce-spun-parintii-copiilor-nascuti-pe-data-de-29-februarie\/#primaryimage","url":"https:\/\/www.btv.md\/wp-content\/uploads\/2016\/03\/bebelus.png","contentUrl":"https:\/\/www.btv.md\/wp-content\/uploads\/2016\/03\/bebelus.png","width":1011,"height":577},{"@type":"WebSite","@id":"https:\/\/www.btv.md\/#website","url":"https:\/\/www.btv.md\/","name":"BTV","description":"\u0411\u0435\u043b\u044c\u0446\u043a\u043e\u0435 \u0442\u0435\u043b\u0435\u0432\u0438\u0434\u0435\u043d\u0438\u0435","potentialAction":[{"@type":"SearchAction","target":{"@type":"EntryPoint","urlTemplate":"https:\/\/www.btv.md\/?s={search_term_string}"},"query-input":{"@type":"PropertyValueSpecification","valueRequired":true,"valueName":"search_term_string"}}],"inLanguage":"ro-RO"},{"@type":"Person","@id":"https:\/\/www.btv.md\/#\/schema\/person\/8fadce81561b3ce2c34c46dadc4ccbf2","name":"admin"}]}},"_links":{"self":[{"href":"https:\/\/www.btv.md\/ro\/wp-json\/wp\/v2\/posts\/8002","targetHints":{"allow":["GET"]}}],"collection":[{"href":"https:\/\/www.btv.md\/ro\/wp-json\/wp\/v2\/posts"}],"about":[{"href":"https:\/\/www.btv.md\/ro\/wp-json\/wp\/v2\/types\/post"}],"author":[{"embeddable":true,"href":"https:\/\/www.btv.md\/ro\/wp-json\/wp\/v2\/users\/4"}],"replies":[{"embeddable":true,"href":"https:\/\/www.btv.md\/ro\/wp-json\/wp\/v2\/comments?post=8002"}],"version-history":[{"count":0,"href":"https:\/\/www.btv.md\/ro\/wp-json\/wp\/v2\/posts\/8002\/revisions"}],"wp:featuredmedia":[{"embeddable":true,"href":"https:\/\/www.btv.md\/ro\/wp-json\/wp\/v2\/media\/8003"}],"wp:attachment":[{"href":"https:\/\/www.btv.md\/ro\/wp-json\/wp\/v2\/media?parent=8002"}],"wp:term":[{"taxonomy":"category","embeddable":true,"href":"https:\/\/www.btv.md\/ro\/wp-json\/wp\/v2\/categories?post=8002"},{"taxonomy":"post_tag","embeddable":true,"href":"https:\/\/www.btv.md\/ro\/wp-json\/wp\/v2\/tags?post=8002"}],"curies":[{"name":"wp","href":"https:\/\/api.w.org\/{rel}","templated":true}]}}