{"id":8005,"date":"2016-03-01T16:01:39","date_gmt":"2016-03-01T13:01:39","guid":{"rendered":"http:\/\/btv.md\/?p=8005"},"modified":"2016-03-01T16:01:39","modified_gmt":"2016-03-01T13:01:39","slug":"gestul-politistilor-din-balti-in-prima-zi-de-primavara","status":"publish","type":"post","link":"https:\/\/www.btv.md\/ro\/gestul-politistilor-din-balti-in-prima-zi-de-primavara\/","title":{"rendered":"GESTUL  POLI\u021aI\u0218TILOR  DIN  B\u0102L\u021aI  \u00ceN  PRIMA  ZI  DE  PRIM\u0102VAR\u0102"},"content":{"rendered":"<p><strong>Inspectorii de Patrulare din B\u0103l\u021bi \u00eenarma\u021bi cu m\u0103r\u021bi\u0219oare i-au felicitat mar\u021bi  pe participan\u021bii la trafic cu ocazia primei zile de prim\u0103var\u0103. Pe l\u00e2ng\u0103 \u0219oferii tra\u0219i pe dreapt\u0103, cu m\u0103r\u021bi\u0219oare s-au ales \u0219i pietonii. Ace\u0219tia au fost pl\u0103cut surprin\u0219i de gestul poli\u021bi\u0219tilor.  <\/strong><\/p>\n<p>\u201e<em>Permite\u021bine s\u0103 v\u0103 aducem un mesaj. Cu INP prim\u0103vara este mai \u00een siguran\u021b\u0103. Cu acest prilej v\u0103 \u00eenm\u00e2n\u0103m un mic cadou<\/em>\u201d.<\/p>\n<p>\u201e<em>Vreau s\u0103 v\u0103 felicit\u0103m cu prima zi de prim\u0103var\u0103. Cu INP via\u021ba e mai sigur\u0103. Din partea noastr\u0103 un m\u0103r\u021bi\u0219or<\/em>\u201d.<\/p>\n<p>Participan\u021bii la trafic, care au primit m\u0103r\u021bi\u0219oare, nu au ezitat s\u0103 se dea cu p\u0103rerea despre credibilitatea for\u021bele de ordine din Republica Moldova. <\/p>\n<p>\u201e<em>A\u0219 spune c\u0103 acum \u00een ultima vreme lucrurile sau mai schimbat. \u00cemi place aten\u021bia pe care o acord\u0103 participan\u021bilor la trafic, sfaturile lor<\/em>\u201d.<\/p>\n<p>\u201e<em>Sincer vorbind, am \u00eencredere \u00een ei doar \u00een propor\u021bie de 50 la sut\u0103<\/em>\u201d.<\/p>\n<p>Ac\u0163iunea s-a desf\u0103\u015furat pe \u00eentreg teritoriul ora\u0219ului cu scopul de a sensibiliza opinia public\u0103, privind importan\u0163a respect\u0103rii regulilor de circula\u0163ie. <\/p>\n<p>Doar pentru bulgari, rom\u00e2ni, moldoveni \u015fi serbi, prima zi a prim\u0103verii este una dintre cele mai respectate \u015fi vechi s\u0103rb\u0103tori.<\/p>\n<p><iframe width=\"420\" height=\"315\" data-src=\"https:\/\/www.youtube.com\/embed\/K_HtST09NF8\" frameborder=\"0\" allowfullscreen src=\"data:image\/svg+xml;base64,PHN2ZyB3aWR0aD0iMSIgaGVpZ2h0PSIxIiB4bWxucz0iaHR0cDovL3d3dy53My5vcmcvMjAwMC9zdmciPjwvc3ZnPg==\" class=\"lazyload\" data-load-mode=\"1\"><\/iframe><\/p>\n","protected":false},"excerpt":{"rendered":"<p>Inspectorii de Patrulare din B\u0103l\u021bi \u00eenarma\u021bi cu m\u0103r\u021bi\u0219oare i-au felicitat mar\u021bi pe participan\u021bii la trafic cu ocazia primei zile de prim\u0103var\u0103. Pe l\u00e2ng\u0103 \u0219oferii tra\u0219i pe dreapt\u0103, cu m\u0103r\u021bi\u0219oare s-au ales \u0219i pietonii. Ace\u0219tia au fost pl\u0103cut surprin\u0219i de gestul poli\u021bi\u0219tilor. \u201ePermite\u021bine s\u0103 v\u0103 aducem un mesaj. Cu INP prim\u0103vara este mai \u00een siguran\u021b\u0103. Cu [&hellip;]<\/p>\n","protected":false},"author":4,"featured_media":8006,"comment_status":"closed","ping_status":"closed","sticky":false,"template":"","format":"standard","meta":{"footnotes":""},"categories":[12],"tags":[],"class_list":["post-8005","post","type-post","status-publish","format-standard","has-post-thumbnail","hentry","category-balti"],"yoast_head":"<!-- This site is optimized with the Yoast SEO plugin v27.4 - https:\/\/yoast.com\/product\/yoast-seo-wordpress\/ -->\n<title>GESTUL POLI\u021aI\u0218TILOR DIN B\u0102L\u021aI \u00ceN PRIMA ZI DE PRIM\u0102VAR\u0102 - BTV<\/title>\n<meta name=\"robots\" content=\"index, follow, max-snippet:-1, max-image-preview:large, max-video-preview:-1\" \/>\n<link rel=\"canonical\" href=\"https:\/\/www.btv.md\/ro\/gestul-politistilor-din-balti-in-prima-zi-de-primavara\/\" \/>\n<meta property=\"og:locale\" content=\"ro_RO\" \/>\n<meta property=\"og:type\" content=\"article\" \/>\n<meta property=\"og:title\" content=\"GESTUL POLI\u021aI\u0218TILOR DIN B\u0102L\u021aI \u00ceN PRIMA ZI DE PRIM\u0102VAR\u0102 - BTV\" \/>\n<meta property=\"og:description\" content=\"Inspectorii de Patrulare din B\u0103l\u021bi \u00eenarma\u021bi cu m\u0103r\u021bi\u0219oare i-au felicitat mar\u021bi pe participan\u021bii la trafic cu ocazia primei zile de prim\u0103var\u0103. Pe l\u00e2ng\u0103 \u0219oferii tra\u0219i pe dreapt\u0103, cu m\u0103r\u021bi\u0219oare s-au ales \u0219i pietonii. Ace\u0219tia au fost pl\u0103cut surprin\u0219i de gestul poli\u021bi\u0219tilor. \u201ePermite\u021bine s\u0103 v\u0103 aducem un mesaj. Cu INP prim\u0103vara este mai \u00een siguran\u021b\u0103. Cu [&hellip;]\" \/>\n<meta property=\"og:url\" content=\"https:\/\/www.btv.md\/ro\/gestul-politistilor-din-balti-in-prima-zi-de-primavara\/\" \/>\n<meta property=\"og:site_name\" content=\"BTV\" \/>\n<meta property=\"article:publisher\" content=\"https:\/\/www.facebook.com\/btvmoldova\/\" \/>\n<meta property=\"article:published_time\" content=\"2016-03-01T13:01:39+00:00\" \/>\n<meta property=\"og:image\" content=\"https:\/\/www.btv.md\/wp-content\/uploads\/2016\/03\/martisor.png\" \/>\n\t<meta property=\"og:image:width\" content=\"1015\" \/>\n\t<meta property=\"og:image:height\" content=\"575\" \/>\n\t<meta property=\"og:image:type\" content=\"image\/png\" \/>\n<meta name=\"author\" content=\"admin\" \/>\n<meta name=\"twitter:label1\" content=\"Scris de\" \/>\n\t<meta name=\"twitter:data1\" content=\"admin\" \/>\n\t<meta name=\"twitter:label2\" content=\"Timp estimat pentru citire\" \/>\n\t<meta name=\"twitter:data2\" content=\"1 minut\" \/>\n<script type=\"application\/ld+json\" class=\"yoast-schema-graph\">{\"@context\":\"https:\\\/\\\/schema.org\",\"@graph\":[{\"@type\":\"Article\",\"@id\":\"https:\\\/\\\/www.btv.md\\\/ro\\\/gestul-politistilor-din-balti-in-prima-zi-de-primavara\\\/#article\",\"isPartOf\":{\"@id\":\"https:\\\/\\\/www.btv.md\\\/ro\\\/gestul-politistilor-din-balti-in-prima-zi-de-primavara\\\/\"},\"author\":{\"name\":\"admin\",\"@id\":\"https:\\\/\\\/www.btv.md\\\/#\\\/schema\\\/person\\\/8fadce81561b3ce2c34c46dadc4ccbf2\"},\"headline\":\"GESTUL POLI\u021aI\u0218TILOR DIN B\u0102L\u021aI \u00ceN PRIMA ZI DE PRIM\u0102VAR\u0102\",\"datePublished\":\"2016-03-01T13:01:39+00:00\",\"mainEntityOfPage\":{\"@id\":\"https:\\\/\\\/www.btv.md\\\/ro\\\/gestul-politistilor-din-balti-in-prima-zi-de-primavara\\\/\"},\"wordCount\":242,\"image\":{\"@id\":\"https:\\\/\\\/www.btv.md\\\/ro\\\/gestul-politistilor-din-balti-in-prima-zi-de-primavara\\\/#primaryimage\"},\"thumbnailUrl\":\"https:\\\/\\\/www.btv.md\\\/wp-content\\\/uploads\\\/2016\\\/03\\\/martisor.png\",\"articleSection\":[\"\u0413\u043e\u0440\u043e\u0434\"],\"inLanguage\":\"ro-RO\"},{\"@type\":\"WebPage\",\"@id\":\"https:\\\/\\\/www.btv.md\\\/ro\\\/gestul-politistilor-din-balti-in-prima-zi-de-primavara\\\/\",\"url\":\"https:\\\/\\\/www.btv.md\\\/ro\\\/gestul-politistilor-din-balti-in-prima-zi-de-primavara\\\/\",\"name\":\"GESTUL POLI\u021aI\u0218TILOR DIN B\u0102L\u021aI \u00ceN PRIMA ZI DE PRIM\u0102VAR\u0102 - BTV\",\"isPartOf\":{\"@id\":\"https:\\\/\\\/www.btv.md\\\/#website\"},\"primaryImageOfPage\":{\"@id\":\"https:\\\/\\\/www.btv.md\\\/ro\\\/gestul-politistilor-din-balti-in-prima-zi-de-primavara\\\/#primaryimage\"},\"image\":{\"@id\":\"https:\\\/\\\/www.btv.md\\\/ro\\\/gestul-politistilor-din-balti-in-prima-zi-de-primavara\\\/#primaryimage\"},\"thumbnailUrl\":\"https:\\\/\\\/www.btv.md\\\/wp-content\\\/uploads\\\/2016\\\/03\\\/martisor.png\",\"datePublished\":\"2016-03-01T13:01:39+00:00\",\"author\":{\"@id\":\"https:\\\/\\\/www.btv.md\\\/#\\\/schema\\\/person\\\/8fadce81561b3ce2c34c46dadc4ccbf2\"},\"inLanguage\":\"ro-RO\",\"potentialAction\":[{\"@type\":\"ReadAction\",\"target\":[\"https:\\\/\\\/www.btv.md\\\/ro\\\/gestul-politistilor-din-balti-in-prima-zi-de-primavara\\\/\"]}]},{\"@type\":\"ImageObject\",\"inLanguage\":\"ro-RO\",\"@id\":\"https:\\\/\\\/www.btv.md\\\/ro\\\/gestul-politistilor-din-balti-in-prima-zi-de-primavara\\\/#primaryimage\",\"url\":\"https:\\\/\\\/www.btv.md\\\/wp-content\\\/uploads\\\/2016\\\/03\\\/martisor.png\",\"contentUrl\":\"https:\\\/\\\/www.btv.md\\\/wp-content\\\/uploads\\\/2016\\\/03\\\/martisor.png\",\"width\":1015,\"height\":575},{\"@type\":\"WebSite\",\"@id\":\"https:\\\/\\\/www.btv.md\\\/#website\",\"url\":\"https:\\\/\\\/www.btv.md\\\/\",\"name\":\"BTV\",\"description\":\"\u0411\u0435\u043b\u044c\u0446\u043a\u043e\u0435 \u0442\u0435\u043b\u0435\u0432\u0438\u0434\u0435\u043d\u0438\u0435\",\"potentialAction\":[{\"@type\":\"SearchAction\",\"target\":{\"@type\":\"EntryPoint\",\"urlTemplate\":\"https:\\\/\\\/www.btv.md\\\/?s={search_term_string}\"},\"query-input\":{\"@type\":\"PropertyValueSpecification\",\"valueRequired\":true,\"valueName\":\"search_term_string\"}}],\"inLanguage\":\"ro-RO\"},{\"@type\":\"Person\",\"@id\":\"https:\\\/\\\/www.btv.md\\\/#\\\/schema\\\/person\\\/8fadce81561b3ce2c34c46dadc4ccbf2\",\"name\":\"admin\"}]}<\/script>\n<!-- \/ Yoast SEO plugin. -->","yoast_head_json":{"title":"GESTUL POLI\u021aI\u0218TILOR DIN B\u0102L\u021aI \u00ceN PRIMA ZI DE PRIM\u0102VAR\u0102 - BTV","robots":{"index":"index","follow":"follow","max-snippet":"max-snippet:-1","max-image-preview":"max-image-preview:large","max-video-preview":"max-video-preview:-1"},"canonical":"https:\/\/www.btv.md\/ro\/gestul-politistilor-din-balti-in-prima-zi-de-primavara\/","og_locale":"ro_RO","og_type":"article","og_title":"GESTUL POLI\u021aI\u0218TILOR DIN B\u0102L\u021aI \u00ceN PRIMA ZI DE PRIM\u0102VAR\u0102 - BTV","og_description":"Inspectorii de Patrulare din B\u0103l\u021bi \u00eenarma\u021bi cu m\u0103r\u021bi\u0219oare i-au felicitat mar\u021bi pe participan\u021bii la trafic cu ocazia primei zile de prim\u0103var\u0103. Pe l\u00e2ng\u0103 \u0219oferii tra\u0219i pe dreapt\u0103, cu m\u0103r\u021bi\u0219oare s-au ales \u0219i pietonii. Ace\u0219tia au fost pl\u0103cut surprin\u0219i de gestul poli\u021bi\u0219tilor. \u201ePermite\u021bine s\u0103 v\u0103 aducem un mesaj. Cu INP prim\u0103vara este mai \u00een siguran\u021b\u0103. Cu [&hellip;]","og_url":"https:\/\/www.btv.md\/ro\/gestul-politistilor-din-balti-in-prima-zi-de-primavara\/","og_site_name":"BTV","article_publisher":"https:\/\/www.facebook.com\/btvmoldova\/","article_published_time":"2016-03-01T13:01:39+00:00","og_image":[{"width":1015,"height":575,"url":"https:\/\/www.btv.md\/wp-content\/uploads\/2016\/03\/martisor.png","type":"image\/png"}],"author":"admin","twitter_misc":{"Scris de":"admin","Timp estimat pentru citire":"1 minut"},"schema":{"@context":"https:\/\/schema.org","@graph":[{"@type":"Article","@id":"https:\/\/www.btv.md\/ro\/gestul-politistilor-din-balti-in-prima-zi-de-primavara\/#article","isPartOf":{"@id":"https:\/\/www.btv.md\/ro\/gestul-politistilor-din-balti-in-prima-zi-de-primavara\/"},"author":{"name":"admin","@id":"https:\/\/www.btv.md\/#\/schema\/person\/8fadce81561b3ce2c34c46dadc4ccbf2"},"headline":"GESTUL POLI\u021aI\u0218TILOR DIN B\u0102L\u021aI \u00ceN PRIMA ZI DE PRIM\u0102VAR\u0102","datePublished":"2016-03-01T13:01:39+00:00","mainEntityOfPage":{"@id":"https:\/\/www.btv.md\/ro\/gestul-politistilor-din-balti-in-prima-zi-de-primavara\/"},"wordCount":242,"image":{"@id":"https:\/\/www.btv.md\/ro\/gestul-politistilor-din-balti-in-prima-zi-de-primavara\/#primaryimage"},"thumbnailUrl":"https:\/\/www.btv.md\/wp-content\/uploads\/2016\/03\/martisor.png","articleSection":["\u0413\u043e\u0440\u043e\u0434"],"inLanguage":"ro-RO"},{"@type":"WebPage","@id":"https:\/\/www.btv.md\/ro\/gestul-politistilor-din-balti-in-prima-zi-de-primavara\/","url":"https:\/\/www.btv.md\/ro\/gestul-politistilor-din-balti-in-prima-zi-de-primavara\/","name":"GESTUL POLI\u021aI\u0218TILOR DIN B\u0102L\u021aI \u00ceN PRIMA ZI DE PRIM\u0102VAR\u0102 - BTV","isPartOf":{"@id":"https:\/\/www.btv.md\/#website"},"primaryImageOfPage":{"@id":"https:\/\/www.btv.md\/ro\/gestul-politistilor-din-balti-in-prima-zi-de-primavara\/#primaryimage"},"image":{"@id":"https:\/\/www.btv.md\/ro\/gestul-politistilor-din-balti-in-prima-zi-de-primavara\/#primaryimage"},"thumbnailUrl":"https:\/\/www.btv.md\/wp-content\/uploads\/2016\/03\/martisor.png","datePublished":"2016-03-01T13:01:39+00:00","author":{"@id":"https:\/\/www.btv.md\/#\/schema\/person\/8fadce81561b3ce2c34c46dadc4ccbf2"},"inLanguage":"ro-RO","potentialAction":[{"@type":"ReadAction","target":["https:\/\/www.btv.md\/ro\/gestul-politistilor-din-balti-in-prima-zi-de-primavara\/"]}]},{"@type":"ImageObject","inLanguage":"ro-RO","@id":"https:\/\/www.btv.md\/ro\/gestul-politistilor-din-balti-in-prima-zi-de-primavara\/#primaryimage","url":"https:\/\/www.btv.md\/wp-content\/uploads\/2016\/03\/martisor.png","contentUrl":"https:\/\/www.btv.md\/wp-content\/uploads\/2016\/03\/martisor.png","width":1015,"height":575},{"@type":"WebSite","@id":"https:\/\/www.btv.md\/#website","url":"https:\/\/www.btv.md\/","name":"BTV","description":"\u0411\u0435\u043b\u044c\u0446\u043a\u043e\u0435 \u0442\u0435\u043b\u0435\u0432\u0438\u0434\u0435\u043d\u0438\u0435","potentialAction":[{"@type":"SearchAction","target":{"@type":"EntryPoint","urlTemplate":"https:\/\/www.btv.md\/?s={search_term_string}"},"query-input":{"@type":"PropertyValueSpecification","valueRequired":true,"valueName":"search_term_string"}}],"inLanguage":"ro-RO"},{"@type":"Person","@id":"https:\/\/www.btv.md\/#\/schema\/person\/8fadce81561b3ce2c34c46dadc4ccbf2","name":"admin"}]}},"_links":{"self":[{"href":"https:\/\/www.btv.md\/ro\/wp-json\/wp\/v2\/posts\/8005","targetHints":{"allow":["GET"]}}],"collection":[{"href":"https:\/\/www.btv.md\/ro\/wp-json\/wp\/v2\/posts"}],"about":[{"href":"https:\/\/www.btv.md\/ro\/wp-json\/wp\/v2\/types\/post"}],"author":[{"embeddable":true,"href":"https:\/\/www.btv.md\/ro\/wp-json\/wp\/v2\/users\/4"}],"replies":[{"embeddable":true,"href":"https:\/\/www.btv.md\/ro\/wp-json\/wp\/v2\/comments?post=8005"}],"version-history":[{"count":0,"href":"https:\/\/www.btv.md\/ro\/wp-json\/wp\/v2\/posts\/8005\/revisions"}],"wp:featuredmedia":[{"embeddable":true,"href":"https:\/\/www.btv.md\/ro\/wp-json\/wp\/v2\/media\/8006"}],"wp:attachment":[{"href":"https:\/\/www.btv.md\/ro\/wp-json\/wp\/v2\/media?parent=8005"}],"wp:term":[{"taxonomy":"category","embeddable":true,"href":"https:\/\/www.btv.md\/ro\/wp-json\/wp\/v2\/categories?post=8005"},{"taxonomy":"post_tag","embeddable":true,"href":"https:\/\/www.btv.md\/ro\/wp-json\/wp\/v2\/tags?post=8005"}],"curies":[{"name":"wp","href":"https:\/\/api.w.org\/{rel}","templated":true}]}}