{"id":8025,"date":"2016-03-01T18:08:19","date_gmt":"2016-03-01T15:08:19","guid":{"rendered":"http:\/\/btv.md\/?p=8025"},"modified":"2016-03-01T18:08:19","modified_gmt":"2016-03-01T15:08:19","slug":"turneu-caritabil-la-fotbal-de-sala-cupa-banzai","status":"publish","type":"post","link":"https:\/\/www.btv.md\/ro\/turneu-caritabil-la-fotbal-de-sala-cupa-banzai\/","title":{"rendered":"TURNEU CARITABIL LA FOTBAL DE SAL\u0102 CUPA \u201dBANZAI\u201d"},"content":{"rendered":"<p><strong>S\u00e2mb\u0103t\u0103, 5 martie, ora 9:30 va avea loc deschiderea turneului caritabil la fotbal de sal\u0103, Cupa \u201dBanzai\u201d. Scopul organiz\u0103rii competi\u021biei este colectarea fondurilor pentru sus\u021binerea copiilor orfani de la centrul de plasament Temporal. <\/strong><\/p>\n<p>Turneul se va desf\u0103\u0219ura la complexul sportiv Moldova din B\u0103l\u021bi, \u00een apropiere de stadionul or\u0103\u0219enesc. Cei care nu sunt indiferen\u021bi de soarta micu\u021bilor sunt a\u0219tepta\u021bi s\u0103 urm\u0103reasc\u0103 cele mai tari meciuri, \u00een calitate de suporteri.<\/p>\n<p>Turneul este organizat de trei companii comerciale \u00een parteneriat cu Direc\u021bia Tineret \u0219i Sport din municipiul B\u0103l\u021bi. <\/p>\n<p>Partener media, postul de televiziune BTV.<\/p>\n<p>Intrarea este gratuit\u0103.<\/p>\n<p><iframe width=\"420\" height=\"315\" data-src=\"https:\/\/www.youtube.com\/embed\/wOdzXkyRc_A\" frameborder=\"0\" allowfullscreen src=\"data:image\/svg+xml;base64,PHN2ZyB3aWR0aD0iMSIgaGVpZ2h0PSIxIiB4bWxucz0iaHR0cDovL3d3dy53My5vcmcvMjAwMC9zdmciPjwvc3ZnPg==\" class=\"lazyload\" data-load-mode=\"1\"><\/iframe><\/p>\n","protected":false},"excerpt":{"rendered":"<p>S\u00e2mb\u0103t\u0103, 5 martie, ora 9:30 va avea loc deschiderea turneului caritabil la fotbal de sal\u0103, Cupa \u201dBanzai\u201d. Scopul organiz\u0103rii competi\u021biei este colectarea fondurilor pentru sus\u021binerea copiilor orfani de la centrul de plasament Temporal. Turneul se va desf\u0103\u0219ura la complexul sportiv Moldova din B\u0103l\u021bi, \u00een apropiere de stadionul or\u0103\u0219enesc. Cei care nu sunt indiferen\u021bi de soarta [&hellip;]<\/p>\n","protected":false},"author":4,"featured_media":8026,"comment_status":"closed","ping_status":"closed","sticky":false,"template":"","format":"standard","meta":{"footnotes":""},"categories":[6353],"tags":[],"class_list":["post-8025","post","type-post","status-publish","format-standard","has-post-thumbnail","hentry","category-oras"],"yoast_head":"<!-- This site is optimized with the Yoast SEO plugin v27.4 - https:\/\/yoast.com\/product\/yoast-seo-wordpress\/ -->\n<title>TURNEU CARITABIL LA FOTBAL DE SAL\u0102 CUPA \u201dBANZAI\u201d - BTV<\/title>\n<meta name=\"robots\" content=\"index, follow, max-snippet:-1, max-image-preview:large, max-video-preview:-1\" \/>\n<link rel=\"canonical\" href=\"https:\/\/www.btv.md\/ro\/turneu-caritabil-la-fotbal-de-sala-cupa-banzai\/\" \/>\n<meta property=\"og:locale\" content=\"ro_RO\" \/>\n<meta property=\"og:type\" content=\"article\" \/>\n<meta property=\"og:title\" content=\"TURNEU CARITABIL LA FOTBAL DE SAL\u0102 CUPA \u201dBANZAI\u201d - BTV\" \/>\n<meta property=\"og:description\" content=\"S\u00e2mb\u0103t\u0103, 5 martie, ora 9:30 va avea loc deschiderea turneului caritabil la fotbal de sal\u0103, Cupa \u201dBanzai\u201d. Scopul organiz\u0103rii competi\u021biei este colectarea fondurilor pentru sus\u021binerea copiilor orfani de la centrul de plasament Temporal. Turneul se va desf\u0103\u0219ura la complexul sportiv Moldova din B\u0103l\u021bi, \u00een apropiere de stadionul or\u0103\u0219enesc. Cei care nu sunt indiferen\u021bi de soarta [&hellip;]\" \/>\n<meta property=\"og:url\" content=\"https:\/\/www.btv.md\/ro\/turneu-caritabil-la-fotbal-de-sala-cupa-banzai\/\" \/>\n<meta property=\"og:site_name\" content=\"BTV\" \/>\n<meta property=\"article:publisher\" content=\"https:\/\/www.facebook.com\/btvmoldova\/\" \/>\n<meta property=\"article:published_time\" content=\"2016-03-01T15:08:19+00:00\" \/>\n<meta property=\"og:image\" content=\"https:\/\/www.btv.md\/wp-content\/uploads\/2016\/03\/competitii_de_fotbal_in_sala_2013_1358428714.jpg\" \/>\n\t<meta property=\"og:image:width\" content=\"600\" \/>\n\t<meta property=\"og:image:height\" content=\"450\" \/>\n\t<meta property=\"og:image:type\" content=\"image\/jpeg\" \/>\n<meta name=\"author\" content=\"admin\" \/>\n<meta name=\"twitter:label1\" content=\"Scris de\" \/>\n\t<meta name=\"twitter:data1\" content=\"admin\" \/>\n\t<meta name=\"twitter:label2\" content=\"Timp estimat pentru citire\" \/>\n\t<meta name=\"twitter:data2\" content=\"1 minut\" \/>\n<script type=\"application\/ld+json\" class=\"yoast-schema-graph\">{\"@context\":\"https:\\\/\\\/schema.org\",\"@graph\":[{\"@type\":\"Article\",\"@id\":\"https:\\\/\\\/www.btv.md\\\/ro\\\/turneu-caritabil-la-fotbal-de-sala-cupa-banzai\\\/#article\",\"isPartOf\":{\"@id\":\"https:\\\/\\\/www.btv.md\\\/ro\\\/turneu-caritabil-la-fotbal-de-sala-cupa-banzai\\\/\"},\"author\":{\"name\":\"admin\",\"@id\":\"https:\\\/\\\/www.btv.md\\\/#\\\/schema\\\/person\\\/8fadce81561b3ce2c34c46dadc4ccbf2\"},\"headline\":\"TURNEU CARITABIL LA FOTBAL DE SAL\u0102 CUPA \u201dBANZAI\u201d\",\"datePublished\":\"2016-03-01T15:08:19+00:00\",\"mainEntityOfPage\":{\"@id\":\"https:\\\/\\\/www.btv.md\\\/ro\\\/turneu-caritabil-la-fotbal-de-sala-cupa-banzai\\\/\"},\"wordCount\":117,\"image\":{\"@id\":\"https:\\\/\\\/www.btv.md\\\/ro\\\/turneu-caritabil-la-fotbal-de-sala-cupa-banzai\\\/#primaryimage\"},\"thumbnailUrl\":\"https:\\\/\\\/www.btv.md\\\/wp-content\\\/uploads\\\/2016\\\/03\\\/competitii_de_fotbal_in_sala_2013_1358428714.jpg\",\"articleSection\":[\"Ora\u0219\"],\"inLanguage\":\"ro-RO\"},{\"@type\":\"WebPage\",\"@id\":\"https:\\\/\\\/www.btv.md\\\/ro\\\/turneu-caritabil-la-fotbal-de-sala-cupa-banzai\\\/\",\"url\":\"https:\\\/\\\/www.btv.md\\\/ro\\\/turneu-caritabil-la-fotbal-de-sala-cupa-banzai\\\/\",\"name\":\"TURNEU CARITABIL LA FOTBAL DE SAL\u0102 CUPA \u201dBANZAI\u201d - BTV\",\"isPartOf\":{\"@id\":\"https:\\\/\\\/www.btv.md\\\/#website\"},\"primaryImageOfPage\":{\"@id\":\"https:\\\/\\\/www.btv.md\\\/ro\\\/turneu-caritabil-la-fotbal-de-sala-cupa-banzai\\\/#primaryimage\"},\"image\":{\"@id\":\"https:\\\/\\\/www.btv.md\\\/ro\\\/turneu-caritabil-la-fotbal-de-sala-cupa-banzai\\\/#primaryimage\"},\"thumbnailUrl\":\"https:\\\/\\\/www.btv.md\\\/wp-content\\\/uploads\\\/2016\\\/03\\\/competitii_de_fotbal_in_sala_2013_1358428714.jpg\",\"datePublished\":\"2016-03-01T15:08:19+00:00\",\"author\":{\"@id\":\"https:\\\/\\\/www.btv.md\\\/#\\\/schema\\\/person\\\/8fadce81561b3ce2c34c46dadc4ccbf2\"},\"inLanguage\":\"ro-RO\",\"potentialAction\":[{\"@type\":\"ReadAction\",\"target\":[\"https:\\\/\\\/www.btv.md\\\/ro\\\/turneu-caritabil-la-fotbal-de-sala-cupa-banzai\\\/\"]}]},{\"@type\":\"ImageObject\",\"inLanguage\":\"ro-RO\",\"@id\":\"https:\\\/\\\/www.btv.md\\\/ro\\\/turneu-caritabil-la-fotbal-de-sala-cupa-banzai\\\/#primaryimage\",\"url\":\"https:\\\/\\\/www.btv.md\\\/wp-content\\\/uploads\\\/2016\\\/03\\\/competitii_de_fotbal_in_sala_2013_1358428714.jpg\",\"contentUrl\":\"https:\\\/\\\/www.btv.md\\\/wp-content\\\/uploads\\\/2016\\\/03\\\/competitii_de_fotbal_in_sala_2013_1358428714.jpg\",\"width\":600,\"height\":450,\"caption\":\"www.insport.ro\"},{\"@type\":\"WebSite\",\"@id\":\"https:\\\/\\\/www.btv.md\\\/#website\",\"url\":\"https:\\\/\\\/www.btv.md\\\/\",\"name\":\"BTV\",\"description\":\"\u0411\u0435\u043b\u044c\u0446\u043a\u043e\u0435 \u0442\u0435\u043b\u0435\u0432\u0438\u0434\u0435\u043d\u0438\u0435\",\"potentialAction\":[{\"@type\":\"SearchAction\",\"target\":{\"@type\":\"EntryPoint\",\"urlTemplate\":\"https:\\\/\\\/www.btv.md\\\/?s={search_term_string}\"},\"query-input\":{\"@type\":\"PropertyValueSpecification\",\"valueRequired\":true,\"valueName\":\"search_term_string\"}}],\"inLanguage\":\"ro-RO\"},{\"@type\":\"Person\",\"@id\":\"https:\\\/\\\/www.btv.md\\\/#\\\/schema\\\/person\\\/8fadce81561b3ce2c34c46dadc4ccbf2\",\"name\":\"admin\"}]}<\/script>\n<!-- \/ Yoast SEO plugin. -->","yoast_head_json":{"title":"TURNEU CARITABIL LA FOTBAL DE SAL\u0102 CUPA \u201dBANZAI\u201d - BTV","robots":{"index":"index","follow":"follow","max-snippet":"max-snippet:-1","max-image-preview":"max-image-preview:large","max-video-preview":"max-video-preview:-1"},"canonical":"https:\/\/www.btv.md\/ro\/turneu-caritabil-la-fotbal-de-sala-cupa-banzai\/","og_locale":"ro_RO","og_type":"article","og_title":"TURNEU CARITABIL LA FOTBAL DE SAL\u0102 CUPA \u201dBANZAI\u201d - BTV","og_description":"S\u00e2mb\u0103t\u0103, 5 martie, ora 9:30 va avea loc deschiderea turneului caritabil la fotbal de sal\u0103, Cupa \u201dBanzai\u201d. Scopul organiz\u0103rii competi\u021biei este colectarea fondurilor pentru sus\u021binerea copiilor orfani de la centrul de plasament Temporal. Turneul se va desf\u0103\u0219ura la complexul sportiv Moldova din B\u0103l\u021bi, \u00een apropiere de stadionul or\u0103\u0219enesc. Cei care nu sunt indiferen\u021bi de soarta [&hellip;]","og_url":"https:\/\/www.btv.md\/ro\/turneu-caritabil-la-fotbal-de-sala-cupa-banzai\/","og_site_name":"BTV","article_publisher":"https:\/\/www.facebook.com\/btvmoldova\/","article_published_time":"2016-03-01T15:08:19+00:00","og_image":[{"width":600,"height":450,"url":"https:\/\/www.btv.md\/wp-content\/uploads\/2016\/03\/competitii_de_fotbal_in_sala_2013_1358428714.jpg","type":"image\/jpeg"}],"author":"admin","twitter_misc":{"Scris de":"admin","Timp estimat pentru citire":"1 minut"},"schema":{"@context":"https:\/\/schema.org","@graph":[{"@type":"Article","@id":"https:\/\/www.btv.md\/ro\/turneu-caritabil-la-fotbal-de-sala-cupa-banzai\/#article","isPartOf":{"@id":"https:\/\/www.btv.md\/ro\/turneu-caritabil-la-fotbal-de-sala-cupa-banzai\/"},"author":{"name":"admin","@id":"https:\/\/www.btv.md\/#\/schema\/person\/8fadce81561b3ce2c34c46dadc4ccbf2"},"headline":"TURNEU CARITABIL LA FOTBAL DE SAL\u0102 CUPA \u201dBANZAI\u201d","datePublished":"2016-03-01T15:08:19+00:00","mainEntityOfPage":{"@id":"https:\/\/www.btv.md\/ro\/turneu-caritabil-la-fotbal-de-sala-cupa-banzai\/"},"wordCount":117,"image":{"@id":"https:\/\/www.btv.md\/ro\/turneu-caritabil-la-fotbal-de-sala-cupa-banzai\/#primaryimage"},"thumbnailUrl":"https:\/\/www.btv.md\/wp-content\/uploads\/2016\/03\/competitii_de_fotbal_in_sala_2013_1358428714.jpg","articleSection":["Ora\u0219"],"inLanguage":"ro-RO"},{"@type":"WebPage","@id":"https:\/\/www.btv.md\/ro\/turneu-caritabil-la-fotbal-de-sala-cupa-banzai\/","url":"https:\/\/www.btv.md\/ro\/turneu-caritabil-la-fotbal-de-sala-cupa-banzai\/","name":"TURNEU CARITABIL LA FOTBAL DE SAL\u0102 CUPA \u201dBANZAI\u201d - BTV","isPartOf":{"@id":"https:\/\/www.btv.md\/#website"},"primaryImageOfPage":{"@id":"https:\/\/www.btv.md\/ro\/turneu-caritabil-la-fotbal-de-sala-cupa-banzai\/#primaryimage"},"image":{"@id":"https:\/\/www.btv.md\/ro\/turneu-caritabil-la-fotbal-de-sala-cupa-banzai\/#primaryimage"},"thumbnailUrl":"https:\/\/www.btv.md\/wp-content\/uploads\/2016\/03\/competitii_de_fotbal_in_sala_2013_1358428714.jpg","datePublished":"2016-03-01T15:08:19+00:00","author":{"@id":"https:\/\/www.btv.md\/#\/schema\/person\/8fadce81561b3ce2c34c46dadc4ccbf2"},"inLanguage":"ro-RO","potentialAction":[{"@type":"ReadAction","target":["https:\/\/www.btv.md\/ro\/turneu-caritabil-la-fotbal-de-sala-cupa-banzai\/"]}]},{"@type":"ImageObject","inLanguage":"ro-RO","@id":"https:\/\/www.btv.md\/ro\/turneu-caritabil-la-fotbal-de-sala-cupa-banzai\/#primaryimage","url":"https:\/\/www.btv.md\/wp-content\/uploads\/2016\/03\/competitii_de_fotbal_in_sala_2013_1358428714.jpg","contentUrl":"https:\/\/www.btv.md\/wp-content\/uploads\/2016\/03\/competitii_de_fotbal_in_sala_2013_1358428714.jpg","width":600,"height":450,"caption":"www.insport.ro"},{"@type":"WebSite","@id":"https:\/\/www.btv.md\/#website","url":"https:\/\/www.btv.md\/","name":"BTV","description":"\u0411\u0435\u043b\u044c\u0446\u043a\u043e\u0435 \u0442\u0435\u043b\u0435\u0432\u0438\u0434\u0435\u043d\u0438\u0435","potentialAction":[{"@type":"SearchAction","target":{"@type":"EntryPoint","urlTemplate":"https:\/\/www.btv.md\/?s={search_term_string}"},"query-input":{"@type":"PropertyValueSpecification","valueRequired":true,"valueName":"search_term_string"}}],"inLanguage":"ro-RO"},{"@type":"Person","@id":"https:\/\/www.btv.md\/#\/schema\/person\/8fadce81561b3ce2c34c46dadc4ccbf2","name":"admin"}]}},"_links":{"self":[{"href":"https:\/\/www.btv.md\/ro\/wp-json\/wp\/v2\/posts\/8025","targetHints":{"allow":["GET"]}}],"collection":[{"href":"https:\/\/www.btv.md\/ro\/wp-json\/wp\/v2\/posts"}],"about":[{"href":"https:\/\/www.btv.md\/ro\/wp-json\/wp\/v2\/types\/post"}],"author":[{"embeddable":true,"href":"https:\/\/www.btv.md\/ro\/wp-json\/wp\/v2\/users\/4"}],"replies":[{"embeddable":true,"href":"https:\/\/www.btv.md\/ro\/wp-json\/wp\/v2\/comments?post=8025"}],"version-history":[{"count":0,"href":"https:\/\/www.btv.md\/ro\/wp-json\/wp\/v2\/posts\/8025\/revisions"}],"wp:featuredmedia":[{"embeddable":true,"href":"https:\/\/www.btv.md\/ro\/wp-json\/wp\/v2\/media\/8026"}],"wp:attachment":[{"href":"https:\/\/www.btv.md\/ro\/wp-json\/wp\/v2\/media?parent=8025"}],"wp:term":[{"taxonomy":"category","embeddable":true,"href":"https:\/\/www.btv.md\/ro\/wp-json\/wp\/v2\/categories?post=8025"},{"taxonomy":"post_tag","embeddable":true,"href":"https:\/\/www.btv.md\/ro\/wp-json\/wp\/v2\/tags?post=8025"}],"curies":[{"name":"wp","href":"https:\/\/api.w.org\/{rel}","templated":true}]}}