{"id":8100,"date":"2016-03-02T12:00:47","date_gmt":"2016-03-02T09:00:47","guid":{"rendered":"http:\/\/btv.md\/?p=8100"},"modified":"2016-03-02T15:49:50","modified_gmt":"2016-03-02T12:49:50","slug":"fara-vize-in-bosnia-si-hertegovina-pentru-cetatenii-rm","status":"publish","type":"post","link":"https:\/\/www.btv.md\/ro\/fara-vize-in-bosnia-si-hertegovina-pentru-cetatenii-rm\/","title":{"rendered":"F\u0102R\u0102  VIZE  \u00ceN  BOSNIA  \u0218I  HER\u021aEGOVINA  PENTRU  CET\u0102\u021aENII  RM"},"content":{"rendered":"<p><strong>Cet\u0103\u021benii Republicii Moldova pot c\u0103l\u0103tori f\u0103r\u0103 vize \u00een Bosnia \u0219i Her\u0163egovina. Potrivit  Ministerul de Externe, de la 1 martie 2016, a intrat \u00een vigoare Acordul \u00eentre Guvernul Republicii Moldova \u015fi Consiliul de Mini\u015ftri al Bosniei \u015fi Her\u0163egovinei privind c\u0103l\u0103toriile f\u0103r\u0103 vize ale cet\u0103\u0163enilor, semnat la Tirana, la 22 mai 2015, informeaz\u0103 <a href=\"http:\/\/www.realitatea.md\/de-astazi-moldovenii-pot-calatori-fara-vize-in-bosnia-i-hertegovina_35411.html\" target=\"_blank\">Realitatea.md<\/a>.<\/strong><\/p>\n<p>Astfel, cet\u0103\u0163enii ambelor state sunt scuti\u0163i de obligativitatea de a de\u0163ine viz\u0103 pentru a intra, ie\u015fi, tranzita sau a r\u0103m\u00e2ne pe teritoriul celuilalt stat, pentru o perioad\u0103 de p\u00e2n\u0103 la 90 de zile \u00een decurs de 180 de zile de la data primei intr\u0103ri.<\/p>\n<p>Totodat\u0103, Ministerul de Externe aten\u0163ioneaz\u0103 c\u0103 scutirea de viz\u0103 de scurt\u0103 \u015federe nu acord\u0103 cet\u0103\u0163enilor unui stat dreptul de a se angaja \u00een c\u00e2mpul muncii pe teritoriul celuilalt stat. Cerin\u0163ele necesare pentru vizele de lucru, studii, re\u00eentregire a familiei \u015fi de \u015federe pe termen lung pe teritoriile statelor vor fi reglementate de prevederile legisla\u0163iei na\u0163ionale a acestora.<\/p>\n","protected":false},"excerpt":{"rendered":"<p>Cet\u0103\u021benii Republicii Moldova pot c\u0103l\u0103tori f\u0103r\u0103 vize \u00een Bosnia \u0219i Her\u0163egovina. Potrivit Ministerul de Externe, de la 1 martie 2016, a intrat \u00een vigoare Acordul \u00eentre Guvernul Republicii Moldova \u015fi Consiliul de Mini\u015ftri al Bosniei \u015fi Her\u0163egovinei privind c\u0103l\u0103toriile f\u0103r\u0103 vize ale cet\u0103\u0163enilor, semnat la Tirana, la 22 mai 2015, informeaz\u0103 Realitatea.md. Astfel, cet\u0103\u0163enii ambelor [&hellip;]<\/p>\n","protected":false},"author":4,"featured_media":8101,"comment_status":"closed","ping_status":"closed","sticky":false,"template":"","format":"standard","meta":{"footnotes":""},"categories":[8],"tags":[],"class_list":["post-8100","post","type-post","status-publish","format-standard","has-post-thumbnail","hentry","category-obshestvo"],"yoast_head":"<!-- This site is optimized with the Yoast SEO plugin v27.4 - https:\/\/yoast.com\/product\/yoast-seo-wordpress\/ -->\n<title>F\u0102R\u0102 VIZE \u00ceN BOSNIA \u0218I HER\u021aEGOVINA PENTRU CET\u0102\u021aENII RM - BTV<\/title>\n<meta name=\"robots\" content=\"index, follow, max-snippet:-1, max-image-preview:large, max-video-preview:-1\" \/>\n<link rel=\"canonical\" href=\"https:\/\/www.btv.md\/ro\/fara-vize-in-bosnia-si-hertegovina-pentru-cetatenii-rm\/\" \/>\n<meta property=\"og:locale\" content=\"ro_RO\" \/>\n<meta property=\"og:type\" content=\"article\" \/>\n<meta property=\"og:title\" content=\"F\u0102R\u0102 VIZE \u00ceN BOSNIA \u0218I HER\u021aEGOVINA PENTRU CET\u0102\u021aENII RM - BTV\" \/>\n<meta property=\"og:description\" content=\"Cet\u0103\u021benii Republicii Moldova pot c\u0103l\u0103tori f\u0103r\u0103 vize \u00een Bosnia \u0219i Her\u0163egovina. Potrivit Ministerul de Externe, de la 1 martie 2016, a intrat \u00een vigoare Acordul \u00eentre Guvernul Republicii Moldova \u015fi Consiliul de Mini\u015ftri al Bosniei \u015fi Her\u0163egovinei privind c\u0103l\u0103toriile f\u0103r\u0103 vize ale cet\u0103\u0163enilor, semnat la Tirana, la 22 mai 2015, informeaz\u0103 Realitatea.md. Astfel, cet\u0103\u0163enii ambelor [&hellip;]\" \/>\n<meta property=\"og:url\" content=\"https:\/\/www.btv.md\/ro\/fara-vize-in-bosnia-si-hertegovina-pentru-cetatenii-rm\/\" \/>\n<meta property=\"og:site_name\" content=\"BTV\" \/>\n<meta property=\"article:publisher\" content=\"https:\/\/www.facebook.com\/btvmoldova\/\" \/>\n<meta property=\"article:published_time\" content=\"2016-03-02T09:00:47+00:00\" \/>\n<meta property=\"article:modified_time\" content=\"2016-03-02T12:49:50+00:00\" \/>\n<meta property=\"og:image\" content=\"https:\/\/www.btv.md\/wp-content\/uploads\/2016\/03\/p-13.jpg\" \/>\n\t<meta property=\"og:image:width\" content=\"1200\" \/>\n\t<meta property=\"og:image:height\" content=\"676\" \/>\n\t<meta property=\"og:image:type\" content=\"image\/jpeg\" \/>\n<meta name=\"author\" content=\"admin\" \/>\n<meta name=\"twitter:label1\" content=\"Scris de\" \/>\n\t<meta name=\"twitter:data1\" content=\"admin\" \/>\n\t<meta name=\"twitter:label2\" content=\"Timp estimat pentru citire\" \/>\n\t<meta name=\"twitter:data2\" content=\"1 minut\" \/>\n<script type=\"application\/ld+json\" class=\"yoast-schema-graph\">{\"@context\":\"https:\\\/\\\/schema.org\",\"@graph\":[{\"@type\":\"Article\",\"@id\":\"https:\\\/\\\/www.btv.md\\\/ro\\\/fara-vize-in-bosnia-si-hertegovina-pentru-cetatenii-rm\\\/#article\",\"isPartOf\":{\"@id\":\"https:\\\/\\\/www.btv.md\\\/ro\\\/fara-vize-in-bosnia-si-hertegovina-pentru-cetatenii-rm\\\/\"},\"author\":{\"name\":\"admin\",\"@id\":\"https:\\\/\\\/www.btv.md\\\/#\\\/schema\\\/person\\\/8fadce81561b3ce2c34c46dadc4ccbf2\"},\"headline\":\"F\u0102R\u0102 VIZE \u00ceN BOSNIA \u0218I HER\u021aEGOVINA PENTRU CET\u0102\u021aENII RM\",\"datePublished\":\"2016-03-02T09:00:47+00:00\",\"dateModified\":\"2016-03-02T12:49:50+00:00\",\"mainEntityOfPage\":{\"@id\":\"https:\\\/\\\/www.btv.md\\\/ro\\\/fara-vize-in-bosnia-si-hertegovina-pentru-cetatenii-rm\\\/\"},\"wordCount\":186,\"image\":{\"@id\":\"https:\\\/\\\/www.btv.md\\\/ro\\\/fara-vize-in-bosnia-si-hertegovina-pentru-cetatenii-rm\\\/#primaryimage\"},\"thumbnailUrl\":\"https:\\\/\\\/www.btv.md\\\/wp-content\\\/uploads\\\/2016\\\/03\\\/p-13.jpg\",\"articleSection\":[\"\u041e\u0431\u0449\u0435\u0441\u0442\u0432\u043e\"],\"inLanguage\":\"ro-RO\"},{\"@type\":\"WebPage\",\"@id\":\"https:\\\/\\\/www.btv.md\\\/ro\\\/fara-vize-in-bosnia-si-hertegovina-pentru-cetatenii-rm\\\/\",\"url\":\"https:\\\/\\\/www.btv.md\\\/ro\\\/fara-vize-in-bosnia-si-hertegovina-pentru-cetatenii-rm\\\/\",\"name\":\"F\u0102R\u0102 VIZE \u00ceN BOSNIA \u0218I HER\u021aEGOVINA PENTRU CET\u0102\u021aENII RM - BTV\",\"isPartOf\":{\"@id\":\"https:\\\/\\\/www.btv.md\\\/#website\"},\"primaryImageOfPage\":{\"@id\":\"https:\\\/\\\/www.btv.md\\\/ro\\\/fara-vize-in-bosnia-si-hertegovina-pentru-cetatenii-rm\\\/#primaryimage\"},\"image\":{\"@id\":\"https:\\\/\\\/www.btv.md\\\/ro\\\/fara-vize-in-bosnia-si-hertegovina-pentru-cetatenii-rm\\\/#primaryimage\"},\"thumbnailUrl\":\"https:\\\/\\\/www.btv.md\\\/wp-content\\\/uploads\\\/2016\\\/03\\\/p-13.jpg\",\"datePublished\":\"2016-03-02T09:00:47+00:00\",\"dateModified\":\"2016-03-02T12:49:50+00:00\",\"author\":{\"@id\":\"https:\\\/\\\/www.btv.md\\\/#\\\/schema\\\/person\\\/8fadce81561b3ce2c34c46dadc4ccbf2\"},\"inLanguage\":\"ro-RO\",\"potentialAction\":[{\"@type\":\"ReadAction\",\"target\":[\"https:\\\/\\\/www.btv.md\\\/ro\\\/fara-vize-in-bosnia-si-hertegovina-pentru-cetatenii-rm\\\/\"]}]},{\"@type\":\"ImageObject\",\"inLanguage\":\"ro-RO\",\"@id\":\"https:\\\/\\\/www.btv.md\\\/ro\\\/fara-vize-in-bosnia-si-hertegovina-pentru-cetatenii-rm\\\/#primaryimage\",\"url\":\"https:\\\/\\\/www.btv.md\\\/wp-content\\\/uploads\\\/2016\\\/03\\\/p-13.jpg\",\"contentUrl\":\"https:\\\/\\\/www.btv.md\\\/wp-content\\\/uploads\\\/2016\\\/03\\\/p-13.jpg\",\"width\":1200,\"height\":676,\"caption\":\"www.moldova.org\"},{\"@type\":\"WebSite\",\"@id\":\"https:\\\/\\\/www.btv.md\\\/#website\",\"url\":\"https:\\\/\\\/www.btv.md\\\/\",\"name\":\"BTV\",\"description\":\"\u0411\u0435\u043b\u044c\u0446\u043a\u043e\u0435 \u0442\u0435\u043b\u0435\u0432\u0438\u0434\u0435\u043d\u0438\u0435\",\"potentialAction\":[{\"@type\":\"SearchAction\",\"target\":{\"@type\":\"EntryPoint\",\"urlTemplate\":\"https:\\\/\\\/www.btv.md\\\/?s={search_term_string}\"},\"query-input\":{\"@type\":\"PropertyValueSpecification\",\"valueRequired\":true,\"valueName\":\"search_term_string\"}}],\"inLanguage\":\"ro-RO\"},{\"@type\":\"Person\",\"@id\":\"https:\\\/\\\/www.btv.md\\\/#\\\/schema\\\/person\\\/8fadce81561b3ce2c34c46dadc4ccbf2\",\"name\":\"admin\"}]}<\/script>\n<!-- \/ Yoast SEO plugin. -->","yoast_head_json":{"title":"F\u0102R\u0102 VIZE \u00ceN BOSNIA \u0218I HER\u021aEGOVINA PENTRU CET\u0102\u021aENII RM - BTV","robots":{"index":"index","follow":"follow","max-snippet":"max-snippet:-1","max-image-preview":"max-image-preview:large","max-video-preview":"max-video-preview:-1"},"canonical":"https:\/\/www.btv.md\/ro\/fara-vize-in-bosnia-si-hertegovina-pentru-cetatenii-rm\/","og_locale":"ro_RO","og_type":"article","og_title":"F\u0102R\u0102 VIZE \u00ceN BOSNIA \u0218I HER\u021aEGOVINA PENTRU CET\u0102\u021aENII RM - BTV","og_description":"Cet\u0103\u021benii Republicii Moldova pot c\u0103l\u0103tori f\u0103r\u0103 vize \u00een Bosnia \u0219i Her\u0163egovina. Potrivit Ministerul de Externe, de la 1 martie 2016, a intrat \u00een vigoare Acordul \u00eentre Guvernul Republicii Moldova \u015fi Consiliul de Mini\u015ftri al Bosniei \u015fi Her\u0163egovinei privind c\u0103l\u0103toriile f\u0103r\u0103 vize ale cet\u0103\u0163enilor, semnat la Tirana, la 22 mai 2015, informeaz\u0103 Realitatea.md. Astfel, cet\u0103\u0163enii ambelor [&hellip;]","og_url":"https:\/\/www.btv.md\/ro\/fara-vize-in-bosnia-si-hertegovina-pentru-cetatenii-rm\/","og_site_name":"BTV","article_publisher":"https:\/\/www.facebook.com\/btvmoldova\/","article_published_time":"2016-03-02T09:00:47+00:00","article_modified_time":"2016-03-02T12:49:50+00:00","og_image":[{"width":1200,"height":676,"url":"https:\/\/www.btv.md\/wp-content\/uploads\/2016\/03\/p-13.jpg","type":"image\/jpeg"}],"author":"admin","twitter_misc":{"Scris de":"admin","Timp estimat pentru citire":"1 minut"},"schema":{"@context":"https:\/\/schema.org","@graph":[{"@type":"Article","@id":"https:\/\/www.btv.md\/ro\/fara-vize-in-bosnia-si-hertegovina-pentru-cetatenii-rm\/#article","isPartOf":{"@id":"https:\/\/www.btv.md\/ro\/fara-vize-in-bosnia-si-hertegovina-pentru-cetatenii-rm\/"},"author":{"name":"admin","@id":"https:\/\/www.btv.md\/#\/schema\/person\/8fadce81561b3ce2c34c46dadc4ccbf2"},"headline":"F\u0102R\u0102 VIZE \u00ceN BOSNIA \u0218I HER\u021aEGOVINA PENTRU CET\u0102\u021aENII RM","datePublished":"2016-03-02T09:00:47+00:00","dateModified":"2016-03-02T12:49:50+00:00","mainEntityOfPage":{"@id":"https:\/\/www.btv.md\/ro\/fara-vize-in-bosnia-si-hertegovina-pentru-cetatenii-rm\/"},"wordCount":186,"image":{"@id":"https:\/\/www.btv.md\/ro\/fara-vize-in-bosnia-si-hertegovina-pentru-cetatenii-rm\/#primaryimage"},"thumbnailUrl":"https:\/\/www.btv.md\/wp-content\/uploads\/2016\/03\/p-13.jpg","articleSection":["\u041e\u0431\u0449\u0435\u0441\u0442\u0432\u043e"],"inLanguage":"ro-RO"},{"@type":"WebPage","@id":"https:\/\/www.btv.md\/ro\/fara-vize-in-bosnia-si-hertegovina-pentru-cetatenii-rm\/","url":"https:\/\/www.btv.md\/ro\/fara-vize-in-bosnia-si-hertegovina-pentru-cetatenii-rm\/","name":"F\u0102R\u0102 VIZE \u00ceN BOSNIA \u0218I HER\u021aEGOVINA PENTRU CET\u0102\u021aENII RM - BTV","isPartOf":{"@id":"https:\/\/www.btv.md\/#website"},"primaryImageOfPage":{"@id":"https:\/\/www.btv.md\/ro\/fara-vize-in-bosnia-si-hertegovina-pentru-cetatenii-rm\/#primaryimage"},"image":{"@id":"https:\/\/www.btv.md\/ro\/fara-vize-in-bosnia-si-hertegovina-pentru-cetatenii-rm\/#primaryimage"},"thumbnailUrl":"https:\/\/www.btv.md\/wp-content\/uploads\/2016\/03\/p-13.jpg","datePublished":"2016-03-02T09:00:47+00:00","dateModified":"2016-03-02T12:49:50+00:00","author":{"@id":"https:\/\/www.btv.md\/#\/schema\/person\/8fadce81561b3ce2c34c46dadc4ccbf2"},"inLanguage":"ro-RO","potentialAction":[{"@type":"ReadAction","target":["https:\/\/www.btv.md\/ro\/fara-vize-in-bosnia-si-hertegovina-pentru-cetatenii-rm\/"]}]},{"@type":"ImageObject","inLanguage":"ro-RO","@id":"https:\/\/www.btv.md\/ro\/fara-vize-in-bosnia-si-hertegovina-pentru-cetatenii-rm\/#primaryimage","url":"https:\/\/www.btv.md\/wp-content\/uploads\/2016\/03\/p-13.jpg","contentUrl":"https:\/\/www.btv.md\/wp-content\/uploads\/2016\/03\/p-13.jpg","width":1200,"height":676,"caption":"www.moldova.org"},{"@type":"WebSite","@id":"https:\/\/www.btv.md\/#website","url":"https:\/\/www.btv.md\/","name":"BTV","description":"\u0411\u0435\u043b\u044c\u0446\u043a\u043e\u0435 \u0442\u0435\u043b\u0435\u0432\u0438\u0434\u0435\u043d\u0438\u0435","potentialAction":[{"@type":"SearchAction","target":{"@type":"EntryPoint","urlTemplate":"https:\/\/www.btv.md\/?s={search_term_string}"},"query-input":{"@type":"PropertyValueSpecification","valueRequired":true,"valueName":"search_term_string"}}],"inLanguage":"ro-RO"},{"@type":"Person","@id":"https:\/\/www.btv.md\/#\/schema\/person\/8fadce81561b3ce2c34c46dadc4ccbf2","name":"admin"}]}},"_links":{"self":[{"href":"https:\/\/www.btv.md\/ro\/wp-json\/wp\/v2\/posts\/8100","targetHints":{"allow":["GET"]}}],"collection":[{"href":"https:\/\/www.btv.md\/ro\/wp-json\/wp\/v2\/posts"}],"about":[{"href":"https:\/\/www.btv.md\/ro\/wp-json\/wp\/v2\/types\/post"}],"author":[{"embeddable":true,"href":"https:\/\/www.btv.md\/ro\/wp-json\/wp\/v2\/users\/4"}],"replies":[{"embeddable":true,"href":"https:\/\/www.btv.md\/ro\/wp-json\/wp\/v2\/comments?post=8100"}],"version-history":[{"count":0,"href":"https:\/\/www.btv.md\/ro\/wp-json\/wp\/v2\/posts\/8100\/revisions"}],"wp:featuredmedia":[{"embeddable":true,"href":"https:\/\/www.btv.md\/ro\/wp-json\/wp\/v2\/media\/8101"}],"wp:attachment":[{"href":"https:\/\/www.btv.md\/ro\/wp-json\/wp\/v2\/media?parent=8100"}],"wp:term":[{"taxonomy":"category","embeddable":true,"href":"https:\/\/www.btv.md\/ro\/wp-json\/wp\/v2\/categories?post=8100"},{"taxonomy":"post_tag","embeddable":true,"href":"https:\/\/www.btv.md\/ro\/wp-json\/wp\/v2\/tags?post=8100"}],"curies":[{"name":"wp","href":"https:\/\/api.w.org\/{rel}","templated":true}]}}