{"id":8103,"date":"2016-03-02T12:05:38","date_gmt":"2016-03-02T09:05:38","guid":{"rendered":"http:\/\/btv.md\/?p=8103"},"modified":"2016-03-02T15:53:46","modified_gmt":"2016-03-02T12:53:46","slug":"filip-tarifele-la-energie-electrica-se-vor-micsora-cu-10","status":"publish","type":"post","link":"https:\/\/www.btv.md\/ro\/filip-tarifele-la-energie-electrica-se-vor-micsora-cu-10\/","title":{"rendered":"FILIP:TARIFELE  LA  ENERGIE  ELECTRIC\u0102  SE VOR  MIC\u0218ORA CU 10%"},"content":{"rendered":"<p><strong>Tarifele la energia electric\u0103 pentru consumatorii finali din Republica Moldova ar putea fi mic\u0219orate cu 10%, datorit\u0103 semn\u0103rii unui nou contract de furnizare \u0219i reducere a pre\u021bului de procurare. Informa\u021bia a fost comunicat\u0103 jurnali\u0219tilor de premierul Pavel Filip dup\u0103 \u0219edin\u021ba de lucru dedicat\u0103 problemelor de asigurare a \u021b\u0103rii cu energie electric\u0103, noteaz\u0103 <a href=\"http:\/\/www.noi.md\/md\/news_id\/79981\" target=\"_blank\">NOI.md<\/a>.<\/strong><\/p>\n<p>\u0218eful Executivului a men\u021bionat c\u0103 noul contract de procurare a energiei electrice a fost semnat anticipat \u0219i, \u00een pofida num\u0103rului limitat al furnizorilor, a fost ob\u021binut un pre\u021b mai convenabil de achizi\u021bie, gra\u021bie concuren\u021bei.<\/p>\n<p>\u0218eful Executivului s-a pronun\u021bat pentru aprobarea c\u00eet mai rapid\u0103 a noilor tarife la energia electric\u0103, pentru ca aceast\u0103 m\u0103sur\u0103 s\u0103 fie sim\u021bit\u0103 de cet\u0103\u021beni \u0219i agen\u021bii economici. Demnitarul a men\u021bionat c\u0103 exist\u0103 poten\u021bial \u0219i pentru reducerea tarifelor \u00een continuare. Pavel Filip a spus c\u0103 reducerea tarifelor ar putea fi operat\u0103 \u00een dou\u0103 etape: cu 10% \u00een luna martie, iar a doua etap\u0103 ar putea avea loc \u00een luna aprilie.<\/p>\n","protected":false},"excerpt":{"rendered":"<p>Tarifele la energia electric\u0103 pentru consumatorii finali din Republica Moldova ar putea fi mic\u0219orate cu 10%, datorit\u0103 semn\u0103rii unui nou contract de furnizare \u0219i reducere a pre\u021bului de procurare. Informa\u021bia a fost comunicat\u0103 jurnali\u0219tilor de premierul Pavel Filip dup\u0103 \u0219edin\u021ba de lucru dedicat\u0103 problemelor de asigurare a \u021b\u0103rii cu energie electric\u0103, noteaz\u0103 NOI.md. \u0218eful Executivului [&hellip;]<\/p>\n","protected":false},"author":4,"featured_media":8104,"comment_status":"closed","ping_status":"closed","sticky":false,"template":"","format":"standard","meta":{"footnotes":""},"categories":[7],"tags":[],"class_list":["post-8103","post","type-post","status-publish","format-standard","has-post-thumbnail","hentry","category-economie"],"yoast_head":"<!-- This site is optimized with the Yoast SEO plugin v27.4 - https:\/\/yoast.com\/product\/yoast-seo-wordpress\/ -->\n<title>FILIP:TARIFELE LA ENERGIE ELECTRIC\u0102 SE VOR MIC\u0218ORA CU 10% - BTV<\/title>\n<meta name=\"robots\" content=\"index, follow, max-snippet:-1, max-image-preview:large, max-video-preview:-1\" \/>\n<link rel=\"canonical\" href=\"https:\/\/www.btv.md\/ro\/filip-tarifele-la-energie-electrica-se-vor-micsora-cu-10\/\" \/>\n<meta property=\"og:locale\" content=\"ro_RO\" \/>\n<meta property=\"og:type\" content=\"article\" \/>\n<meta property=\"og:title\" content=\"FILIP:TARIFELE LA ENERGIE ELECTRIC\u0102 SE VOR MIC\u0218ORA CU 10% - BTV\" \/>\n<meta property=\"og:description\" content=\"Tarifele la energia electric\u0103 pentru consumatorii finali din Republica Moldova ar putea fi mic\u0219orate cu 10%, datorit\u0103 semn\u0103rii unui nou contract de furnizare \u0219i reducere a pre\u021bului de procurare. Informa\u021bia a fost comunicat\u0103 jurnali\u0219tilor de premierul Pavel Filip dup\u0103 \u0219edin\u021ba de lucru dedicat\u0103 problemelor de asigurare a \u021b\u0103rii cu energie electric\u0103, noteaz\u0103 NOI.md. \u0218eful Executivului [&hellip;]\" \/>\n<meta property=\"og:url\" content=\"https:\/\/www.btv.md\/ro\/filip-tarifele-la-energie-electrica-se-vor-micsora-cu-10\/\" \/>\n<meta property=\"og:site_name\" content=\"BTV\" \/>\n<meta property=\"article:publisher\" content=\"https:\/\/www.facebook.com\/btvmoldova\/\" \/>\n<meta property=\"article:published_time\" content=\"2016-03-02T09:05:38+00:00\" \/>\n<meta property=\"article:modified_time\" content=\"2016-03-02T12:53:46+00:00\" \/>\n<meta property=\"og:image\" content=\"https:\/\/www.btv.md\/wp-content\/uploads\/2016\/03\/distributie-energie.jpg\" \/>\n\t<meta property=\"og:image:width\" content=\"730\" \/>\n\t<meta property=\"og:image:height\" content=\"400\" \/>\n\t<meta property=\"og:image:type\" content=\"image\/jpeg\" \/>\n<meta name=\"author\" content=\"admin\" \/>\n<meta name=\"twitter:label1\" content=\"Scris de\" \/>\n\t<meta name=\"twitter:data1\" content=\"admin\" \/>\n\t<meta name=\"twitter:label2\" content=\"Timp estimat pentru citire\" \/>\n\t<meta name=\"twitter:data2\" content=\"1 minut\" \/>\n<script type=\"application\/ld+json\" class=\"yoast-schema-graph\">{\"@context\":\"https:\\\/\\\/schema.org\",\"@graph\":[{\"@type\":\"Article\",\"@id\":\"https:\\\/\\\/www.btv.md\\\/ro\\\/filip-tarifele-la-energie-electrica-se-vor-micsora-cu-10\\\/#article\",\"isPartOf\":{\"@id\":\"https:\\\/\\\/www.btv.md\\\/ro\\\/filip-tarifele-la-energie-electrica-se-vor-micsora-cu-10\\\/\"},\"author\":{\"name\":\"admin\",\"@id\":\"https:\\\/\\\/www.btv.md\\\/#\\\/schema\\\/person\\\/8fadce81561b3ce2c34c46dadc4ccbf2\"},\"headline\":\"FILIP:TARIFELE LA ENERGIE ELECTRIC\u0102 SE VOR MIC\u0218ORA CU 10%\",\"datePublished\":\"2016-03-02T09:05:38+00:00\",\"dateModified\":\"2016-03-02T12:53:46+00:00\",\"mainEntityOfPage\":{\"@id\":\"https:\\\/\\\/www.btv.md\\\/ro\\\/filip-tarifele-la-energie-electrica-se-vor-micsora-cu-10\\\/\"},\"wordCount\":185,\"image\":{\"@id\":\"https:\\\/\\\/www.btv.md\\\/ro\\\/filip-tarifele-la-energie-electrica-se-vor-micsora-cu-10\\\/#primaryimage\"},\"thumbnailUrl\":\"https:\\\/\\\/www.btv.md\\\/wp-content\\\/uploads\\\/2016\\\/03\\\/distributie-energie.jpg\",\"articleSection\":[\"\u042d\u043a\u043e\u043d\u043e\u043c\u0438\u043a\u0430\"],\"inLanguage\":\"ro-RO\"},{\"@type\":\"WebPage\",\"@id\":\"https:\\\/\\\/www.btv.md\\\/ro\\\/filip-tarifele-la-energie-electrica-se-vor-micsora-cu-10\\\/\",\"url\":\"https:\\\/\\\/www.btv.md\\\/ro\\\/filip-tarifele-la-energie-electrica-se-vor-micsora-cu-10\\\/\",\"name\":\"FILIP:TARIFELE LA ENERGIE ELECTRIC\u0102 SE VOR MIC\u0218ORA CU 10% - BTV\",\"isPartOf\":{\"@id\":\"https:\\\/\\\/www.btv.md\\\/#website\"},\"primaryImageOfPage\":{\"@id\":\"https:\\\/\\\/www.btv.md\\\/ro\\\/filip-tarifele-la-energie-electrica-se-vor-micsora-cu-10\\\/#primaryimage\"},\"image\":{\"@id\":\"https:\\\/\\\/www.btv.md\\\/ro\\\/filip-tarifele-la-energie-electrica-se-vor-micsora-cu-10\\\/#primaryimage\"},\"thumbnailUrl\":\"https:\\\/\\\/www.btv.md\\\/wp-content\\\/uploads\\\/2016\\\/03\\\/distributie-energie.jpg\",\"datePublished\":\"2016-03-02T09:05:38+00:00\",\"dateModified\":\"2016-03-02T12:53:46+00:00\",\"author\":{\"@id\":\"https:\\\/\\\/www.btv.md\\\/#\\\/schema\\\/person\\\/8fadce81561b3ce2c34c46dadc4ccbf2\"},\"inLanguage\":\"ro-RO\",\"potentialAction\":[{\"@type\":\"ReadAction\",\"target\":[\"https:\\\/\\\/www.btv.md\\\/ro\\\/filip-tarifele-la-energie-electrica-se-vor-micsora-cu-10\\\/\"]}]},{\"@type\":\"ImageObject\",\"inLanguage\":\"ro-RO\",\"@id\":\"https:\\\/\\\/www.btv.md\\\/ro\\\/filip-tarifele-la-energie-electrica-se-vor-micsora-cu-10\\\/#primaryimage\",\"url\":\"https:\\\/\\\/www.btv.md\\\/wp-content\\\/uploads\\\/2016\\\/03\\\/distributie-energie.jpg\",\"contentUrl\":\"https:\\\/\\\/www.btv.md\\\/wp-content\\\/uploads\\\/2016\\\/03\\\/distributie-energie.jpg\",\"width\":730,\"height\":400,\"caption\":\"www.energynomics.ro\"},{\"@type\":\"WebSite\",\"@id\":\"https:\\\/\\\/www.btv.md\\\/#website\",\"url\":\"https:\\\/\\\/www.btv.md\\\/\",\"name\":\"BTV\",\"description\":\"\u0411\u0435\u043b\u044c\u0446\u043a\u043e\u0435 \u0442\u0435\u043b\u0435\u0432\u0438\u0434\u0435\u043d\u0438\u0435\",\"potentialAction\":[{\"@type\":\"SearchAction\",\"target\":{\"@type\":\"EntryPoint\",\"urlTemplate\":\"https:\\\/\\\/www.btv.md\\\/?s={search_term_string}\"},\"query-input\":{\"@type\":\"PropertyValueSpecification\",\"valueRequired\":true,\"valueName\":\"search_term_string\"}}],\"inLanguage\":\"ro-RO\"},{\"@type\":\"Person\",\"@id\":\"https:\\\/\\\/www.btv.md\\\/#\\\/schema\\\/person\\\/8fadce81561b3ce2c34c46dadc4ccbf2\",\"name\":\"admin\"}]}<\/script>\n<!-- \/ Yoast SEO plugin. -->","yoast_head_json":{"title":"FILIP:TARIFELE LA ENERGIE ELECTRIC\u0102 SE VOR MIC\u0218ORA CU 10% - BTV","robots":{"index":"index","follow":"follow","max-snippet":"max-snippet:-1","max-image-preview":"max-image-preview:large","max-video-preview":"max-video-preview:-1"},"canonical":"https:\/\/www.btv.md\/ro\/filip-tarifele-la-energie-electrica-se-vor-micsora-cu-10\/","og_locale":"ro_RO","og_type":"article","og_title":"FILIP:TARIFELE LA ENERGIE ELECTRIC\u0102 SE VOR MIC\u0218ORA CU 10% - BTV","og_description":"Tarifele la energia electric\u0103 pentru consumatorii finali din Republica Moldova ar putea fi mic\u0219orate cu 10%, datorit\u0103 semn\u0103rii unui nou contract de furnizare \u0219i reducere a pre\u021bului de procurare. Informa\u021bia a fost comunicat\u0103 jurnali\u0219tilor de premierul Pavel Filip dup\u0103 \u0219edin\u021ba de lucru dedicat\u0103 problemelor de asigurare a \u021b\u0103rii cu energie electric\u0103, noteaz\u0103 NOI.md. \u0218eful Executivului [&hellip;]","og_url":"https:\/\/www.btv.md\/ro\/filip-tarifele-la-energie-electrica-se-vor-micsora-cu-10\/","og_site_name":"BTV","article_publisher":"https:\/\/www.facebook.com\/btvmoldova\/","article_published_time":"2016-03-02T09:05:38+00:00","article_modified_time":"2016-03-02T12:53:46+00:00","og_image":[{"width":730,"height":400,"url":"https:\/\/www.btv.md\/wp-content\/uploads\/2016\/03\/distributie-energie.jpg","type":"image\/jpeg"}],"author":"admin","twitter_misc":{"Scris de":"admin","Timp estimat pentru citire":"1 minut"},"schema":{"@context":"https:\/\/schema.org","@graph":[{"@type":"Article","@id":"https:\/\/www.btv.md\/ro\/filip-tarifele-la-energie-electrica-se-vor-micsora-cu-10\/#article","isPartOf":{"@id":"https:\/\/www.btv.md\/ro\/filip-tarifele-la-energie-electrica-se-vor-micsora-cu-10\/"},"author":{"name":"admin","@id":"https:\/\/www.btv.md\/#\/schema\/person\/8fadce81561b3ce2c34c46dadc4ccbf2"},"headline":"FILIP:TARIFELE LA ENERGIE ELECTRIC\u0102 SE VOR MIC\u0218ORA CU 10%","datePublished":"2016-03-02T09:05:38+00:00","dateModified":"2016-03-02T12:53:46+00:00","mainEntityOfPage":{"@id":"https:\/\/www.btv.md\/ro\/filip-tarifele-la-energie-electrica-se-vor-micsora-cu-10\/"},"wordCount":185,"image":{"@id":"https:\/\/www.btv.md\/ro\/filip-tarifele-la-energie-electrica-se-vor-micsora-cu-10\/#primaryimage"},"thumbnailUrl":"https:\/\/www.btv.md\/wp-content\/uploads\/2016\/03\/distributie-energie.jpg","articleSection":["\u042d\u043a\u043e\u043d\u043e\u043c\u0438\u043a\u0430"],"inLanguage":"ro-RO"},{"@type":"WebPage","@id":"https:\/\/www.btv.md\/ro\/filip-tarifele-la-energie-electrica-se-vor-micsora-cu-10\/","url":"https:\/\/www.btv.md\/ro\/filip-tarifele-la-energie-electrica-se-vor-micsora-cu-10\/","name":"FILIP:TARIFELE LA ENERGIE ELECTRIC\u0102 SE VOR MIC\u0218ORA CU 10% - BTV","isPartOf":{"@id":"https:\/\/www.btv.md\/#website"},"primaryImageOfPage":{"@id":"https:\/\/www.btv.md\/ro\/filip-tarifele-la-energie-electrica-se-vor-micsora-cu-10\/#primaryimage"},"image":{"@id":"https:\/\/www.btv.md\/ro\/filip-tarifele-la-energie-electrica-se-vor-micsora-cu-10\/#primaryimage"},"thumbnailUrl":"https:\/\/www.btv.md\/wp-content\/uploads\/2016\/03\/distributie-energie.jpg","datePublished":"2016-03-02T09:05:38+00:00","dateModified":"2016-03-02T12:53:46+00:00","author":{"@id":"https:\/\/www.btv.md\/#\/schema\/person\/8fadce81561b3ce2c34c46dadc4ccbf2"},"inLanguage":"ro-RO","potentialAction":[{"@type":"ReadAction","target":["https:\/\/www.btv.md\/ro\/filip-tarifele-la-energie-electrica-se-vor-micsora-cu-10\/"]}]},{"@type":"ImageObject","inLanguage":"ro-RO","@id":"https:\/\/www.btv.md\/ro\/filip-tarifele-la-energie-electrica-se-vor-micsora-cu-10\/#primaryimage","url":"https:\/\/www.btv.md\/wp-content\/uploads\/2016\/03\/distributie-energie.jpg","contentUrl":"https:\/\/www.btv.md\/wp-content\/uploads\/2016\/03\/distributie-energie.jpg","width":730,"height":400,"caption":"www.energynomics.ro"},{"@type":"WebSite","@id":"https:\/\/www.btv.md\/#website","url":"https:\/\/www.btv.md\/","name":"BTV","description":"\u0411\u0435\u043b\u044c\u0446\u043a\u043e\u0435 \u0442\u0435\u043b\u0435\u0432\u0438\u0434\u0435\u043d\u0438\u0435","potentialAction":[{"@type":"SearchAction","target":{"@type":"EntryPoint","urlTemplate":"https:\/\/www.btv.md\/?s={search_term_string}"},"query-input":{"@type":"PropertyValueSpecification","valueRequired":true,"valueName":"search_term_string"}}],"inLanguage":"ro-RO"},{"@type":"Person","@id":"https:\/\/www.btv.md\/#\/schema\/person\/8fadce81561b3ce2c34c46dadc4ccbf2","name":"admin"}]}},"_links":{"self":[{"href":"https:\/\/www.btv.md\/ro\/wp-json\/wp\/v2\/posts\/8103","targetHints":{"allow":["GET"]}}],"collection":[{"href":"https:\/\/www.btv.md\/ro\/wp-json\/wp\/v2\/posts"}],"about":[{"href":"https:\/\/www.btv.md\/ro\/wp-json\/wp\/v2\/types\/post"}],"author":[{"embeddable":true,"href":"https:\/\/www.btv.md\/ro\/wp-json\/wp\/v2\/users\/4"}],"replies":[{"embeddable":true,"href":"https:\/\/www.btv.md\/ro\/wp-json\/wp\/v2\/comments?post=8103"}],"version-history":[{"count":0,"href":"https:\/\/www.btv.md\/ro\/wp-json\/wp\/v2\/posts\/8103\/revisions"}],"wp:featuredmedia":[{"embeddable":true,"href":"https:\/\/www.btv.md\/ro\/wp-json\/wp\/v2\/media\/8104"}],"wp:attachment":[{"href":"https:\/\/www.btv.md\/ro\/wp-json\/wp\/v2\/media?parent=8103"}],"wp:term":[{"taxonomy":"category","embeddable":true,"href":"https:\/\/www.btv.md\/ro\/wp-json\/wp\/v2\/categories?post=8103"},{"taxonomy":"post_tag","embeddable":true,"href":"https:\/\/www.btv.md\/ro\/wp-json\/wp\/v2\/tags?post=8103"}],"curies":[{"name":"wp","href":"https:\/\/api.w.org\/{rel}","templated":true}]}}