{"id":82214,"date":"2020-06-01T09:25:06","date_gmt":"2020-06-01T06:25:06","guid":{"rendered":"http:\/\/www.btv.md\/?p=82214"},"modified":"2020-06-01T09:25:06","modified_gmt":"2020-06-01T06:25:06","slug":"2020-va-fi-an-de-foc-in-romania-avertizeaza-meteorologii","status":"publish","type":"post","link":"https:\/\/www.btv.md\/ro\/2020-va-fi-an-de-foc-in-romania-avertizeaza-meteorologii\/","title":{"rendered":"2020 va fi an de foc \u00een Rom\u00e2nia, avertizeaz\u0103 meteorologii"},"content":{"rendered":"<p><strong>Anul 2020 va fi unul de foc, avertizeaz\u0103 directorul Administra\u021biei Na\u021bionale de Meteorologie, Elena Mateescu. La nivel mondial, primele luni au fost cele mai c\u0103lduroase din ultimii 141 de ani.<\/strong><\/p>\n<div class=\"ad-wrapper\">\n<div class=\"ad-container\">Ianuarie \u0219i aprilie au fost pe primul loc, iar februarie \u0219i martie pe locul doi ca fiind cele mai c\u0103lduroase luni, a explicat Elena Mateescu la Digi24.<\/div>\n<\/div>\n<p>&#8222;\u0218i \u00een Rom\u00e2nia primele patru luni au fost cele mai c\u0103lduroase, cu abateri termice pozitive de p\u00e2n\u0103 la 3,9 grade Celsus.<\/p>\n<p>De abia \u00een luna mai, \u00een \u021bara noastr\u0103 va fi o lun\u0103 mai r\u0103coroas\u0103, o vom \u00eencheia ca fiind o lun\u0103 mai rece comparativ cu ce ar fi normal.<\/p>\n<p>Vara 2020 cum arat\u0103 \u0219i primele estim\u0103ri la nivel mondial, este posibil s\u0103 se \u00a0al\u0103ture seriei anilor cei mai c\u0103lduro\u0219i din istoria m\u0103sur\u0103torilor meteorologice.<\/p>\n<p>\u00cen Rom\u00e2nia, 2019 a fost cel mai c\u0103lduros an din istoria m\u0103sur\u0103torilor meteo.<\/p>\n<p>Vara 2019 a fost a patra cea mai cald\u0103 vara din istoria m\u0103sur\u0103torilor dup\u0103 2012, 2007 \u0219i 2015, veri care confirm\u0103 aceast\u0103 tendin\u021b\u0103.<\/p>\n<p>\u00cen prima lun\u0103 de var\u0103, p\u00e2n\u0103 \u00een 4 iunie vorbim de instabilitate atmosferic\u0103 \u0219i averse. Din 5 iunie temperaturile vor cre\u0219te p\u00e2n\u0103 spre 28 de grade Celsius&#8221;, a declarat Elena Mateescu.<\/p>\n<p>Sursa: <a href=\"https:\/\/www.digi24.ro\/meteo\/meteorologii-avertizeaza-2020-va-fi-an-de-foc-in-romania-1315456?fbclid=IwAR0NPq3Y5EAaVYhODEH8OBFxnMu2AFNyowJHg5JJtcq3hF4nIYnFAwlmnjI\">digi24.ro<\/a><\/p>\n","protected":false},"excerpt":{"rendered":"<p>Anul 2020 va fi unul de foc, avertizeaz\u0103 directorul Administra\u021biei Na\u021bionale de Meteorologie, Elena Mateescu. La nivel mondial, primele luni au fost cele mai c\u0103lduroase din ultimii 141 de ani. Ianuarie \u0219i aprilie au fost pe primul loc, iar februarie \u0219i martie pe locul doi ca fiind cele mai c\u0103lduroase luni, a explicat Elena Mateescu [&hellip;]<\/p>\n","protected":false},"author":4,"featured_media":82215,"comment_status":"closed","ping_status":"closed","sticky":false,"template":"","format":"standard","meta":{"footnotes":""},"categories":[6349,6377],"tags":[14748,10200,7595],"class_list":["post-82214","post","type-post","status-publish","format-standard","has-post-thumbnail","hentry","category-social","category-stiri","tag-cele-mai-calduroase-luni","tag-meteorologii","tag-romania-ro"],"yoast_head":"<!-- This site is optimized with the Yoast SEO plugin v27.4 - https:\/\/yoast.com\/product\/yoast-seo-wordpress\/ -->\n<title>2020 va fi an de foc \u00een Rom\u00e2nia, avertizeaz\u0103 meteorologii - BTV<\/title>\n<meta name=\"robots\" content=\"index, follow, max-snippet:-1, max-image-preview:large, max-video-preview:-1\" \/>\n<link rel=\"canonical\" href=\"https:\/\/www.btv.md\/ro\/2020-va-fi-an-de-foc-in-romania-avertizeaza-meteorologii\/\" \/>\n<meta property=\"og:locale\" content=\"ro_RO\" \/>\n<meta property=\"og:type\" content=\"article\" \/>\n<meta property=\"og:title\" content=\"2020 va fi an de foc \u00een Rom\u00e2nia, avertizeaz\u0103 meteorologii - BTV\" \/>\n<meta property=\"og:description\" content=\"Anul 2020 va fi unul de foc, avertizeaz\u0103 directorul Administra\u021biei Na\u021bionale de Meteorologie, Elena Mateescu. La nivel mondial, primele luni au fost cele mai c\u0103lduroase din ultimii 141 de ani. Ianuarie \u0219i aprilie au fost pe primul loc, iar februarie \u0219i martie pe locul doi ca fiind cele mai c\u0103lduroase luni, a explicat Elena Mateescu [&hellip;]\" \/>\n<meta property=\"og:url\" content=\"https:\/\/www.btv.md\/ro\/2020-va-fi-an-de-foc-in-romania-avertizeaza-meteorologii\/\" \/>\n<meta property=\"og:site_name\" content=\"BTV\" \/>\n<meta property=\"article:publisher\" content=\"https:\/\/www.facebook.com\/btvmoldova\/\" \/>\n<meta property=\"article:published_time\" content=\"2020-06-01T06:25:06+00:00\" \/>\n<meta property=\"og:image\" content=\"https:\/\/www.btv.md\/wp-content\/uploads\/2020\/06\/prognoza-meteo-vara-2020.jpg\" \/>\n\t<meta property=\"og:image:width\" content=\"1200\" \/>\n\t<meta property=\"og:image:height\" content=\"676\" \/>\n\t<meta property=\"og:image:type\" content=\"image\/jpeg\" \/>\n<meta name=\"author\" content=\"admin\" \/>\n<meta name=\"twitter:label1\" content=\"Scris de\" \/>\n\t<meta name=\"twitter:data1\" content=\"admin\" \/>\n\t<meta name=\"twitter:label2\" content=\"Timp estimat pentru citire\" \/>\n\t<meta name=\"twitter:data2\" content=\"1 minut\" \/>\n<script type=\"application\/ld+json\" class=\"yoast-schema-graph\">{\"@context\":\"https:\\\/\\\/schema.org\",\"@graph\":[{\"@type\":\"Article\",\"@id\":\"https:\\\/\\\/www.btv.md\\\/ro\\\/2020-va-fi-an-de-foc-in-romania-avertizeaza-meteorologii\\\/#article\",\"isPartOf\":{\"@id\":\"https:\\\/\\\/www.btv.md\\\/ro\\\/2020-va-fi-an-de-foc-in-romania-avertizeaza-meteorologii\\\/\"},\"author\":{\"name\":\"admin\",\"@id\":\"https:\\\/\\\/www.btv.md\\\/#\\\/schema\\\/person\\\/8fadce81561b3ce2c34c46dadc4ccbf2\"},\"headline\":\"2020 va fi an de foc \u00een Rom\u00e2nia, avertizeaz\u0103 meteorologii\",\"datePublished\":\"2020-06-01T06:25:06+00:00\",\"mainEntityOfPage\":{\"@id\":\"https:\\\/\\\/www.btv.md\\\/ro\\\/2020-va-fi-an-de-foc-in-romania-avertizeaza-meteorologii\\\/\"},\"wordCount\":222,\"image\":{\"@id\":\"https:\\\/\\\/www.btv.md\\\/ro\\\/2020-va-fi-an-de-foc-in-romania-avertizeaza-meteorologii\\\/#primaryimage\"},\"thumbnailUrl\":\"https:\\\/\\\/www.btv.md\\\/wp-content\\\/uploads\\\/2020\\\/06\\\/prognoza-meteo-vara-2020.jpg\",\"keywords\":[\"cele mai c\u0103lduroase luni\",\"meteorologii\",\"Rom\u00e2nia\"],\"articleSection\":[\"Social\",\"\u0218tiri\"],\"inLanguage\":\"ro-RO\"},{\"@type\":\"WebPage\",\"@id\":\"https:\\\/\\\/www.btv.md\\\/ro\\\/2020-va-fi-an-de-foc-in-romania-avertizeaza-meteorologii\\\/\",\"url\":\"https:\\\/\\\/www.btv.md\\\/ro\\\/2020-va-fi-an-de-foc-in-romania-avertizeaza-meteorologii\\\/\",\"name\":\"2020 va fi an de foc \u00een Rom\u00e2nia, avertizeaz\u0103 meteorologii - BTV\",\"isPartOf\":{\"@id\":\"https:\\\/\\\/www.btv.md\\\/#website\"},\"primaryImageOfPage\":{\"@id\":\"https:\\\/\\\/www.btv.md\\\/ro\\\/2020-va-fi-an-de-foc-in-romania-avertizeaza-meteorologii\\\/#primaryimage\"},\"image\":{\"@id\":\"https:\\\/\\\/www.btv.md\\\/ro\\\/2020-va-fi-an-de-foc-in-romania-avertizeaza-meteorologii\\\/#primaryimage\"},\"thumbnailUrl\":\"https:\\\/\\\/www.btv.md\\\/wp-content\\\/uploads\\\/2020\\\/06\\\/prognoza-meteo-vara-2020.jpg\",\"datePublished\":\"2020-06-01T06:25:06+00:00\",\"author\":{\"@id\":\"https:\\\/\\\/www.btv.md\\\/#\\\/schema\\\/person\\\/8fadce81561b3ce2c34c46dadc4ccbf2\"},\"inLanguage\":\"ro-RO\",\"potentialAction\":[{\"@type\":\"ReadAction\",\"target\":[\"https:\\\/\\\/www.btv.md\\\/ro\\\/2020-va-fi-an-de-foc-in-romania-avertizeaza-meteorologii\\\/\"]}]},{\"@type\":\"ImageObject\",\"inLanguage\":\"ro-RO\",\"@id\":\"https:\\\/\\\/www.btv.md\\\/ro\\\/2020-va-fi-an-de-foc-in-romania-avertizeaza-meteorologii\\\/#primaryimage\",\"url\":\"https:\\\/\\\/www.btv.md\\\/wp-content\\\/uploads\\\/2020\\\/06\\\/prognoza-meteo-vara-2020.jpg\",\"contentUrl\":\"https:\\\/\\\/www.btv.md\\\/wp-content\\\/uploads\\\/2020\\\/06\\\/prognoza-meteo-vara-2020.jpg\",\"width\":1200,\"height\":676},{\"@type\":\"WebSite\",\"@id\":\"https:\\\/\\\/www.btv.md\\\/#website\",\"url\":\"https:\\\/\\\/www.btv.md\\\/\",\"name\":\"BTV\",\"description\":\"\u0411\u0435\u043b\u044c\u0446\u043a\u043e\u0435 \u0442\u0435\u043b\u0435\u0432\u0438\u0434\u0435\u043d\u0438\u0435\",\"potentialAction\":[{\"@type\":\"SearchAction\",\"target\":{\"@type\":\"EntryPoint\",\"urlTemplate\":\"https:\\\/\\\/www.btv.md\\\/?s={search_term_string}\"},\"query-input\":{\"@type\":\"PropertyValueSpecification\",\"valueRequired\":true,\"valueName\":\"search_term_string\"}}],\"inLanguage\":\"ro-RO\"},{\"@type\":\"Person\",\"@id\":\"https:\\\/\\\/www.btv.md\\\/#\\\/schema\\\/person\\\/8fadce81561b3ce2c34c46dadc4ccbf2\",\"name\":\"admin\"}]}<\/script>\n<!-- \/ Yoast SEO plugin. -->","yoast_head_json":{"title":"2020 va fi an de foc \u00een Rom\u00e2nia, avertizeaz\u0103 meteorologii - BTV","robots":{"index":"index","follow":"follow","max-snippet":"max-snippet:-1","max-image-preview":"max-image-preview:large","max-video-preview":"max-video-preview:-1"},"canonical":"https:\/\/www.btv.md\/ro\/2020-va-fi-an-de-foc-in-romania-avertizeaza-meteorologii\/","og_locale":"ro_RO","og_type":"article","og_title":"2020 va fi an de foc \u00een Rom\u00e2nia, avertizeaz\u0103 meteorologii - BTV","og_description":"Anul 2020 va fi unul de foc, avertizeaz\u0103 directorul Administra\u021biei Na\u021bionale de Meteorologie, Elena Mateescu. La nivel mondial, primele luni au fost cele mai c\u0103lduroase din ultimii 141 de ani. Ianuarie \u0219i aprilie au fost pe primul loc, iar februarie \u0219i martie pe locul doi ca fiind cele mai c\u0103lduroase luni, a explicat Elena Mateescu [&hellip;]","og_url":"https:\/\/www.btv.md\/ro\/2020-va-fi-an-de-foc-in-romania-avertizeaza-meteorologii\/","og_site_name":"BTV","article_publisher":"https:\/\/www.facebook.com\/btvmoldova\/","article_published_time":"2020-06-01T06:25:06+00:00","og_image":[{"width":1200,"height":676,"url":"https:\/\/www.btv.md\/wp-content\/uploads\/2020\/06\/prognoza-meteo-vara-2020.jpg","type":"image\/jpeg"}],"author":"admin","twitter_misc":{"Scris de":"admin","Timp estimat pentru citire":"1 minut"},"schema":{"@context":"https:\/\/schema.org","@graph":[{"@type":"Article","@id":"https:\/\/www.btv.md\/ro\/2020-va-fi-an-de-foc-in-romania-avertizeaza-meteorologii\/#article","isPartOf":{"@id":"https:\/\/www.btv.md\/ro\/2020-va-fi-an-de-foc-in-romania-avertizeaza-meteorologii\/"},"author":{"name":"admin","@id":"https:\/\/www.btv.md\/#\/schema\/person\/8fadce81561b3ce2c34c46dadc4ccbf2"},"headline":"2020 va fi an de foc \u00een Rom\u00e2nia, avertizeaz\u0103 meteorologii","datePublished":"2020-06-01T06:25:06+00:00","mainEntityOfPage":{"@id":"https:\/\/www.btv.md\/ro\/2020-va-fi-an-de-foc-in-romania-avertizeaza-meteorologii\/"},"wordCount":222,"image":{"@id":"https:\/\/www.btv.md\/ro\/2020-va-fi-an-de-foc-in-romania-avertizeaza-meteorologii\/#primaryimage"},"thumbnailUrl":"https:\/\/www.btv.md\/wp-content\/uploads\/2020\/06\/prognoza-meteo-vara-2020.jpg","keywords":["cele mai c\u0103lduroase luni","meteorologii","Rom\u00e2nia"],"articleSection":["Social","\u0218tiri"],"inLanguage":"ro-RO"},{"@type":"WebPage","@id":"https:\/\/www.btv.md\/ro\/2020-va-fi-an-de-foc-in-romania-avertizeaza-meteorologii\/","url":"https:\/\/www.btv.md\/ro\/2020-va-fi-an-de-foc-in-romania-avertizeaza-meteorologii\/","name":"2020 va fi an de foc \u00een Rom\u00e2nia, avertizeaz\u0103 meteorologii - BTV","isPartOf":{"@id":"https:\/\/www.btv.md\/#website"},"primaryImageOfPage":{"@id":"https:\/\/www.btv.md\/ro\/2020-va-fi-an-de-foc-in-romania-avertizeaza-meteorologii\/#primaryimage"},"image":{"@id":"https:\/\/www.btv.md\/ro\/2020-va-fi-an-de-foc-in-romania-avertizeaza-meteorologii\/#primaryimage"},"thumbnailUrl":"https:\/\/www.btv.md\/wp-content\/uploads\/2020\/06\/prognoza-meteo-vara-2020.jpg","datePublished":"2020-06-01T06:25:06+00:00","author":{"@id":"https:\/\/www.btv.md\/#\/schema\/person\/8fadce81561b3ce2c34c46dadc4ccbf2"},"inLanguage":"ro-RO","potentialAction":[{"@type":"ReadAction","target":["https:\/\/www.btv.md\/ro\/2020-va-fi-an-de-foc-in-romania-avertizeaza-meteorologii\/"]}]},{"@type":"ImageObject","inLanguage":"ro-RO","@id":"https:\/\/www.btv.md\/ro\/2020-va-fi-an-de-foc-in-romania-avertizeaza-meteorologii\/#primaryimage","url":"https:\/\/www.btv.md\/wp-content\/uploads\/2020\/06\/prognoza-meteo-vara-2020.jpg","contentUrl":"https:\/\/www.btv.md\/wp-content\/uploads\/2020\/06\/prognoza-meteo-vara-2020.jpg","width":1200,"height":676},{"@type":"WebSite","@id":"https:\/\/www.btv.md\/#website","url":"https:\/\/www.btv.md\/","name":"BTV","description":"\u0411\u0435\u043b\u044c\u0446\u043a\u043e\u0435 \u0442\u0435\u043b\u0435\u0432\u0438\u0434\u0435\u043d\u0438\u0435","potentialAction":[{"@type":"SearchAction","target":{"@type":"EntryPoint","urlTemplate":"https:\/\/www.btv.md\/?s={search_term_string}"},"query-input":{"@type":"PropertyValueSpecification","valueRequired":true,"valueName":"search_term_string"}}],"inLanguage":"ro-RO"},{"@type":"Person","@id":"https:\/\/www.btv.md\/#\/schema\/person\/8fadce81561b3ce2c34c46dadc4ccbf2","name":"admin"}]}},"_links":{"self":[{"href":"https:\/\/www.btv.md\/ro\/wp-json\/wp\/v2\/posts\/82214","targetHints":{"allow":["GET"]}}],"collection":[{"href":"https:\/\/www.btv.md\/ro\/wp-json\/wp\/v2\/posts"}],"about":[{"href":"https:\/\/www.btv.md\/ro\/wp-json\/wp\/v2\/types\/post"}],"author":[{"embeddable":true,"href":"https:\/\/www.btv.md\/ro\/wp-json\/wp\/v2\/users\/4"}],"replies":[{"embeddable":true,"href":"https:\/\/www.btv.md\/ro\/wp-json\/wp\/v2\/comments?post=82214"}],"version-history":[{"count":0,"href":"https:\/\/www.btv.md\/ro\/wp-json\/wp\/v2\/posts\/82214\/revisions"}],"wp:featuredmedia":[{"embeddable":true,"href":"https:\/\/www.btv.md\/ro\/wp-json\/wp\/v2\/media\/82215"}],"wp:attachment":[{"href":"https:\/\/www.btv.md\/ro\/wp-json\/wp\/v2\/media?parent=82214"}],"wp:term":[{"taxonomy":"category","embeddable":true,"href":"https:\/\/www.btv.md\/ro\/wp-json\/wp\/v2\/categories?post=82214"},{"taxonomy":"post_tag","embeddable":true,"href":"https:\/\/www.btv.md\/ro\/wp-json\/wp\/v2\/tags?post=82214"}],"curies":[{"name":"wp","href":"https:\/\/api.w.org\/{rel}","templated":true}]}}