{"id":8234,"date":"2016-03-03T17:49:47","date_gmt":"2016-03-03T14:49:47","guid":{"rendered":"http:\/\/btv.md\/?p=8234"},"modified":"2016-03-04T18:13:18","modified_gmt":"2016-03-04T15:13:18","slug":"ultimele-saptamani-in-care-poti-depune-declaratia-cu-privire-la-impozitul-pe-venit-afla-care-este-procedura","status":"publish","type":"post","link":"https:\/\/www.btv.md\/ro\/ultimele-saptamani-in-care-poti-depune-declaratia-cu-privire-la-impozitul-pe-venit-afla-care-este-procedura\/","title":{"rendered":"ULTIMELE  S\u0102PT\u0102M\u00c2NI  \u00ceN  CARE  PO\u021aI  DEPUNE  DECLARA\u021aIA  CU  PRIVIRE  LA  IMPOZITUL  PE  VENIT.  AFL\u0102  CARE  ESTE  PROCEDURA"},"content":{"rendered":"<p><strong>Inspectoratul Fiscal  de Stat pe municipiul B\u0103l\u021bi anun\u021b\u0103, c\u0103 p\u00e2n\u0103 \u00een data de 25 martie, persoanele fizice trebuie s\u0103 depun\u0103 Declara\u021bia cu privire la impozitul pe venit aferent anului 2015. Potrivit \u0219efului sec\u021biei administrare fiscal\u0103 persoane fizice, Anatolie Axentiuc, procedura de depunere a declara\u021biei este una simpl\u0103 \u0219i dureaz\u0103 doar c\u00e2teva minute.<\/strong><\/p>\n<p>\u201e<em>Este de me\u021bionat c\u0103 la depunerea declara\u021biei, Serviciul Fiscal de Stat dispune de un sistem informa\u021bional automatizat prin care se genereaz\u0103 o declara\u021bie precompletat\u0103, ceea ce permite deservirea mai rapid\u0103 a persoanelor. Dac\u0103 contribuabilii nu-\u0219i vor onora obliga\u021biunea p\u00e2n\u0103 la data de 25 martie, risc\u0103 s\u0103 fie sanc\u021biona\u021bi<\/em>\u201d.<\/p>\n<p>Chiar la intrare, contribuabilul este direc\u021bionat spre biroul 210, unde \u00eei vor fi acordate serviciile solicitate. Acolo, contribuabilul completeaz\u0103 Declara\u021bia pe venit dup\u0103 c\u00e2teva \u00eentreb\u0103ri, \u00een special, cu referire la scutirile existente pentru calcularea impozitului pe venit sau veniturile ob\u021binute din alte surse. Ulterior, persoana merge la banc\u0103 pentru a-\u0219i onora obliga\u021biunea calculat\u0103. Ultimul birou este 102, unde contribuabilul depune declara\u021bia \u0219i ob\u021bine recipisa pentru aceasta.<\/p>\n<p>Pentru persoanele fizice, impozitul pe venit se determin\u0103 conform legii, de 7 la sut\u0103 din venitul anual impozitabil ce nu dep\u0103\u0219e\u0219te suma de 29640 de lei \u0219i 18 la sut\u0103 din venitul anual impozitabil ce dep\u0103\u0219e\u0219te suma de 29640 de lei. <\/p>\n<p>\u201e<em>Persoanele fizice, obligate s\u0103 depun\u0103 Declara\u021bia privind impozitul pe venit sunt cele care lucreaz\u0103 la dou\u0103 sau mai multe locuri de munc\u0103, unde primesc salariu care cumulativ dep\u0103\u0219e\u0219te suma total\u0103 de 29640 de lei pe an. Au ob\u021binut venituri at\u00e2t sub form\u0103 de salariu, c\u00e2t \u0219i din v\u00e2nzarea propriet\u0103\u021bii, a c\u0103ror sum\u0103 total\u0103 dep\u0103\u0219e\u0219te 29640 de lei<\/em>\u201d.<\/p>\n<p>Sunt obigate s\u0103 depun\u0103 Declara\u021bia pe venit \u0219i persoanele fizice care nu au primit salariu, dar au ob\u021binut venituri de la v\u00e2nzarea propriet\u0103\u021bii sau darea \u00een chirie a terenurilor agricole, care dep\u0103\u0219e\u0219te suma scutirii personale de 10128 lei. Declara\u021bia este obligatorie \u0219i pentru persoanele care \u00ee\u0219i schimb\u0103 domiciliul permanent din Republica Moldova \u00een alt\u0103 \u021bar\u0103.<\/p>\n<p>Din data de 21 martie \u0219i p\u00e2n\u0103 \u00een data de 25 martie, Inspectoratul fiscal din municipiul B\u0103l\u021bi va lucra \u00een regim extins, de la 8:00 p\u00e2n\u0103 la ora 19:00.<\/p>\n<p><iframe width=\"420\" height=\"315\" data-src=\"https:\/\/www.youtube.com\/embed\/8-CjeMf6S-w\" frameborder=\"0\" allowfullscreen src=\"data:image\/svg+xml;base64,PHN2ZyB3aWR0aD0iMSIgaGVpZ2h0PSIxIiB4bWxucz0iaHR0cDovL3d3dy53My5vcmcvMjAwMC9zdmciPjwvc3ZnPg==\" class=\"lazyload\" data-load-mode=\"1\"><\/iframe><\/p>\n","protected":false},"excerpt":{"rendered":"<p>Inspectoratul Fiscal de Stat pe municipiul B\u0103l\u021bi anun\u021b\u0103, c\u0103 p\u00e2n\u0103 \u00een data de 25 martie, persoanele fizice trebuie s\u0103 depun\u0103 Declara\u021bia cu privire la impozitul pe venit aferent anului 2015. Potrivit \u0219efului sec\u021biei administrare fiscal\u0103 persoane fizice, Anatolie Axentiuc, procedura de depunere a declara\u021biei este una simpl\u0103 \u0219i dureaz\u0103 doar c\u00e2teva minute. \u201eEste de me\u021bionat [&hellip;]<\/p>\n","protected":false},"author":4,"featured_media":8235,"comment_status":"closed","ping_status":"closed","sticky":false,"template":"","format":"standard","meta":{"footnotes":""},"categories":[6353],"tags":[],"class_list":["post-8234","post","type-post","status-publish","format-standard","has-post-thumbnail","hentry","category-oras"],"yoast_head":"<!-- This site is optimized with the Yoast SEO plugin v27.4 - https:\/\/yoast.com\/product\/yoast-seo-wordpress\/ -->\n<title>ULTIMELE S\u0102PT\u0102M\u00c2NI \u00ceN CARE PO\u021aI DEPUNE DECLARA\u021aIA CU PRIVIRE LA IMPOZITUL PE VENIT. AFL\u0102 CARE ESTE PROCEDURA - BTV<\/title>\n<meta name=\"robots\" content=\"index, follow, max-snippet:-1, max-image-preview:large, max-video-preview:-1\" \/>\n<link rel=\"canonical\" href=\"https:\/\/www.btv.md\/ro\/ultimele-saptamani-in-care-poti-depune-declaratia-cu-privire-la-impozitul-pe-venit-afla-care-este-procedura\/\" \/>\n<meta property=\"og:locale\" content=\"ro_RO\" \/>\n<meta property=\"og:type\" content=\"article\" \/>\n<meta property=\"og:title\" content=\"ULTIMELE S\u0102PT\u0102M\u00c2NI \u00ceN CARE PO\u021aI DEPUNE DECLARA\u021aIA CU PRIVIRE LA IMPOZITUL PE VENIT. AFL\u0102 CARE ESTE PROCEDURA - BTV\" \/>\n<meta property=\"og:description\" content=\"Inspectoratul Fiscal de Stat pe municipiul B\u0103l\u021bi anun\u021b\u0103, c\u0103 p\u00e2n\u0103 \u00een data de 25 martie, persoanele fizice trebuie s\u0103 depun\u0103 Declara\u021bia cu privire la impozitul pe venit aferent anului 2015. Potrivit \u0219efului sec\u021biei administrare fiscal\u0103 persoane fizice, Anatolie Axentiuc, procedura de depunere a declara\u021biei este una simpl\u0103 \u0219i dureaz\u0103 doar c\u00e2teva minute. \u201eEste de me\u021bionat [&hellip;]\" \/>\n<meta property=\"og:url\" content=\"https:\/\/www.btv.md\/ro\/ultimele-saptamani-in-care-poti-depune-declaratia-cu-privire-la-impozitul-pe-venit-afla-care-este-procedura\/\" \/>\n<meta property=\"og:site_name\" content=\"BTV\" \/>\n<meta property=\"article:publisher\" content=\"https:\/\/www.facebook.com\/btvmoldova\/\" \/>\n<meta property=\"article:published_time\" content=\"2016-03-03T14:49:47+00:00\" \/>\n<meta property=\"article:modified_time\" content=\"2016-03-04T15:13:18+00:00\" \/>\n<meta property=\"og:image\" content=\"https:\/\/www.btv.md\/wp-content\/uploads\/2016\/03\/fasc-balti.png\" \/>\n\t<meta property=\"og:image:width\" content=\"1015\" \/>\n\t<meta property=\"og:image:height\" content=\"645\" \/>\n\t<meta property=\"og:image:type\" content=\"image\/png\" \/>\n<meta name=\"author\" content=\"admin\" \/>\n<meta name=\"twitter:label1\" content=\"Scris de\" \/>\n\t<meta name=\"twitter:data1\" content=\"admin\" \/>\n\t<meta name=\"twitter:label2\" content=\"Timp estimat pentru citire\" \/>\n\t<meta name=\"twitter:data2\" content=\"2 minute\" \/>\n<script type=\"application\/ld+json\" class=\"yoast-schema-graph\">{\"@context\":\"https:\\\/\\\/schema.org\",\"@graph\":[{\"@type\":\"Article\",\"@id\":\"https:\\\/\\\/www.btv.md\\\/ro\\\/ultimele-saptamani-in-care-poti-depune-declaratia-cu-privire-la-impozitul-pe-venit-afla-care-este-procedura\\\/#article\",\"isPartOf\":{\"@id\":\"https:\\\/\\\/www.btv.md\\\/ro\\\/ultimele-saptamani-in-care-poti-depune-declaratia-cu-privire-la-impozitul-pe-venit-afla-care-este-procedura\\\/\"},\"author\":{\"name\":\"admin\",\"@id\":\"https:\\\/\\\/www.btv.md\\\/#\\\/schema\\\/person\\\/8fadce81561b3ce2c34c46dadc4ccbf2\"},\"headline\":\"ULTIMELE S\u0102PT\u0102M\u00c2NI \u00ceN CARE PO\u021aI DEPUNE DECLARA\u021aIA CU PRIVIRE LA IMPOZITUL PE VENIT. AFL\u0102 CARE ESTE PROCEDURA\",\"datePublished\":\"2016-03-03T14:49:47+00:00\",\"dateModified\":\"2016-03-04T15:13:18+00:00\",\"mainEntityOfPage\":{\"@id\":\"https:\\\/\\\/www.btv.md\\\/ro\\\/ultimele-saptamani-in-care-poti-depune-declaratia-cu-privire-la-impozitul-pe-venit-afla-care-este-procedura\\\/\"},\"wordCount\":405,\"image\":{\"@id\":\"https:\\\/\\\/www.btv.md\\\/ro\\\/ultimele-saptamani-in-care-poti-depune-declaratia-cu-privire-la-impozitul-pe-venit-afla-care-este-procedura\\\/#primaryimage\"},\"thumbnailUrl\":\"https:\\\/\\\/www.btv.md\\\/wp-content\\\/uploads\\\/2016\\\/03\\\/fasc-balti.png\",\"articleSection\":[\"Ora\u0219\"],\"inLanguage\":\"ro-RO\"},{\"@type\":\"WebPage\",\"@id\":\"https:\\\/\\\/www.btv.md\\\/ro\\\/ultimele-saptamani-in-care-poti-depune-declaratia-cu-privire-la-impozitul-pe-venit-afla-care-este-procedura\\\/\",\"url\":\"https:\\\/\\\/www.btv.md\\\/ro\\\/ultimele-saptamani-in-care-poti-depune-declaratia-cu-privire-la-impozitul-pe-venit-afla-care-este-procedura\\\/\",\"name\":\"ULTIMELE S\u0102PT\u0102M\u00c2NI \u00ceN CARE PO\u021aI DEPUNE DECLARA\u021aIA CU PRIVIRE LA IMPOZITUL PE VENIT. AFL\u0102 CARE ESTE PROCEDURA - BTV\",\"isPartOf\":{\"@id\":\"https:\\\/\\\/www.btv.md\\\/#website\"},\"primaryImageOfPage\":{\"@id\":\"https:\\\/\\\/www.btv.md\\\/ro\\\/ultimele-saptamani-in-care-poti-depune-declaratia-cu-privire-la-impozitul-pe-venit-afla-care-este-procedura\\\/#primaryimage\"},\"image\":{\"@id\":\"https:\\\/\\\/www.btv.md\\\/ro\\\/ultimele-saptamani-in-care-poti-depune-declaratia-cu-privire-la-impozitul-pe-venit-afla-care-este-procedura\\\/#primaryimage\"},\"thumbnailUrl\":\"https:\\\/\\\/www.btv.md\\\/wp-content\\\/uploads\\\/2016\\\/03\\\/fasc-balti.png\",\"datePublished\":\"2016-03-03T14:49:47+00:00\",\"dateModified\":\"2016-03-04T15:13:18+00:00\",\"author\":{\"@id\":\"https:\\\/\\\/www.btv.md\\\/#\\\/schema\\\/person\\\/8fadce81561b3ce2c34c46dadc4ccbf2\"},\"inLanguage\":\"ro-RO\",\"potentialAction\":[{\"@type\":\"ReadAction\",\"target\":[\"https:\\\/\\\/www.btv.md\\\/ro\\\/ultimele-saptamani-in-care-poti-depune-declaratia-cu-privire-la-impozitul-pe-venit-afla-care-este-procedura\\\/\"]}]},{\"@type\":\"ImageObject\",\"inLanguage\":\"ro-RO\",\"@id\":\"https:\\\/\\\/www.btv.md\\\/ro\\\/ultimele-saptamani-in-care-poti-depune-declaratia-cu-privire-la-impozitul-pe-venit-afla-care-este-procedura\\\/#primaryimage\",\"url\":\"https:\\\/\\\/www.btv.md\\\/wp-content\\\/uploads\\\/2016\\\/03\\\/fasc-balti.png\",\"contentUrl\":\"https:\\\/\\\/www.btv.md\\\/wp-content\\\/uploads\\\/2016\\\/03\\\/fasc-balti.png\",\"width\":1015,\"height\":645},{\"@type\":\"WebSite\",\"@id\":\"https:\\\/\\\/www.btv.md\\\/#website\",\"url\":\"https:\\\/\\\/www.btv.md\\\/\",\"name\":\"BTV\",\"description\":\"\u0411\u0435\u043b\u044c\u0446\u043a\u043e\u0435 \u0442\u0435\u043b\u0435\u0432\u0438\u0434\u0435\u043d\u0438\u0435\",\"potentialAction\":[{\"@type\":\"SearchAction\",\"target\":{\"@type\":\"EntryPoint\",\"urlTemplate\":\"https:\\\/\\\/www.btv.md\\\/?s={search_term_string}\"},\"query-input\":{\"@type\":\"PropertyValueSpecification\",\"valueRequired\":true,\"valueName\":\"search_term_string\"}}],\"inLanguage\":\"ro-RO\"},{\"@type\":\"Person\",\"@id\":\"https:\\\/\\\/www.btv.md\\\/#\\\/schema\\\/person\\\/8fadce81561b3ce2c34c46dadc4ccbf2\",\"name\":\"admin\"}]}<\/script>\n<!-- \/ Yoast SEO plugin. -->","yoast_head_json":{"title":"ULTIMELE S\u0102PT\u0102M\u00c2NI \u00ceN CARE PO\u021aI DEPUNE DECLARA\u021aIA CU PRIVIRE LA IMPOZITUL PE VENIT. AFL\u0102 CARE ESTE PROCEDURA - BTV","robots":{"index":"index","follow":"follow","max-snippet":"max-snippet:-1","max-image-preview":"max-image-preview:large","max-video-preview":"max-video-preview:-1"},"canonical":"https:\/\/www.btv.md\/ro\/ultimele-saptamani-in-care-poti-depune-declaratia-cu-privire-la-impozitul-pe-venit-afla-care-este-procedura\/","og_locale":"ro_RO","og_type":"article","og_title":"ULTIMELE S\u0102PT\u0102M\u00c2NI \u00ceN CARE PO\u021aI DEPUNE DECLARA\u021aIA CU PRIVIRE LA IMPOZITUL PE VENIT. AFL\u0102 CARE ESTE PROCEDURA - BTV","og_description":"Inspectoratul Fiscal de Stat pe municipiul B\u0103l\u021bi anun\u021b\u0103, c\u0103 p\u00e2n\u0103 \u00een data de 25 martie, persoanele fizice trebuie s\u0103 depun\u0103 Declara\u021bia cu privire la impozitul pe venit aferent anului 2015. Potrivit \u0219efului sec\u021biei administrare fiscal\u0103 persoane fizice, Anatolie Axentiuc, procedura de depunere a declara\u021biei este una simpl\u0103 \u0219i dureaz\u0103 doar c\u00e2teva minute. \u201eEste de me\u021bionat [&hellip;]","og_url":"https:\/\/www.btv.md\/ro\/ultimele-saptamani-in-care-poti-depune-declaratia-cu-privire-la-impozitul-pe-venit-afla-care-este-procedura\/","og_site_name":"BTV","article_publisher":"https:\/\/www.facebook.com\/btvmoldova\/","article_published_time":"2016-03-03T14:49:47+00:00","article_modified_time":"2016-03-04T15:13:18+00:00","og_image":[{"width":1015,"height":645,"url":"https:\/\/www.btv.md\/wp-content\/uploads\/2016\/03\/fasc-balti.png","type":"image\/png"}],"author":"admin","twitter_misc":{"Scris de":"admin","Timp estimat pentru citire":"2 minute"},"schema":{"@context":"https:\/\/schema.org","@graph":[{"@type":"Article","@id":"https:\/\/www.btv.md\/ro\/ultimele-saptamani-in-care-poti-depune-declaratia-cu-privire-la-impozitul-pe-venit-afla-care-este-procedura\/#article","isPartOf":{"@id":"https:\/\/www.btv.md\/ro\/ultimele-saptamani-in-care-poti-depune-declaratia-cu-privire-la-impozitul-pe-venit-afla-care-este-procedura\/"},"author":{"name":"admin","@id":"https:\/\/www.btv.md\/#\/schema\/person\/8fadce81561b3ce2c34c46dadc4ccbf2"},"headline":"ULTIMELE S\u0102PT\u0102M\u00c2NI \u00ceN CARE PO\u021aI DEPUNE DECLARA\u021aIA CU PRIVIRE LA IMPOZITUL PE VENIT. AFL\u0102 CARE ESTE PROCEDURA","datePublished":"2016-03-03T14:49:47+00:00","dateModified":"2016-03-04T15:13:18+00:00","mainEntityOfPage":{"@id":"https:\/\/www.btv.md\/ro\/ultimele-saptamani-in-care-poti-depune-declaratia-cu-privire-la-impozitul-pe-venit-afla-care-este-procedura\/"},"wordCount":405,"image":{"@id":"https:\/\/www.btv.md\/ro\/ultimele-saptamani-in-care-poti-depune-declaratia-cu-privire-la-impozitul-pe-venit-afla-care-este-procedura\/#primaryimage"},"thumbnailUrl":"https:\/\/www.btv.md\/wp-content\/uploads\/2016\/03\/fasc-balti.png","articleSection":["Ora\u0219"],"inLanguage":"ro-RO"},{"@type":"WebPage","@id":"https:\/\/www.btv.md\/ro\/ultimele-saptamani-in-care-poti-depune-declaratia-cu-privire-la-impozitul-pe-venit-afla-care-este-procedura\/","url":"https:\/\/www.btv.md\/ro\/ultimele-saptamani-in-care-poti-depune-declaratia-cu-privire-la-impozitul-pe-venit-afla-care-este-procedura\/","name":"ULTIMELE S\u0102PT\u0102M\u00c2NI \u00ceN CARE PO\u021aI DEPUNE DECLARA\u021aIA CU PRIVIRE LA IMPOZITUL PE VENIT. AFL\u0102 CARE ESTE PROCEDURA - BTV","isPartOf":{"@id":"https:\/\/www.btv.md\/#website"},"primaryImageOfPage":{"@id":"https:\/\/www.btv.md\/ro\/ultimele-saptamani-in-care-poti-depune-declaratia-cu-privire-la-impozitul-pe-venit-afla-care-este-procedura\/#primaryimage"},"image":{"@id":"https:\/\/www.btv.md\/ro\/ultimele-saptamani-in-care-poti-depune-declaratia-cu-privire-la-impozitul-pe-venit-afla-care-este-procedura\/#primaryimage"},"thumbnailUrl":"https:\/\/www.btv.md\/wp-content\/uploads\/2016\/03\/fasc-balti.png","datePublished":"2016-03-03T14:49:47+00:00","dateModified":"2016-03-04T15:13:18+00:00","author":{"@id":"https:\/\/www.btv.md\/#\/schema\/person\/8fadce81561b3ce2c34c46dadc4ccbf2"},"inLanguage":"ro-RO","potentialAction":[{"@type":"ReadAction","target":["https:\/\/www.btv.md\/ro\/ultimele-saptamani-in-care-poti-depune-declaratia-cu-privire-la-impozitul-pe-venit-afla-care-este-procedura\/"]}]},{"@type":"ImageObject","inLanguage":"ro-RO","@id":"https:\/\/www.btv.md\/ro\/ultimele-saptamani-in-care-poti-depune-declaratia-cu-privire-la-impozitul-pe-venit-afla-care-este-procedura\/#primaryimage","url":"https:\/\/www.btv.md\/wp-content\/uploads\/2016\/03\/fasc-balti.png","contentUrl":"https:\/\/www.btv.md\/wp-content\/uploads\/2016\/03\/fasc-balti.png","width":1015,"height":645},{"@type":"WebSite","@id":"https:\/\/www.btv.md\/#website","url":"https:\/\/www.btv.md\/","name":"BTV","description":"\u0411\u0435\u043b\u044c\u0446\u043a\u043e\u0435 \u0442\u0435\u043b\u0435\u0432\u0438\u0434\u0435\u043d\u0438\u0435","potentialAction":[{"@type":"SearchAction","target":{"@type":"EntryPoint","urlTemplate":"https:\/\/www.btv.md\/?s={search_term_string}"},"query-input":{"@type":"PropertyValueSpecification","valueRequired":true,"valueName":"search_term_string"}}],"inLanguage":"ro-RO"},{"@type":"Person","@id":"https:\/\/www.btv.md\/#\/schema\/person\/8fadce81561b3ce2c34c46dadc4ccbf2","name":"admin"}]}},"_links":{"self":[{"href":"https:\/\/www.btv.md\/ro\/wp-json\/wp\/v2\/posts\/8234","targetHints":{"allow":["GET"]}}],"collection":[{"href":"https:\/\/www.btv.md\/ro\/wp-json\/wp\/v2\/posts"}],"about":[{"href":"https:\/\/www.btv.md\/ro\/wp-json\/wp\/v2\/types\/post"}],"author":[{"embeddable":true,"href":"https:\/\/www.btv.md\/ro\/wp-json\/wp\/v2\/users\/4"}],"replies":[{"embeddable":true,"href":"https:\/\/www.btv.md\/ro\/wp-json\/wp\/v2\/comments?post=8234"}],"version-history":[{"count":0,"href":"https:\/\/www.btv.md\/ro\/wp-json\/wp\/v2\/posts\/8234\/revisions"}],"wp:featuredmedia":[{"embeddable":true,"href":"https:\/\/www.btv.md\/ro\/wp-json\/wp\/v2\/media\/8235"}],"wp:attachment":[{"href":"https:\/\/www.btv.md\/ro\/wp-json\/wp\/v2\/media?parent=8234"}],"wp:term":[{"taxonomy":"category","embeddable":true,"href":"https:\/\/www.btv.md\/ro\/wp-json\/wp\/v2\/categories?post=8234"},{"taxonomy":"post_tag","embeddable":true,"href":"https:\/\/www.btv.md\/ro\/wp-json\/wp\/v2\/tags?post=8234"}],"curies":[{"name":"wp","href":"https:\/\/api.w.org\/{rel}","templated":true}]}}