{"id":8240,"date":"2016-03-03T18:00:22","date_gmt":"2016-03-03T15:00:22","guid":{"rendered":"http:\/\/btv.md\/?p=8240"},"modified":"2016-03-03T18:00:22","modified_gmt":"2016-03-03T15:00:22","slug":"moda-anilor-80-revine-ce-costume-au-creat-maestrii-scolii-profesionale","status":"publish","type":"post","link":"https:\/\/www.btv.md\/ro\/moda-anilor-80-revine-ce-costume-au-creat-maestrii-scolii-profesionale\/","title":{"rendered":"MODA  ANILOR  `80  REVINE! CE  COSTUME  AU  CREAT  MAE\u0218TRII  \u0218COLII  PROFESIONALE"},"content":{"rendered":"<p><strong>Mae\u0219tri \u0219colii profesionale num\u0103rul 3 din municipiu B\u0103l\u021bi,  s-au \u00eentrecut la concursul anual \u201eCel mai iscusit maestru\u201d. \u0218ase echipe, a c\u00e2te doi participan\u021bi, au avut la dispozi\u021bie doar cinci zile pentru a crea costume \u00een stilul anilor `80 a secolului trecut. Din acelea\u0219i stofe designerii au croit \u0219i cusut diferite modele.<\/strong><\/p>\n<p>Cei mai iscusi\u021bi s-au ales cu diplome de merit, dar \u0219i cu premii b\u0103ne\u0219ti.<\/p>\n<p>Participantele care au ocupat locul \u00eent\u00e2i, spun c\u0103 au reu\u0219it s\u0103 fac\u0103 fa\u021b\u0103 concursului, \u00een pofida faptului c\u0103 erau ocupate \u0219i cu activit\u0103\u021bile de rutin\u0103.<\/p>\n<p>\u201e<em>Am lucrat de pe data de 15 februarie p\u00e2n\u0103 pe data de 19 februarie. Am reu\u0219it s\u0103 facem fa\u021b\u0103 chiar dac\u0103 eram ocupate \u0219i cu alte activit\u0103\u021bi de rutin\u0103<\/em>\u201d.<\/p>\n<p>Mai greu i-a fost participantei care s-a ales cu ultimul loc. Asta pentru c\u0103 a lucrat de una singur\u0103. <\/p>\n<p>\u201e<em>Sunt mul\u021bumit\u0103 de rezultat. Faptul c\u0103 am ocupat locul \u0219ase nu \u00eenseamn\u0103 nimic. Am tendin\u021ba de a lupta mai departe. Mi-a fost mai greu pentru c\u0103 am lucrat de una singur\u0103. Colegii \u00eens\u0103 m-au sus\u021binut \u0219i au fost al\u0103turi cu un sfat sau cu o sugestie<\/em>\u201d.<\/p>\n<p>Studentele, care au defilat \u00een costume spun c\u0103 acestea sunt comode \u0219i practice.<\/p>\n<p>\u201e<em>Cred c\u0103 este un costum destul de modern. De-ar fi al meu l-a\u0219 purta undeva la serviciu<\/em>\u201d.<\/p>\n<p>\u201e<em>A fost foarte greu s\u0103 creem acest model. Dar este foarte comod<\/em>\u201d.<\/p>\n<p>Directorul \u0219colii profesionale num\u0103rul 3, Vladimir Surdu, sper\u0103 c\u0103 la anul viitor vor fi mai mul\u021bi participan\u021bi.<\/p>\n<p>\u201e<em>Cu toat\u0103 certitudinea pot s\u0103 spun c\u0103 sunt mul\u021bumit de munca pe care o depune\u021bi. Nu to\u021bi mae\u0219trii particip\u0103, poate pentru c\u0103 suntem abia la cea de-a doua edi\u021bie \u0219i \u00eenc\u0103 nu v\u0103d importan\u021ba acestui concurs<\/em>\u201d. <\/p>\n<p>Scopul concursului a fost promovarea unei concuren\u021be s\u0103n\u0103toase \u00eentre mae\u0219tri, dar \u0219i aprecierea nivelului de performan\u021b\u0103 a acestora.<\/p>\n<p><iframe width=\"420\" height=\"315\" data-src=\"https:\/\/www.youtube.com\/embed\/cJ74dJTxxQY\" frameborder=\"0\" allowfullscreen src=\"data:image\/svg+xml;base64,PHN2ZyB3aWR0aD0iMSIgaGVpZ2h0PSIxIiB4bWxucz0iaHR0cDovL3d3dy53My5vcmcvMjAwMC9zdmciPjwvc3ZnPg==\" class=\"lazyload\" data-load-mode=\"1\"><\/iframe><\/p>\n","protected":false},"excerpt":{"rendered":"<p>Mae\u0219tri \u0219colii profesionale num\u0103rul 3 din municipiu B\u0103l\u021bi, s-au \u00eentrecut la concursul anual \u201eCel mai iscusit maestru\u201d. \u0218ase echipe, a c\u00e2te doi participan\u021bi, au avut la dispozi\u021bie doar cinci zile pentru a crea costume \u00een stilul anilor `80 a secolului trecut. Din acelea\u0219i stofe designerii au croit \u0219i cusut diferite modele. Cei mai iscusi\u021bi s-au [&hellip;]<\/p>\n","protected":false},"author":4,"featured_media":8241,"comment_status":"closed","ping_status":"closed","sticky":false,"template":"","format":"standard","meta":{"footnotes":""},"categories":[6353],"tags":[],"class_list":["post-8240","post","type-post","status-publish","format-standard","has-post-thumbnail","hentry","category-oras"],"yoast_head":"<!-- This site is optimized with the Yoast SEO plugin v27.4 - https:\/\/yoast.com\/product\/yoast-seo-wordpress\/ -->\n<title>MODA ANILOR `80 REVINE! CE COSTUME AU CREAT MAE\u0218TRII \u0218COLII PROFESIONALE - BTV<\/title>\n<meta name=\"robots\" content=\"index, follow, max-snippet:-1, max-image-preview:large, max-video-preview:-1\" \/>\n<link rel=\"canonical\" href=\"https:\/\/www.btv.md\/ro\/moda-anilor-80-revine-ce-costume-au-creat-maestrii-scolii-profesionale\/\" \/>\n<meta property=\"og:locale\" content=\"ro_RO\" \/>\n<meta property=\"og:type\" content=\"article\" \/>\n<meta property=\"og:title\" content=\"MODA ANILOR `80 REVINE! CE COSTUME AU CREAT MAE\u0218TRII \u0218COLII PROFESIONALE - BTV\" \/>\n<meta property=\"og:description\" content=\"Mae\u0219tri \u0219colii profesionale num\u0103rul 3 din municipiu B\u0103l\u021bi, s-au \u00eentrecut la concursul anual \u201eCel mai iscusit maestru\u201d. \u0218ase echipe, a c\u00e2te doi participan\u021bi, au avut la dispozi\u021bie doar cinci zile pentru a crea costume \u00een stilul anilor `80 a secolului trecut. Din acelea\u0219i stofe designerii au croit \u0219i cusut diferite modele. Cei mai iscusi\u021bi s-au [&hellip;]\" \/>\n<meta property=\"og:url\" content=\"https:\/\/www.btv.md\/ro\/moda-anilor-80-revine-ce-costume-au-creat-maestrii-scolii-profesionale\/\" \/>\n<meta property=\"og:site_name\" content=\"BTV\" \/>\n<meta property=\"article:publisher\" content=\"https:\/\/www.facebook.com\/btvmoldova\/\" \/>\n<meta property=\"article:published_time\" content=\"2016-03-03T15:00:22+00:00\" \/>\n<meta property=\"og:image\" content=\"https:\/\/www.btv.md\/wp-content\/uploads\/2016\/03\/defileu.png\" \/>\n\t<meta property=\"og:image:width\" content=\"1001\" \/>\n\t<meta property=\"og:image:height\" content=\"537\" \/>\n\t<meta property=\"og:image:type\" content=\"image\/png\" \/>\n<meta name=\"author\" content=\"admin\" \/>\n<meta name=\"twitter:label1\" content=\"Scris de\" \/>\n\t<meta name=\"twitter:data1\" content=\"admin\" \/>\n\t<meta name=\"twitter:label2\" content=\"Timp estimat pentru citire\" \/>\n\t<meta name=\"twitter:data2\" content=\"2 minute\" \/>\n<script type=\"application\/ld+json\" class=\"yoast-schema-graph\">{\"@context\":\"https:\\\/\\\/schema.org\",\"@graph\":[{\"@type\":\"Article\",\"@id\":\"https:\\\/\\\/www.btv.md\\\/ro\\\/moda-anilor-80-revine-ce-costume-au-creat-maestrii-scolii-profesionale\\\/#article\",\"isPartOf\":{\"@id\":\"https:\\\/\\\/www.btv.md\\\/ro\\\/moda-anilor-80-revine-ce-costume-au-creat-maestrii-scolii-profesionale\\\/\"},\"author\":{\"name\":\"admin\",\"@id\":\"https:\\\/\\\/www.btv.md\\\/#\\\/schema\\\/person\\\/8fadce81561b3ce2c34c46dadc4ccbf2\"},\"headline\":\"MODA ANILOR `80 REVINE! CE COSTUME AU CREAT MAE\u0218TRII \u0218COLII PROFESIONALE\",\"datePublished\":\"2016-03-03T15:00:22+00:00\",\"mainEntityOfPage\":{\"@id\":\"https:\\\/\\\/www.btv.md\\\/ro\\\/moda-anilor-80-revine-ce-costume-au-creat-maestrii-scolii-profesionale\\\/\"},\"wordCount\":338,\"image\":{\"@id\":\"https:\\\/\\\/www.btv.md\\\/ro\\\/moda-anilor-80-revine-ce-costume-au-creat-maestrii-scolii-profesionale\\\/#primaryimage\"},\"thumbnailUrl\":\"https:\\\/\\\/www.btv.md\\\/wp-content\\\/uploads\\\/2016\\\/03\\\/defileu.png\",\"articleSection\":[\"Ora\u0219\"],\"inLanguage\":\"ro-RO\"},{\"@type\":\"WebPage\",\"@id\":\"https:\\\/\\\/www.btv.md\\\/ro\\\/moda-anilor-80-revine-ce-costume-au-creat-maestrii-scolii-profesionale\\\/\",\"url\":\"https:\\\/\\\/www.btv.md\\\/ro\\\/moda-anilor-80-revine-ce-costume-au-creat-maestrii-scolii-profesionale\\\/\",\"name\":\"MODA ANILOR `80 REVINE! CE COSTUME AU CREAT MAE\u0218TRII \u0218COLII PROFESIONALE - BTV\",\"isPartOf\":{\"@id\":\"https:\\\/\\\/www.btv.md\\\/#website\"},\"primaryImageOfPage\":{\"@id\":\"https:\\\/\\\/www.btv.md\\\/ro\\\/moda-anilor-80-revine-ce-costume-au-creat-maestrii-scolii-profesionale\\\/#primaryimage\"},\"image\":{\"@id\":\"https:\\\/\\\/www.btv.md\\\/ro\\\/moda-anilor-80-revine-ce-costume-au-creat-maestrii-scolii-profesionale\\\/#primaryimage\"},\"thumbnailUrl\":\"https:\\\/\\\/www.btv.md\\\/wp-content\\\/uploads\\\/2016\\\/03\\\/defileu.png\",\"datePublished\":\"2016-03-03T15:00:22+00:00\",\"author\":{\"@id\":\"https:\\\/\\\/www.btv.md\\\/#\\\/schema\\\/person\\\/8fadce81561b3ce2c34c46dadc4ccbf2\"},\"inLanguage\":\"ro-RO\",\"potentialAction\":[{\"@type\":\"ReadAction\",\"target\":[\"https:\\\/\\\/www.btv.md\\\/ro\\\/moda-anilor-80-revine-ce-costume-au-creat-maestrii-scolii-profesionale\\\/\"]}]},{\"@type\":\"ImageObject\",\"inLanguage\":\"ro-RO\",\"@id\":\"https:\\\/\\\/www.btv.md\\\/ro\\\/moda-anilor-80-revine-ce-costume-au-creat-maestrii-scolii-profesionale\\\/#primaryimage\",\"url\":\"https:\\\/\\\/www.btv.md\\\/wp-content\\\/uploads\\\/2016\\\/03\\\/defileu.png\",\"contentUrl\":\"https:\\\/\\\/www.btv.md\\\/wp-content\\\/uploads\\\/2016\\\/03\\\/defileu.png\",\"width\":1001,\"height\":537},{\"@type\":\"WebSite\",\"@id\":\"https:\\\/\\\/www.btv.md\\\/#website\",\"url\":\"https:\\\/\\\/www.btv.md\\\/\",\"name\":\"BTV\",\"description\":\"\u0411\u0435\u043b\u044c\u0446\u043a\u043e\u0435 \u0442\u0435\u043b\u0435\u0432\u0438\u0434\u0435\u043d\u0438\u0435\",\"potentialAction\":[{\"@type\":\"SearchAction\",\"target\":{\"@type\":\"EntryPoint\",\"urlTemplate\":\"https:\\\/\\\/www.btv.md\\\/?s={search_term_string}\"},\"query-input\":{\"@type\":\"PropertyValueSpecification\",\"valueRequired\":true,\"valueName\":\"search_term_string\"}}],\"inLanguage\":\"ro-RO\"},{\"@type\":\"Person\",\"@id\":\"https:\\\/\\\/www.btv.md\\\/#\\\/schema\\\/person\\\/8fadce81561b3ce2c34c46dadc4ccbf2\",\"name\":\"admin\"}]}<\/script>\n<!-- \/ Yoast SEO plugin. -->","yoast_head_json":{"title":"MODA ANILOR `80 REVINE! CE COSTUME AU CREAT MAE\u0218TRII \u0218COLII PROFESIONALE - BTV","robots":{"index":"index","follow":"follow","max-snippet":"max-snippet:-1","max-image-preview":"max-image-preview:large","max-video-preview":"max-video-preview:-1"},"canonical":"https:\/\/www.btv.md\/ro\/moda-anilor-80-revine-ce-costume-au-creat-maestrii-scolii-profesionale\/","og_locale":"ro_RO","og_type":"article","og_title":"MODA ANILOR `80 REVINE! CE COSTUME AU CREAT MAE\u0218TRII \u0218COLII PROFESIONALE - BTV","og_description":"Mae\u0219tri \u0219colii profesionale num\u0103rul 3 din municipiu B\u0103l\u021bi, s-au \u00eentrecut la concursul anual \u201eCel mai iscusit maestru\u201d. \u0218ase echipe, a c\u00e2te doi participan\u021bi, au avut la dispozi\u021bie doar cinci zile pentru a crea costume \u00een stilul anilor `80 a secolului trecut. Din acelea\u0219i stofe designerii au croit \u0219i cusut diferite modele. Cei mai iscusi\u021bi s-au [&hellip;]","og_url":"https:\/\/www.btv.md\/ro\/moda-anilor-80-revine-ce-costume-au-creat-maestrii-scolii-profesionale\/","og_site_name":"BTV","article_publisher":"https:\/\/www.facebook.com\/btvmoldova\/","article_published_time":"2016-03-03T15:00:22+00:00","og_image":[{"width":1001,"height":537,"url":"https:\/\/www.btv.md\/wp-content\/uploads\/2016\/03\/defileu.png","type":"image\/png"}],"author":"admin","twitter_misc":{"Scris de":"admin","Timp estimat pentru citire":"2 minute"},"schema":{"@context":"https:\/\/schema.org","@graph":[{"@type":"Article","@id":"https:\/\/www.btv.md\/ro\/moda-anilor-80-revine-ce-costume-au-creat-maestrii-scolii-profesionale\/#article","isPartOf":{"@id":"https:\/\/www.btv.md\/ro\/moda-anilor-80-revine-ce-costume-au-creat-maestrii-scolii-profesionale\/"},"author":{"name":"admin","@id":"https:\/\/www.btv.md\/#\/schema\/person\/8fadce81561b3ce2c34c46dadc4ccbf2"},"headline":"MODA ANILOR `80 REVINE! CE COSTUME AU CREAT MAE\u0218TRII \u0218COLII PROFESIONALE","datePublished":"2016-03-03T15:00:22+00:00","mainEntityOfPage":{"@id":"https:\/\/www.btv.md\/ro\/moda-anilor-80-revine-ce-costume-au-creat-maestrii-scolii-profesionale\/"},"wordCount":338,"image":{"@id":"https:\/\/www.btv.md\/ro\/moda-anilor-80-revine-ce-costume-au-creat-maestrii-scolii-profesionale\/#primaryimage"},"thumbnailUrl":"https:\/\/www.btv.md\/wp-content\/uploads\/2016\/03\/defileu.png","articleSection":["Ora\u0219"],"inLanguage":"ro-RO"},{"@type":"WebPage","@id":"https:\/\/www.btv.md\/ro\/moda-anilor-80-revine-ce-costume-au-creat-maestrii-scolii-profesionale\/","url":"https:\/\/www.btv.md\/ro\/moda-anilor-80-revine-ce-costume-au-creat-maestrii-scolii-profesionale\/","name":"MODA ANILOR `80 REVINE! CE COSTUME AU CREAT MAE\u0218TRII \u0218COLII PROFESIONALE - BTV","isPartOf":{"@id":"https:\/\/www.btv.md\/#website"},"primaryImageOfPage":{"@id":"https:\/\/www.btv.md\/ro\/moda-anilor-80-revine-ce-costume-au-creat-maestrii-scolii-profesionale\/#primaryimage"},"image":{"@id":"https:\/\/www.btv.md\/ro\/moda-anilor-80-revine-ce-costume-au-creat-maestrii-scolii-profesionale\/#primaryimage"},"thumbnailUrl":"https:\/\/www.btv.md\/wp-content\/uploads\/2016\/03\/defileu.png","datePublished":"2016-03-03T15:00:22+00:00","author":{"@id":"https:\/\/www.btv.md\/#\/schema\/person\/8fadce81561b3ce2c34c46dadc4ccbf2"},"inLanguage":"ro-RO","potentialAction":[{"@type":"ReadAction","target":["https:\/\/www.btv.md\/ro\/moda-anilor-80-revine-ce-costume-au-creat-maestrii-scolii-profesionale\/"]}]},{"@type":"ImageObject","inLanguage":"ro-RO","@id":"https:\/\/www.btv.md\/ro\/moda-anilor-80-revine-ce-costume-au-creat-maestrii-scolii-profesionale\/#primaryimage","url":"https:\/\/www.btv.md\/wp-content\/uploads\/2016\/03\/defileu.png","contentUrl":"https:\/\/www.btv.md\/wp-content\/uploads\/2016\/03\/defileu.png","width":1001,"height":537},{"@type":"WebSite","@id":"https:\/\/www.btv.md\/#website","url":"https:\/\/www.btv.md\/","name":"BTV","description":"\u0411\u0435\u043b\u044c\u0446\u043a\u043e\u0435 \u0442\u0435\u043b\u0435\u0432\u0438\u0434\u0435\u043d\u0438\u0435","potentialAction":[{"@type":"SearchAction","target":{"@type":"EntryPoint","urlTemplate":"https:\/\/www.btv.md\/?s={search_term_string}"},"query-input":{"@type":"PropertyValueSpecification","valueRequired":true,"valueName":"search_term_string"}}],"inLanguage":"ro-RO"},{"@type":"Person","@id":"https:\/\/www.btv.md\/#\/schema\/person\/8fadce81561b3ce2c34c46dadc4ccbf2","name":"admin"}]}},"_links":{"self":[{"href":"https:\/\/www.btv.md\/ro\/wp-json\/wp\/v2\/posts\/8240","targetHints":{"allow":["GET"]}}],"collection":[{"href":"https:\/\/www.btv.md\/ro\/wp-json\/wp\/v2\/posts"}],"about":[{"href":"https:\/\/www.btv.md\/ro\/wp-json\/wp\/v2\/types\/post"}],"author":[{"embeddable":true,"href":"https:\/\/www.btv.md\/ro\/wp-json\/wp\/v2\/users\/4"}],"replies":[{"embeddable":true,"href":"https:\/\/www.btv.md\/ro\/wp-json\/wp\/v2\/comments?post=8240"}],"version-history":[{"count":0,"href":"https:\/\/www.btv.md\/ro\/wp-json\/wp\/v2\/posts\/8240\/revisions"}],"wp:featuredmedia":[{"embeddable":true,"href":"https:\/\/www.btv.md\/ro\/wp-json\/wp\/v2\/media\/8241"}],"wp:attachment":[{"href":"https:\/\/www.btv.md\/ro\/wp-json\/wp\/v2\/media?parent=8240"}],"wp:term":[{"taxonomy":"category","embeddable":true,"href":"https:\/\/www.btv.md\/ro\/wp-json\/wp\/v2\/categories?post=8240"},{"taxonomy":"post_tag","embeddable":true,"href":"https:\/\/www.btv.md\/ro\/wp-json\/wp\/v2\/tags?post=8240"}],"curies":[{"name":"wp","href":"https:\/\/api.w.org\/{rel}","templated":true}]}}