{"id":8249,"date":"2016-03-03T19:04:06","date_gmt":"2016-03-03T16:04:06","guid":{"rendered":"http:\/\/btv.md\/?p=8249"},"modified":"2016-03-03T19:04:06","modified_gmt":"2016-03-03T16:04:06","slug":"groapa-de-gunoi-de-la-cartierul-sase-pericol-pentru-elevii","status":"publish","type":"post","link":"https:\/\/www.btv.md\/ro\/groapa-de-gunoi-de-la-cartierul-sase-pericol-pentru-elevii\/","title":{"rendered":"GROAPA  DE  GUNOI  DE  LA  CARTIERUL  \u0218ASE  &#8211;  PERICOL  PENTRU  ELEVII"},"content":{"rendered":"<p><strong>Directoarea unei \u00eenstitu\u021bii de \u00eenv\u0103\u021b\u0103m\u00e2nt din ora\u0219ul B\u0103l\u021bi bate alarma. Groapa de gunoi, amplasat\u0103 \u00een apropierea liceului adun\u0103 c\u00e2ini vagabonzi \u0219i boschetari care bag\u0103 spaima \u00een elevi. Autorit\u0103\u021bile caut\u0103 un  loc  potrivit unde ar putea fi amplasate tomberoanele.<\/strong><\/p>\n<p>Rita Socoliuc a spus c\u0103 l\u00e2ng\u0103 tomberoanele de gunoi se adun\u0103 haite de c\u00e2ini care atac\u0103 elevii. <\/p>\n<p>Directoarea Liceului Teoretic \u201eVladimir Maiakovski\u201d din municipiul B\u0103l\u021bi a  precizat c\u0103  nu exist\u0103 operator care sa colecteze de\u0219eurile, acestea sunt \u00eempr\u0103\u0219tiate de v\u00e2nt sau de animale  \u0219i constituie un pericol de s\u0103n\u0103tate pentru copiii care \u00ee\u0219i fac studiile \u00een aceast\u0103 institu\u021bie.<\/p>\n<p>Potrivit administratorul \u00eentreprinderii de transportare a gunoiului, Serghei Rub\u0163ov, aceast\u0103 zon\u0103 este una problematic\u0103.<\/p>\n<p>\u00cen Liceul Teoretic \u201eVladimir Maiakovski\u201d din municipiul B\u0103l\u021bi \u00ee\u0219i fac studiile aproximativ 500 de elevi.<\/p>\n<p><iframe width=\"420\" height=\"315\" data-src=\"https:\/\/www.youtube.com\/embed\/2xKvPJ7P6n4\" frameborder=\"0\" allowfullscreen src=\"data:image\/svg+xml;base64,PHN2ZyB3aWR0aD0iMSIgaGVpZ2h0PSIxIiB4bWxucz0iaHR0cDovL3d3dy53My5vcmcvMjAwMC9zdmciPjwvc3ZnPg==\" class=\"lazyload\" data-load-mode=\"1\"><\/iframe><\/p>\n","protected":false},"excerpt":{"rendered":"<p>Directoarea unei \u00eenstitu\u021bii de \u00eenv\u0103\u021b\u0103m\u00e2nt din ora\u0219ul B\u0103l\u021bi bate alarma. Groapa de gunoi, amplasat\u0103 \u00een apropierea liceului adun\u0103 c\u00e2ini vagabonzi \u0219i boschetari care bag\u0103 spaima \u00een elevi. Autorit\u0103\u021bile caut\u0103 un loc potrivit unde ar putea fi amplasate tomberoanele. Rita Socoliuc a spus c\u0103 l\u00e2ng\u0103 tomberoanele de gunoi se adun\u0103 haite de c\u00e2ini care atac\u0103 elevii. [&hellip;]<\/p>\n","protected":false},"author":4,"featured_media":8250,"comment_status":"closed","ping_status":"closed","sticky":false,"template":"","format":"standard","meta":{"footnotes":""},"categories":[6353],"tags":[],"class_list":["post-8249","post","type-post","status-publish","format-standard","has-post-thumbnail","hentry","category-oras"],"yoast_head":"<!-- This site is optimized with the Yoast SEO plugin v27.4 - https:\/\/yoast.com\/product\/yoast-seo-wordpress\/ -->\n<title>GROAPA DE GUNOI DE LA CARTIERUL \u0218ASE - PERICOL PENTRU ELEVII - BTV<\/title>\n<meta name=\"robots\" content=\"index, follow, max-snippet:-1, max-image-preview:large, max-video-preview:-1\" \/>\n<link rel=\"canonical\" href=\"https:\/\/www.btv.md\/ro\/groapa-de-gunoi-de-la-cartierul-sase-pericol-pentru-elevii\/\" \/>\n<meta property=\"og:locale\" content=\"ro_RO\" \/>\n<meta property=\"og:type\" content=\"article\" \/>\n<meta property=\"og:title\" content=\"GROAPA DE GUNOI DE LA CARTIERUL \u0218ASE - PERICOL PENTRU ELEVII - BTV\" \/>\n<meta property=\"og:description\" content=\"Directoarea unei \u00eenstitu\u021bii de \u00eenv\u0103\u021b\u0103m\u00e2nt din ora\u0219ul B\u0103l\u021bi bate alarma. Groapa de gunoi, amplasat\u0103 \u00een apropierea liceului adun\u0103 c\u00e2ini vagabonzi \u0219i boschetari care bag\u0103 spaima \u00een elevi. Autorit\u0103\u021bile caut\u0103 un loc potrivit unde ar putea fi amplasate tomberoanele. Rita Socoliuc a spus c\u0103 l\u00e2ng\u0103 tomberoanele de gunoi se adun\u0103 haite de c\u00e2ini care atac\u0103 elevii. [&hellip;]\" \/>\n<meta property=\"og:url\" content=\"https:\/\/www.btv.md\/ro\/groapa-de-gunoi-de-la-cartierul-sase-pericol-pentru-elevii\/\" \/>\n<meta property=\"og:site_name\" content=\"BTV\" \/>\n<meta property=\"article:publisher\" content=\"https:\/\/www.facebook.com\/btvmoldova\/\" \/>\n<meta property=\"article:published_time\" content=\"2016-03-03T16:04:06+00:00\" \/>\n<meta property=\"og:image\" content=\"https:\/\/www.btv.md\/wp-content\/uploads\/2016\/03\/gunoiste.png\" \/>\n\t<meta property=\"og:image:width\" content=\"1017\" \/>\n\t<meta property=\"og:image:height\" content=\"589\" \/>\n\t<meta property=\"og:image:type\" content=\"image\/png\" \/>\n<meta name=\"author\" content=\"admin\" \/>\n<meta name=\"twitter:label1\" content=\"Scris de\" \/>\n\t<meta name=\"twitter:data1\" content=\"admin\" \/>\n\t<meta name=\"twitter:label2\" content=\"Timp estimat pentru citire\" \/>\n\t<meta name=\"twitter:data2\" content=\"1 minut\" \/>\n<script type=\"application\/ld+json\" class=\"yoast-schema-graph\">{\"@context\":\"https:\\\/\\\/schema.org\",\"@graph\":[{\"@type\":\"Article\",\"@id\":\"https:\\\/\\\/www.btv.md\\\/ro\\\/groapa-de-gunoi-de-la-cartierul-sase-pericol-pentru-elevii\\\/#article\",\"isPartOf\":{\"@id\":\"https:\\\/\\\/www.btv.md\\\/ro\\\/groapa-de-gunoi-de-la-cartierul-sase-pericol-pentru-elevii\\\/\"},\"author\":{\"name\":\"admin\",\"@id\":\"https:\\\/\\\/www.btv.md\\\/#\\\/schema\\\/person\\\/8fadce81561b3ce2c34c46dadc4ccbf2\"},\"headline\":\"GROAPA DE GUNOI DE LA CARTIERUL \u0218ASE &#8211; PERICOL PENTRU ELEVII\",\"datePublished\":\"2016-03-03T16:04:06+00:00\",\"mainEntityOfPage\":{\"@id\":\"https:\\\/\\\/www.btv.md\\\/ro\\\/groapa-de-gunoi-de-la-cartierul-sase-pericol-pentru-elevii\\\/\"},\"wordCount\":156,\"image\":{\"@id\":\"https:\\\/\\\/www.btv.md\\\/ro\\\/groapa-de-gunoi-de-la-cartierul-sase-pericol-pentru-elevii\\\/#primaryimage\"},\"thumbnailUrl\":\"https:\\\/\\\/www.btv.md\\\/wp-content\\\/uploads\\\/2016\\\/03\\\/gunoiste.png\",\"articleSection\":[\"Ora\u0219\"],\"inLanguage\":\"ro-RO\"},{\"@type\":\"WebPage\",\"@id\":\"https:\\\/\\\/www.btv.md\\\/ro\\\/groapa-de-gunoi-de-la-cartierul-sase-pericol-pentru-elevii\\\/\",\"url\":\"https:\\\/\\\/www.btv.md\\\/ro\\\/groapa-de-gunoi-de-la-cartierul-sase-pericol-pentru-elevii\\\/\",\"name\":\"GROAPA DE GUNOI DE LA CARTIERUL \u0218ASE - PERICOL PENTRU ELEVII - BTV\",\"isPartOf\":{\"@id\":\"https:\\\/\\\/www.btv.md\\\/#website\"},\"primaryImageOfPage\":{\"@id\":\"https:\\\/\\\/www.btv.md\\\/ro\\\/groapa-de-gunoi-de-la-cartierul-sase-pericol-pentru-elevii\\\/#primaryimage\"},\"image\":{\"@id\":\"https:\\\/\\\/www.btv.md\\\/ro\\\/groapa-de-gunoi-de-la-cartierul-sase-pericol-pentru-elevii\\\/#primaryimage\"},\"thumbnailUrl\":\"https:\\\/\\\/www.btv.md\\\/wp-content\\\/uploads\\\/2016\\\/03\\\/gunoiste.png\",\"datePublished\":\"2016-03-03T16:04:06+00:00\",\"author\":{\"@id\":\"https:\\\/\\\/www.btv.md\\\/#\\\/schema\\\/person\\\/8fadce81561b3ce2c34c46dadc4ccbf2\"},\"inLanguage\":\"ro-RO\",\"potentialAction\":[{\"@type\":\"ReadAction\",\"target\":[\"https:\\\/\\\/www.btv.md\\\/ro\\\/groapa-de-gunoi-de-la-cartierul-sase-pericol-pentru-elevii\\\/\"]}]},{\"@type\":\"ImageObject\",\"inLanguage\":\"ro-RO\",\"@id\":\"https:\\\/\\\/www.btv.md\\\/ro\\\/groapa-de-gunoi-de-la-cartierul-sase-pericol-pentru-elevii\\\/#primaryimage\",\"url\":\"https:\\\/\\\/www.btv.md\\\/wp-content\\\/uploads\\\/2016\\\/03\\\/gunoiste.png\",\"contentUrl\":\"https:\\\/\\\/www.btv.md\\\/wp-content\\\/uploads\\\/2016\\\/03\\\/gunoiste.png\",\"width\":1017,\"height\":589},{\"@type\":\"WebSite\",\"@id\":\"https:\\\/\\\/www.btv.md\\\/#website\",\"url\":\"https:\\\/\\\/www.btv.md\\\/\",\"name\":\"BTV\",\"description\":\"\u0411\u0435\u043b\u044c\u0446\u043a\u043e\u0435 \u0442\u0435\u043b\u0435\u0432\u0438\u0434\u0435\u043d\u0438\u0435\",\"potentialAction\":[{\"@type\":\"SearchAction\",\"target\":{\"@type\":\"EntryPoint\",\"urlTemplate\":\"https:\\\/\\\/www.btv.md\\\/?s={search_term_string}\"},\"query-input\":{\"@type\":\"PropertyValueSpecification\",\"valueRequired\":true,\"valueName\":\"search_term_string\"}}],\"inLanguage\":\"ro-RO\"},{\"@type\":\"Person\",\"@id\":\"https:\\\/\\\/www.btv.md\\\/#\\\/schema\\\/person\\\/8fadce81561b3ce2c34c46dadc4ccbf2\",\"name\":\"admin\"}]}<\/script>\n<!-- \/ Yoast SEO plugin. -->","yoast_head_json":{"title":"GROAPA DE GUNOI DE LA CARTIERUL \u0218ASE - PERICOL PENTRU ELEVII - BTV","robots":{"index":"index","follow":"follow","max-snippet":"max-snippet:-1","max-image-preview":"max-image-preview:large","max-video-preview":"max-video-preview:-1"},"canonical":"https:\/\/www.btv.md\/ro\/groapa-de-gunoi-de-la-cartierul-sase-pericol-pentru-elevii\/","og_locale":"ro_RO","og_type":"article","og_title":"GROAPA DE GUNOI DE LA CARTIERUL \u0218ASE - PERICOL PENTRU ELEVII - BTV","og_description":"Directoarea unei \u00eenstitu\u021bii de \u00eenv\u0103\u021b\u0103m\u00e2nt din ora\u0219ul B\u0103l\u021bi bate alarma. Groapa de gunoi, amplasat\u0103 \u00een apropierea liceului adun\u0103 c\u00e2ini vagabonzi \u0219i boschetari care bag\u0103 spaima \u00een elevi. Autorit\u0103\u021bile caut\u0103 un loc potrivit unde ar putea fi amplasate tomberoanele. Rita Socoliuc a spus c\u0103 l\u00e2ng\u0103 tomberoanele de gunoi se adun\u0103 haite de c\u00e2ini care atac\u0103 elevii. [&hellip;]","og_url":"https:\/\/www.btv.md\/ro\/groapa-de-gunoi-de-la-cartierul-sase-pericol-pentru-elevii\/","og_site_name":"BTV","article_publisher":"https:\/\/www.facebook.com\/btvmoldova\/","article_published_time":"2016-03-03T16:04:06+00:00","og_image":[{"width":1017,"height":589,"url":"https:\/\/www.btv.md\/wp-content\/uploads\/2016\/03\/gunoiste.png","type":"image\/png"}],"author":"admin","twitter_misc":{"Scris de":"admin","Timp estimat pentru citire":"1 minut"},"schema":{"@context":"https:\/\/schema.org","@graph":[{"@type":"Article","@id":"https:\/\/www.btv.md\/ro\/groapa-de-gunoi-de-la-cartierul-sase-pericol-pentru-elevii\/#article","isPartOf":{"@id":"https:\/\/www.btv.md\/ro\/groapa-de-gunoi-de-la-cartierul-sase-pericol-pentru-elevii\/"},"author":{"name":"admin","@id":"https:\/\/www.btv.md\/#\/schema\/person\/8fadce81561b3ce2c34c46dadc4ccbf2"},"headline":"GROAPA DE GUNOI DE LA CARTIERUL \u0218ASE &#8211; PERICOL PENTRU ELEVII","datePublished":"2016-03-03T16:04:06+00:00","mainEntityOfPage":{"@id":"https:\/\/www.btv.md\/ro\/groapa-de-gunoi-de-la-cartierul-sase-pericol-pentru-elevii\/"},"wordCount":156,"image":{"@id":"https:\/\/www.btv.md\/ro\/groapa-de-gunoi-de-la-cartierul-sase-pericol-pentru-elevii\/#primaryimage"},"thumbnailUrl":"https:\/\/www.btv.md\/wp-content\/uploads\/2016\/03\/gunoiste.png","articleSection":["Ora\u0219"],"inLanguage":"ro-RO"},{"@type":"WebPage","@id":"https:\/\/www.btv.md\/ro\/groapa-de-gunoi-de-la-cartierul-sase-pericol-pentru-elevii\/","url":"https:\/\/www.btv.md\/ro\/groapa-de-gunoi-de-la-cartierul-sase-pericol-pentru-elevii\/","name":"GROAPA DE GUNOI DE LA CARTIERUL \u0218ASE - PERICOL PENTRU ELEVII - BTV","isPartOf":{"@id":"https:\/\/www.btv.md\/#website"},"primaryImageOfPage":{"@id":"https:\/\/www.btv.md\/ro\/groapa-de-gunoi-de-la-cartierul-sase-pericol-pentru-elevii\/#primaryimage"},"image":{"@id":"https:\/\/www.btv.md\/ro\/groapa-de-gunoi-de-la-cartierul-sase-pericol-pentru-elevii\/#primaryimage"},"thumbnailUrl":"https:\/\/www.btv.md\/wp-content\/uploads\/2016\/03\/gunoiste.png","datePublished":"2016-03-03T16:04:06+00:00","author":{"@id":"https:\/\/www.btv.md\/#\/schema\/person\/8fadce81561b3ce2c34c46dadc4ccbf2"},"inLanguage":"ro-RO","potentialAction":[{"@type":"ReadAction","target":["https:\/\/www.btv.md\/ro\/groapa-de-gunoi-de-la-cartierul-sase-pericol-pentru-elevii\/"]}]},{"@type":"ImageObject","inLanguage":"ro-RO","@id":"https:\/\/www.btv.md\/ro\/groapa-de-gunoi-de-la-cartierul-sase-pericol-pentru-elevii\/#primaryimage","url":"https:\/\/www.btv.md\/wp-content\/uploads\/2016\/03\/gunoiste.png","contentUrl":"https:\/\/www.btv.md\/wp-content\/uploads\/2016\/03\/gunoiste.png","width":1017,"height":589},{"@type":"WebSite","@id":"https:\/\/www.btv.md\/#website","url":"https:\/\/www.btv.md\/","name":"BTV","description":"\u0411\u0435\u043b\u044c\u0446\u043a\u043e\u0435 \u0442\u0435\u043b\u0435\u0432\u0438\u0434\u0435\u043d\u0438\u0435","potentialAction":[{"@type":"SearchAction","target":{"@type":"EntryPoint","urlTemplate":"https:\/\/www.btv.md\/?s={search_term_string}"},"query-input":{"@type":"PropertyValueSpecification","valueRequired":true,"valueName":"search_term_string"}}],"inLanguage":"ro-RO"},{"@type":"Person","@id":"https:\/\/www.btv.md\/#\/schema\/person\/8fadce81561b3ce2c34c46dadc4ccbf2","name":"admin"}]}},"_links":{"self":[{"href":"https:\/\/www.btv.md\/ro\/wp-json\/wp\/v2\/posts\/8249","targetHints":{"allow":["GET"]}}],"collection":[{"href":"https:\/\/www.btv.md\/ro\/wp-json\/wp\/v2\/posts"}],"about":[{"href":"https:\/\/www.btv.md\/ro\/wp-json\/wp\/v2\/types\/post"}],"author":[{"embeddable":true,"href":"https:\/\/www.btv.md\/ro\/wp-json\/wp\/v2\/users\/4"}],"replies":[{"embeddable":true,"href":"https:\/\/www.btv.md\/ro\/wp-json\/wp\/v2\/comments?post=8249"}],"version-history":[{"count":0,"href":"https:\/\/www.btv.md\/ro\/wp-json\/wp\/v2\/posts\/8249\/revisions"}],"wp:featuredmedia":[{"embeddable":true,"href":"https:\/\/www.btv.md\/ro\/wp-json\/wp\/v2\/media\/8250"}],"wp:attachment":[{"href":"https:\/\/www.btv.md\/ro\/wp-json\/wp\/v2\/media?parent=8249"}],"wp:term":[{"taxonomy":"category","embeddable":true,"href":"https:\/\/www.btv.md\/ro\/wp-json\/wp\/v2\/categories?post=8249"},{"taxonomy":"post_tag","embeddable":true,"href":"https:\/\/www.btv.md\/ro\/wp-json\/wp\/v2\/tags?post=8249"}],"curies":[{"name":"wp","href":"https:\/\/api.w.org\/{rel}","templated":true}]}}