{"id":8268,"date":"2016-03-04T17:50:26","date_gmt":"2016-03-04T14:50:26","guid":{"rendered":"http:\/\/btv.md\/?p=8268"},"modified":"2016-03-04T18:11:02","modified_gmt":"2016-03-04T15:11:02","slug":"la-piata-in-vanzare-au-aparut-primele-urzici","status":"publish","type":"post","link":"https:\/\/www.btv.md\/ro\/la-piata-in-vanzare-au-aparut-primele-urzici\/","title":{"rendered":"LA  PIA\u021a\u0102  \u00ceN  V\u00c2NZARE  AU  AP\u0102RUT  PRIMELE  URZICI"},"content":{"rendered":"<p><strong>Prim\u0103vara a venit cu pa\u0219i gr\u0103bi\u021bi. La Pia\u021ba Central\u0103 din municipiul B\u0103l\u021bi au ap\u0103rut primele urzici. Planta cu efect terapeutic nu este \u00eens\u0103 la mare c\u0103utare. Comercian\u021bii spun c\u0103 v\u00e2nz\u0103rile scad \u00een fiecare an, de\u0219i urzica are efecte benefice asupra organismului.<\/strong><\/p>\n<p>\u201e<em>Anul trecut v\u00e2nzarea era mai bun\u0103. Anul acesta nu prea. Urzica poate fi folosit\u0103 ca antibiotic, cur\u0103\u021b\u0103 s\u00e2ngele. Am adus-o chiar din p\u0103dure. Pe zi nu v\u00e2nd nici zece pachete<\/em>\u201d.<\/p>\n<p>\u201e<em>Urzica este bun\u0103 pentru tensiune, pentru stomac, pentru orice<\/em>\u201d.<\/p>\n<p>Cump\u0103r\u0103torii spun c\u0103 urzica este nu doar benefic\u0103, dar \u0219i gustoas\u0103. <\/p>\n<p>\u201e<em>Am cump\u0103rat urzic\u0103 s\u0103pt\u0103m\u00e2na trecut\u0103. Este foarte bun\u0103. \u00cemi face bine la stomac, mai ales supa cu urzic\u0103. E foarte gustoas\u0103 \u0219i folositoare, a\u0219a c\u0103 o cump\u0103r<\/em>\u201d.<\/p>\n<p>\u201e<em>E bun\u0103 pentru toate, mai ales pentru tensiune \u0219i stomac<\/em>\u201d.<\/p>\n<p>Pe l\u00e2ng\u0103 celelalte efecte, urzica poate ameliora alergiile \u0219i anemia. La Pia\u021ba Central\u0103, un pachet de urzic\u0103 cost\u0103 cinci lei.<\/p>\n<p><iframe width=\"420\" height=\"315\" data-src=\"https:\/\/www.youtube.com\/embed\/bg__xSqKCLg\" frameborder=\"0\" allowfullscreen src=\"data:image\/svg+xml;base64,PHN2ZyB3aWR0aD0iMSIgaGVpZ2h0PSIxIiB4bWxucz0iaHR0cDovL3d3dy53My5vcmcvMjAwMC9zdmciPjwvc3ZnPg==\" class=\"lazyload\" data-load-mode=\"1\"><\/iframe><\/p>\n","protected":false},"excerpt":{"rendered":"<p>Prim\u0103vara a venit cu pa\u0219i gr\u0103bi\u021bi. La Pia\u021ba Central\u0103 din municipiul B\u0103l\u021bi au ap\u0103rut primele urzici. Planta cu efect terapeutic nu este \u00eens\u0103 la mare c\u0103utare. Comercian\u021bii spun c\u0103 v\u00e2nz\u0103rile scad \u00een fiecare an, de\u0219i urzica are efecte benefice asupra organismului. \u201eAnul trecut v\u00e2nzarea era mai bun\u0103. Anul acesta nu prea. Urzica poate fi folosit\u0103 [&hellip;]<\/p>\n","protected":false},"author":4,"featured_media":8269,"comment_status":"closed","ping_status":"closed","sticky":false,"template":"","format":"standard","meta":{"footnotes":""},"categories":[6353],"tags":[],"class_list":["post-8268","post","type-post","status-publish","format-standard","has-post-thumbnail","hentry","category-oras"],"yoast_head":"<!-- This site is optimized with the Yoast SEO plugin v27.4 - https:\/\/yoast.com\/product\/yoast-seo-wordpress\/ -->\n<title>LA PIA\u021a\u0102 \u00ceN V\u00c2NZARE AU AP\u0102RUT PRIMELE URZICI  - BTV<\/title>\n<meta name=\"robots\" content=\"index, follow, max-snippet:-1, max-image-preview:large, max-video-preview:-1\" \/>\n<link rel=\"canonical\" href=\"https:\/\/www.btv.md\/ro\/la-piata-in-vanzare-au-aparut-primele-urzici\/\" \/>\n<meta property=\"og:locale\" content=\"ro_RO\" \/>\n<meta property=\"og:type\" content=\"article\" \/>\n<meta property=\"og:title\" content=\"LA PIA\u021a\u0102 \u00ceN V\u00c2NZARE AU AP\u0102RUT PRIMELE URZICI  - BTV\" \/>\n<meta property=\"og:description\" content=\"Prim\u0103vara a venit cu pa\u0219i gr\u0103bi\u021bi. La Pia\u021ba Central\u0103 din municipiul B\u0103l\u021bi au ap\u0103rut primele urzici. Planta cu efect terapeutic nu este \u00eens\u0103 la mare c\u0103utare. Comercian\u021bii spun c\u0103 v\u00e2nz\u0103rile scad \u00een fiecare an, de\u0219i urzica are efecte benefice asupra organismului. \u201eAnul trecut v\u00e2nzarea era mai bun\u0103. Anul acesta nu prea. Urzica poate fi folosit\u0103 [&hellip;]\" \/>\n<meta property=\"og:url\" content=\"https:\/\/www.btv.md\/ro\/la-piata-in-vanzare-au-aparut-primele-urzici\/\" \/>\n<meta property=\"og:site_name\" content=\"BTV\" \/>\n<meta property=\"article:publisher\" content=\"https:\/\/www.facebook.com\/btvmoldova\/\" \/>\n<meta property=\"article:published_time\" content=\"2016-03-04T14:50:26+00:00\" \/>\n<meta property=\"article:modified_time\" content=\"2016-03-04T15:11:02+00:00\" \/>\n<meta property=\"og:image\" content=\"https:\/\/www.btv.md\/wp-content\/uploads\/2016\/03\/urzica.png\" \/>\n\t<meta property=\"og:image:width\" content=\"1005\" \/>\n\t<meta property=\"og:image:height\" content=\"593\" \/>\n\t<meta property=\"og:image:type\" content=\"image\/png\" \/>\n<meta name=\"author\" content=\"admin\" \/>\n<meta name=\"twitter:label1\" content=\"Scris de\" \/>\n\t<meta name=\"twitter:data1\" content=\"admin\" \/>\n\t<meta name=\"twitter:label2\" content=\"Timp estimat pentru citire\" \/>\n\t<meta name=\"twitter:data2\" content=\"1 minut\" \/>\n<script type=\"application\/ld+json\" class=\"yoast-schema-graph\">{\"@context\":\"https:\\\/\\\/schema.org\",\"@graph\":[{\"@type\":\"Article\",\"@id\":\"https:\\\/\\\/www.btv.md\\\/ro\\\/la-piata-in-vanzare-au-aparut-primele-urzici\\\/#article\",\"isPartOf\":{\"@id\":\"https:\\\/\\\/www.btv.md\\\/ro\\\/la-piata-in-vanzare-au-aparut-primele-urzici\\\/\"},\"author\":{\"name\":\"admin\",\"@id\":\"https:\\\/\\\/www.btv.md\\\/#\\\/schema\\\/person\\\/8fadce81561b3ce2c34c46dadc4ccbf2\"},\"headline\":\"LA PIA\u021a\u0102 \u00ceN V\u00c2NZARE AU AP\u0102RUT PRIMELE URZICI\",\"datePublished\":\"2016-03-04T14:50:26+00:00\",\"dateModified\":\"2016-03-04T15:11:02+00:00\",\"mainEntityOfPage\":{\"@id\":\"https:\\\/\\\/www.btv.md\\\/ro\\\/la-piata-in-vanzare-au-aparut-primele-urzici\\\/\"},\"wordCount\":185,\"image\":{\"@id\":\"https:\\\/\\\/www.btv.md\\\/ro\\\/la-piata-in-vanzare-au-aparut-primele-urzici\\\/#primaryimage\"},\"thumbnailUrl\":\"https:\\\/\\\/www.btv.md\\\/wp-content\\\/uploads\\\/2016\\\/03\\\/urzica.png\",\"articleSection\":[\"Ora\u0219\"],\"inLanguage\":\"ro-RO\"},{\"@type\":\"WebPage\",\"@id\":\"https:\\\/\\\/www.btv.md\\\/ro\\\/la-piata-in-vanzare-au-aparut-primele-urzici\\\/\",\"url\":\"https:\\\/\\\/www.btv.md\\\/ro\\\/la-piata-in-vanzare-au-aparut-primele-urzici\\\/\",\"name\":\"LA PIA\u021a\u0102 \u00ceN V\u00c2NZARE AU AP\u0102RUT PRIMELE URZICI - BTV\",\"isPartOf\":{\"@id\":\"https:\\\/\\\/www.btv.md\\\/#website\"},\"primaryImageOfPage\":{\"@id\":\"https:\\\/\\\/www.btv.md\\\/ro\\\/la-piata-in-vanzare-au-aparut-primele-urzici\\\/#primaryimage\"},\"image\":{\"@id\":\"https:\\\/\\\/www.btv.md\\\/ro\\\/la-piata-in-vanzare-au-aparut-primele-urzici\\\/#primaryimage\"},\"thumbnailUrl\":\"https:\\\/\\\/www.btv.md\\\/wp-content\\\/uploads\\\/2016\\\/03\\\/urzica.png\",\"datePublished\":\"2016-03-04T14:50:26+00:00\",\"dateModified\":\"2016-03-04T15:11:02+00:00\",\"author\":{\"@id\":\"https:\\\/\\\/www.btv.md\\\/#\\\/schema\\\/person\\\/8fadce81561b3ce2c34c46dadc4ccbf2\"},\"inLanguage\":\"ro-RO\",\"potentialAction\":[{\"@type\":\"ReadAction\",\"target\":[\"https:\\\/\\\/www.btv.md\\\/ro\\\/la-piata-in-vanzare-au-aparut-primele-urzici\\\/\"]}]},{\"@type\":\"ImageObject\",\"inLanguage\":\"ro-RO\",\"@id\":\"https:\\\/\\\/www.btv.md\\\/ro\\\/la-piata-in-vanzare-au-aparut-primele-urzici\\\/#primaryimage\",\"url\":\"https:\\\/\\\/www.btv.md\\\/wp-content\\\/uploads\\\/2016\\\/03\\\/urzica.png\",\"contentUrl\":\"https:\\\/\\\/www.btv.md\\\/wp-content\\\/uploads\\\/2016\\\/03\\\/urzica.png\",\"width\":1005,\"height\":593},{\"@type\":\"WebSite\",\"@id\":\"https:\\\/\\\/www.btv.md\\\/#website\",\"url\":\"https:\\\/\\\/www.btv.md\\\/\",\"name\":\"BTV\",\"description\":\"\u0411\u0435\u043b\u044c\u0446\u043a\u043e\u0435 \u0442\u0435\u043b\u0435\u0432\u0438\u0434\u0435\u043d\u0438\u0435\",\"potentialAction\":[{\"@type\":\"SearchAction\",\"target\":{\"@type\":\"EntryPoint\",\"urlTemplate\":\"https:\\\/\\\/www.btv.md\\\/?s={search_term_string}\"},\"query-input\":{\"@type\":\"PropertyValueSpecification\",\"valueRequired\":true,\"valueName\":\"search_term_string\"}}],\"inLanguage\":\"ro-RO\"},{\"@type\":\"Person\",\"@id\":\"https:\\\/\\\/www.btv.md\\\/#\\\/schema\\\/person\\\/8fadce81561b3ce2c34c46dadc4ccbf2\",\"name\":\"admin\"}]}<\/script>\n<!-- \/ Yoast SEO plugin. -->","yoast_head_json":{"title":"LA PIA\u021a\u0102 \u00ceN V\u00c2NZARE AU AP\u0102RUT PRIMELE URZICI  - BTV","robots":{"index":"index","follow":"follow","max-snippet":"max-snippet:-1","max-image-preview":"max-image-preview:large","max-video-preview":"max-video-preview:-1"},"canonical":"https:\/\/www.btv.md\/ro\/la-piata-in-vanzare-au-aparut-primele-urzici\/","og_locale":"ro_RO","og_type":"article","og_title":"LA PIA\u021a\u0102 \u00ceN V\u00c2NZARE AU AP\u0102RUT PRIMELE URZICI  - BTV","og_description":"Prim\u0103vara a venit cu pa\u0219i gr\u0103bi\u021bi. La Pia\u021ba Central\u0103 din municipiul B\u0103l\u021bi au ap\u0103rut primele urzici. Planta cu efect terapeutic nu este \u00eens\u0103 la mare c\u0103utare. Comercian\u021bii spun c\u0103 v\u00e2nz\u0103rile scad \u00een fiecare an, de\u0219i urzica are efecte benefice asupra organismului. \u201eAnul trecut v\u00e2nzarea era mai bun\u0103. Anul acesta nu prea. Urzica poate fi folosit\u0103 [&hellip;]","og_url":"https:\/\/www.btv.md\/ro\/la-piata-in-vanzare-au-aparut-primele-urzici\/","og_site_name":"BTV","article_publisher":"https:\/\/www.facebook.com\/btvmoldova\/","article_published_time":"2016-03-04T14:50:26+00:00","article_modified_time":"2016-03-04T15:11:02+00:00","og_image":[{"width":1005,"height":593,"url":"https:\/\/www.btv.md\/wp-content\/uploads\/2016\/03\/urzica.png","type":"image\/png"}],"author":"admin","twitter_misc":{"Scris de":"admin","Timp estimat pentru citire":"1 minut"},"schema":{"@context":"https:\/\/schema.org","@graph":[{"@type":"Article","@id":"https:\/\/www.btv.md\/ro\/la-piata-in-vanzare-au-aparut-primele-urzici\/#article","isPartOf":{"@id":"https:\/\/www.btv.md\/ro\/la-piata-in-vanzare-au-aparut-primele-urzici\/"},"author":{"name":"admin","@id":"https:\/\/www.btv.md\/#\/schema\/person\/8fadce81561b3ce2c34c46dadc4ccbf2"},"headline":"LA PIA\u021a\u0102 \u00ceN V\u00c2NZARE AU AP\u0102RUT PRIMELE URZICI","datePublished":"2016-03-04T14:50:26+00:00","dateModified":"2016-03-04T15:11:02+00:00","mainEntityOfPage":{"@id":"https:\/\/www.btv.md\/ro\/la-piata-in-vanzare-au-aparut-primele-urzici\/"},"wordCount":185,"image":{"@id":"https:\/\/www.btv.md\/ro\/la-piata-in-vanzare-au-aparut-primele-urzici\/#primaryimage"},"thumbnailUrl":"https:\/\/www.btv.md\/wp-content\/uploads\/2016\/03\/urzica.png","articleSection":["Ora\u0219"],"inLanguage":"ro-RO"},{"@type":"WebPage","@id":"https:\/\/www.btv.md\/ro\/la-piata-in-vanzare-au-aparut-primele-urzici\/","url":"https:\/\/www.btv.md\/ro\/la-piata-in-vanzare-au-aparut-primele-urzici\/","name":"LA PIA\u021a\u0102 \u00ceN V\u00c2NZARE AU AP\u0102RUT PRIMELE URZICI - BTV","isPartOf":{"@id":"https:\/\/www.btv.md\/#website"},"primaryImageOfPage":{"@id":"https:\/\/www.btv.md\/ro\/la-piata-in-vanzare-au-aparut-primele-urzici\/#primaryimage"},"image":{"@id":"https:\/\/www.btv.md\/ro\/la-piata-in-vanzare-au-aparut-primele-urzici\/#primaryimage"},"thumbnailUrl":"https:\/\/www.btv.md\/wp-content\/uploads\/2016\/03\/urzica.png","datePublished":"2016-03-04T14:50:26+00:00","dateModified":"2016-03-04T15:11:02+00:00","author":{"@id":"https:\/\/www.btv.md\/#\/schema\/person\/8fadce81561b3ce2c34c46dadc4ccbf2"},"inLanguage":"ro-RO","potentialAction":[{"@type":"ReadAction","target":["https:\/\/www.btv.md\/ro\/la-piata-in-vanzare-au-aparut-primele-urzici\/"]}]},{"@type":"ImageObject","inLanguage":"ro-RO","@id":"https:\/\/www.btv.md\/ro\/la-piata-in-vanzare-au-aparut-primele-urzici\/#primaryimage","url":"https:\/\/www.btv.md\/wp-content\/uploads\/2016\/03\/urzica.png","contentUrl":"https:\/\/www.btv.md\/wp-content\/uploads\/2016\/03\/urzica.png","width":1005,"height":593},{"@type":"WebSite","@id":"https:\/\/www.btv.md\/#website","url":"https:\/\/www.btv.md\/","name":"BTV","description":"\u0411\u0435\u043b\u044c\u0446\u043a\u043e\u0435 \u0442\u0435\u043b\u0435\u0432\u0438\u0434\u0435\u043d\u0438\u0435","potentialAction":[{"@type":"SearchAction","target":{"@type":"EntryPoint","urlTemplate":"https:\/\/www.btv.md\/?s={search_term_string}"},"query-input":{"@type":"PropertyValueSpecification","valueRequired":true,"valueName":"search_term_string"}}],"inLanguage":"ro-RO"},{"@type":"Person","@id":"https:\/\/www.btv.md\/#\/schema\/person\/8fadce81561b3ce2c34c46dadc4ccbf2","name":"admin"}]}},"_links":{"self":[{"href":"https:\/\/www.btv.md\/ro\/wp-json\/wp\/v2\/posts\/8268","targetHints":{"allow":["GET"]}}],"collection":[{"href":"https:\/\/www.btv.md\/ro\/wp-json\/wp\/v2\/posts"}],"about":[{"href":"https:\/\/www.btv.md\/ro\/wp-json\/wp\/v2\/types\/post"}],"author":[{"embeddable":true,"href":"https:\/\/www.btv.md\/ro\/wp-json\/wp\/v2\/users\/4"}],"replies":[{"embeddable":true,"href":"https:\/\/www.btv.md\/ro\/wp-json\/wp\/v2\/comments?post=8268"}],"version-history":[{"count":0,"href":"https:\/\/www.btv.md\/ro\/wp-json\/wp\/v2\/posts\/8268\/revisions"}],"wp:featuredmedia":[{"embeddable":true,"href":"https:\/\/www.btv.md\/ro\/wp-json\/wp\/v2\/media\/8269"}],"wp:attachment":[{"href":"https:\/\/www.btv.md\/ro\/wp-json\/wp\/v2\/media?parent=8268"}],"wp:term":[{"taxonomy":"category","embeddable":true,"href":"https:\/\/www.btv.md\/ro\/wp-json\/wp\/v2\/categories?post=8268"},{"taxonomy":"post_tag","embeddable":true,"href":"https:\/\/www.btv.md\/ro\/wp-json\/wp\/v2\/tags?post=8268"}],"curies":[{"name":"wp","href":"https:\/\/api.w.org\/{rel}","templated":true}]}}