{"id":8282,"date":"2016-03-04T18:23:22","date_gmt":"2016-03-04T15:23:22","guid":{"rendered":"http:\/\/btv.md\/?p=8282"},"modified":"2016-03-04T18:23:22","modified_gmt":"2016-03-04T15:23:22","slug":"curtea-constitutionala-presedintele-va-fi-ales-direct-de-popor","status":"publish","type":"post","link":"https:\/\/www.btv.md\/ro\/curtea-constitutionala-presedintele-va-fi-ales-direct-de-popor\/","title":{"rendered":"CURTEA CONSTITU\u021aIONAL\u0102: PRE\u0218EDINTELE VA FI ALES DIRECT DE POPOR"},"content":{"rendered":"<p><strong>Pre\u0219edintele Republicii Moldova va fi ales direct de c\u0103tre popor. O decizie \u00een acest sens a fost luat\u0103 vineri de Curtea Constitu\u021bional\u0103. Potrvit decizie Cur\u021bii, \u00een data de 5 iulie 2000, deputa\u021bii \u00een Parlament au adoptat \u00een mod deliberat amendamente la Constitu\u021bie neavizate de Curtea Constitu\u0163ional\u0103.<\/strong><\/p>\n<p>Articolul 78 din Constitu\u021bia RM va con\u021bine urm\u0103toarele aliniate:<\/p>\n<p>\u201eAlegerea Pre\u015fedintelui<br \/>\n(1) Pre\u015fedintele Republicii Moldova este ales prin vot universal, egal, direct, secret \u015fi liber exprimat.<br \/>\n(2) Pentru func\u0163ia de Pre\u015fedinte al Republicii Moldova pot candida cet\u0103\u0163enii Republicii Moldova care au \u00eemplinit v\u00e2rsta de 40 de ani, au locuit sau locuiesc pe teritoriul ei nu mai pu\u0163in de 10 ani \u015fi posed\u0103 limba de stat. Modul de propunere a candida\u0163ilor este stabilit prin lege organic\u0103. <\/p>\n<p>(3) Este declarat ales candidatul care a \u00eentrunit cel pu\u0163in jum\u0103tate din voturile aleg\u0103torilor ce au participat la alegeri. <\/p>\n<p>(4) \u00cen cazul \u00een care nici unul dintre candida\u0163i nu a \u00eentrunit aceast\u0103 majoritate, se organizeaz\u0103 al doilea tur de scrutin, \u00eentre primii doi candida\u0163i stabili\u0163i \u00een ordinea num\u0103rului de voturi ob\u0163inute \u00een primul tur. <\/p>\n<p>(5)Este declarat ales candidatul care a ob\u0163inut cel mai mare num\u0103r de voturi, cu condi\u0163ia c\u0103 num\u0103rul acestora e mai mare dec\u00eet num\u0103rul voturilor exprimate \u00eempotriva candidatului. <\/p>\n<p>(6) Procedura de alegere a Pre\u015fedintelui Republicii Moldova este stabilit\u0103 prin lege organic\u0103.\u201d<\/p>\n<p>Constitu\u021bia va fi republicat\u0103 \u00een Monitorul Oficial \u00een redac\u021bia final\u0103. Totodat\u0103, Parlamentul urmez\u0103 s\u0103 adopte legisla\u021bia privind alegerea pre\u0219edintelui prin  vot universal, egal, direct, secret \u0219i liber exprimat.<\/p>\n<p><iframe data-src='\/\/www.privesc.eu\/widget\/live\/65923' frameborder='0' width='640' height='480' scrolling='no' src='data:image\/svg+xml;base64,PHN2ZyB3aWR0aD0iMSIgaGVpZ2h0PSIxIiB4bWxucz0iaHR0cDovL3d3dy53My5vcmcvMjAwMC9zdmciPjwvc3ZnPg==' class='lazyload' data-load-mode='1'><\/iframe><\/p>\n","protected":false},"excerpt":{"rendered":"<p>Pre\u0219edintele Republicii Moldova va fi ales direct de c\u0103tre popor. O decizie \u00een acest sens a fost luat\u0103 vineri de Curtea Constitu\u021bional\u0103. Potrvit decizie Cur\u021bii, \u00een data de 5 iulie 2000, deputa\u021bii \u00een Parlament au adoptat \u00een mod deliberat amendamente la Constitu\u021bie neavizate de Curtea Constitu\u0163ional\u0103. Articolul 78 din Constitu\u021bia RM va con\u021bine urm\u0103toarele aliniate: [&hellip;]<\/p>\n","protected":false},"author":4,"featured_media":8283,"comment_status":"closed","ping_status":"closed","sticky":false,"template":"","format":"standard","meta":{"footnotes":""},"categories":[6368],"tags":[],"class_list":["post-8282","post","type-post","status-publish","format-standard","has-post-thumbnail","hentry","category-politica-ro"],"yoast_head":"<!-- This site is optimized with the Yoast SEO plugin v27.4 - https:\/\/yoast.com\/product\/yoast-seo-wordpress\/ -->\n<title>CURTEA CONSTITU\u021aIONAL\u0102: PRE\u0218EDINTELE VA FI ALES DIRECT DE POPOR - BTV<\/title>\n<meta name=\"robots\" content=\"index, follow, max-snippet:-1, max-image-preview:large, max-video-preview:-1\" \/>\n<link rel=\"canonical\" href=\"https:\/\/www.btv.md\/ro\/curtea-constitutionala-presedintele-va-fi-ales-direct-de-popor\/\" \/>\n<meta property=\"og:locale\" content=\"ro_RO\" \/>\n<meta property=\"og:type\" content=\"article\" \/>\n<meta property=\"og:title\" content=\"CURTEA CONSTITU\u021aIONAL\u0102: PRE\u0218EDINTELE VA FI ALES DIRECT DE POPOR - BTV\" \/>\n<meta property=\"og:description\" content=\"Pre\u0219edintele Republicii Moldova va fi ales direct de c\u0103tre popor. O decizie \u00een acest sens a fost luat\u0103 vineri de Curtea Constitu\u021bional\u0103. Potrvit decizie Cur\u021bii, \u00een data de 5 iulie 2000, deputa\u021bii \u00een Parlament au adoptat \u00een mod deliberat amendamente la Constitu\u021bie neavizate de Curtea Constitu\u0163ional\u0103. Articolul 78 din Constitu\u021bia RM va con\u021bine urm\u0103toarele aliniate: [&hellip;]\" \/>\n<meta property=\"og:url\" content=\"https:\/\/www.btv.md\/ro\/curtea-constitutionala-presedintele-va-fi-ales-direct-de-popor\/\" \/>\n<meta property=\"og:site_name\" content=\"BTV\" \/>\n<meta property=\"article:publisher\" content=\"https:\/\/www.facebook.com\/btvmoldova\/\" \/>\n<meta property=\"article:published_time\" content=\"2016-03-04T15:23:22+00:00\" \/>\n<meta property=\"og:image\" content=\"https:\/\/www.btv.md\/wp-content\/uploads\/2016\/03\/IMG_8332.jpg\" \/>\n\t<meta property=\"og:image:width\" content=\"1600\" \/>\n\t<meta property=\"og:image:height\" content=\"898\" \/>\n\t<meta property=\"og:image:type\" content=\"image\/jpeg\" \/>\n<meta name=\"author\" content=\"admin\" \/>\n<meta name=\"twitter:label1\" content=\"Scris de\" \/>\n\t<meta name=\"twitter:data1\" content=\"admin\" \/>\n\t<meta name=\"twitter:label2\" content=\"Timp estimat pentru citire\" \/>\n\t<meta name=\"twitter:data2\" content=\"1 minut\" \/>\n<script type=\"application\/ld+json\" class=\"yoast-schema-graph\">{\"@context\":\"https:\\\/\\\/schema.org\",\"@graph\":[{\"@type\":\"Article\",\"@id\":\"https:\\\/\\\/www.btv.md\\\/ro\\\/curtea-constitutionala-presedintele-va-fi-ales-direct-de-popor\\\/#article\",\"isPartOf\":{\"@id\":\"https:\\\/\\\/www.btv.md\\\/ro\\\/curtea-constitutionala-presedintele-va-fi-ales-direct-de-popor\\\/\"},\"author\":{\"name\":\"admin\",\"@id\":\"https:\\\/\\\/www.btv.md\\\/#\\\/schema\\\/person\\\/8fadce81561b3ce2c34c46dadc4ccbf2\"},\"headline\":\"CURTEA CONSTITU\u021aIONAL\u0102: PRE\u0218EDINTELE VA FI ALES DIRECT DE POPOR\",\"datePublished\":\"2016-03-04T15:23:22+00:00\",\"mainEntityOfPage\":{\"@id\":\"https:\\\/\\\/www.btv.md\\\/ro\\\/curtea-constitutionala-presedintele-va-fi-ales-direct-de-popor\\\/\"},\"wordCount\":281,\"image\":{\"@id\":\"https:\\\/\\\/www.btv.md\\\/ro\\\/curtea-constitutionala-presedintele-va-fi-ales-direct-de-popor\\\/#primaryimage\"},\"thumbnailUrl\":\"https:\\\/\\\/www.btv.md\\\/wp-content\\\/uploads\\\/2016\\\/03\\\/IMG_8332.jpg\",\"articleSection\":[\"Politic\u0103\"],\"inLanguage\":\"ro-RO\"},{\"@type\":\"WebPage\",\"@id\":\"https:\\\/\\\/www.btv.md\\\/ro\\\/curtea-constitutionala-presedintele-va-fi-ales-direct-de-popor\\\/\",\"url\":\"https:\\\/\\\/www.btv.md\\\/ro\\\/curtea-constitutionala-presedintele-va-fi-ales-direct-de-popor\\\/\",\"name\":\"CURTEA CONSTITU\u021aIONAL\u0102: PRE\u0218EDINTELE VA FI ALES DIRECT DE POPOR - BTV\",\"isPartOf\":{\"@id\":\"https:\\\/\\\/www.btv.md\\\/#website\"},\"primaryImageOfPage\":{\"@id\":\"https:\\\/\\\/www.btv.md\\\/ro\\\/curtea-constitutionala-presedintele-va-fi-ales-direct-de-popor\\\/#primaryimage\"},\"image\":{\"@id\":\"https:\\\/\\\/www.btv.md\\\/ro\\\/curtea-constitutionala-presedintele-va-fi-ales-direct-de-popor\\\/#primaryimage\"},\"thumbnailUrl\":\"https:\\\/\\\/www.btv.md\\\/wp-content\\\/uploads\\\/2016\\\/03\\\/IMG_8332.jpg\",\"datePublished\":\"2016-03-04T15:23:22+00:00\",\"author\":{\"@id\":\"https:\\\/\\\/www.btv.md\\\/#\\\/schema\\\/person\\\/8fadce81561b3ce2c34c46dadc4ccbf2\"},\"inLanguage\":\"ro-RO\",\"potentialAction\":[{\"@type\":\"ReadAction\",\"target\":[\"https:\\\/\\\/www.btv.md\\\/ro\\\/curtea-constitutionala-presedintele-va-fi-ales-direct-de-popor\\\/\"]}]},{\"@type\":\"ImageObject\",\"inLanguage\":\"ro-RO\",\"@id\":\"https:\\\/\\\/www.btv.md\\\/ro\\\/curtea-constitutionala-presedintele-va-fi-ales-direct-de-popor\\\/#primaryimage\",\"url\":\"https:\\\/\\\/www.btv.md\\\/wp-content\\\/uploads\\\/2016\\\/03\\\/IMG_8332.jpg\",\"contentUrl\":\"https:\\\/\\\/www.btv.md\\\/wp-content\\\/uploads\\\/2016\\\/03\\\/IMG_8332.jpg\",\"width\":1600,\"height\":898},{\"@type\":\"WebSite\",\"@id\":\"https:\\\/\\\/www.btv.md\\\/#website\",\"url\":\"https:\\\/\\\/www.btv.md\\\/\",\"name\":\"BTV\",\"description\":\"\u0411\u0435\u043b\u044c\u0446\u043a\u043e\u0435 \u0442\u0435\u043b\u0435\u0432\u0438\u0434\u0435\u043d\u0438\u0435\",\"potentialAction\":[{\"@type\":\"SearchAction\",\"target\":{\"@type\":\"EntryPoint\",\"urlTemplate\":\"https:\\\/\\\/www.btv.md\\\/?s={search_term_string}\"},\"query-input\":{\"@type\":\"PropertyValueSpecification\",\"valueRequired\":true,\"valueName\":\"search_term_string\"}}],\"inLanguage\":\"ro-RO\"},{\"@type\":\"Person\",\"@id\":\"https:\\\/\\\/www.btv.md\\\/#\\\/schema\\\/person\\\/8fadce81561b3ce2c34c46dadc4ccbf2\",\"name\":\"admin\"}]}<\/script>\n<!-- \/ Yoast SEO plugin. -->","yoast_head_json":{"title":"CURTEA CONSTITU\u021aIONAL\u0102: PRE\u0218EDINTELE VA FI ALES DIRECT DE POPOR - BTV","robots":{"index":"index","follow":"follow","max-snippet":"max-snippet:-1","max-image-preview":"max-image-preview:large","max-video-preview":"max-video-preview:-1"},"canonical":"https:\/\/www.btv.md\/ro\/curtea-constitutionala-presedintele-va-fi-ales-direct-de-popor\/","og_locale":"ro_RO","og_type":"article","og_title":"CURTEA CONSTITU\u021aIONAL\u0102: PRE\u0218EDINTELE VA FI ALES DIRECT DE POPOR - BTV","og_description":"Pre\u0219edintele Republicii Moldova va fi ales direct de c\u0103tre popor. O decizie \u00een acest sens a fost luat\u0103 vineri de Curtea Constitu\u021bional\u0103. Potrvit decizie Cur\u021bii, \u00een data de 5 iulie 2000, deputa\u021bii \u00een Parlament au adoptat \u00een mod deliberat amendamente la Constitu\u021bie neavizate de Curtea Constitu\u0163ional\u0103. Articolul 78 din Constitu\u021bia RM va con\u021bine urm\u0103toarele aliniate: [&hellip;]","og_url":"https:\/\/www.btv.md\/ro\/curtea-constitutionala-presedintele-va-fi-ales-direct-de-popor\/","og_site_name":"BTV","article_publisher":"https:\/\/www.facebook.com\/btvmoldova\/","article_published_time":"2016-03-04T15:23:22+00:00","og_image":[{"width":1600,"height":898,"url":"https:\/\/www.btv.md\/wp-content\/uploads\/2016\/03\/IMG_8332.jpg","type":"image\/jpeg"}],"author":"admin","twitter_misc":{"Scris de":"admin","Timp estimat pentru citire":"1 minut"},"schema":{"@context":"https:\/\/schema.org","@graph":[{"@type":"Article","@id":"https:\/\/www.btv.md\/ro\/curtea-constitutionala-presedintele-va-fi-ales-direct-de-popor\/#article","isPartOf":{"@id":"https:\/\/www.btv.md\/ro\/curtea-constitutionala-presedintele-va-fi-ales-direct-de-popor\/"},"author":{"name":"admin","@id":"https:\/\/www.btv.md\/#\/schema\/person\/8fadce81561b3ce2c34c46dadc4ccbf2"},"headline":"CURTEA CONSTITU\u021aIONAL\u0102: PRE\u0218EDINTELE VA FI ALES DIRECT DE POPOR","datePublished":"2016-03-04T15:23:22+00:00","mainEntityOfPage":{"@id":"https:\/\/www.btv.md\/ro\/curtea-constitutionala-presedintele-va-fi-ales-direct-de-popor\/"},"wordCount":281,"image":{"@id":"https:\/\/www.btv.md\/ro\/curtea-constitutionala-presedintele-va-fi-ales-direct-de-popor\/#primaryimage"},"thumbnailUrl":"https:\/\/www.btv.md\/wp-content\/uploads\/2016\/03\/IMG_8332.jpg","articleSection":["Politic\u0103"],"inLanguage":"ro-RO"},{"@type":"WebPage","@id":"https:\/\/www.btv.md\/ro\/curtea-constitutionala-presedintele-va-fi-ales-direct-de-popor\/","url":"https:\/\/www.btv.md\/ro\/curtea-constitutionala-presedintele-va-fi-ales-direct-de-popor\/","name":"CURTEA CONSTITU\u021aIONAL\u0102: PRE\u0218EDINTELE VA FI ALES DIRECT DE POPOR - BTV","isPartOf":{"@id":"https:\/\/www.btv.md\/#website"},"primaryImageOfPage":{"@id":"https:\/\/www.btv.md\/ro\/curtea-constitutionala-presedintele-va-fi-ales-direct-de-popor\/#primaryimage"},"image":{"@id":"https:\/\/www.btv.md\/ro\/curtea-constitutionala-presedintele-va-fi-ales-direct-de-popor\/#primaryimage"},"thumbnailUrl":"https:\/\/www.btv.md\/wp-content\/uploads\/2016\/03\/IMG_8332.jpg","datePublished":"2016-03-04T15:23:22+00:00","author":{"@id":"https:\/\/www.btv.md\/#\/schema\/person\/8fadce81561b3ce2c34c46dadc4ccbf2"},"inLanguage":"ro-RO","potentialAction":[{"@type":"ReadAction","target":["https:\/\/www.btv.md\/ro\/curtea-constitutionala-presedintele-va-fi-ales-direct-de-popor\/"]}]},{"@type":"ImageObject","inLanguage":"ro-RO","@id":"https:\/\/www.btv.md\/ro\/curtea-constitutionala-presedintele-va-fi-ales-direct-de-popor\/#primaryimage","url":"https:\/\/www.btv.md\/wp-content\/uploads\/2016\/03\/IMG_8332.jpg","contentUrl":"https:\/\/www.btv.md\/wp-content\/uploads\/2016\/03\/IMG_8332.jpg","width":1600,"height":898},{"@type":"WebSite","@id":"https:\/\/www.btv.md\/#website","url":"https:\/\/www.btv.md\/","name":"BTV","description":"\u0411\u0435\u043b\u044c\u0446\u043a\u043e\u0435 \u0442\u0435\u043b\u0435\u0432\u0438\u0434\u0435\u043d\u0438\u0435","potentialAction":[{"@type":"SearchAction","target":{"@type":"EntryPoint","urlTemplate":"https:\/\/www.btv.md\/?s={search_term_string}"},"query-input":{"@type":"PropertyValueSpecification","valueRequired":true,"valueName":"search_term_string"}}],"inLanguage":"ro-RO"},{"@type":"Person","@id":"https:\/\/www.btv.md\/#\/schema\/person\/8fadce81561b3ce2c34c46dadc4ccbf2","name":"admin"}]}},"_links":{"self":[{"href":"https:\/\/www.btv.md\/ro\/wp-json\/wp\/v2\/posts\/8282","targetHints":{"allow":["GET"]}}],"collection":[{"href":"https:\/\/www.btv.md\/ro\/wp-json\/wp\/v2\/posts"}],"about":[{"href":"https:\/\/www.btv.md\/ro\/wp-json\/wp\/v2\/types\/post"}],"author":[{"embeddable":true,"href":"https:\/\/www.btv.md\/ro\/wp-json\/wp\/v2\/users\/4"}],"replies":[{"embeddable":true,"href":"https:\/\/www.btv.md\/ro\/wp-json\/wp\/v2\/comments?post=8282"}],"version-history":[{"count":0,"href":"https:\/\/www.btv.md\/ro\/wp-json\/wp\/v2\/posts\/8282\/revisions"}],"wp:featuredmedia":[{"embeddable":true,"href":"https:\/\/www.btv.md\/ro\/wp-json\/wp\/v2\/media\/8283"}],"wp:attachment":[{"href":"https:\/\/www.btv.md\/ro\/wp-json\/wp\/v2\/media?parent=8282"}],"wp:term":[{"taxonomy":"category","embeddable":true,"href":"https:\/\/www.btv.md\/ro\/wp-json\/wp\/v2\/categories?post=8282"},{"taxonomy":"post_tag","embeddable":true,"href":"https:\/\/www.btv.md\/ro\/wp-json\/wp\/v2\/tags?post=8282"}],"curies":[{"name":"wp","href":"https:\/\/api.w.org\/{rel}","templated":true}]}}