{"id":8311,"date":"2016-03-04T19:33:20","date_gmt":"2016-03-04T16:33:20","guid":{"rendered":"http:\/\/btv.md\/?p=8311"},"modified":"2016-03-04T19:33:20","modified_gmt":"2016-03-04T16:33:20","slug":"militarul-armatei-nationale-este-condamnat-la-ani-grei-de-inchisoare","status":"publish","type":"post","link":"https:\/\/www.btv.md\/ro\/militarul-armatei-nationale-este-condamnat-la-ani-grei-de-inchisoare\/","title":{"rendered":"MILITARUL  ARMATEI  NA\u021aIONALE ESTE  CONDAMNAT  LA  ANI  GREI  DE \u00ceNCHISOARE"},"content":{"rendered":"<p><strong>Militarul Armatei Na\u021bionale condamnat pentru comiterea accidentului rutier, soldat cu decesul unui alt militar \u00ee\u0219i va petrece urm\u0103torii \u0219ase ani \u00een \u00eenchisoare.<\/strong><\/p>\n<p>Potrivit Procuraturii militare B\u0103l\u021bi, cazul a avut loc \u00een noiembrie 2015, c\u00e2nd acesta se afla  \u00een concediul de odihn\u0103 \u015fi conducea automobilul personal, militarul se deplasa prin satul Alex\u0103ndreni, raionul Edine\u0163. Fiind \u00een stare de ebrietate alcoolic\u0103 cu grad avansat \u015fi f\u0103r\u0103 permis de conducere, acesta a pierdut controlul asupra volanului \u015fi a derapat, tampon\u00e2ndu-se \u00eentr-o plit\u0103 de beton. \u00cen urma accidentului rutier, pasagerul, care la fel era militar prin contract, a decedat pe loc.<\/p>\n<p>\u00cen cadrul \u0219edin\u021bei s-a mai dispus \u00eencasarea de la inculpat \u00een folosul p\u0103r\u021bii v\u0103t\u0103mate a unei sume de 20 mii de lei \u015fi stabilirea unei pensii de \u00eentre\u0163inere lunar\u0103 a copilului minor \u00een sum\u0103 de peste 1600 de lei.<\/p>\n<p><iframe width=\"420\" height=\"315\" data-src=\"https:\/\/www.youtube.com\/embed\/lyfWzjL1WgE\" frameborder=\"0\" allowfullscreen src=\"data:image\/svg+xml;base64,PHN2ZyB3aWR0aD0iMSIgaGVpZ2h0PSIxIiB4bWxucz0iaHR0cDovL3d3dy53My5vcmcvMjAwMC9zdmciPjwvc3ZnPg==\" class=\"lazyload\" data-load-mode=\"1\"><\/iframe><\/p>\n","protected":false},"excerpt":{"rendered":"<p>Militarul Armatei Na\u021bionale condamnat pentru comiterea accidentului rutier, soldat cu decesul unui alt militar \u00ee\u0219i va petrece urm\u0103torii \u0219ase ani \u00een \u00eenchisoare. Potrivit Procuraturii militare B\u0103l\u021bi, cazul a avut loc \u00een noiembrie 2015, c\u00e2nd acesta se afla \u00een concediul de odihn\u0103 \u015fi conducea automobilul personal, militarul se deplasa prin satul Alex\u0103ndreni, raionul Edine\u0163. Fiind \u00een [&hellip;]<\/p>\n","protected":false},"author":4,"featured_media":8312,"comment_status":"closed","ping_status":"closed","sticky":false,"template":"","format":"standard","meta":{"footnotes":""},"categories":[6353],"tags":[],"class_list":["post-8311","post","type-post","status-publish","format-standard","has-post-thumbnail","hentry","category-oras"],"yoast_head":"<!-- This site is optimized with the Yoast SEO plugin v27.4 - https:\/\/yoast.com\/product\/yoast-seo-wordpress\/ -->\n<title>MILITARUL ARMATEI NA\u021aIONALE ESTE CONDAMNAT LA ANI GREI DE \u00ceNCHISOARE - BTV<\/title>\n<meta name=\"robots\" content=\"index, follow, max-snippet:-1, max-image-preview:large, max-video-preview:-1\" \/>\n<link rel=\"canonical\" href=\"https:\/\/www.btv.md\/ro\/militarul-armatei-nationale-este-condamnat-la-ani-grei-de-inchisoare\/\" \/>\n<meta property=\"og:locale\" content=\"ro_RO\" \/>\n<meta property=\"og:type\" content=\"article\" \/>\n<meta property=\"og:title\" content=\"MILITARUL ARMATEI NA\u021aIONALE ESTE CONDAMNAT LA ANI GREI DE \u00ceNCHISOARE - BTV\" \/>\n<meta property=\"og:description\" content=\"Militarul Armatei Na\u021bionale condamnat pentru comiterea accidentului rutier, soldat cu decesul unui alt militar \u00ee\u0219i va petrece urm\u0103torii \u0219ase ani \u00een \u00eenchisoare. Potrivit Procuraturii militare B\u0103l\u021bi, cazul a avut loc \u00een noiembrie 2015, c\u00e2nd acesta se afla \u00een concediul de odihn\u0103 \u015fi conducea automobilul personal, militarul se deplasa prin satul Alex\u0103ndreni, raionul Edine\u0163. Fiind \u00een [&hellip;]\" \/>\n<meta property=\"og:url\" content=\"https:\/\/www.btv.md\/ro\/militarul-armatei-nationale-este-condamnat-la-ani-grei-de-inchisoare\/\" \/>\n<meta property=\"og:site_name\" content=\"BTV\" \/>\n<meta property=\"article:publisher\" content=\"https:\/\/www.facebook.com\/btvmoldova\/\" \/>\n<meta property=\"article:published_time\" content=\"2016-03-04T16:33:20+00:00\" \/>\n<meta property=\"og:image\" content=\"https:\/\/www.btv.md\/wp-content\/uploads\/2016\/03\/big_procuror_condamnat_la_7_ani_de_inchisoare_pentru_corupere_pasiva_79465900.jpg\" \/>\n\t<meta property=\"og:image:width\" content=\"460\" \/>\n\t<meta property=\"og:image:height\" content=\"258\" \/>\n\t<meta property=\"og:image:type\" content=\"image\/jpeg\" \/>\n<meta name=\"author\" content=\"admin\" \/>\n<meta name=\"twitter:label1\" content=\"Scris de\" \/>\n\t<meta name=\"twitter:data1\" content=\"admin\" \/>\n\t<meta name=\"twitter:label2\" content=\"Timp estimat pentru citire\" \/>\n\t<meta name=\"twitter:data2\" content=\"1 minut\" \/>\n<script type=\"application\/ld+json\" class=\"yoast-schema-graph\">{\"@context\":\"https:\\\/\\\/schema.org\",\"@graph\":[{\"@type\":\"Article\",\"@id\":\"https:\\\/\\\/www.btv.md\\\/ro\\\/militarul-armatei-nationale-este-condamnat-la-ani-grei-de-inchisoare\\\/#article\",\"isPartOf\":{\"@id\":\"https:\\\/\\\/www.btv.md\\\/ro\\\/militarul-armatei-nationale-este-condamnat-la-ani-grei-de-inchisoare\\\/\"},\"author\":{\"name\":\"admin\",\"@id\":\"https:\\\/\\\/www.btv.md\\\/#\\\/schema\\\/person\\\/8fadce81561b3ce2c34c46dadc4ccbf2\"},\"headline\":\"MILITARUL ARMATEI NA\u021aIONALE ESTE CONDAMNAT LA ANI GREI DE \u00ceNCHISOARE\",\"datePublished\":\"2016-03-04T16:33:20+00:00\",\"mainEntityOfPage\":{\"@id\":\"https:\\\/\\\/www.btv.md\\\/ro\\\/militarul-armatei-nationale-este-condamnat-la-ani-grei-de-inchisoare\\\/\"},\"wordCount\":158,\"image\":{\"@id\":\"https:\\\/\\\/www.btv.md\\\/ro\\\/militarul-armatei-nationale-este-condamnat-la-ani-grei-de-inchisoare\\\/#primaryimage\"},\"thumbnailUrl\":\"https:\\\/\\\/www.btv.md\\\/wp-content\\\/uploads\\\/2016\\\/03\\\/big_procuror_condamnat_la_7_ani_de_inchisoare_pentru_corupere_pasiva_79465900.jpg\",\"articleSection\":[\"Ora\u0219\"],\"inLanguage\":\"ro-RO\"},{\"@type\":\"WebPage\",\"@id\":\"https:\\\/\\\/www.btv.md\\\/ro\\\/militarul-armatei-nationale-este-condamnat-la-ani-grei-de-inchisoare\\\/\",\"url\":\"https:\\\/\\\/www.btv.md\\\/ro\\\/militarul-armatei-nationale-este-condamnat-la-ani-grei-de-inchisoare\\\/\",\"name\":\"MILITARUL ARMATEI NA\u021aIONALE ESTE CONDAMNAT LA ANI GREI DE \u00ceNCHISOARE - BTV\",\"isPartOf\":{\"@id\":\"https:\\\/\\\/www.btv.md\\\/#website\"},\"primaryImageOfPage\":{\"@id\":\"https:\\\/\\\/www.btv.md\\\/ro\\\/militarul-armatei-nationale-este-condamnat-la-ani-grei-de-inchisoare\\\/#primaryimage\"},\"image\":{\"@id\":\"https:\\\/\\\/www.btv.md\\\/ro\\\/militarul-armatei-nationale-este-condamnat-la-ani-grei-de-inchisoare\\\/#primaryimage\"},\"thumbnailUrl\":\"https:\\\/\\\/www.btv.md\\\/wp-content\\\/uploads\\\/2016\\\/03\\\/big_procuror_condamnat_la_7_ani_de_inchisoare_pentru_corupere_pasiva_79465900.jpg\",\"datePublished\":\"2016-03-04T16:33:20+00:00\",\"author\":{\"@id\":\"https:\\\/\\\/www.btv.md\\\/#\\\/schema\\\/person\\\/8fadce81561b3ce2c34c46dadc4ccbf2\"},\"inLanguage\":\"ro-RO\",\"potentialAction\":[{\"@type\":\"ReadAction\",\"target\":[\"https:\\\/\\\/www.btv.md\\\/ro\\\/militarul-armatei-nationale-este-condamnat-la-ani-grei-de-inchisoare\\\/\"]}]},{\"@type\":\"ImageObject\",\"inLanguage\":\"ro-RO\",\"@id\":\"https:\\\/\\\/www.btv.md\\\/ro\\\/militarul-armatei-nationale-este-condamnat-la-ani-grei-de-inchisoare\\\/#primaryimage\",\"url\":\"https:\\\/\\\/www.btv.md\\\/wp-content\\\/uploads\\\/2016\\\/03\\\/big_procuror_condamnat_la_7_ani_de_inchisoare_pentru_corupere_pasiva_79465900.jpg\",\"contentUrl\":\"https:\\\/\\\/www.btv.md\\\/wp-content\\\/uploads\\\/2016\\\/03\\\/big_procuror_condamnat_la_7_ani_de_inchisoare_pentru_corupere_pasiva_79465900.jpg\",\"width\":460,\"height\":258,\"caption\":\"www.publika.md\"},{\"@type\":\"WebSite\",\"@id\":\"https:\\\/\\\/www.btv.md\\\/#website\",\"url\":\"https:\\\/\\\/www.btv.md\\\/\",\"name\":\"BTV\",\"description\":\"\u0411\u0435\u043b\u044c\u0446\u043a\u043e\u0435 \u0442\u0435\u043b\u0435\u0432\u0438\u0434\u0435\u043d\u0438\u0435\",\"potentialAction\":[{\"@type\":\"SearchAction\",\"target\":{\"@type\":\"EntryPoint\",\"urlTemplate\":\"https:\\\/\\\/www.btv.md\\\/?s={search_term_string}\"},\"query-input\":{\"@type\":\"PropertyValueSpecification\",\"valueRequired\":true,\"valueName\":\"search_term_string\"}}],\"inLanguage\":\"ro-RO\"},{\"@type\":\"Person\",\"@id\":\"https:\\\/\\\/www.btv.md\\\/#\\\/schema\\\/person\\\/8fadce81561b3ce2c34c46dadc4ccbf2\",\"name\":\"admin\"}]}<\/script>\n<!-- \/ Yoast SEO plugin. -->","yoast_head_json":{"title":"MILITARUL ARMATEI NA\u021aIONALE ESTE CONDAMNAT LA ANI GREI DE \u00ceNCHISOARE - BTV","robots":{"index":"index","follow":"follow","max-snippet":"max-snippet:-1","max-image-preview":"max-image-preview:large","max-video-preview":"max-video-preview:-1"},"canonical":"https:\/\/www.btv.md\/ro\/militarul-armatei-nationale-este-condamnat-la-ani-grei-de-inchisoare\/","og_locale":"ro_RO","og_type":"article","og_title":"MILITARUL ARMATEI NA\u021aIONALE ESTE CONDAMNAT LA ANI GREI DE \u00ceNCHISOARE - BTV","og_description":"Militarul Armatei Na\u021bionale condamnat pentru comiterea accidentului rutier, soldat cu decesul unui alt militar \u00ee\u0219i va petrece urm\u0103torii \u0219ase ani \u00een \u00eenchisoare. Potrivit Procuraturii militare B\u0103l\u021bi, cazul a avut loc \u00een noiembrie 2015, c\u00e2nd acesta se afla \u00een concediul de odihn\u0103 \u015fi conducea automobilul personal, militarul se deplasa prin satul Alex\u0103ndreni, raionul Edine\u0163. Fiind \u00een [&hellip;]","og_url":"https:\/\/www.btv.md\/ro\/militarul-armatei-nationale-este-condamnat-la-ani-grei-de-inchisoare\/","og_site_name":"BTV","article_publisher":"https:\/\/www.facebook.com\/btvmoldova\/","article_published_time":"2016-03-04T16:33:20+00:00","og_image":[{"width":460,"height":258,"url":"https:\/\/www.btv.md\/wp-content\/uploads\/2016\/03\/big_procuror_condamnat_la_7_ani_de_inchisoare_pentru_corupere_pasiva_79465900.jpg","type":"image\/jpeg"}],"author":"admin","twitter_misc":{"Scris de":"admin","Timp estimat pentru citire":"1 minut"},"schema":{"@context":"https:\/\/schema.org","@graph":[{"@type":"Article","@id":"https:\/\/www.btv.md\/ro\/militarul-armatei-nationale-este-condamnat-la-ani-grei-de-inchisoare\/#article","isPartOf":{"@id":"https:\/\/www.btv.md\/ro\/militarul-armatei-nationale-este-condamnat-la-ani-grei-de-inchisoare\/"},"author":{"name":"admin","@id":"https:\/\/www.btv.md\/#\/schema\/person\/8fadce81561b3ce2c34c46dadc4ccbf2"},"headline":"MILITARUL ARMATEI NA\u021aIONALE ESTE CONDAMNAT LA ANI GREI DE \u00ceNCHISOARE","datePublished":"2016-03-04T16:33:20+00:00","mainEntityOfPage":{"@id":"https:\/\/www.btv.md\/ro\/militarul-armatei-nationale-este-condamnat-la-ani-grei-de-inchisoare\/"},"wordCount":158,"image":{"@id":"https:\/\/www.btv.md\/ro\/militarul-armatei-nationale-este-condamnat-la-ani-grei-de-inchisoare\/#primaryimage"},"thumbnailUrl":"https:\/\/www.btv.md\/wp-content\/uploads\/2016\/03\/big_procuror_condamnat_la_7_ani_de_inchisoare_pentru_corupere_pasiva_79465900.jpg","articleSection":["Ora\u0219"],"inLanguage":"ro-RO"},{"@type":"WebPage","@id":"https:\/\/www.btv.md\/ro\/militarul-armatei-nationale-este-condamnat-la-ani-grei-de-inchisoare\/","url":"https:\/\/www.btv.md\/ro\/militarul-armatei-nationale-este-condamnat-la-ani-grei-de-inchisoare\/","name":"MILITARUL ARMATEI NA\u021aIONALE ESTE CONDAMNAT LA ANI GREI DE \u00ceNCHISOARE - BTV","isPartOf":{"@id":"https:\/\/www.btv.md\/#website"},"primaryImageOfPage":{"@id":"https:\/\/www.btv.md\/ro\/militarul-armatei-nationale-este-condamnat-la-ani-grei-de-inchisoare\/#primaryimage"},"image":{"@id":"https:\/\/www.btv.md\/ro\/militarul-armatei-nationale-este-condamnat-la-ani-grei-de-inchisoare\/#primaryimage"},"thumbnailUrl":"https:\/\/www.btv.md\/wp-content\/uploads\/2016\/03\/big_procuror_condamnat_la_7_ani_de_inchisoare_pentru_corupere_pasiva_79465900.jpg","datePublished":"2016-03-04T16:33:20+00:00","author":{"@id":"https:\/\/www.btv.md\/#\/schema\/person\/8fadce81561b3ce2c34c46dadc4ccbf2"},"inLanguage":"ro-RO","potentialAction":[{"@type":"ReadAction","target":["https:\/\/www.btv.md\/ro\/militarul-armatei-nationale-este-condamnat-la-ani-grei-de-inchisoare\/"]}]},{"@type":"ImageObject","inLanguage":"ro-RO","@id":"https:\/\/www.btv.md\/ro\/militarul-armatei-nationale-este-condamnat-la-ani-grei-de-inchisoare\/#primaryimage","url":"https:\/\/www.btv.md\/wp-content\/uploads\/2016\/03\/big_procuror_condamnat_la_7_ani_de_inchisoare_pentru_corupere_pasiva_79465900.jpg","contentUrl":"https:\/\/www.btv.md\/wp-content\/uploads\/2016\/03\/big_procuror_condamnat_la_7_ani_de_inchisoare_pentru_corupere_pasiva_79465900.jpg","width":460,"height":258,"caption":"www.publika.md"},{"@type":"WebSite","@id":"https:\/\/www.btv.md\/#website","url":"https:\/\/www.btv.md\/","name":"BTV","description":"\u0411\u0435\u043b\u044c\u0446\u043a\u043e\u0435 \u0442\u0435\u043b\u0435\u0432\u0438\u0434\u0435\u043d\u0438\u0435","potentialAction":[{"@type":"SearchAction","target":{"@type":"EntryPoint","urlTemplate":"https:\/\/www.btv.md\/?s={search_term_string}"},"query-input":{"@type":"PropertyValueSpecification","valueRequired":true,"valueName":"search_term_string"}}],"inLanguage":"ro-RO"},{"@type":"Person","@id":"https:\/\/www.btv.md\/#\/schema\/person\/8fadce81561b3ce2c34c46dadc4ccbf2","name":"admin"}]}},"_links":{"self":[{"href":"https:\/\/www.btv.md\/ro\/wp-json\/wp\/v2\/posts\/8311","targetHints":{"allow":["GET"]}}],"collection":[{"href":"https:\/\/www.btv.md\/ro\/wp-json\/wp\/v2\/posts"}],"about":[{"href":"https:\/\/www.btv.md\/ro\/wp-json\/wp\/v2\/types\/post"}],"author":[{"embeddable":true,"href":"https:\/\/www.btv.md\/ro\/wp-json\/wp\/v2\/users\/4"}],"replies":[{"embeddable":true,"href":"https:\/\/www.btv.md\/ro\/wp-json\/wp\/v2\/comments?post=8311"}],"version-history":[{"count":0,"href":"https:\/\/www.btv.md\/ro\/wp-json\/wp\/v2\/posts\/8311\/revisions"}],"wp:featuredmedia":[{"embeddable":true,"href":"https:\/\/www.btv.md\/ro\/wp-json\/wp\/v2\/media\/8312"}],"wp:attachment":[{"href":"https:\/\/www.btv.md\/ro\/wp-json\/wp\/v2\/media?parent=8311"}],"wp:term":[{"taxonomy":"category","embeddable":true,"href":"https:\/\/www.btv.md\/ro\/wp-json\/wp\/v2\/categories?post=8311"},{"taxonomy":"post_tag","embeddable":true,"href":"https:\/\/www.btv.md\/ro\/wp-json\/wp\/v2\/tags?post=8311"}],"curies":[{"name":"wp","href":"https:\/\/api.w.org\/{rel}","templated":true}]}}