{"id":8339,"date":"2016-03-04T12:10:10","date_gmt":"2016-03-04T09:10:10","guid":{"rendered":"http:\/\/btv.md\/?p=8339"},"modified":"2016-03-04T20:11:28","modified_gmt":"2016-03-04T17:11:28","slug":"grupul-petrenco-raman-in-arest-la-domiciliu","status":"publish","type":"post","link":"https:\/\/www.btv.md\/ro\/grupul-petrenco-raman-in-arest-la-domiciliu\/","title":{"rendered":"GRUPUL  PETRENCO  R\u0102M\u00c2N  \u00ceN  AREST  LA  DOMICILIU"},"content":{"rendered":"<p><strong>Curtea de Apel a respins recursul avoca\u021bilor cu privire la  eliberarea grupului Petrenco. Astfel, magistra\u021bii au men\u021binut decizia Judec\u0103toriei R\u00ee\u0219cani, care a decis prelungirea mandatului de arestare la domiciliu pe numele membrilor grup\u0103rii pe un termen de 30 de zile, scrie <a href=\"http:\/\/www.realitatea.md\/petrenco-i-sus-inatorii-sai-raman-in-arest-la-domiciliu-curtea-de-apel-a-respins-recursul-avoca-ilor_35567.html\" target=\"_blank\">realitatea.md<\/a>.<\/strong><\/p>\n<p>Grupul Petrenco, inclusiv liderul acestuia Grigore Petrenco, au fost elibera\u021bi sub garan\u021biile deputa\u021bilor Partidului Sociali\u0219tilor, \u00een data de 22 februarie.<\/p>\n<p>Preciz\u0103m, la 15 februarie liderul Partidului Nostru, Renato Usat\u00eei \u00eempreun\u0103 cu al\u021bi manifestan\u021bi au protestat \u00een fa\u021ba Judec\u0103toriei R\u00ee\u0219cani \u00eempotriva deten\u021biei grupului Petenco.<\/p>\n<p>Cei \u015fapte inculpa\u0163i au fost \u00eenvinui\u0163i de organizarea dezordinilor \u00een mas\u0103 de pe data de 6 septembrie 2015, din fa\u0163a Procuraturii Generale. Atunci, mai mul\u021bi militan\u021bi s-au \u00eembr\u00e2ncit \u0219i s-au lovit cu for\u021bele de ordine, \u00eentr-o tentativ\u0103 de a intra \u00een sediul Procuraturii. Mai mul\u021bi poli\u021bi\u0219ti au fost interna\u021bi ca urmare a confrunt\u0103rilor, \u00een care au fost r\u0103ni\u021bi \u0219i civili. Inculpa\u021bii risc\u0103 p\u00e2n\u0103 la trei ani de \u00eenchisoare sau amenzi de p\u00e2n\u0103 la 20 de mii de lei. <\/p>\n","protected":false},"excerpt":{"rendered":"<p>Curtea de Apel a respins recursul avoca\u021bilor cu privire la eliberarea grupului Petrenco. Astfel, magistra\u021bii au men\u021binut decizia Judec\u0103toriei R\u00ee\u0219cani, care a decis prelungirea mandatului de arestare la domiciliu pe numele membrilor grup\u0103rii pe un termen de 30 de zile, scrie realitatea.md. Grupul Petrenco, inclusiv liderul acestuia Grigore Petrenco, au fost elibera\u021bi sub garan\u021biile deputa\u021bilor [&hellip;]<\/p>\n","protected":false},"author":4,"featured_media":8340,"comment_status":"closed","ping_status":"closed","sticky":false,"template":"","format":"standard","meta":{"footnotes":""},"categories":[6368],"tags":[],"class_list":["post-8339","post","type-post","status-publish","format-standard","has-post-thumbnail","hentry","category-politica-ro"],"yoast_head":"<!-- This site is optimized with the Yoast SEO plugin v27.4 - https:\/\/yoast.com\/product\/yoast-seo-wordpress\/ -->\n<title>GRUPUL PETRENCO R\u0102M\u00c2N \u00ceN AREST LA DOMICILIU - BTV<\/title>\n<meta name=\"robots\" content=\"index, follow, max-snippet:-1, max-image-preview:large, max-video-preview:-1\" \/>\n<link rel=\"canonical\" href=\"https:\/\/www.btv.md\/ro\/grupul-petrenco-raman-in-arest-la-domiciliu\/\" \/>\n<meta property=\"og:locale\" content=\"ro_RO\" \/>\n<meta property=\"og:type\" content=\"article\" \/>\n<meta property=\"og:title\" content=\"GRUPUL PETRENCO R\u0102M\u00c2N \u00ceN AREST LA DOMICILIU - BTV\" \/>\n<meta property=\"og:description\" content=\"Curtea de Apel a respins recursul avoca\u021bilor cu privire la eliberarea grupului Petrenco. Astfel, magistra\u021bii au men\u021binut decizia Judec\u0103toriei R\u00ee\u0219cani, care a decis prelungirea mandatului de arestare la domiciliu pe numele membrilor grup\u0103rii pe un termen de 30 de zile, scrie realitatea.md. Grupul Petrenco, inclusiv liderul acestuia Grigore Petrenco, au fost elibera\u021bi sub garan\u021biile deputa\u021bilor [&hellip;]\" \/>\n<meta property=\"og:url\" content=\"https:\/\/www.btv.md\/ro\/grupul-petrenco-raman-in-arest-la-domiciliu\/\" \/>\n<meta property=\"og:site_name\" content=\"BTV\" \/>\n<meta property=\"article:publisher\" content=\"https:\/\/www.facebook.com\/btvmoldova\/\" \/>\n<meta property=\"article:published_time\" content=\"2016-03-04T09:10:10+00:00\" \/>\n<meta property=\"article:modified_time\" content=\"2016-03-04T17:11:28+00:00\" \/>\n<meta property=\"og:image\" content=\"https:\/\/www.btv.md\/wp-content\/uploads\/2016\/03\/c9cabd8d48aa6ca13359ea3874824b3a.jpg\" \/>\n\t<meta property=\"og:image:width\" content=\"620\" \/>\n\t<meta property=\"og:image:height\" content=\"414\" \/>\n\t<meta property=\"og:image:type\" content=\"image\/jpeg\" \/>\n<meta name=\"author\" content=\"admin\" \/>\n<meta name=\"twitter:label1\" content=\"Scris de\" \/>\n\t<meta name=\"twitter:data1\" content=\"admin\" \/>\n\t<meta name=\"twitter:label2\" content=\"Timp estimat pentru citire\" \/>\n\t<meta name=\"twitter:data2\" content=\"1 minut\" \/>\n<script type=\"application\/ld+json\" class=\"yoast-schema-graph\">{\"@context\":\"https:\\\/\\\/schema.org\",\"@graph\":[{\"@type\":\"Article\",\"@id\":\"https:\\\/\\\/www.btv.md\\\/ro\\\/grupul-petrenco-raman-in-arest-la-domiciliu\\\/#article\",\"isPartOf\":{\"@id\":\"https:\\\/\\\/www.btv.md\\\/ro\\\/grupul-petrenco-raman-in-arest-la-domiciliu\\\/\"},\"author\":{\"name\":\"admin\",\"@id\":\"https:\\\/\\\/www.btv.md\\\/#\\\/schema\\\/person\\\/8fadce81561b3ce2c34c46dadc4ccbf2\"},\"headline\":\"GRUPUL PETRENCO R\u0102M\u00c2N \u00ceN AREST LA DOMICILIU\",\"datePublished\":\"2016-03-04T09:10:10+00:00\",\"dateModified\":\"2016-03-04T17:11:28+00:00\",\"mainEntityOfPage\":{\"@id\":\"https:\\\/\\\/www.btv.md\\\/ro\\\/grupul-petrenco-raman-in-arest-la-domiciliu\\\/\"},\"wordCount\":202,\"image\":{\"@id\":\"https:\\\/\\\/www.btv.md\\\/ro\\\/grupul-petrenco-raman-in-arest-la-domiciliu\\\/#primaryimage\"},\"thumbnailUrl\":\"https:\\\/\\\/www.btv.md\\\/wp-content\\\/uploads\\\/2016\\\/03\\\/c9cabd8d48aa6ca13359ea3874824b3a.jpg\",\"articleSection\":[\"Politic\u0103\"],\"inLanguage\":\"ro-RO\"},{\"@type\":\"WebPage\",\"@id\":\"https:\\\/\\\/www.btv.md\\\/ro\\\/grupul-petrenco-raman-in-arest-la-domiciliu\\\/\",\"url\":\"https:\\\/\\\/www.btv.md\\\/ro\\\/grupul-petrenco-raman-in-arest-la-domiciliu\\\/\",\"name\":\"GRUPUL PETRENCO R\u0102M\u00c2N \u00ceN AREST LA DOMICILIU - BTV\",\"isPartOf\":{\"@id\":\"https:\\\/\\\/www.btv.md\\\/#website\"},\"primaryImageOfPage\":{\"@id\":\"https:\\\/\\\/www.btv.md\\\/ro\\\/grupul-petrenco-raman-in-arest-la-domiciliu\\\/#primaryimage\"},\"image\":{\"@id\":\"https:\\\/\\\/www.btv.md\\\/ro\\\/grupul-petrenco-raman-in-arest-la-domiciliu\\\/#primaryimage\"},\"thumbnailUrl\":\"https:\\\/\\\/www.btv.md\\\/wp-content\\\/uploads\\\/2016\\\/03\\\/c9cabd8d48aa6ca13359ea3874824b3a.jpg\",\"datePublished\":\"2016-03-04T09:10:10+00:00\",\"dateModified\":\"2016-03-04T17:11:28+00:00\",\"author\":{\"@id\":\"https:\\\/\\\/www.btv.md\\\/#\\\/schema\\\/person\\\/8fadce81561b3ce2c34c46dadc4ccbf2\"},\"inLanguage\":\"ro-RO\",\"potentialAction\":[{\"@type\":\"ReadAction\",\"target\":[\"https:\\\/\\\/www.btv.md\\\/ro\\\/grupul-petrenco-raman-in-arest-la-domiciliu\\\/\"]}]},{\"@type\":\"ImageObject\",\"inLanguage\":\"ro-RO\",\"@id\":\"https:\\\/\\\/www.btv.md\\\/ro\\\/grupul-petrenco-raman-in-arest-la-domiciliu\\\/#primaryimage\",\"url\":\"https:\\\/\\\/www.btv.md\\\/wp-content\\\/uploads\\\/2016\\\/03\\\/c9cabd8d48aa6ca13359ea3874824b3a.jpg\",\"contentUrl\":\"https:\\\/\\\/www.btv.md\\\/wp-content\\\/uploads\\\/2016\\\/03\\\/c9cabd8d48aa6ca13359ea3874824b3a.jpg\",\"width\":620,\"height\":414,\"caption\":\"news.click.md\"},{\"@type\":\"WebSite\",\"@id\":\"https:\\\/\\\/www.btv.md\\\/#website\",\"url\":\"https:\\\/\\\/www.btv.md\\\/\",\"name\":\"BTV\",\"description\":\"\u0411\u0435\u043b\u044c\u0446\u043a\u043e\u0435 \u0442\u0435\u043b\u0435\u0432\u0438\u0434\u0435\u043d\u0438\u0435\",\"potentialAction\":[{\"@type\":\"SearchAction\",\"target\":{\"@type\":\"EntryPoint\",\"urlTemplate\":\"https:\\\/\\\/www.btv.md\\\/?s={search_term_string}\"},\"query-input\":{\"@type\":\"PropertyValueSpecification\",\"valueRequired\":true,\"valueName\":\"search_term_string\"}}],\"inLanguage\":\"ro-RO\"},{\"@type\":\"Person\",\"@id\":\"https:\\\/\\\/www.btv.md\\\/#\\\/schema\\\/person\\\/8fadce81561b3ce2c34c46dadc4ccbf2\",\"name\":\"admin\"}]}<\/script>\n<!-- \/ Yoast SEO plugin. -->","yoast_head_json":{"title":"GRUPUL PETRENCO R\u0102M\u00c2N \u00ceN AREST LA DOMICILIU - BTV","robots":{"index":"index","follow":"follow","max-snippet":"max-snippet:-1","max-image-preview":"max-image-preview:large","max-video-preview":"max-video-preview:-1"},"canonical":"https:\/\/www.btv.md\/ro\/grupul-petrenco-raman-in-arest-la-domiciliu\/","og_locale":"ro_RO","og_type":"article","og_title":"GRUPUL PETRENCO R\u0102M\u00c2N \u00ceN AREST LA DOMICILIU - BTV","og_description":"Curtea de Apel a respins recursul avoca\u021bilor cu privire la eliberarea grupului Petrenco. Astfel, magistra\u021bii au men\u021binut decizia Judec\u0103toriei R\u00ee\u0219cani, care a decis prelungirea mandatului de arestare la domiciliu pe numele membrilor grup\u0103rii pe un termen de 30 de zile, scrie realitatea.md. Grupul Petrenco, inclusiv liderul acestuia Grigore Petrenco, au fost elibera\u021bi sub garan\u021biile deputa\u021bilor [&hellip;]","og_url":"https:\/\/www.btv.md\/ro\/grupul-petrenco-raman-in-arest-la-domiciliu\/","og_site_name":"BTV","article_publisher":"https:\/\/www.facebook.com\/btvmoldova\/","article_published_time":"2016-03-04T09:10:10+00:00","article_modified_time":"2016-03-04T17:11:28+00:00","og_image":[{"width":620,"height":414,"url":"https:\/\/www.btv.md\/wp-content\/uploads\/2016\/03\/c9cabd8d48aa6ca13359ea3874824b3a.jpg","type":"image\/jpeg"}],"author":"admin","twitter_misc":{"Scris de":"admin","Timp estimat pentru citire":"1 minut"},"schema":{"@context":"https:\/\/schema.org","@graph":[{"@type":"Article","@id":"https:\/\/www.btv.md\/ro\/grupul-petrenco-raman-in-arest-la-domiciliu\/#article","isPartOf":{"@id":"https:\/\/www.btv.md\/ro\/grupul-petrenco-raman-in-arest-la-domiciliu\/"},"author":{"name":"admin","@id":"https:\/\/www.btv.md\/#\/schema\/person\/8fadce81561b3ce2c34c46dadc4ccbf2"},"headline":"GRUPUL PETRENCO R\u0102M\u00c2N \u00ceN AREST LA DOMICILIU","datePublished":"2016-03-04T09:10:10+00:00","dateModified":"2016-03-04T17:11:28+00:00","mainEntityOfPage":{"@id":"https:\/\/www.btv.md\/ro\/grupul-petrenco-raman-in-arest-la-domiciliu\/"},"wordCount":202,"image":{"@id":"https:\/\/www.btv.md\/ro\/grupul-petrenco-raman-in-arest-la-domiciliu\/#primaryimage"},"thumbnailUrl":"https:\/\/www.btv.md\/wp-content\/uploads\/2016\/03\/c9cabd8d48aa6ca13359ea3874824b3a.jpg","articleSection":["Politic\u0103"],"inLanguage":"ro-RO"},{"@type":"WebPage","@id":"https:\/\/www.btv.md\/ro\/grupul-petrenco-raman-in-arest-la-domiciliu\/","url":"https:\/\/www.btv.md\/ro\/grupul-petrenco-raman-in-arest-la-domiciliu\/","name":"GRUPUL PETRENCO R\u0102M\u00c2N \u00ceN AREST LA DOMICILIU - BTV","isPartOf":{"@id":"https:\/\/www.btv.md\/#website"},"primaryImageOfPage":{"@id":"https:\/\/www.btv.md\/ro\/grupul-petrenco-raman-in-arest-la-domiciliu\/#primaryimage"},"image":{"@id":"https:\/\/www.btv.md\/ro\/grupul-petrenco-raman-in-arest-la-domiciliu\/#primaryimage"},"thumbnailUrl":"https:\/\/www.btv.md\/wp-content\/uploads\/2016\/03\/c9cabd8d48aa6ca13359ea3874824b3a.jpg","datePublished":"2016-03-04T09:10:10+00:00","dateModified":"2016-03-04T17:11:28+00:00","author":{"@id":"https:\/\/www.btv.md\/#\/schema\/person\/8fadce81561b3ce2c34c46dadc4ccbf2"},"inLanguage":"ro-RO","potentialAction":[{"@type":"ReadAction","target":["https:\/\/www.btv.md\/ro\/grupul-petrenco-raman-in-arest-la-domiciliu\/"]}]},{"@type":"ImageObject","inLanguage":"ro-RO","@id":"https:\/\/www.btv.md\/ro\/grupul-petrenco-raman-in-arest-la-domiciliu\/#primaryimage","url":"https:\/\/www.btv.md\/wp-content\/uploads\/2016\/03\/c9cabd8d48aa6ca13359ea3874824b3a.jpg","contentUrl":"https:\/\/www.btv.md\/wp-content\/uploads\/2016\/03\/c9cabd8d48aa6ca13359ea3874824b3a.jpg","width":620,"height":414,"caption":"news.click.md"},{"@type":"WebSite","@id":"https:\/\/www.btv.md\/#website","url":"https:\/\/www.btv.md\/","name":"BTV","description":"\u0411\u0435\u043b\u044c\u0446\u043a\u043e\u0435 \u0442\u0435\u043b\u0435\u0432\u0438\u0434\u0435\u043d\u0438\u0435","potentialAction":[{"@type":"SearchAction","target":{"@type":"EntryPoint","urlTemplate":"https:\/\/www.btv.md\/?s={search_term_string}"},"query-input":{"@type":"PropertyValueSpecification","valueRequired":true,"valueName":"search_term_string"}}],"inLanguage":"ro-RO"},{"@type":"Person","@id":"https:\/\/www.btv.md\/#\/schema\/person\/8fadce81561b3ce2c34c46dadc4ccbf2","name":"admin"}]}},"_links":{"self":[{"href":"https:\/\/www.btv.md\/ro\/wp-json\/wp\/v2\/posts\/8339","targetHints":{"allow":["GET"]}}],"collection":[{"href":"https:\/\/www.btv.md\/ro\/wp-json\/wp\/v2\/posts"}],"about":[{"href":"https:\/\/www.btv.md\/ro\/wp-json\/wp\/v2\/types\/post"}],"author":[{"embeddable":true,"href":"https:\/\/www.btv.md\/ro\/wp-json\/wp\/v2\/users\/4"}],"replies":[{"embeddable":true,"href":"https:\/\/www.btv.md\/ro\/wp-json\/wp\/v2\/comments?post=8339"}],"version-history":[{"count":0,"href":"https:\/\/www.btv.md\/ro\/wp-json\/wp\/v2\/posts\/8339\/revisions"}],"wp:featuredmedia":[{"embeddable":true,"href":"https:\/\/www.btv.md\/ro\/wp-json\/wp\/v2\/media\/8340"}],"wp:attachment":[{"href":"https:\/\/www.btv.md\/ro\/wp-json\/wp\/v2\/media?parent=8339"}],"wp:term":[{"taxonomy":"category","embeddable":true,"href":"https:\/\/www.btv.md\/ro\/wp-json\/wp\/v2\/categories?post=8339"},{"taxonomy":"post_tag","embeddable":true,"href":"https:\/\/www.btv.md\/ro\/wp-json\/wp\/v2\/tags?post=8339"}],"curies":[{"name":"wp","href":"https:\/\/api.w.org\/{rel}","templated":true}]}}