{"id":8342,"date":"2016-03-04T12:11:48","date_gmt":"2016-03-04T09:11:48","guid":{"rendered":"http:\/\/btv.md\/?p=8342"},"modified":"2016-03-04T20:13:10","modified_gmt":"2016-03-04T17:13:10","slug":"vlad-filat-ramane-in-arest","status":"publish","type":"post","link":"https:\/\/www.btv.md\/ro\/vlad-filat-ramane-in-arest\/","title":{"rendered":"VLAD  FILAT  R\u0102M\u00c2NE  \u00ceN  AREST"},"content":{"rendered":"<p><strong>Judec\u0103torii au respins cererea deputa\u021bilor PLDM, care au depus garan\u021bii pentru eliberarea lui Vlad Filat \u00een arest la domiciliu. \u201eCererea a fost respins\u0103, pentru c\u0103 persist\u0103 o serie de riscuri care ar prejudicia ancheta. A\u0219a c\u0103 inculpatul va r\u0103m\u00e2ne \u00een arest\u201d, a declarat procurorul Adriana Be\u021bi\u0219or, scrie <a href=\"http:\/\/www.ziarulnational.md\/filat-ramane-in-arest-exista-o-serie-de-riscuri-temeinice-pentru-ancheta-si-dansul-trebuie-sa-ramana-in-arest\/\" target=\"_blank\">Ziarul Na\u021bional<\/a>.<\/strong><\/p>\n<p>De asemenea, procurorul a spus c\u0103 principalul b\u0103nuit \u00een furtul din sistemul bancar, Ilan \u0218or, va mai comp\u0103rea \u00een fa\u021ba judec\u0103torilor. \u201e<em>D\u00e2nsul a fost audiat ast\u0103zi par\u021bial. \u0218i asta din cauza cererilor depuse de ap\u0103rare. Noi avem \u0219i alte cauze de administrat, iar aceste cereri depuse iau mult timp. Ilan \u0218or urmeaz\u0103 s\u0103 mai fie audiat. D\u00e2nsul \u0219i-a men\u021binut declara\u021biile f\u0103cute anterior<\/em>\u201d, a declarat Be\u021bi\u0219or. <\/p>\n<p>\u00centrebat\u0103 de ce dosarul furtului miliardului, \u00een cadrul c\u0103ruia principalul b\u0103nuit este Ilan \u0218or, bate pasul pe loc, Adrina Be\u021bi\u0219or a r\u0103spuns: \u201e<em>Cauza penal\u0103 este \u00een proces de examinare, nu am uitat de acest dosar. A\u0219tept\u0103m de la colegii de peste hotare r\u0103spunsuri. \u00cen viitorul apropiat vom avea r\u0103spunsurile. C\u00e2nd vom ajunge la o finalitate, vom spune mai multe<\/em>\u201d. <\/p>\n<p>Aceasta a mai explicat de ce \u0219edin\u021bele \u00een dosarul Filat nu sunt publice. \u201e<em>Se munce\u0219te foarte mult la acest dosar, iar dac\u0103 \u0219edin\u021bele vor fi publice, atunci vom fi ca o carte deschis\u0103 \u00een perspectiva capetelor de acuzare care sunt \u00een procedura noastr\u0103<\/em>\u201d, a punctat Be\u021bi\u0219or. <\/p>\n","protected":false},"excerpt":{"rendered":"<p>Judec\u0103torii au respins cererea deputa\u021bilor PLDM, care au depus garan\u021bii pentru eliberarea lui Vlad Filat \u00een arest la domiciliu. \u201eCererea a fost respins\u0103, pentru c\u0103 persist\u0103 o serie de riscuri care ar prejudicia ancheta. A\u0219a c\u0103 inculpatul va r\u0103m\u00e2ne \u00een arest\u201d, a declarat procurorul Adriana Be\u021bi\u0219or, scrie Ziarul Na\u021bional. De asemenea, procurorul a spus c\u0103 [&hellip;]<\/p>\n","protected":false},"author":4,"featured_media":8343,"comment_status":"closed","ping_status":"closed","sticky":false,"template":"","format":"standard","meta":{"footnotes":""},"categories":[6368],"tags":[],"class_list":["post-8342","post","type-post","status-publish","format-standard","has-post-thumbnail","hentry","category-politica-ro"],"yoast_head":"<!-- This site is optimized with the Yoast SEO plugin v27.4 - https:\/\/yoast.com\/product\/yoast-seo-wordpress\/ -->\n<title>VLAD FILAT R\u0102M\u00c2NE \u00ceN AREST  - BTV<\/title>\n<meta name=\"robots\" content=\"index, follow, max-snippet:-1, max-image-preview:large, max-video-preview:-1\" \/>\n<link rel=\"canonical\" href=\"https:\/\/www.btv.md\/ro\/vlad-filat-ramane-in-arest\/\" \/>\n<meta property=\"og:locale\" content=\"ro_RO\" \/>\n<meta property=\"og:type\" content=\"article\" \/>\n<meta property=\"og:title\" content=\"VLAD FILAT R\u0102M\u00c2NE \u00ceN AREST  - BTV\" \/>\n<meta property=\"og:description\" content=\"Judec\u0103torii au respins cererea deputa\u021bilor PLDM, care au depus garan\u021bii pentru eliberarea lui Vlad Filat \u00een arest la domiciliu. \u201eCererea a fost respins\u0103, pentru c\u0103 persist\u0103 o serie de riscuri care ar prejudicia ancheta. A\u0219a c\u0103 inculpatul va r\u0103m\u00e2ne \u00een arest\u201d, a declarat procurorul Adriana Be\u021bi\u0219or, scrie Ziarul Na\u021bional. De asemenea, procurorul a spus c\u0103 [&hellip;]\" \/>\n<meta property=\"og:url\" content=\"https:\/\/www.btv.md\/ro\/vlad-filat-ramane-in-arest\/\" \/>\n<meta property=\"og:site_name\" content=\"BTV\" \/>\n<meta property=\"article:publisher\" content=\"https:\/\/www.facebook.com\/btvmoldova\/\" \/>\n<meta property=\"article:published_time\" content=\"2016-03-04T09:11:48+00:00\" \/>\n<meta property=\"article:modified_time\" content=\"2016-03-04T17:13:10+00:00\" \/>\n<meta property=\"og:image\" content=\"https:\/\/www.btv.md\/wp-content\/uploads\/2016\/03\/filat-judecata-protv.jpg\" \/>\n\t<meta property=\"og:image:width\" content=\"623\" \/>\n\t<meta property=\"og:image:height\" content=\"460\" \/>\n\t<meta property=\"og:image:type\" content=\"image\/jpeg\" \/>\n<meta name=\"author\" content=\"admin\" \/>\n<meta name=\"twitter:label1\" content=\"Scris de\" \/>\n\t<meta name=\"twitter:data1\" content=\"admin\" \/>\n\t<meta name=\"twitter:label2\" content=\"Timp estimat pentru citire\" \/>\n\t<meta name=\"twitter:data2\" content=\"1 minut\" \/>\n<script type=\"application\/ld+json\" class=\"yoast-schema-graph\">{\"@context\":\"https:\\\/\\\/schema.org\",\"@graph\":[{\"@type\":\"Article\",\"@id\":\"https:\\\/\\\/www.btv.md\\\/ro\\\/vlad-filat-ramane-in-arest\\\/#article\",\"isPartOf\":{\"@id\":\"https:\\\/\\\/www.btv.md\\\/ro\\\/vlad-filat-ramane-in-arest\\\/\"},\"author\":{\"name\":\"admin\",\"@id\":\"https:\\\/\\\/www.btv.md\\\/#\\\/schema\\\/person\\\/8fadce81561b3ce2c34c46dadc4ccbf2\"},\"headline\":\"VLAD FILAT R\u0102M\u00c2NE \u00ceN AREST\",\"datePublished\":\"2016-03-04T09:11:48+00:00\",\"dateModified\":\"2016-03-04T17:13:10+00:00\",\"mainEntityOfPage\":{\"@id\":\"https:\\\/\\\/www.btv.md\\\/ro\\\/vlad-filat-ramane-in-arest\\\/\"},\"wordCount\":264,\"image\":{\"@id\":\"https:\\\/\\\/www.btv.md\\\/ro\\\/vlad-filat-ramane-in-arest\\\/#primaryimage\"},\"thumbnailUrl\":\"https:\\\/\\\/www.btv.md\\\/wp-content\\\/uploads\\\/2016\\\/03\\\/filat-judecata-protv.jpg\",\"articleSection\":[\"Politic\u0103\"],\"inLanguage\":\"ro-RO\"},{\"@type\":\"WebPage\",\"@id\":\"https:\\\/\\\/www.btv.md\\\/ro\\\/vlad-filat-ramane-in-arest\\\/\",\"url\":\"https:\\\/\\\/www.btv.md\\\/ro\\\/vlad-filat-ramane-in-arest\\\/\",\"name\":\"VLAD FILAT R\u0102M\u00c2NE \u00ceN AREST - BTV\",\"isPartOf\":{\"@id\":\"https:\\\/\\\/www.btv.md\\\/#website\"},\"primaryImageOfPage\":{\"@id\":\"https:\\\/\\\/www.btv.md\\\/ro\\\/vlad-filat-ramane-in-arest\\\/#primaryimage\"},\"image\":{\"@id\":\"https:\\\/\\\/www.btv.md\\\/ro\\\/vlad-filat-ramane-in-arest\\\/#primaryimage\"},\"thumbnailUrl\":\"https:\\\/\\\/www.btv.md\\\/wp-content\\\/uploads\\\/2016\\\/03\\\/filat-judecata-protv.jpg\",\"datePublished\":\"2016-03-04T09:11:48+00:00\",\"dateModified\":\"2016-03-04T17:13:10+00:00\",\"author\":{\"@id\":\"https:\\\/\\\/www.btv.md\\\/#\\\/schema\\\/person\\\/8fadce81561b3ce2c34c46dadc4ccbf2\"},\"inLanguage\":\"ro-RO\",\"potentialAction\":[{\"@type\":\"ReadAction\",\"target\":[\"https:\\\/\\\/www.btv.md\\\/ro\\\/vlad-filat-ramane-in-arest\\\/\"]}]},{\"@type\":\"ImageObject\",\"inLanguage\":\"ro-RO\",\"@id\":\"https:\\\/\\\/www.btv.md\\\/ro\\\/vlad-filat-ramane-in-arest\\\/#primaryimage\",\"url\":\"https:\\\/\\\/www.btv.md\\\/wp-content\\\/uploads\\\/2016\\\/03\\\/filat-judecata-protv.jpg\",\"contentUrl\":\"https:\\\/\\\/www.btv.md\\\/wp-content\\\/uploads\\\/2016\\\/03\\\/filat-judecata-protv.jpg\",\"width\":623,\"height\":460,\"caption\":\"www.canal3.md\"},{\"@type\":\"WebSite\",\"@id\":\"https:\\\/\\\/www.btv.md\\\/#website\",\"url\":\"https:\\\/\\\/www.btv.md\\\/\",\"name\":\"BTV\",\"description\":\"\u0411\u0435\u043b\u044c\u0446\u043a\u043e\u0435 \u0442\u0435\u043b\u0435\u0432\u0438\u0434\u0435\u043d\u0438\u0435\",\"potentialAction\":[{\"@type\":\"SearchAction\",\"target\":{\"@type\":\"EntryPoint\",\"urlTemplate\":\"https:\\\/\\\/www.btv.md\\\/?s={search_term_string}\"},\"query-input\":{\"@type\":\"PropertyValueSpecification\",\"valueRequired\":true,\"valueName\":\"search_term_string\"}}],\"inLanguage\":\"ro-RO\"},{\"@type\":\"Person\",\"@id\":\"https:\\\/\\\/www.btv.md\\\/#\\\/schema\\\/person\\\/8fadce81561b3ce2c34c46dadc4ccbf2\",\"name\":\"admin\"}]}<\/script>\n<!-- \/ Yoast SEO plugin. -->","yoast_head_json":{"title":"VLAD FILAT R\u0102M\u00c2NE \u00ceN AREST  - BTV","robots":{"index":"index","follow":"follow","max-snippet":"max-snippet:-1","max-image-preview":"max-image-preview:large","max-video-preview":"max-video-preview:-1"},"canonical":"https:\/\/www.btv.md\/ro\/vlad-filat-ramane-in-arest\/","og_locale":"ro_RO","og_type":"article","og_title":"VLAD FILAT R\u0102M\u00c2NE \u00ceN AREST  - BTV","og_description":"Judec\u0103torii au respins cererea deputa\u021bilor PLDM, care au depus garan\u021bii pentru eliberarea lui Vlad Filat \u00een arest la domiciliu. \u201eCererea a fost respins\u0103, pentru c\u0103 persist\u0103 o serie de riscuri care ar prejudicia ancheta. A\u0219a c\u0103 inculpatul va r\u0103m\u00e2ne \u00een arest\u201d, a declarat procurorul Adriana Be\u021bi\u0219or, scrie Ziarul Na\u021bional. De asemenea, procurorul a spus c\u0103 [&hellip;]","og_url":"https:\/\/www.btv.md\/ro\/vlad-filat-ramane-in-arest\/","og_site_name":"BTV","article_publisher":"https:\/\/www.facebook.com\/btvmoldova\/","article_published_time":"2016-03-04T09:11:48+00:00","article_modified_time":"2016-03-04T17:13:10+00:00","og_image":[{"width":623,"height":460,"url":"https:\/\/www.btv.md\/wp-content\/uploads\/2016\/03\/filat-judecata-protv.jpg","type":"image\/jpeg"}],"author":"admin","twitter_misc":{"Scris de":"admin","Timp estimat pentru citire":"1 minut"},"schema":{"@context":"https:\/\/schema.org","@graph":[{"@type":"Article","@id":"https:\/\/www.btv.md\/ro\/vlad-filat-ramane-in-arest\/#article","isPartOf":{"@id":"https:\/\/www.btv.md\/ro\/vlad-filat-ramane-in-arest\/"},"author":{"name":"admin","@id":"https:\/\/www.btv.md\/#\/schema\/person\/8fadce81561b3ce2c34c46dadc4ccbf2"},"headline":"VLAD FILAT R\u0102M\u00c2NE \u00ceN AREST","datePublished":"2016-03-04T09:11:48+00:00","dateModified":"2016-03-04T17:13:10+00:00","mainEntityOfPage":{"@id":"https:\/\/www.btv.md\/ro\/vlad-filat-ramane-in-arest\/"},"wordCount":264,"image":{"@id":"https:\/\/www.btv.md\/ro\/vlad-filat-ramane-in-arest\/#primaryimage"},"thumbnailUrl":"https:\/\/www.btv.md\/wp-content\/uploads\/2016\/03\/filat-judecata-protv.jpg","articleSection":["Politic\u0103"],"inLanguage":"ro-RO"},{"@type":"WebPage","@id":"https:\/\/www.btv.md\/ro\/vlad-filat-ramane-in-arest\/","url":"https:\/\/www.btv.md\/ro\/vlad-filat-ramane-in-arest\/","name":"VLAD FILAT R\u0102M\u00c2NE \u00ceN AREST - BTV","isPartOf":{"@id":"https:\/\/www.btv.md\/#website"},"primaryImageOfPage":{"@id":"https:\/\/www.btv.md\/ro\/vlad-filat-ramane-in-arest\/#primaryimage"},"image":{"@id":"https:\/\/www.btv.md\/ro\/vlad-filat-ramane-in-arest\/#primaryimage"},"thumbnailUrl":"https:\/\/www.btv.md\/wp-content\/uploads\/2016\/03\/filat-judecata-protv.jpg","datePublished":"2016-03-04T09:11:48+00:00","dateModified":"2016-03-04T17:13:10+00:00","author":{"@id":"https:\/\/www.btv.md\/#\/schema\/person\/8fadce81561b3ce2c34c46dadc4ccbf2"},"inLanguage":"ro-RO","potentialAction":[{"@type":"ReadAction","target":["https:\/\/www.btv.md\/ro\/vlad-filat-ramane-in-arest\/"]}]},{"@type":"ImageObject","inLanguage":"ro-RO","@id":"https:\/\/www.btv.md\/ro\/vlad-filat-ramane-in-arest\/#primaryimage","url":"https:\/\/www.btv.md\/wp-content\/uploads\/2016\/03\/filat-judecata-protv.jpg","contentUrl":"https:\/\/www.btv.md\/wp-content\/uploads\/2016\/03\/filat-judecata-protv.jpg","width":623,"height":460,"caption":"www.canal3.md"},{"@type":"WebSite","@id":"https:\/\/www.btv.md\/#website","url":"https:\/\/www.btv.md\/","name":"BTV","description":"\u0411\u0435\u043b\u044c\u0446\u043a\u043e\u0435 \u0442\u0435\u043b\u0435\u0432\u0438\u0434\u0435\u043d\u0438\u0435","potentialAction":[{"@type":"SearchAction","target":{"@type":"EntryPoint","urlTemplate":"https:\/\/www.btv.md\/?s={search_term_string}"},"query-input":{"@type":"PropertyValueSpecification","valueRequired":true,"valueName":"search_term_string"}}],"inLanguage":"ro-RO"},{"@type":"Person","@id":"https:\/\/www.btv.md\/#\/schema\/person\/8fadce81561b3ce2c34c46dadc4ccbf2","name":"admin"}]}},"_links":{"self":[{"href":"https:\/\/www.btv.md\/ro\/wp-json\/wp\/v2\/posts\/8342","targetHints":{"allow":["GET"]}}],"collection":[{"href":"https:\/\/www.btv.md\/ro\/wp-json\/wp\/v2\/posts"}],"about":[{"href":"https:\/\/www.btv.md\/ro\/wp-json\/wp\/v2\/types\/post"}],"author":[{"embeddable":true,"href":"https:\/\/www.btv.md\/ro\/wp-json\/wp\/v2\/users\/4"}],"replies":[{"embeddable":true,"href":"https:\/\/www.btv.md\/ro\/wp-json\/wp\/v2\/comments?post=8342"}],"version-history":[{"count":0,"href":"https:\/\/www.btv.md\/ro\/wp-json\/wp\/v2\/posts\/8342\/revisions"}],"wp:featuredmedia":[{"embeddable":true,"href":"https:\/\/www.btv.md\/ro\/wp-json\/wp\/v2\/media\/8343"}],"wp:attachment":[{"href":"https:\/\/www.btv.md\/ro\/wp-json\/wp\/v2\/media?parent=8342"}],"wp:term":[{"taxonomy":"category","embeddable":true,"href":"https:\/\/www.btv.md\/ro\/wp-json\/wp\/v2\/categories?post=8342"},{"taxonomy":"post_tag","embeddable":true,"href":"https:\/\/www.btv.md\/ro\/wp-json\/wp\/v2\/tags?post=8342"}],"curies":[{"name":"wp","href":"https:\/\/api.w.org\/{rel}","templated":true}]}}