{"id":8345,"date":"2016-03-04T12:13:49","date_gmt":"2016-03-04T09:13:49","guid":{"rendered":"http:\/\/btv.md\/?p=8345"},"modified":"2016-03-04T20:16:19","modified_gmt":"2016-03-04T17:16:19","slug":"horticultorii-din-rm-cer-ajutor-de-la-guvern","status":"publish","type":"post","link":"https:\/\/www.btv.md\/ro\/horticultorii-din-rm-cer-ajutor-de-la-guvern\/","title":{"rendered":"HORTICULTORII  DIN  RM  CER  AJUTOR  DE LA  GUVERN"},"content":{"rendered":"<p><strong>Membrii Asocia\u0163iei Produc\u0103torilor \u015fi Exportatorilor de Fructe din Moldova \u015fi cei ai Uniunii Asocia\u0163iilor Produc\u0103torilor Agricoli \u201eUniAgroProtect\u201d au adresat ministrului Agriculturii \u015fi Industriei Alimentare, Eduard Grama, o scrisoare \u00een care solicit\u0103 asisten\u0163\u0103 \u00een solu\u0163ionarea unei probleme stringente pentru produc\u0103tori de fructe \u015fi legume privind iriga\u0163ia terenurilor agricole, relateaz\u0103 <a href=\". http:\/\/www.noi.md\/md\/news_id\/80062\" target=\"_blank\">noi.md<\/a>.<\/strong><\/p>\n<p>Ei au men\u0163ionat c\u0103 un risc major pentru dezvoltarea culturilor agricole constituie piedicile pe calea folosirii resurselor acvatice naturale pentru iriga\u0163ie. S-a specificat c\u0103 \u00een ultimii trei ani produc\u0103torii agricoli, \u00een special horticultorii, au avut de suferit de pe urma problemelor provocate de restric\u0163iile asupra exportului de fructe \u00een Rusia, devalorizarea leului \u015fi seceta puternic\u0103, \u00een urma c\u0103reia \u00een 2013 \u015fi 2014 s-au pierdut 33 la sut\u0103 \u015fi, respectiv, 40 la sut\u0103 din recolta de mere.<\/p>\n<p>\u00cen scrisoare se men\u0163ioneaz\u0103 c\u0103 cea mai mare problem\u0103 pentru iriga\u0163ie o constituie lipsa accesului la lacurile arendate de persoanele care le folosesc pentru cre\u015fterea pe\u015ftelui sau crearea zonelor de agrement. Unii arendatori purced la drenarea artificial\u0103 a lacului pentru a ob\u0163ine pe\u015ftele, l\u0103s\u00eendu-i pe produc\u0103torii de fructe \u015fi legume f\u0103r\u0103 ap\u0103 pentru iriga\u0163ie. \u00cen plus, procesul de ob\u0163inere a autoriza\u0163iei de mediu pentru folosin\u0163a special\u0103 a apei din r\u00eeurile Prut, Nistru \u015fi R\u0103ut este unul complicat \u015fi birocratic.<\/p>\n","protected":false},"excerpt":{"rendered":"<p>Membrii Asocia\u0163iei Produc\u0103torilor \u015fi Exportatorilor de Fructe din Moldova \u015fi cei ai Uniunii Asocia\u0163iilor Produc\u0103torilor Agricoli \u201eUniAgroProtect\u201d au adresat ministrului Agriculturii \u015fi Industriei Alimentare, Eduard Grama, o scrisoare \u00een care solicit\u0103 asisten\u0163\u0103 \u00een solu\u0163ionarea unei probleme stringente pentru produc\u0103tori de fructe \u015fi legume privind iriga\u0163ia terenurilor agricole, relateaz\u0103 noi.md. Ei au men\u0163ionat c\u0103 un risc [&hellip;]<\/p>\n","protected":false},"author":4,"featured_media":8346,"comment_status":"closed","ping_status":"closed","sticky":false,"template":"","format":"standard","meta":{"footnotes":""},"categories":[6349],"tags":[],"class_list":["post-8345","post","type-post","status-publish","format-standard","has-post-thumbnail","hentry","category-social"],"yoast_head":"<!-- This site is optimized with the Yoast SEO plugin v27.4 - https:\/\/yoast.com\/product\/yoast-seo-wordpress\/ -->\n<title>HORTICULTORII DIN RM CER AJUTOR DE LA GUVERN - BTV<\/title>\n<meta name=\"robots\" content=\"index, follow, max-snippet:-1, max-image-preview:large, max-video-preview:-1\" \/>\n<link rel=\"canonical\" href=\"https:\/\/www.btv.md\/ro\/horticultorii-din-rm-cer-ajutor-de-la-guvern\/\" \/>\n<meta property=\"og:locale\" content=\"ro_RO\" \/>\n<meta property=\"og:type\" content=\"article\" \/>\n<meta property=\"og:title\" content=\"HORTICULTORII DIN RM CER AJUTOR DE LA GUVERN - BTV\" \/>\n<meta property=\"og:description\" content=\"Membrii Asocia\u0163iei Produc\u0103torilor \u015fi Exportatorilor de Fructe din Moldova \u015fi cei ai Uniunii Asocia\u0163iilor Produc\u0103torilor Agricoli \u201eUniAgroProtect\u201d au adresat ministrului Agriculturii \u015fi Industriei Alimentare, Eduard Grama, o scrisoare \u00een care solicit\u0103 asisten\u0163\u0103 \u00een solu\u0163ionarea unei probleme stringente pentru produc\u0103tori de fructe \u015fi legume privind iriga\u0163ia terenurilor agricole, relateaz\u0103 noi.md. Ei au men\u0163ionat c\u0103 un risc [&hellip;]\" \/>\n<meta property=\"og:url\" content=\"https:\/\/www.btv.md\/ro\/horticultorii-din-rm-cer-ajutor-de-la-guvern\/\" \/>\n<meta property=\"og:site_name\" content=\"BTV\" \/>\n<meta property=\"article:publisher\" content=\"https:\/\/www.facebook.com\/btvmoldova\/\" \/>\n<meta property=\"article:published_time\" content=\"2016-03-04T09:13:49+00:00\" \/>\n<meta property=\"article:modified_time\" content=\"2016-03-04T17:16:19+00:00\" \/>\n<meta property=\"og:image\" content=\"https:\/\/www.btv.md\/wp-content\/uploads\/2016\/03\/import-fructe-640x330.jpg\" \/>\n\t<meta property=\"og:image:width\" content=\"640\" \/>\n\t<meta property=\"og:image:height\" content=\"330\" \/>\n\t<meta property=\"og:image:type\" content=\"image\/jpeg\" \/>\n<meta name=\"author\" content=\"admin\" \/>\n<meta name=\"twitter:label1\" content=\"Scris de\" \/>\n\t<meta name=\"twitter:data1\" content=\"admin\" \/>\n\t<meta name=\"twitter:label2\" content=\"Timp estimat pentru citire\" \/>\n\t<meta name=\"twitter:data2\" content=\"1 minut\" \/>\n<script type=\"application\/ld+json\" class=\"yoast-schema-graph\">{\"@context\":\"https:\\\/\\\/schema.org\",\"@graph\":[{\"@type\":\"Article\",\"@id\":\"https:\\\/\\\/www.btv.md\\\/ro\\\/horticultorii-din-rm-cer-ajutor-de-la-guvern\\\/#article\",\"isPartOf\":{\"@id\":\"https:\\\/\\\/www.btv.md\\\/ro\\\/horticultorii-din-rm-cer-ajutor-de-la-guvern\\\/\"},\"author\":{\"name\":\"admin\",\"@id\":\"https:\\\/\\\/www.btv.md\\\/#\\\/schema\\\/person\\\/8fadce81561b3ce2c34c46dadc4ccbf2\"},\"headline\":\"HORTICULTORII DIN RM CER AJUTOR DE LA GUVERN\",\"datePublished\":\"2016-03-04T09:13:49+00:00\",\"dateModified\":\"2016-03-04T17:16:19+00:00\",\"mainEntityOfPage\":{\"@id\":\"https:\\\/\\\/www.btv.md\\\/ro\\\/horticultorii-din-rm-cer-ajutor-de-la-guvern\\\/\"},\"wordCount\":237,\"image\":{\"@id\":\"https:\\\/\\\/www.btv.md\\\/ro\\\/horticultorii-din-rm-cer-ajutor-de-la-guvern\\\/#primaryimage\"},\"thumbnailUrl\":\"https:\\\/\\\/www.btv.md\\\/wp-content\\\/uploads\\\/2016\\\/03\\\/import-fructe-640x330.jpg\",\"articleSection\":[\"Social\"],\"inLanguage\":\"ro-RO\"},{\"@type\":\"WebPage\",\"@id\":\"https:\\\/\\\/www.btv.md\\\/ro\\\/horticultorii-din-rm-cer-ajutor-de-la-guvern\\\/\",\"url\":\"https:\\\/\\\/www.btv.md\\\/ro\\\/horticultorii-din-rm-cer-ajutor-de-la-guvern\\\/\",\"name\":\"HORTICULTORII DIN RM CER AJUTOR DE LA GUVERN - BTV\",\"isPartOf\":{\"@id\":\"https:\\\/\\\/www.btv.md\\\/#website\"},\"primaryImageOfPage\":{\"@id\":\"https:\\\/\\\/www.btv.md\\\/ro\\\/horticultorii-din-rm-cer-ajutor-de-la-guvern\\\/#primaryimage\"},\"image\":{\"@id\":\"https:\\\/\\\/www.btv.md\\\/ro\\\/horticultorii-din-rm-cer-ajutor-de-la-guvern\\\/#primaryimage\"},\"thumbnailUrl\":\"https:\\\/\\\/www.btv.md\\\/wp-content\\\/uploads\\\/2016\\\/03\\\/import-fructe-640x330.jpg\",\"datePublished\":\"2016-03-04T09:13:49+00:00\",\"dateModified\":\"2016-03-04T17:16:19+00:00\",\"author\":{\"@id\":\"https:\\\/\\\/www.btv.md\\\/#\\\/schema\\\/person\\\/8fadce81561b3ce2c34c46dadc4ccbf2\"},\"inLanguage\":\"ro-RO\",\"potentialAction\":[{\"@type\":\"ReadAction\",\"target\":[\"https:\\\/\\\/www.btv.md\\\/ro\\\/horticultorii-din-rm-cer-ajutor-de-la-guvern\\\/\"]}]},{\"@type\":\"ImageObject\",\"inLanguage\":\"ro-RO\",\"@id\":\"https:\\\/\\\/www.btv.md\\\/ro\\\/horticultorii-din-rm-cer-ajutor-de-la-guvern\\\/#primaryimage\",\"url\":\"https:\\\/\\\/www.btv.md\\\/wp-content\\\/uploads\\\/2016\\\/03\\\/import-fructe-640x330.jpg\",\"contentUrl\":\"https:\\\/\\\/www.btv.md\\\/wp-content\\\/uploads\\\/2016\\\/03\\\/import-fructe-640x330.jpg\",\"width\":640,\"height\":330,\"caption\":\"www.stiriagricole.ro\"},{\"@type\":\"WebSite\",\"@id\":\"https:\\\/\\\/www.btv.md\\\/#website\",\"url\":\"https:\\\/\\\/www.btv.md\\\/\",\"name\":\"BTV\",\"description\":\"\u0411\u0435\u043b\u044c\u0446\u043a\u043e\u0435 \u0442\u0435\u043b\u0435\u0432\u0438\u0434\u0435\u043d\u0438\u0435\",\"potentialAction\":[{\"@type\":\"SearchAction\",\"target\":{\"@type\":\"EntryPoint\",\"urlTemplate\":\"https:\\\/\\\/www.btv.md\\\/?s={search_term_string}\"},\"query-input\":{\"@type\":\"PropertyValueSpecification\",\"valueRequired\":true,\"valueName\":\"search_term_string\"}}],\"inLanguage\":\"ro-RO\"},{\"@type\":\"Person\",\"@id\":\"https:\\\/\\\/www.btv.md\\\/#\\\/schema\\\/person\\\/8fadce81561b3ce2c34c46dadc4ccbf2\",\"name\":\"admin\"}]}<\/script>\n<!-- \/ Yoast SEO plugin. -->","yoast_head_json":{"title":"HORTICULTORII DIN RM CER AJUTOR DE LA GUVERN - BTV","robots":{"index":"index","follow":"follow","max-snippet":"max-snippet:-1","max-image-preview":"max-image-preview:large","max-video-preview":"max-video-preview:-1"},"canonical":"https:\/\/www.btv.md\/ro\/horticultorii-din-rm-cer-ajutor-de-la-guvern\/","og_locale":"ro_RO","og_type":"article","og_title":"HORTICULTORII DIN RM CER AJUTOR DE LA GUVERN - BTV","og_description":"Membrii Asocia\u0163iei Produc\u0103torilor \u015fi Exportatorilor de Fructe din Moldova \u015fi cei ai Uniunii Asocia\u0163iilor Produc\u0103torilor Agricoli \u201eUniAgroProtect\u201d au adresat ministrului Agriculturii \u015fi Industriei Alimentare, Eduard Grama, o scrisoare \u00een care solicit\u0103 asisten\u0163\u0103 \u00een solu\u0163ionarea unei probleme stringente pentru produc\u0103tori de fructe \u015fi legume privind iriga\u0163ia terenurilor agricole, relateaz\u0103 noi.md. Ei au men\u0163ionat c\u0103 un risc [&hellip;]","og_url":"https:\/\/www.btv.md\/ro\/horticultorii-din-rm-cer-ajutor-de-la-guvern\/","og_site_name":"BTV","article_publisher":"https:\/\/www.facebook.com\/btvmoldova\/","article_published_time":"2016-03-04T09:13:49+00:00","article_modified_time":"2016-03-04T17:16:19+00:00","og_image":[{"width":640,"height":330,"url":"https:\/\/www.btv.md\/wp-content\/uploads\/2016\/03\/import-fructe-640x330.jpg","type":"image\/jpeg"}],"author":"admin","twitter_misc":{"Scris de":"admin","Timp estimat pentru citire":"1 minut"},"schema":{"@context":"https:\/\/schema.org","@graph":[{"@type":"Article","@id":"https:\/\/www.btv.md\/ro\/horticultorii-din-rm-cer-ajutor-de-la-guvern\/#article","isPartOf":{"@id":"https:\/\/www.btv.md\/ro\/horticultorii-din-rm-cer-ajutor-de-la-guvern\/"},"author":{"name":"admin","@id":"https:\/\/www.btv.md\/#\/schema\/person\/8fadce81561b3ce2c34c46dadc4ccbf2"},"headline":"HORTICULTORII DIN RM CER AJUTOR DE LA GUVERN","datePublished":"2016-03-04T09:13:49+00:00","dateModified":"2016-03-04T17:16:19+00:00","mainEntityOfPage":{"@id":"https:\/\/www.btv.md\/ro\/horticultorii-din-rm-cer-ajutor-de-la-guvern\/"},"wordCount":237,"image":{"@id":"https:\/\/www.btv.md\/ro\/horticultorii-din-rm-cer-ajutor-de-la-guvern\/#primaryimage"},"thumbnailUrl":"https:\/\/www.btv.md\/wp-content\/uploads\/2016\/03\/import-fructe-640x330.jpg","articleSection":["Social"],"inLanguage":"ro-RO"},{"@type":"WebPage","@id":"https:\/\/www.btv.md\/ro\/horticultorii-din-rm-cer-ajutor-de-la-guvern\/","url":"https:\/\/www.btv.md\/ro\/horticultorii-din-rm-cer-ajutor-de-la-guvern\/","name":"HORTICULTORII DIN RM CER AJUTOR DE LA GUVERN - BTV","isPartOf":{"@id":"https:\/\/www.btv.md\/#website"},"primaryImageOfPage":{"@id":"https:\/\/www.btv.md\/ro\/horticultorii-din-rm-cer-ajutor-de-la-guvern\/#primaryimage"},"image":{"@id":"https:\/\/www.btv.md\/ro\/horticultorii-din-rm-cer-ajutor-de-la-guvern\/#primaryimage"},"thumbnailUrl":"https:\/\/www.btv.md\/wp-content\/uploads\/2016\/03\/import-fructe-640x330.jpg","datePublished":"2016-03-04T09:13:49+00:00","dateModified":"2016-03-04T17:16:19+00:00","author":{"@id":"https:\/\/www.btv.md\/#\/schema\/person\/8fadce81561b3ce2c34c46dadc4ccbf2"},"inLanguage":"ro-RO","potentialAction":[{"@type":"ReadAction","target":["https:\/\/www.btv.md\/ro\/horticultorii-din-rm-cer-ajutor-de-la-guvern\/"]}]},{"@type":"ImageObject","inLanguage":"ro-RO","@id":"https:\/\/www.btv.md\/ro\/horticultorii-din-rm-cer-ajutor-de-la-guvern\/#primaryimage","url":"https:\/\/www.btv.md\/wp-content\/uploads\/2016\/03\/import-fructe-640x330.jpg","contentUrl":"https:\/\/www.btv.md\/wp-content\/uploads\/2016\/03\/import-fructe-640x330.jpg","width":640,"height":330,"caption":"www.stiriagricole.ro"},{"@type":"WebSite","@id":"https:\/\/www.btv.md\/#website","url":"https:\/\/www.btv.md\/","name":"BTV","description":"\u0411\u0435\u043b\u044c\u0446\u043a\u043e\u0435 \u0442\u0435\u043b\u0435\u0432\u0438\u0434\u0435\u043d\u0438\u0435","potentialAction":[{"@type":"SearchAction","target":{"@type":"EntryPoint","urlTemplate":"https:\/\/www.btv.md\/?s={search_term_string}"},"query-input":{"@type":"PropertyValueSpecification","valueRequired":true,"valueName":"search_term_string"}}],"inLanguage":"ro-RO"},{"@type":"Person","@id":"https:\/\/www.btv.md\/#\/schema\/person\/8fadce81561b3ce2c34c46dadc4ccbf2","name":"admin"}]}},"_links":{"self":[{"href":"https:\/\/www.btv.md\/ro\/wp-json\/wp\/v2\/posts\/8345","targetHints":{"allow":["GET"]}}],"collection":[{"href":"https:\/\/www.btv.md\/ro\/wp-json\/wp\/v2\/posts"}],"about":[{"href":"https:\/\/www.btv.md\/ro\/wp-json\/wp\/v2\/types\/post"}],"author":[{"embeddable":true,"href":"https:\/\/www.btv.md\/ro\/wp-json\/wp\/v2\/users\/4"}],"replies":[{"embeddable":true,"href":"https:\/\/www.btv.md\/ro\/wp-json\/wp\/v2\/comments?post=8345"}],"version-history":[{"count":0,"href":"https:\/\/www.btv.md\/ro\/wp-json\/wp\/v2\/posts\/8345\/revisions"}],"wp:featuredmedia":[{"embeddable":true,"href":"https:\/\/www.btv.md\/ro\/wp-json\/wp\/v2\/media\/8346"}],"wp:attachment":[{"href":"https:\/\/www.btv.md\/ro\/wp-json\/wp\/v2\/media?parent=8345"}],"wp:term":[{"taxonomy":"category","embeddable":true,"href":"https:\/\/www.btv.md\/ro\/wp-json\/wp\/v2\/categories?post=8345"},{"taxonomy":"post_tag","embeddable":true,"href":"https:\/\/www.btv.md\/ro\/wp-json\/wp\/v2\/tags?post=8345"}],"curies":[{"name":"wp","href":"https:\/\/api.w.org\/{rel}","templated":true}]}}